{"id":45767,"date":"2025-06-06T13:56:14","date_gmt":"2025-06-06T13:56:14","guid":{"rendered":"https:\/\/www.letsportsrock.com\/?p=45767"},"modified":"2025-06-06T13:56:14","modified_gmt":"2025-06-06T13:56:14","slug":"mircea-lucescu-nu-a-continuat-sa-astepte-inaintea-meciului-cu-austria-l-a-trimis-pe-louis-munteanu-la-u21","status":"publish","type":"post","link":"https:\/\/www.letsportsrock.com\/?p=45767","title":{"rendered":"Mircea Lucescu nu a continuat s\u0103 a\u0219tepte! \u00cenaintea meciului cu Austria, l-a trimis pe Louis Munteanu la U21&#8230;."},"content":{"rendered":"<div class=\"d79db4796efc26332eabfc3f5dafbc76\" data-index=\"1\" style=\"float: none; margin:10px 0 10px 0; text-align:center;\">\n<div class=\"hb-ad-inarticle\">\r\n    <div class=\"hb-ad-inner\"> \r\n    <div class=\"hbagency_cls\"  id=\"hbagency_space_111930\"><\/div><\/div> <\/div>\n<\/div>\n<p>Mircea Lucescu nu a continuat s\u0103 a\u0219tepte! \u00cenaintea meciului cu Austria, l-a trimis pe Louis Munteanu la U21&#8230;.<\/p>\n<p>&nbsp;<\/p>\n<p>Mircea Lucescu nu a stat pe g\u00e2nduri \u0219i a luat o decizie rapid\u0103 \u00eenaintea meciului amical al Rom\u00e2niei cu Austria. Tehnicianul experimentat l-a trimis pe atacantul Louis Munteanu la na\u021bionala U21, semn c\u0103 nu \u00eel vede, momentan, ca parte din planurile sale pentru prima reprezentativ\u0103. Decizia a surprins o parte din fani, mai ales c\u0103 Munteanu a avut evolu\u021bii bune \u00een finalul sezonului.<\/p>\n<p><img loading=\"lazy\" decoding=\"async\" class=\"alignnone size-medium wp-image-45769\" src=\"https:\/\/www.letsportsrock.com\/wp-content\/uploads\/2025\/06\/munteanu_louis_001-300x133.jpg\" alt=\"\" width=\"300\" height=\"133\" srcset=\"https:\/\/www.letsportsrock.com\/wp-content\/uploads\/2025\/06\/munteanu_louis_001-300x133.jpg 300w, https:\/\/www.letsportsrock.com\/wp-content\/uploads\/2025\/06\/munteanu_louis_001.jpg 434w\" sizes=\"auto, (max-width: 300px) 100vw, 300px\" \/><\/p>\n<p>Lucescu, cunoscut pentru exigen\u021ba sa, pare s\u0103 \u00ee\u0219i contureze lotul \u00een jurul juc\u0103torilor cu experien\u021b\u0103 \u0219i constan\u021b\u0103. Trimiterea lui Munteanu la U21 poate fi interpretat\u0103 at\u00e2t ca o pedeaps\u0103, c\u00e2t \u0219i ca o \u0219ans\u0103 de a c\u0103p\u0103ta minute importante \u00eentr-un cadru competitiv. Cu EURO 2024 la orizont, selec\u021bionerul testeaz\u0103 ultimele variante, iar tinerii trebuie s\u0103 demonstreze c\u0103 pot face fa\u021b\u0103 rigorilor interna\u021bionale. R\u0103m\u00e2ne de v\u0103zut dac\u0103 Louis Munteanu va reveni \u00een calculele pentru lotul mare sau va r\u0103m\u00e2ne, pentru moment, \u00een anticamera na\u021bionalei.<\/p>\n\n<div style=\"font-size: 0px; height: 0px; line-height: 0px; margin: 0; padding: 0; clear: both;\"><\/div>","protected":false},"excerpt":{"rendered":"<p>Mircea Lucescu nu a continuat s\u0103 a\u0219tepte! \u00cenaintea meciului cu Austria, l-a trimis pe Louis Munteanu la U21&#8230;. &nbsp; Mircea Lucescu nu a stat pe g\u00e2nduri \u0219i a luat o decizie rapid\u0103 \u00eenaintea meciului amical al Rom\u00e2niei cu Austria. Tehnicianul experimentat l-a trimis pe atacantul Louis Munteanu la na\u021bionala U21, semn c\u0103 nu \u00eel vede, [&hellip;]<\/p>\n","protected":false},"author":15,"featured_media":45768,"comment_status":"open","ping_status":"open","sticky":false,"template":"","format":"standard","meta":{"_jetpack_memberships_contains_paid_content":false,"footnotes":""},"categories":[1],"tags":[640],"class_list":["post-45767","post","type-post","status-publish","format-standard","has-post-thumbnail","hentry","category-uncategorized","tag-fan-andrei-ivan"],"yoast_head":"<!-- This site is optimized with the Yoast SEO plugin v27.4 - https:\/\/yoast.com\/product\/yoast-seo-wordpress\/ -->\n<title>Mircea Lucescu nu a continuat s\u0103 a\u0219tepte! \u00cenaintea meciului cu Austria, l-a trimis pe Louis Munteanu la U21....<\/title>\n<meta name=\"description\" content=\"Mircea Lucescu nu a continuat s\u0103 a\u0219tepte! \u00cenaintea meciului cu Austria, l-a trimis pe Louis Munteanu la U21....\" \/>\n<meta name=\"robots\" content=\"index, follow, max-snippet:-1, max-image-preview:large, max-video-preview:-1\" \/>\n<link rel=\"canonical\" href=\"https:\/\/www.letsportsrock.com\/?p=45767\" \/>\n<meta property=\"og:locale\" content=\"en_US\" \/>\n<meta property=\"og:type\" content=\"article\" \/>\n<meta property=\"og:title\" content=\"Mircea Lucescu nu a continuat s\u0103 a\u0219tepte! \u00cenaintea meciului cu Austria, l-a trimis pe Louis Munteanu la U21....\" \/>\n<meta property=\"og:description\" content=\"Mircea Lucescu nu a continuat s\u0103 a\u0219tepte! \u00cenaintea meciului cu Austria, l-a trimis pe Louis Munteanu la U21....\" \/>\n<meta property=\"og:url\" content=\"https:\/\/www.letsportsrock.com\/?p=45767\" \/>\n<meta property=\"og:site_name\" content=\"letsportsrock\" \/>\n<meta property=\"article:published_time\" content=\"2025-06-06T13:56:14+00:00\" \/>\n<meta property=\"og:image\" content=\"https:\/\/www.letsportsrock.com\/wp-content\/uploads\/2025\/06\/1_3_280252_1747723033_03129.jpg\" \/>\n\t<meta property=\"og:image:width\" content=\"1024\" \/>\n\t<meta property=\"og:image:height\" content=\"639\" \/>\n\t<meta property=\"og:image:type\" content=\"image\/jpeg\" \/>\n<meta name=\"author\" content=\"Amos Nabizo\" \/>\n<meta name=\"twitter:card\" content=\"summary_large_image\" \/>\n<meta name=\"twitter:label1\" content=\"Written by\" \/>\n\t<meta name=\"twitter:data1\" content=\"Amos Nabizo\" \/>\n\t<meta name=\"twitter:label2\" content=\"Est. reading time\" \/>\n\t<meta name=\"twitter:data2\" content=\"1 minute\" \/>\n<script type=\"application\/ld+json\" class=\"yoast-schema-graph\">{\"@context\":\"https:\\\/\\\/schema.org\",\"@graph\":[{\"@type\":\"Article\",\"@id\":\"https:\\\/\\\/www.letsportsrock.com\\\/?p=45767#article\",\"isPartOf\":{\"@id\":\"https:\\\/\\\/www.letsportsrock.com\\\/?p=45767\"},\"author\":{\"name\":\"Amos Nabizo\",\"@id\":\"https:\\\/\\\/www.letsportsrock.com\\\/#\\\/schema\\\/person\\\/044479f72bdbd75f9523e745d3be6c30\"},\"headline\":\"Mircea Lucescu nu a continuat s\u0103 a\u0219tepte! \u00cenaintea meciului cu Austria, l-a trimis pe Louis Munteanu la U21&#8230;.\",\"datePublished\":\"2025-06-06T13:56:14+00:00\",\"mainEntityOfPage\":{\"@id\":\"https:\\\/\\\/www.letsportsrock.com\\\/?p=45767\"},\"wordCount\":202,\"commentCount\":0,\"image\":{\"@id\":\"https:\\\/\\\/www.letsportsrock.com\\\/?p=45767#primaryimage\"},\"thumbnailUrl\":\"https:\\\/\\\/www.letsportsrock.com\\\/wp-content\\\/uploads\\\/2025\\\/06\\\/1_3_280252_1747723033_03129.jpg\",\"keywords\":[\"Fan Andrei Ivan\"],\"inLanguage\":\"en-US\",\"potentialAction\":[{\"@type\":\"CommentAction\",\"name\":\"Comment\",\"target\":[\"https:\\\/\\\/www.letsportsrock.com\\\/?p=45767#respond\"]}]},{\"@type\":\"WebPage\",\"@id\":\"https:\\\/\\\/www.letsportsrock.com\\\/?p=45767\",\"url\":\"https:\\\/\\\/www.letsportsrock.com\\\/?p=45767\",\"name\":\"Mircea Lucescu nu a continuat s\u0103 a\u0219tepte! \u00cenaintea meciului cu Austria, l-a trimis pe Louis Munteanu la U21....\",\"isPartOf\":{\"@id\":\"https:\\\/\\\/www.letsportsrock.com\\\/#website\"},\"primaryImageOfPage\":{\"@id\":\"https:\\\/\\\/www.letsportsrock.com\\\/?p=45767#primaryimage\"},\"image\":{\"@id\":\"https:\\\/\\\/www.letsportsrock.com\\\/?p=45767#primaryimage\"},\"thumbnailUrl\":\"https:\\\/\\\/www.letsportsrock.com\\\/wp-content\\\/uploads\\\/2025\\\/06\\\/1_3_280252_1747723033_03129.jpg\",\"datePublished\":\"2025-06-06T13:56:14+00:00\",\"author\":{\"@id\":\"https:\\\/\\\/www.letsportsrock.com\\\/#\\\/schema\\\/person\\\/044479f72bdbd75f9523e745d3be6c30\"},\"description\":\"Mircea Lucescu nu a continuat s\u0103 a\u0219tepte! \u00cenaintea meciului cu Austria, l-a trimis pe Louis Munteanu la U21....\",\"breadcrumb\":{\"@id\":\"https:\\\/\\\/www.letsportsrock.com\\\/?p=45767#breadcrumb\"},\"inLanguage\":\"en-US\",\"potentialAction\":[{\"@type\":\"ReadAction\",\"target\":[\"https:\\\/\\\/www.letsportsrock.com\\\/?p=45767\"]}]},{\"@type\":\"ImageObject\",\"inLanguage\":\"en-US\",\"@id\":\"https:\\\/\\\/www.letsportsrock.com\\\/?p=45767#primaryimage\",\"url\":\"https:\\\/\\\/www.letsportsrock.com\\\/wp-content\\\/uploads\\\/2025\\\/06\\\/1_3_280252_1747723033_03129.jpg\",\"contentUrl\":\"https:\\\/\\\/www.letsportsrock.com\\\/wp-content\\\/uploads\\\/2025\\\/06\\\/1_3_280252_1747723033_03129.jpg\",\"width\":1024,\"height\":639},{\"@type\":\"BreadcrumbList\",\"@id\":\"https:\\\/\\\/www.letsportsrock.com\\\/?p=45767#breadcrumb\",\"itemListElement\":[{\"@type\":\"ListItem\",\"position\":1,\"name\":\"Home\",\"item\":\"https:\\\/\\\/www.letsportsrock.com\\\/\"},{\"@type\":\"ListItem\",\"position\":2,\"name\":\"Mircea Lucescu nu a continuat s\u0103 a\u0219tepte! \u00cenaintea meciului cu Austria, l-a trimis pe Louis Munteanu la U21&#8230;.\"}]},{\"@type\":\"WebSite\",\"@id\":\"https:\\\/\\\/www.letsportsrock.com\\\/#website\",\"url\":\"https:\\\/\\\/www.letsportsrock.com\\\/\",\"name\":\"letsportsrock\",\"description\":\"Sport News and Updates\",\"potentialAction\":[{\"@type\":\"SearchAction\",\"target\":{\"@type\":\"EntryPoint\",\"urlTemplate\":\"https:\\\/\\\/www.letsportsrock.com\\\/?s={search_term_string}\"},\"query-input\":{\"@type\":\"PropertyValueSpecification\",\"valueRequired\":true,\"valueName\":\"search_term_string\"}}],\"inLanguage\":\"en-US\"},{\"@type\":\"Person\",\"@id\":\"https:\\\/\\\/www.letsportsrock.com\\\/#\\\/schema\\\/person\\\/044479f72bdbd75f9523e745d3be6c30\",\"name\":\"Amos Nabizo\",\"image\":{\"@type\":\"ImageObject\",\"inLanguage\":\"en-US\",\"@id\":\"https:\\\/\\\/secure.gravatar.com\\\/avatar\\\/d569857c07d3899c6ca842ffea32daa1672c05549833530fe37e68ae7b521ba4?s=96&d=mm&r=g\",\"url\":\"https:\\\/\\\/secure.gravatar.com\\\/avatar\\\/d569857c07d3899c6ca842ffea32daa1672c05549833530fe37e68ae7b521ba4?s=96&d=mm&r=g\",\"contentUrl\":\"https:\\\/\\\/secure.gravatar.com\\\/avatar\\\/d569857c07d3899c6ca842ffea32daa1672c05549833530fe37e68ae7b521ba4?s=96&d=mm&r=g\",\"caption\":\"Amos Nabizo\"},\"sameAs\":[\"https:\\\/\\\/www.letsportsrock.com\\\/wp-admin\\\/\"],\"url\":\"https:\\\/\\\/www.letsportsrock.com\\\/?author=15\"}]}<\/script>\n<!-- \/ Yoast SEO plugin. -->","yoast_head_json":{"title":"Mircea Lucescu nu a continuat s\u0103 a\u0219tepte! \u00cenaintea meciului cu Austria, l-a trimis pe Louis Munteanu la U21....","description":"Mircea Lucescu nu a continuat s\u0103 a\u0219tepte! \u00cenaintea meciului cu Austria, l-a trimis pe Louis Munteanu la U21....","robots":{"index":"index","follow":"follow","max-snippet":"max-snippet:-1","max-image-preview":"max-image-preview:large","max-video-preview":"max-video-preview:-1"},"canonical":"https:\/\/www.letsportsrock.com\/?p=45767","og_locale":"en_US","og_type":"article","og_title":"Mircea Lucescu nu a continuat s\u0103 a\u0219tepte! \u00cenaintea meciului cu Austria, l-a trimis pe Louis Munteanu la U21....","og_description":"Mircea Lucescu nu a continuat s\u0103 a\u0219tepte! \u00cenaintea meciului cu Austria, l-a trimis pe Louis Munteanu la U21....","og_url":"https:\/\/www.letsportsrock.com\/?p=45767","og_site_name":"letsportsrock","article_published_time":"2025-06-06T13:56:14+00:00","og_image":[{"width":1024,"height":639,"url":"https:\/\/www.letsportsrock.com\/wp-content\/uploads\/2025\/06\/1_3_280252_1747723033_03129.jpg","type":"image\/jpeg"}],"author":"Amos Nabizo","twitter_card":"summary_large_image","twitter_misc":{"Written by":"Amos Nabizo","Est. reading time":"1 minute"},"schema":{"@context":"https:\/\/schema.org","@graph":[{"@type":"Article","@id":"https:\/\/www.letsportsrock.com\/?p=45767#article","isPartOf":{"@id":"https:\/\/www.letsportsrock.com\/?p=45767"},"author":{"name":"Amos Nabizo","@id":"https:\/\/www.letsportsrock.com\/#\/schema\/person\/044479f72bdbd75f9523e745d3be6c30"},"headline":"Mircea Lucescu nu a continuat s\u0103 a\u0219tepte! \u00cenaintea meciului cu Austria, l-a trimis pe Louis Munteanu la U21&#8230;.","datePublished":"2025-06-06T13:56:14+00:00","mainEntityOfPage":{"@id":"https:\/\/www.letsportsrock.com\/?p=45767"},"wordCount":202,"commentCount":0,"image":{"@id":"https:\/\/www.letsportsrock.com\/?p=45767#primaryimage"},"thumbnailUrl":"https:\/\/www.letsportsrock.com\/wp-content\/uploads\/2025\/06\/1_3_280252_1747723033_03129.jpg","keywords":["Fan Andrei Ivan"],"inLanguage":"en-US","potentialAction":[{"@type":"CommentAction","name":"Comment","target":["https:\/\/www.letsportsrock.com\/?p=45767#respond"]}]},{"@type":"WebPage","@id":"https:\/\/www.letsportsrock.com\/?p=45767","url":"https:\/\/www.letsportsrock.com\/?p=45767","name":"Mircea Lucescu nu a continuat s\u0103 a\u0219tepte! \u00cenaintea meciului cu Austria, l-a trimis pe Louis Munteanu la U21....","isPartOf":{"@id":"https:\/\/www.letsportsrock.com\/#website"},"primaryImageOfPage":{"@id":"https:\/\/www.letsportsrock.com\/?p=45767#primaryimage"},"image":{"@id":"https:\/\/www.letsportsrock.com\/?p=45767#primaryimage"},"thumbnailUrl":"https:\/\/www.letsportsrock.com\/wp-content\/uploads\/2025\/06\/1_3_280252_1747723033_03129.jpg","datePublished":"2025-06-06T13:56:14+00:00","author":{"@id":"https:\/\/www.letsportsrock.com\/#\/schema\/person\/044479f72bdbd75f9523e745d3be6c30"},"description":"Mircea Lucescu nu a continuat s\u0103 a\u0219tepte! \u00cenaintea meciului cu Austria, l-a trimis pe Louis Munteanu la U21....","breadcrumb":{"@id":"https:\/\/www.letsportsrock.com\/?p=45767#breadcrumb"},"inLanguage":"en-US","potentialAction":[{"@type":"ReadAction","target":["https:\/\/www.letsportsrock.com\/?p=45767"]}]},{"@type":"ImageObject","inLanguage":"en-US","@id":"https:\/\/www.letsportsrock.com\/?p=45767#primaryimage","url":"https:\/\/www.letsportsrock.com\/wp-content\/uploads\/2025\/06\/1_3_280252_1747723033_03129.jpg","contentUrl":"https:\/\/www.letsportsrock.com\/wp-content\/uploads\/2025\/06\/1_3_280252_1747723033_03129.jpg","width":1024,"height":639},{"@type":"BreadcrumbList","@id":"https:\/\/www.letsportsrock.com\/?p=45767#breadcrumb","itemListElement":[{"@type":"ListItem","position":1,"name":"Home","item":"https:\/\/www.letsportsrock.com\/"},{"@type":"ListItem","position":2,"name":"Mircea Lucescu nu a continuat s\u0103 a\u0219tepte! \u00cenaintea meciului cu Austria, l-a trimis pe Louis Munteanu la U21&#8230;."}]},{"@type":"WebSite","@id":"https:\/\/www.letsportsrock.com\/#website","url":"https:\/\/www.letsportsrock.com\/","name":"letsportsrock","description":"Sport News and Updates","potentialAction":[{"@type":"SearchAction","target":{"@type":"EntryPoint","urlTemplate":"https:\/\/www.letsportsrock.com\/?s={search_term_string}"},"query-input":{"@type":"PropertyValueSpecification","valueRequired":true,"valueName":"search_term_string"}}],"inLanguage":"en-US"},{"@type":"Person","@id":"https:\/\/www.letsportsrock.com\/#\/schema\/person\/044479f72bdbd75f9523e745d3be6c30","name":"Amos Nabizo","image":{"@type":"ImageObject","inLanguage":"en-US","@id":"https:\/\/secure.gravatar.com\/avatar\/d569857c07d3899c6ca842ffea32daa1672c05549833530fe37e68ae7b521ba4?s=96&d=mm&r=g","url":"https:\/\/secure.gravatar.com\/avatar\/d569857c07d3899c6ca842ffea32daa1672c05549833530fe37e68ae7b521ba4?s=96&d=mm&r=g","contentUrl":"https:\/\/secure.gravatar.com\/avatar\/d569857c07d3899c6ca842ffea32daa1672c05549833530fe37e68ae7b521ba4?s=96&d=mm&r=g","caption":"Amos Nabizo"},"sameAs":["https:\/\/www.letsportsrock.com\/wp-admin\/"],"url":"https:\/\/www.letsportsrock.com\/?author=15"}]}},"jetpack_featured_media_url":"https:\/\/www.letsportsrock.com\/wp-content\/uploads\/2025\/06\/1_3_280252_1747723033_03129.jpg","jetpack_sharing_enabled":true,"_links":{"self":[{"href":"https:\/\/www.letsportsrock.com\/index.php?rest_route=\/wp\/v2\/posts\/45767","targetHints":{"allow":["GET"]}}],"collection":[{"href":"https:\/\/www.letsportsrock.com\/index.php?rest_route=\/wp\/v2\/posts"}],"about":[{"href":"https:\/\/www.letsportsrock.com\/index.php?rest_route=\/wp\/v2\/types\/post"}],"author":[{"embeddable":true,"href":"https:\/\/www.letsportsrock.com\/index.php?rest_route=\/wp\/v2\/users\/15"}],"replies":[{"embeddable":true,"href":"https:\/\/www.letsportsrock.com\/index.php?rest_route=%2Fwp%2Fv2%2Fcomments&post=45767"}],"version-history":[{"count":1,"href":"https:\/\/www.letsportsrock.com\/index.php?rest_route=\/wp\/v2\/posts\/45767\/revisions"}],"predecessor-version":[{"id":45770,"href":"https:\/\/www.letsportsrock.com\/index.php?rest_route=\/wp\/v2\/posts\/45767\/revisions\/45770"}],"wp:featuredmedia":[{"embeddable":true,"href":"https:\/\/www.letsportsrock.com\/index.php?rest_route=\/wp\/v2\/media\/45768"}],"wp:attachment":[{"href":"https:\/\/www.letsportsrock.com\/index.php?rest_route=%2Fwp%2Fv2%2Fmedia&parent=45767"}],"wp:term":[{"taxonomy":"category","embeddable":true,"href":"https:\/\/www.letsportsrock.com\/index.php?rest_route=%2Fwp%2Fv2%2Fcategories&post=45767"},{"taxonomy":"post_tag","embeddable":true,"href":"https:\/\/www.letsportsrock.com\/index.php?rest_route=%2Fwp%2Fv2%2Ftags&post=45767"}],"curies":[{"name":"wp","href":"https:\/\/api.w.org\/{rel}","templated":true}]}}