{"id":45785,"date":"2025-06-06T14:17:41","date_gmt":"2025-06-06T14:17:41","guid":{"rendered":"https:\/\/www.letsportsrock.com\/?p=45785"},"modified":"2025-06-06T14:17:41","modified_gmt":"2025-06-06T14:17:41","slug":"primul-refuz-primit-de-costel-galca-dupa-ce-a-preluat-o-pe-rapid-ma-duceam-din-lac-in-put-costel-galca-53-de-ani-noul-antrenor-al-rapidului-a-vorbit-deschis-despre-provocarile","status":"publish","type":"post","link":"https:\/\/www.letsportsrock.com\/?p=45785","title":{"rendered":"Primul refuz primit de Costel G\u00e2lc\u0103, dup\u0103 ce a preluat-o pe Rapid: \u201eM\u0103 duceam din lac \u00een pu\u021b\u201d  Costel G\u00e2lc\u0103 (53 de ani), noul antrenor al Rapidului, a vorbit deschis despre provoc\u0103rile \u00eent\u00e2mpinate imediat dup\u0103 ce a preluat echipa giule\u0219tean\u0103. Una dintre primele decizii ale fostului interna\u021bional rom\u00e2n a fost c\u0103utarea unui colaborator tehnic pentru completarea staff-ului s\u0103u, \u00eens\u0103 s-a lovit de un refuz care l-a pus pe g\u00e2nduri.  \u201eAm \u00eencercat s\u0103 aduc un om de \u00eencredere, dar c\u00e2nd am analizat mai bine op\u021biunea, mi-am dat seama c\u0103 m\u0103 duceam din lac \u00een pu\u021b. Am primit un refuz elegant, dar justificat. Poate a fost mai bine a\u0219a\u201d, a declarat G\u00e2lc\u0103 \u00eentr-un interviu recent. De\u0219i nu a dezv\u0103luit numele celui vizat, G\u00e2lc\u0103 a sugerat c\u0103 decizia respectivului a fost legat\u0103 de contextul dificil de la Rapid \u0219i de presiunea uria\u0219\u0103 existent\u0103.  \u00cen ciuda acestui obstacol, antrenorul r\u0103m\u00e2ne optimist. A subliniat c\u0103 \u00ee\u0219i dore\u0219te disciplin\u0103, munc\u0103 \u0219i unitate la Rapid, \u0219i promite c\u0103 va reconstrui echipa pas cu pas. \u201eNu vreau promisiuni de\u0219arte. Vreau fapte \u0219i rezultate\u201d, a conchis tehnicianul."},"content":{"rendered":"<div class=\"d79db4796efc26332eabfc3f5dafbc76\" data-index=\"1\" style=\"float: none; margin:10px 0 10px 0; text-align:center;\">\n<div class=\"hb-ad-inarticle\">\r\n    <div class=\"hb-ad-inner\"> \r\n    <div class=\"hbagency_cls\"  id=\"hbagency_space_111930\"><\/div><\/div> <\/div>\n<\/div>\n<p>Primul refuz primit de Costel G\u00e2lc\u0103, dup\u0103 ce a preluat-o pe Rapid: \u201eM\u0103 duceam din lac \u00een pu\u021b\u201d<\/p>\n<p>&nbsp;<\/p>\n<p>Costel G\u00e2lc\u0103 (53 de ani), noul antrenor al Rapidului, a vorbit deschis despre provoc\u0103rile \u00eent\u00e2mpinate imediat dup\u0103 ce a preluat echipa giule\u0219tean\u0103. Una dintre primele decizii ale fostului interna\u021bional rom\u00e2n a fost c\u0103utarea unui colaborator tehnic pentru completarea staff-ului s\u0103u, \u00eens\u0103 s-a lovit de un refuz care l-a pus pe g\u00e2nduri.<\/p>\n<p><img loading=\"lazy\" decoding=\"async\" class=\"alignnone size-medium wp-image-45787\" src=\"https:\/\/www.letsportsrock.com\/wp-content\/uploads\/2025\/06\/images-2025-06-06T151641.887-300x201.jpeg\" alt=\"\" width=\"300\" height=\"201\" srcset=\"https:\/\/www.letsportsrock.com\/wp-content\/uploads\/2025\/06\/images-2025-06-06T151641.887-300x201.jpeg 300w, https:\/\/www.letsportsrock.com\/wp-content\/uploads\/2025\/06\/images-2025-06-06T151641.887.jpeg 500w\" sizes=\"auto, (max-width: 300px) 100vw, 300px\" \/><\/p>\n<p>\u201eAm \u00eencercat s\u0103 aduc un om de \u00eencredere, dar c\u00e2nd am analizat mai bine op\u021biunea, mi-am dat seama c\u0103 m\u0103 duceam din lac \u00een pu\u021b. Am primit un refuz elegant, dar justificat. Poate a fost mai bine a\u0219a\u201d, a declarat G\u00e2lc\u0103 \u00eentr-un interviu recent. De\u0219i nu a dezv\u0103luit numele celui vizat, G\u00e2lc\u0103 a sugerat c\u0103 decizia respectivului a fost legat\u0103 de contextul dificil de la Rapid \u0219i de presiunea uria\u0219\u0103 existent\u0103.<\/p>\n<p>&nbsp;<\/p>\n<p>\u00cen ciuda acestui obstacol, antrenorul r\u0103m\u00e2ne optimist. A subliniat c\u0103 \u00ee\u0219i dore\u0219te disciplin\u0103, munc\u0103 \u0219i unitate la Rapid, \u0219i promite c\u0103 va reconstrui echipa pas cu pas. \u201eNu vreau promisiuni de\u0219arte. Vreau fapte \u0219i rezultate\u201d, a conchis tehnicianul.<\/p>\n\n<div style=\"font-size: 0px; height: 0px; line-height: 0px; margin: 0; padding: 0; clear: both;\"><\/div>","protected":false},"excerpt":{"rendered":"<p>Primul refuz primit de Costel G\u00e2lc\u0103, dup\u0103 ce a preluat-o pe Rapid: \u201eM\u0103 duceam din lac \u00een pu\u021b\u201d &nbsp; Costel G\u00e2lc\u0103 (53 de ani), noul antrenor al Rapidului, a vorbit deschis despre provoc\u0103rile \u00eent\u00e2mpinate imediat dup\u0103 ce a preluat echipa giule\u0219tean\u0103. Una dintre primele decizii ale fostului interna\u021bional rom\u00e2n a fost c\u0103utarea unui colaborator tehnic [&hellip;]<\/p>\n","protected":false},"author":15,"featured_media":45786,"comment_status":"open","ping_status":"open","sticky":false,"template":"","format":"standard","meta":{"_jetpack_memberships_contains_paid_content":false,"footnotes":""},"categories":[1],"tags":[640],"class_list":["post-45785","post","type-post","status-publish","format-standard","has-post-thumbnail","hentry","category-uncategorized","tag-fan-andrei-ivan"],"yoast_head":"<!-- This site is optimized with the Yoast SEO plugin v27.4 - https:\/\/yoast.com\/product\/yoast-seo-wordpress\/ -->\n<title>Primul refuz primit de Costel G\u00e2lc\u0103, dup\u0103 ce a preluat-o pe Rapid: \u201eM\u0103 duceam din lac \u00een pu\u021b\u201d<\/title>\n<meta name=\"description\" content=\"Primul refuz primit de Costel G\u00e2lc\u0103, dup\u0103 ce a preluat-o pe Rapid: \u201eM\u0103 duceam din lac \u00een pu\u021b\u201d............... .........\" \/>\n<meta name=\"robots\" content=\"index, follow, max-snippet:-1, max-image-preview:large, max-video-preview:-1\" \/>\n<link rel=\"canonical\" href=\"https:\/\/www.letsportsrock.com\/?p=45785\" \/>\n<meta property=\"og:locale\" content=\"en_US\" \/>\n<meta property=\"og:type\" content=\"article\" \/>\n<meta property=\"og:title\" content=\"Primul refuz primit de Costel G\u00e2lc\u0103, dup\u0103 ce a preluat-o pe Rapid: \u201eM\u0103 duceam din lac \u00een pu\u021b\u201d\" \/>\n<meta property=\"og:description\" content=\"Primul refuz primit de Costel G\u00e2lc\u0103, dup\u0103 ce a preluat-o pe Rapid: \u201eM\u0103 duceam din lac \u00een pu\u021b\u201d............... .........\" \/>\n<meta property=\"og:url\" content=\"https:\/\/www.letsportsrock.com\/?p=45785\" \/>\n<meta property=\"og:site_name\" content=\"letsportsrock\" \/>\n<meta property=\"article:published_time\" content=\"2025-06-06T14:17:41+00:00\" \/>\n<meta property=\"og:image\" content=\"https:\/\/www.letsportsrock.com\/wp-content\/uploads\/2025\/06\/images-2025-06-06T151629.945.jpeg\" \/>\n\t<meta property=\"og:image:width\" content=\"678\" \/>\n\t<meta property=\"og:image:height\" content=\"452\" \/>\n\t<meta property=\"og:image:type\" content=\"image\/jpeg\" \/>\n<meta name=\"author\" content=\"Amos Nabizo\" \/>\n<meta name=\"twitter:card\" content=\"summary_large_image\" \/>\n<meta name=\"twitter:label1\" content=\"Written by\" \/>\n\t<meta name=\"twitter:data1\" content=\"Amos Nabizo\" \/>\n\t<meta name=\"twitter:label2\" content=\"Est. reading time\" \/>\n\t<meta name=\"twitter:data2\" content=\"2 minutes\" \/>\n<script type=\"application\/ld+json\" class=\"yoast-schema-graph\">{\"@context\":\"https:\\\/\\\/schema.org\",\"@graph\":[{\"@type\":\"Article\",\"@id\":\"https:\\\/\\\/www.letsportsrock.com\\\/?p=45785#article\",\"isPartOf\":{\"@id\":\"https:\\\/\\\/www.letsportsrock.com\\\/?p=45785\"},\"author\":{\"name\":\"Amos Nabizo\",\"@id\":\"https:\\\/\\\/www.letsportsrock.com\\\/#\\\/schema\\\/person\\\/044479f72bdbd75f9523e745d3be6c30\"},\"headline\":\"Primul refuz primit de Costel G\u00e2lc\u0103, dup\u0103 ce a preluat-o pe Rapid: \u201eM\u0103 duceam din lac \u00een pu\u021b\u201d Costel G\u00e2lc\u0103 (53 de ani), noul antrenor al Rapidului, a vorbit deschis despre provoc\u0103rile \u00eent\u00e2mpinate imediat dup\u0103 ce a preluat echipa giule\u0219tean\u0103. Una dintre primele decizii ale fostului interna\u021bional rom\u00e2n a fost c\u0103utarea unui colaborator tehnic pentru completarea staff-ului s\u0103u, \u00eens\u0103 s-a lovit de un refuz care l-a pus pe g\u00e2nduri. \u201eAm \u00eencercat s\u0103 aduc un om de \u00eencredere, dar c\u00e2nd am analizat mai bine op\u021biunea, mi-am dat seama c\u0103 m\u0103 duceam din lac \u00een pu\u021b. Am primit un refuz elegant, dar justificat. Poate a fost mai bine a\u0219a\u201d, a declarat G\u00e2lc\u0103 \u00eentr-un interviu recent. De\u0219i nu a dezv\u0103luit numele celui vizat, G\u00e2lc\u0103 a sugerat c\u0103 decizia respectivului a fost legat\u0103 de contextul dificil de la Rapid \u0219i de presiunea uria\u0219\u0103 existent\u0103. \u00cen ciuda acestui obstacol, antrenorul r\u0103m\u00e2ne optimist. A subliniat c\u0103 \u00ee\u0219i dore\u0219te disciplin\u0103, munc\u0103 \u0219i unitate la Rapid, \u0219i promite c\u0103 va reconstrui echipa pas cu pas. \u201eNu vreau promisiuni de\u0219arte. Vreau fapte \u0219i rezultate\u201d, a conchis tehnicianul.\",\"datePublished\":\"2025-06-06T14:17:41+00:00\",\"mainEntityOfPage\":{\"@id\":\"https:\\\/\\\/www.letsportsrock.com\\\/?p=45785\"},\"wordCount\":398,\"commentCount\":0,\"image\":{\"@id\":\"https:\\\/\\\/www.letsportsrock.com\\\/?p=45785#primaryimage\"},\"thumbnailUrl\":\"https:\\\/\\\/www.letsportsrock.com\\\/wp-content\\\/uploads\\\/2025\\\/06\\\/images-2025-06-06T151629.945.jpeg\",\"keywords\":[\"Fan Andrei Ivan\"],\"inLanguage\":\"en-US\",\"potentialAction\":[{\"@type\":\"CommentAction\",\"name\":\"Comment\",\"target\":[\"https:\\\/\\\/www.letsportsrock.com\\\/?p=45785#respond\"]}]},{\"@type\":\"WebPage\",\"@id\":\"https:\\\/\\\/www.letsportsrock.com\\\/?p=45785\",\"url\":\"https:\\\/\\\/www.letsportsrock.com\\\/?p=45785\",\"name\":\"Primul refuz primit de Costel G\u00e2lc\u0103, dup\u0103 ce a preluat-o pe Rapid: \u201eM\u0103 duceam din lac \u00een pu\u021b\u201d\",\"isPartOf\":{\"@id\":\"https:\\\/\\\/www.letsportsrock.com\\\/#website\"},\"primaryImageOfPage\":{\"@id\":\"https:\\\/\\\/www.letsportsrock.com\\\/?p=45785#primaryimage\"},\"image\":{\"@id\":\"https:\\\/\\\/www.letsportsrock.com\\\/?p=45785#primaryimage\"},\"thumbnailUrl\":\"https:\\\/\\\/www.letsportsrock.com\\\/wp-content\\\/uploads\\\/2025\\\/06\\\/images-2025-06-06T151629.945.jpeg\",\"datePublished\":\"2025-06-06T14:17:41+00:00\",\"author\":{\"@id\":\"https:\\\/\\\/www.letsportsrock.com\\\/#\\\/schema\\\/person\\\/044479f72bdbd75f9523e745d3be6c30\"},\"description\":\"Primul refuz primit de Costel G\u00e2lc\u0103, dup\u0103 ce a preluat-o pe Rapid: \u201eM\u0103 duceam din lac \u00een pu\u021b\u201d............... .........\",\"breadcrumb\":{\"@id\":\"https:\\\/\\\/www.letsportsrock.com\\\/?p=45785#breadcrumb\"},\"inLanguage\":\"en-US\",\"potentialAction\":[{\"@type\":\"ReadAction\",\"target\":[\"https:\\\/\\\/www.letsportsrock.com\\\/?p=45785\"]}]},{\"@type\":\"ImageObject\",\"inLanguage\":\"en-US\",\"@id\":\"https:\\\/\\\/www.letsportsrock.com\\\/?p=45785#primaryimage\",\"url\":\"https:\\\/\\\/www.letsportsrock.com\\\/wp-content\\\/uploads\\\/2025\\\/06\\\/images-2025-06-06T151629.945.jpeg\",\"contentUrl\":\"https:\\\/\\\/www.letsportsrock.com\\\/wp-content\\\/uploads\\\/2025\\\/06\\\/images-2025-06-06T151629.945.jpeg\",\"width\":678,\"height\":452},{\"@type\":\"BreadcrumbList\",\"@id\":\"https:\\\/\\\/www.letsportsrock.com\\\/?p=45785#breadcrumb\",\"itemListElement\":[{\"@type\":\"ListItem\",\"position\":1,\"name\":\"Home\",\"item\":\"https:\\\/\\\/www.letsportsrock.com\\\/\"},{\"@type\":\"ListItem\",\"position\":2,\"name\":\"Primul refuz primit de Costel G\u00e2lc\u0103, dup\u0103 ce a preluat-o pe Rapid: \u201eM\u0103 duceam din lac \u00een pu\u021b\u201d Costel G\u00e2lc\u0103 (53 de ani), noul antrenor al Rapidului, a vorbit deschis despre provoc\u0103rile \u00eent\u00e2mpinate imediat dup\u0103 ce a preluat echipa giule\u0219tean\u0103. Una dintre primele decizii ale fostului interna\u021bional rom\u00e2n a fost c\u0103utarea unui colaborator tehnic pentru completarea staff-ului s\u0103u, \u00eens\u0103 s-a lovit de un refuz care l-a pus pe g\u00e2nduri. \u201eAm \u00eencercat s\u0103 aduc un om de \u00eencredere, dar c\u00e2nd am analizat mai bine op\u021biunea, mi-am dat seama c\u0103 m\u0103 duceam din lac \u00een pu\u021b. Am primit un refuz elegant, dar justificat. Poate a fost mai bine a\u0219a\u201d, a declarat G\u00e2lc\u0103 \u00eentr-un interviu recent. De\u0219i nu a dezv\u0103luit numele celui vizat, G\u00e2lc\u0103 a sugerat c\u0103 decizia respectivului a fost legat\u0103 de contextul dificil de la Rapid \u0219i de presiunea uria\u0219\u0103 existent\u0103. \u00cen ciuda acestui obstacol, antrenorul r\u0103m\u00e2ne optimist. A subliniat c\u0103 \u00ee\u0219i dore\u0219te disciplin\u0103, munc\u0103 \u0219i unitate la Rapid, \u0219i promite c\u0103 va reconstrui echipa pas cu pas. \u201eNu vreau promisiuni de\u0219arte. Vreau fapte \u0219i rezultate\u201d, a conchis tehnicianul.\"}]},{\"@type\":\"WebSite\",\"@id\":\"https:\\\/\\\/www.letsportsrock.com\\\/#website\",\"url\":\"https:\\\/\\\/www.letsportsrock.com\\\/\",\"name\":\"letsportsrock\",\"description\":\"Sport News and Updates\",\"potentialAction\":[{\"@type\":\"SearchAction\",\"target\":{\"@type\":\"EntryPoint\",\"urlTemplate\":\"https:\\\/\\\/www.letsportsrock.com\\\/?s={search_term_string}\"},\"query-input\":{\"@type\":\"PropertyValueSpecification\",\"valueRequired\":true,\"valueName\":\"search_term_string\"}}],\"inLanguage\":\"en-US\"},{\"@type\":\"Person\",\"@id\":\"https:\\\/\\\/www.letsportsrock.com\\\/#\\\/schema\\\/person\\\/044479f72bdbd75f9523e745d3be6c30\",\"name\":\"Amos Nabizo\",\"image\":{\"@type\":\"ImageObject\",\"inLanguage\":\"en-US\",\"@id\":\"https:\\\/\\\/secure.gravatar.com\\\/avatar\\\/d569857c07d3899c6ca842ffea32daa1672c05549833530fe37e68ae7b521ba4?s=96&d=mm&r=g\",\"url\":\"https:\\\/\\\/secure.gravatar.com\\\/avatar\\\/d569857c07d3899c6ca842ffea32daa1672c05549833530fe37e68ae7b521ba4?s=96&d=mm&r=g\",\"contentUrl\":\"https:\\\/\\\/secure.gravatar.com\\\/avatar\\\/d569857c07d3899c6ca842ffea32daa1672c05549833530fe37e68ae7b521ba4?s=96&d=mm&r=g\",\"caption\":\"Amos Nabizo\"},\"sameAs\":[\"https:\\\/\\\/www.letsportsrock.com\\\/wp-admin\\\/\"],\"url\":\"https:\\\/\\\/www.letsportsrock.com\\\/?author=15\"}]}<\/script>\n<!-- \/ Yoast SEO plugin. -->","yoast_head_json":{"title":"Primul refuz primit de Costel G\u00e2lc\u0103, dup\u0103 ce a preluat-o pe Rapid: \u201eM\u0103 duceam din lac \u00een pu\u021b\u201d","description":"Primul refuz primit de Costel G\u00e2lc\u0103, dup\u0103 ce a preluat-o pe Rapid: \u201eM\u0103 duceam din lac \u00een pu\u021b\u201d............... .........","robots":{"index":"index","follow":"follow","max-snippet":"max-snippet:-1","max-image-preview":"max-image-preview:large","max-video-preview":"max-video-preview:-1"},"canonical":"https:\/\/www.letsportsrock.com\/?p=45785","og_locale":"en_US","og_type":"article","og_title":"Primul refuz primit de Costel G\u00e2lc\u0103, dup\u0103 ce a preluat-o pe Rapid: \u201eM\u0103 duceam din lac \u00een pu\u021b\u201d","og_description":"Primul refuz primit de Costel G\u00e2lc\u0103, dup\u0103 ce a preluat-o pe Rapid: \u201eM\u0103 duceam din lac \u00een pu\u021b\u201d............... .........","og_url":"https:\/\/www.letsportsrock.com\/?p=45785","og_site_name":"letsportsrock","article_published_time":"2025-06-06T14:17:41+00:00","og_image":[{"width":678,"height":452,"url":"https:\/\/www.letsportsrock.com\/wp-content\/uploads\/2025\/06\/images-2025-06-06T151629.945.jpeg","type":"image\/jpeg"}],"author":"Amos Nabizo","twitter_card":"summary_large_image","twitter_misc":{"Written by":"Amos Nabizo","Est. reading time":"2 minutes"},"schema":{"@context":"https:\/\/schema.org","@graph":[{"@type":"Article","@id":"https:\/\/www.letsportsrock.com\/?p=45785#article","isPartOf":{"@id":"https:\/\/www.letsportsrock.com\/?p=45785"},"author":{"name":"Amos Nabizo","@id":"https:\/\/www.letsportsrock.com\/#\/schema\/person\/044479f72bdbd75f9523e745d3be6c30"},"headline":"Primul refuz primit de Costel G\u00e2lc\u0103, dup\u0103 ce a preluat-o pe Rapid: \u201eM\u0103 duceam din lac \u00een pu\u021b\u201d Costel G\u00e2lc\u0103 (53 de ani), noul antrenor al Rapidului, a vorbit deschis despre provoc\u0103rile \u00eent\u00e2mpinate imediat dup\u0103 ce a preluat echipa giule\u0219tean\u0103. Una dintre primele decizii ale fostului interna\u021bional rom\u00e2n a fost c\u0103utarea unui colaborator tehnic pentru completarea staff-ului s\u0103u, \u00eens\u0103 s-a lovit de un refuz care l-a pus pe g\u00e2nduri. \u201eAm \u00eencercat s\u0103 aduc un om de \u00eencredere, dar c\u00e2nd am analizat mai bine op\u021biunea, mi-am dat seama c\u0103 m\u0103 duceam din lac \u00een pu\u021b. Am primit un refuz elegant, dar justificat. Poate a fost mai bine a\u0219a\u201d, a declarat G\u00e2lc\u0103 \u00eentr-un interviu recent. De\u0219i nu a dezv\u0103luit numele celui vizat, G\u00e2lc\u0103 a sugerat c\u0103 decizia respectivului a fost legat\u0103 de contextul dificil de la Rapid \u0219i de presiunea uria\u0219\u0103 existent\u0103. \u00cen ciuda acestui obstacol, antrenorul r\u0103m\u00e2ne optimist. A subliniat c\u0103 \u00ee\u0219i dore\u0219te disciplin\u0103, munc\u0103 \u0219i unitate la Rapid, \u0219i promite c\u0103 va reconstrui echipa pas cu pas. \u201eNu vreau promisiuni de\u0219arte. Vreau fapte \u0219i rezultate\u201d, a conchis tehnicianul.","datePublished":"2025-06-06T14:17:41+00:00","mainEntityOfPage":{"@id":"https:\/\/www.letsportsrock.com\/?p=45785"},"wordCount":398,"commentCount":0,"image":{"@id":"https:\/\/www.letsportsrock.com\/?p=45785#primaryimage"},"thumbnailUrl":"https:\/\/www.letsportsrock.com\/wp-content\/uploads\/2025\/06\/images-2025-06-06T151629.945.jpeg","keywords":["Fan Andrei Ivan"],"inLanguage":"en-US","potentialAction":[{"@type":"CommentAction","name":"Comment","target":["https:\/\/www.letsportsrock.com\/?p=45785#respond"]}]},{"@type":"WebPage","@id":"https:\/\/www.letsportsrock.com\/?p=45785","url":"https:\/\/www.letsportsrock.com\/?p=45785","name":"Primul refuz primit de Costel G\u00e2lc\u0103, dup\u0103 ce a preluat-o pe Rapid: \u201eM\u0103 duceam din lac \u00een pu\u021b\u201d","isPartOf":{"@id":"https:\/\/www.letsportsrock.com\/#website"},"primaryImageOfPage":{"@id":"https:\/\/www.letsportsrock.com\/?p=45785#primaryimage"},"image":{"@id":"https:\/\/www.letsportsrock.com\/?p=45785#primaryimage"},"thumbnailUrl":"https:\/\/www.letsportsrock.com\/wp-content\/uploads\/2025\/06\/images-2025-06-06T151629.945.jpeg","datePublished":"2025-06-06T14:17:41+00:00","author":{"@id":"https:\/\/www.letsportsrock.com\/#\/schema\/person\/044479f72bdbd75f9523e745d3be6c30"},"description":"Primul refuz primit de Costel G\u00e2lc\u0103, dup\u0103 ce a preluat-o pe Rapid: \u201eM\u0103 duceam din lac \u00een pu\u021b\u201d............... .........","breadcrumb":{"@id":"https:\/\/www.letsportsrock.com\/?p=45785#breadcrumb"},"inLanguage":"en-US","potentialAction":[{"@type":"ReadAction","target":["https:\/\/www.letsportsrock.com\/?p=45785"]}]},{"@type":"ImageObject","inLanguage":"en-US","@id":"https:\/\/www.letsportsrock.com\/?p=45785#primaryimage","url":"https:\/\/www.letsportsrock.com\/wp-content\/uploads\/2025\/06\/images-2025-06-06T151629.945.jpeg","contentUrl":"https:\/\/www.letsportsrock.com\/wp-content\/uploads\/2025\/06\/images-2025-06-06T151629.945.jpeg","width":678,"height":452},{"@type":"BreadcrumbList","@id":"https:\/\/www.letsportsrock.com\/?p=45785#breadcrumb","itemListElement":[{"@type":"ListItem","position":1,"name":"Home","item":"https:\/\/www.letsportsrock.com\/"},{"@type":"ListItem","position":2,"name":"Primul refuz primit de Costel G\u00e2lc\u0103, dup\u0103 ce a preluat-o pe Rapid: \u201eM\u0103 duceam din lac \u00een pu\u021b\u201d Costel G\u00e2lc\u0103 (53 de ani), noul antrenor al Rapidului, a vorbit deschis despre provoc\u0103rile \u00eent\u00e2mpinate imediat dup\u0103 ce a preluat echipa giule\u0219tean\u0103. Una dintre primele decizii ale fostului interna\u021bional rom\u00e2n a fost c\u0103utarea unui colaborator tehnic pentru completarea staff-ului s\u0103u, \u00eens\u0103 s-a lovit de un refuz care l-a pus pe g\u00e2nduri. \u201eAm \u00eencercat s\u0103 aduc un om de \u00eencredere, dar c\u00e2nd am analizat mai bine op\u021biunea, mi-am dat seama c\u0103 m\u0103 duceam din lac \u00een pu\u021b. Am primit un refuz elegant, dar justificat. Poate a fost mai bine a\u0219a\u201d, a declarat G\u00e2lc\u0103 \u00eentr-un interviu recent. De\u0219i nu a dezv\u0103luit numele celui vizat, G\u00e2lc\u0103 a sugerat c\u0103 decizia respectivului a fost legat\u0103 de contextul dificil de la Rapid \u0219i de presiunea uria\u0219\u0103 existent\u0103. \u00cen ciuda acestui obstacol, antrenorul r\u0103m\u00e2ne optimist. A subliniat c\u0103 \u00ee\u0219i dore\u0219te disciplin\u0103, munc\u0103 \u0219i unitate la Rapid, \u0219i promite c\u0103 va reconstrui echipa pas cu pas. \u201eNu vreau promisiuni de\u0219arte. Vreau fapte \u0219i rezultate\u201d, a conchis tehnicianul."}]},{"@type":"WebSite","@id":"https:\/\/www.letsportsrock.com\/#website","url":"https:\/\/www.letsportsrock.com\/","name":"letsportsrock","description":"Sport News and Updates","potentialAction":[{"@type":"SearchAction","target":{"@type":"EntryPoint","urlTemplate":"https:\/\/www.letsportsrock.com\/?s={search_term_string}"},"query-input":{"@type":"PropertyValueSpecification","valueRequired":true,"valueName":"search_term_string"}}],"inLanguage":"en-US"},{"@type":"Person","@id":"https:\/\/www.letsportsrock.com\/#\/schema\/person\/044479f72bdbd75f9523e745d3be6c30","name":"Amos Nabizo","image":{"@type":"ImageObject","inLanguage":"en-US","@id":"https:\/\/secure.gravatar.com\/avatar\/d569857c07d3899c6ca842ffea32daa1672c05549833530fe37e68ae7b521ba4?s=96&d=mm&r=g","url":"https:\/\/secure.gravatar.com\/avatar\/d569857c07d3899c6ca842ffea32daa1672c05549833530fe37e68ae7b521ba4?s=96&d=mm&r=g","contentUrl":"https:\/\/secure.gravatar.com\/avatar\/d569857c07d3899c6ca842ffea32daa1672c05549833530fe37e68ae7b521ba4?s=96&d=mm&r=g","caption":"Amos Nabizo"},"sameAs":["https:\/\/www.letsportsrock.com\/wp-admin\/"],"url":"https:\/\/www.letsportsrock.com\/?author=15"}]}},"jetpack_featured_media_url":"https:\/\/www.letsportsrock.com\/wp-content\/uploads\/2025\/06\/images-2025-06-06T151629.945.jpeg","jetpack_sharing_enabled":true,"_links":{"self":[{"href":"https:\/\/www.letsportsrock.com\/index.php?rest_route=\/wp\/v2\/posts\/45785","targetHints":{"allow":["GET"]}}],"collection":[{"href":"https:\/\/www.letsportsrock.com\/index.php?rest_route=\/wp\/v2\/posts"}],"about":[{"href":"https:\/\/www.letsportsrock.com\/index.php?rest_route=\/wp\/v2\/types\/post"}],"author":[{"embeddable":true,"href":"https:\/\/www.letsportsrock.com\/index.php?rest_route=\/wp\/v2\/users\/15"}],"replies":[{"embeddable":true,"href":"https:\/\/www.letsportsrock.com\/index.php?rest_route=%2Fwp%2Fv2%2Fcomments&post=45785"}],"version-history":[{"count":1,"href":"https:\/\/www.letsportsrock.com\/index.php?rest_route=\/wp\/v2\/posts\/45785\/revisions"}],"predecessor-version":[{"id":45788,"href":"https:\/\/www.letsportsrock.com\/index.php?rest_route=\/wp\/v2\/posts\/45785\/revisions\/45788"}],"wp:featuredmedia":[{"embeddable":true,"href":"https:\/\/www.letsportsrock.com\/index.php?rest_route=\/wp\/v2\/media\/45786"}],"wp:attachment":[{"href":"https:\/\/www.letsportsrock.com\/index.php?rest_route=%2Fwp%2Fv2%2Fmedia&parent=45785"}],"wp:term":[{"taxonomy":"category","embeddable":true,"href":"https:\/\/www.letsportsrock.com\/index.php?rest_route=%2Fwp%2Fv2%2Fcategories&post=45785"},{"taxonomy":"post_tag","embeddable":true,"href":"https:\/\/www.letsportsrock.com\/index.php?rest_route=%2Fwp%2Fv2%2Ftags&post=45785"}],"curies":[{"name":"wp","href":"https:\/\/api.w.org\/{rel}","templated":true}]}}