{"id":46058,"date":"2025-06-07T14:05:21","date_gmt":"2025-06-07T14:05:21","guid":{"rendered":"https:\/\/www.letsportsrock.com\/?p=46058"},"modified":"2025-06-07T14:05:21","modified_gmt":"2025-06-07T14:05:21","slug":"un-nou-vis-de-glorie-europeana-incepe-pentru-cfr-cluj-care-isi-indreapta-privirea-spre-triumful-in-uefa-europa-league-odata-cu-aducerea-unui-jucator-vedeta-pentru-a-si-intari-lotul-mai-multe-deta","status":"publish","type":"post","link":"https:\/\/www.letsportsrock.com\/?p=46058","title":{"rendered":"Un Nou Vis de Glorie European\u0103 \u00cencepe pentru CFR Cluj, Care \u00ce\u0219i \u00cendreapt\u0103 Privirea Spre Triumful \u00een UEFA Europa League, Odat\u0103 cu Aducerea unui Juc\u0103tor-vedet\u0103 Pentru a-\u0219i \u00cent\u0103ri Lotul&#8230; Mai Multe Detalii"},"content":{"rendered":"<div class=\"d79db4796efc26332eabfc3f5dafbc76\" data-index=\"1\" style=\"float: none; margin:10px 0 10px 0; text-align:center;\">\n<div class=\"hb-ad-inarticle\">\r\n    <div class=\"hb-ad-inner\"> \r\n    <div class=\"hbagency_cls\"  id=\"hbagency_space_111930\"><\/div><\/div> <\/div>\n<\/div>\n<h2>Un Nou Vis de Glorie European\u0103 \u00cencepe pentru CFR Cluj, Care \u00ce\u0219i \u00cendreapt\u0103 Privirea Spre Triumful \u00een UEFA Europa League, Odat\u0103 cu Aducerea unui Juc\u0103tor-vedet\u0103 Pentru a-\u0219i \u00cent\u0103ri Lotul&#8230; Mai Multe Detalii<\/h2>\n<p>&nbsp;<\/p>\n<p>Un Nou Vis de Glorie European\u0103 \u00cencepe pentru CFR Cluj, Care \u00ce\u0219i \u00cendreapt\u0103 Privirea Spre Triumful \u00een UEFA Europa League, Odat\u0103 cu Aducerea unui Juc\u0103tor-vedet\u0103 Pentru a-\u0219i \u00cent\u0103ri Lotul&#8230; Mai Multe Detalii**&#8230;&#8230;<\/p>\n<p>CFR Cluj porne\u0219te cu ambi\u021bii mari \u00een sezonul 2025\u201326, vis\u00e2nd s\u0103 scrie o nou\u0103 pagin\u0103 de glorie \u00een fotbalul european. Dup\u0103 ce au \u00eencheiat sezonul trecut pe locul 2 \u00een SuperLiga, ardelenii sunt hot\u0103r\u00e2\u021bi s\u0103 transforme aceast\u0103 pozi\u021bie \u00eentr-un parcurs de succes \u00een UEFA Europa League. Unul dintre factorii cheie care le poate aduce un plus de valoare este aducerea mijloca\u0219ului ofensiv rom\u00e2n, Andrei Ivan, un juc\u0103tor cu experien\u021b\u0103 \u0219i un talent remarcabil \u00een crearea \u0219i finalizarea ocaziilor.<\/p>\n<p>Andrei Ivan, venit recent la CFR Cluj, are capacitatea de a influen\u021ba jocul \u00een momentele decisive \u0219i de a aduce creativitate \u00een atac, ceea ce poate face diferen\u021ba \u00een duelurile dificile din competi\u021bia european\u0103. Cu o viziune clar\u0103 \u0219i un lot bine echilibrat, echipa antrenat\u0103 de Dan Petrescu este preg\u0103tit\u0103 s\u0103 fac\u0103 fa\u021b\u0103 provoc\u0103rilor \u0219i s\u0103 cucereasc\u0103 inimile suporterilor prin performan\u021be remarcabile.<\/p>\n<p>Pe l\u00e2ng\u0103 Ivan, lotul beneficiaz\u0103 de prezen\u021ba unor juc\u0103tori cheie precum Louis Munteanu, care continu\u0103 s\u0103 fie golgheterul echipei. CFR Cluj are toate premisele pentru a scrie o nou\u0103 poveste de succes \u00een Europa.<\/p>\n<p>&nbsp;<\/p>\n\n<div style=\"font-size: 0px; height: 0px; line-height: 0px; margin: 0; padding: 0; clear: both;\"><\/div>","protected":false},"excerpt":{"rendered":"<p>Un Nou Vis de Glorie European\u0103 \u00cencepe pentru CFR Cluj, Care \u00ce\u0219i \u00cendreapt\u0103 Privirea Spre Triumful \u00een UEFA Europa League, Odat\u0103 cu Aducerea unui Juc\u0103tor-vedet\u0103 Pentru a-\u0219i \u00cent\u0103ri Lotul&#8230; Mai Multe Detalii &nbsp; Un Nou Vis de Glorie European\u0103 \u00cencepe pentru CFR Cluj, Care \u00ce\u0219i \u00cendreapt\u0103 Privirea Spre Triumful \u00een UEFA Europa League, Odat\u0103 cu [&hellip;]<\/p>\n","protected":false},"author":11,"featured_media":46060,"comment_status":"open","ping_status":"open","sticky":false,"template":"","format":"standard","meta":{"_jetpack_memberships_contains_paid_content":false,"footnotes":""},"categories":[1],"tags":[],"class_list":["post-46058","post","type-post","status-publish","format-standard","has-post-thumbnail","hentry","category-uncategorized"],"yoast_head":"<!-- This site is optimized with the Yoast SEO plugin v27.4 - https:\/\/yoast.com\/product\/yoast-seo-wordpress\/ -->\n<title>Un Nou Vis de Glorie European\u0103 \u00cencepe pentru CFR Cluj, Care<\/title>\n<meta name=\"description\" content=\"Un Nou Vis de Glorie European\u0103 \u00cencepe pentru CFR Cluj, Care \u00ce\u0219i ..............,,.............................\" \/>\n<meta name=\"robots\" content=\"index, follow, max-snippet:-1, max-image-preview:large, max-video-preview:-1\" \/>\n<link rel=\"canonical\" href=\"https:\/\/www.letsportsrock.com\/?p=46058\" \/>\n<meta property=\"og:locale\" content=\"en_US\" \/>\n<meta property=\"og:type\" content=\"article\" \/>\n<meta property=\"og:title\" content=\"Un Nou Vis de Glorie European\u0103 \u00cencepe pentru CFR Cluj, Care\" \/>\n<meta property=\"og:description\" content=\"Un Nou Vis de Glorie European\u0103 \u00cencepe pentru CFR Cluj, Care \u00ce\u0219i ..............,,.............................\" \/>\n<meta property=\"og:url\" content=\"https:\/\/www.letsportsrock.com\/?p=46058\" \/>\n<meta property=\"og:site_name\" content=\"letsportsrock\" \/>\n<meta property=\"article:published_time\" content=\"2025-06-07T14:05:21+00:00\" \/>\n<meta property=\"og:image\" content=\"https:\/\/www.letsportsrock.com\/wp-content\/uploads\/2025\/06\/cfr_cluj_website_conference_league.jpg\" \/>\n\t<meta property=\"og:image:width\" content=\"1013\" \/>\n\t<meta property=\"og:image:height\" content=\"675\" \/>\n\t<meta property=\"og:image:type\" content=\"image\/jpeg\" \/>\n<meta name=\"author\" content=\"Shughun Ivory\" \/>\n<meta name=\"twitter:card\" content=\"summary_large_image\" \/>\n<meta name=\"twitter:label1\" content=\"Written by\" \/>\n\t<meta name=\"twitter:data1\" content=\"Shughun Ivory\" \/>\n\t<meta name=\"twitter:label2\" content=\"Est. reading time\" \/>\n\t<meta name=\"twitter:data2\" content=\"2 minutes\" \/>\n<script type=\"application\/ld+json\" class=\"yoast-schema-graph\">{\"@context\":\"https:\\\/\\\/schema.org\",\"@graph\":[{\"@type\":\"Article\",\"@id\":\"https:\\\/\\\/www.letsportsrock.com\\\/?p=46058#article\",\"isPartOf\":{\"@id\":\"https:\\\/\\\/www.letsportsrock.com\\\/?p=46058\"},\"author\":{\"name\":\"Shughun Ivory\",\"@id\":\"https:\\\/\\\/www.letsportsrock.com\\\/#\\\/schema\\\/person\\\/674619adef31b09138e9ccd4e2852ee0\"},\"headline\":\"Un Nou Vis de Glorie European\u0103 \u00cencepe pentru CFR Cluj, Care \u00ce\u0219i \u00cendreapt\u0103 Privirea Spre Triumful \u00een UEFA Europa League, Odat\u0103 cu Aducerea unui Juc\u0103tor-vedet\u0103 Pentru a-\u0219i \u00cent\u0103ri Lotul&#8230; Mai Multe Detalii\",\"datePublished\":\"2025-06-07T14:05:21+00:00\",\"mainEntityOfPage\":{\"@id\":\"https:\\\/\\\/www.letsportsrock.com\\\/?p=46058\"},\"wordCount\":297,\"commentCount\":0,\"image\":{\"@id\":\"https:\\\/\\\/www.letsportsrock.com\\\/?p=46058#primaryimage\"},\"thumbnailUrl\":\"https:\\\/\\\/www.letsportsrock.com\\\/wp-content\\\/uploads\\\/2025\\\/06\\\/cfr_cluj_website_conference_league.jpg\",\"inLanguage\":\"en-US\",\"potentialAction\":[{\"@type\":\"CommentAction\",\"name\":\"Comment\",\"target\":[\"https:\\\/\\\/www.letsportsrock.com\\\/?p=46058#respond\"]}]},{\"@type\":\"WebPage\",\"@id\":\"https:\\\/\\\/www.letsportsrock.com\\\/?p=46058\",\"url\":\"https:\\\/\\\/www.letsportsrock.com\\\/?p=46058\",\"name\":\"Un Nou Vis de Glorie European\u0103 \u00cencepe pentru CFR Cluj, Care\",\"isPartOf\":{\"@id\":\"https:\\\/\\\/www.letsportsrock.com\\\/#website\"},\"primaryImageOfPage\":{\"@id\":\"https:\\\/\\\/www.letsportsrock.com\\\/?p=46058#primaryimage\"},\"image\":{\"@id\":\"https:\\\/\\\/www.letsportsrock.com\\\/?p=46058#primaryimage\"},\"thumbnailUrl\":\"https:\\\/\\\/www.letsportsrock.com\\\/wp-content\\\/uploads\\\/2025\\\/06\\\/cfr_cluj_website_conference_league.jpg\",\"datePublished\":\"2025-06-07T14:05:21+00:00\",\"author\":{\"@id\":\"https:\\\/\\\/www.letsportsrock.com\\\/#\\\/schema\\\/person\\\/674619adef31b09138e9ccd4e2852ee0\"},\"description\":\"Un Nou Vis de Glorie European\u0103 \u00cencepe pentru CFR Cluj, Care \u00ce\u0219i ..............,,.............................\",\"breadcrumb\":{\"@id\":\"https:\\\/\\\/www.letsportsrock.com\\\/?p=46058#breadcrumb\"},\"inLanguage\":\"en-US\",\"potentialAction\":[{\"@type\":\"ReadAction\",\"target\":[\"https:\\\/\\\/www.letsportsrock.com\\\/?p=46058\"]}]},{\"@type\":\"ImageObject\",\"inLanguage\":\"en-US\",\"@id\":\"https:\\\/\\\/www.letsportsrock.com\\\/?p=46058#primaryimage\",\"url\":\"https:\\\/\\\/www.letsportsrock.com\\\/wp-content\\\/uploads\\\/2025\\\/06\\\/cfr_cluj_website_conference_league.jpg\",\"contentUrl\":\"https:\\\/\\\/www.letsportsrock.com\\\/wp-content\\\/uploads\\\/2025\\\/06\\\/cfr_cluj_website_conference_league.jpg\",\"width\":1013,\"height\":675},{\"@type\":\"BreadcrumbList\",\"@id\":\"https:\\\/\\\/www.letsportsrock.com\\\/?p=46058#breadcrumb\",\"itemListElement\":[{\"@type\":\"ListItem\",\"position\":1,\"name\":\"Home\",\"item\":\"https:\\\/\\\/www.letsportsrock.com\\\/\"},{\"@type\":\"ListItem\",\"position\":2,\"name\":\"Un Nou Vis de Glorie European\u0103 \u00cencepe pentru CFR Cluj, Care \u00ce\u0219i \u00cendreapt\u0103 Privirea Spre Triumful \u00een UEFA Europa League, Odat\u0103 cu Aducerea unui Juc\u0103tor-vedet\u0103 Pentru a-\u0219i \u00cent\u0103ri Lotul&#8230; Mai Multe Detalii\"}]},{\"@type\":\"WebSite\",\"@id\":\"https:\\\/\\\/www.letsportsrock.com\\\/#website\",\"url\":\"https:\\\/\\\/www.letsportsrock.com\\\/\",\"name\":\"letsportsrock\",\"description\":\"Sport News and Updates\",\"potentialAction\":[{\"@type\":\"SearchAction\",\"target\":{\"@type\":\"EntryPoint\",\"urlTemplate\":\"https:\\\/\\\/www.letsportsrock.com\\\/?s={search_term_string}\"},\"query-input\":{\"@type\":\"PropertyValueSpecification\",\"valueRequired\":true,\"valueName\":\"search_term_string\"}}],\"inLanguage\":\"en-US\"},{\"@type\":\"Person\",\"@id\":\"https:\\\/\\\/www.letsportsrock.com\\\/#\\\/schema\\\/person\\\/674619adef31b09138e9ccd4e2852ee0\",\"name\":\"Shughun Ivory\",\"image\":{\"@type\":\"ImageObject\",\"inLanguage\":\"en-US\",\"@id\":\"https:\\\/\\\/secure.gravatar.com\\\/avatar\\\/0461d8b87ac229159ac526ebabd85108a5009b97923e896e2a506577805f8fc1?s=96&d=mm&r=g\",\"url\":\"https:\\\/\\\/secure.gravatar.com\\\/avatar\\\/0461d8b87ac229159ac526ebabd85108a5009b97923e896e2a506577805f8fc1?s=96&d=mm&r=g\",\"contentUrl\":\"https:\\\/\\\/secure.gravatar.com\\\/avatar\\\/0461d8b87ac229159ac526ebabd85108a5009b97923e896e2a506577805f8fc1?s=96&d=mm&r=g\",\"caption\":\"Shughun Ivory\"},\"sameAs\":[\"http:\\\/\\\/Letsportsrock.com\"],\"url\":\"https:\\\/\\\/www.letsportsrock.com\\\/?author=11\"}]}<\/script>\n<!-- \/ Yoast SEO plugin. -->","yoast_head_json":{"title":"Un Nou Vis de Glorie European\u0103 \u00cencepe pentru CFR Cluj, Care","description":"Un Nou Vis de Glorie European\u0103 \u00cencepe pentru CFR Cluj, Care \u00ce\u0219i ..............,,.............................","robots":{"index":"index","follow":"follow","max-snippet":"max-snippet:-1","max-image-preview":"max-image-preview:large","max-video-preview":"max-video-preview:-1"},"canonical":"https:\/\/www.letsportsrock.com\/?p=46058","og_locale":"en_US","og_type":"article","og_title":"Un Nou Vis de Glorie European\u0103 \u00cencepe pentru CFR Cluj, Care","og_description":"Un Nou Vis de Glorie European\u0103 \u00cencepe pentru CFR Cluj, Care \u00ce\u0219i ..............,,.............................","og_url":"https:\/\/www.letsportsrock.com\/?p=46058","og_site_name":"letsportsrock","article_published_time":"2025-06-07T14:05:21+00:00","og_image":[{"width":1013,"height":675,"url":"https:\/\/www.letsportsrock.com\/wp-content\/uploads\/2025\/06\/cfr_cluj_website_conference_league.jpg","type":"image\/jpeg"}],"author":"Shughun Ivory","twitter_card":"summary_large_image","twitter_misc":{"Written by":"Shughun Ivory","Est. reading time":"2 minutes"},"schema":{"@context":"https:\/\/schema.org","@graph":[{"@type":"Article","@id":"https:\/\/www.letsportsrock.com\/?p=46058#article","isPartOf":{"@id":"https:\/\/www.letsportsrock.com\/?p=46058"},"author":{"name":"Shughun Ivory","@id":"https:\/\/www.letsportsrock.com\/#\/schema\/person\/674619adef31b09138e9ccd4e2852ee0"},"headline":"Un Nou Vis de Glorie European\u0103 \u00cencepe pentru CFR Cluj, Care \u00ce\u0219i \u00cendreapt\u0103 Privirea Spre Triumful \u00een UEFA Europa League, Odat\u0103 cu Aducerea unui Juc\u0103tor-vedet\u0103 Pentru a-\u0219i \u00cent\u0103ri Lotul&#8230; Mai Multe Detalii","datePublished":"2025-06-07T14:05:21+00:00","mainEntityOfPage":{"@id":"https:\/\/www.letsportsrock.com\/?p=46058"},"wordCount":297,"commentCount":0,"image":{"@id":"https:\/\/www.letsportsrock.com\/?p=46058#primaryimage"},"thumbnailUrl":"https:\/\/www.letsportsrock.com\/wp-content\/uploads\/2025\/06\/cfr_cluj_website_conference_league.jpg","inLanguage":"en-US","potentialAction":[{"@type":"CommentAction","name":"Comment","target":["https:\/\/www.letsportsrock.com\/?p=46058#respond"]}]},{"@type":"WebPage","@id":"https:\/\/www.letsportsrock.com\/?p=46058","url":"https:\/\/www.letsportsrock.com\/?p=46058","name":"Un Nou Vis de Glorie European\u0103 \u00cencepe pentru CFR Cluj, Care","isPartOf":{"@id":"https:\/\/www.letsportsrock.com\/#website"},"primaryImageOfPage":{"@id":"https:\/\/www.letsportsrock.com\/?p=46058#primaryimage"},"image":{"@id":"https:\/\/www.letsportsrock.com\/?p=46058#primaryimage"},"thumbnailUrl":"https:\/\/www.letsportsrock.com\/wp-content\/uploads\/2025\/06\/cfr_cluj_website_conference_league.jpg","datePublished":"2025-06-07T14:05:21+00:00","author":{"@id":"https:\/\/www.letsportsrock.com\/#\/schema\/person\/674619adef31b09138e9ccd4e2852ee0"},"description":"Un Nou Vis de Glorie European\u0103 \u00cencepe pentru CFR Cluj, Care \u00ce\u0219i ..............,,.............................","breadcrumb":{"@id":"https:\/\/www.letsportsrock.com\/?p=46058#breadcrumb"},"inLanguage":"en-US","potentialAction":[{"@type":"ReadAction","target":["https:\/\/www.letsportsrock.com\/?p=46058"]}]},{"@type":"ImageObject","inLanguage":"en-US","@id":"https:\/\/www.letsportsrock.com\/?p=46058#primaryimage","url":"https:\/\/www.letsportsrock.com\/wp-content\/uploads\/2025\/06\/cfr_cluj_website_conference_league.jpg","contentUrl":"https:\/\/www.letsportsrock.com\/wp-content\/uploads\/2025\/06\/cfr_cluj_website_conference_league.jpg","width":1013,"height":675},{"@type":"BreadcrumbList","@id":"https:\/\/www.letsportsrock.com\/?p=46058#breadcrumb","itemListElement":[{"@type":"ListItem","position":1,"name":"Home","item":"https:\/\/www.letsportsrock.com\/"},{"@type":"ListItem","position":2,"name":"Un Nou Vis de Glorie European\u0103 \u00cencepe pentru CFR Cluj, Care \u00ce\u0219i \u00cendreapt\u0103 Privirea Spre Triumful \u00een UEFA Europa League, Odat\u0103 cu Aducerea unui Juc\u0103tor-vedet\u0103 Pentru a-\u0219i \u00cent\u0103ri Lotul&#8230; Mai Multe Detalii"}]},{"@type":"WebSite","@id":"https:\/\/www.letsportsrock.com\/#website","url":"https:\/\/www.letsportsrock.com\/","name":"letsportsrock","description":"Sport News and Updates","potentialAction":[{"@type":"SearchAction","target":{"@type":"EntryPoint","urlTemplate":"https:\/\/www.letsportsrock.com\/?s={search_term_string}"},"query-input":{"@type":"PropertyValueSpecification","valueRequired":true,"valueName":"search_term_string"}}],"inLanguage":"en-US"},{"@type":"Person","@id":"https:\/\/www.letsportsrock.com\/#\/schema\/person\/674619adef31b09138e9ccd4e2852ee0","name":"Shughun Ivory","image":{"@type":"ImageObject","inLanguage":"en-US","@id":"https:\/\/secure.gravatar.com\/avatar\/0461d8b87ac229159ac526ebabd85108a5009b97923e896e2a506577805f8fc1?s=96&d=mm&r=g","url":"https:\/\/secure.gravatar.com\/avatar\/0461d8b87ac229159ac526ebabd85108a5009b97923e896e2a506577805f8fc1?s=96&d=mm&r=g","contentUrl":"https:\/\/secure.gravatar.com\/avatar\/0461d8b87ac229159ac526ebabd85108a5009b97923e896e2a506577805f8fc1?s=96&d=mm&r=g","caption":"Shughun Ivory"},"sameAs":["http:\/\/Letsportsrock.com"],"url":"https:\/\/www.letsportsrock.com\/?author=11"}]}},"jetpack_featured_media_url":"https:\/\/www.letsportsrock.com\/wp-content\/uploads\/2025\/06\/cfr_cluj_website_conference_league.jpg","jetpack_sharing_enabled":true,"_links":{"self":[{"href":"https:\/\/www.letsportsrock.com\/index.php?rest_route=\/wp\/v2\/posts\/46058","targetHints":{"allow":["GET"]}}],"collection":[{"href":"https:\/\/www.letsportsrock.com\/index.php?rest_route=\/wp\/v2\/posts"}],"about":[{"href":"https:\/\/www.letsportsrock.com\/index.php?rest_route=\/wp\/v2\/types\/post"}],"author":[{"embeddable":true,"href":"https:\/\/www.letsportsrock.com\/index.php?rest_route=\/wp\/v2\/users\/11"}],"replies":[{"embeddable":true,"href":"https:\/\/www.letsportsrock.com\/index.php?rest_route=%2Fwp%2Fv2%2Fcomments&post=46058"}],"version-history":[{"count":1,"href":"https:\/\/www.letsportsrock.com\/index.php?rest_route=\/wp\/v2\/posts\/46058\/revisions"}],"predecessor-version":[{"id":46061,"href":"https:\/\/www.letsportsrock.com\/index.php?rest_route=\/wp\/v2\/posts\/46058\/revisions\/46061"}],"wp:featuredmedia":[{"embeddable":true,"href":"https:\/\/www.letsportsrock.com\/index.php?rest_route=\/wp\/v2\/media\/46060"}],"wp:attachment":[{"href":"https:\/\/www.letsportsrock.com\/index.php?rest_route=%2Fwp%2Fv2%2Fmedia&parent=46058"}],"wp:term":[{"taxonomy":"category","embeddable":true,"href":"https:\/\/www.letsportsrock.com\/index.php?rest_route=%2Fwp%2Fv2%2Fcategories&post=46058"},{"taxonomy":"post_tag","embeddable":true,"href":"https:\/\/www.letsportsrock.com\/index.php?rest_route=%2Fwp%2Fv2%2Ftags&post=46058"}],"curies":[{"name":"wp","href":"https:\/\/api.w.org\/{rel}","templated":true}]}}