{"id":46066,"date":"2025-06-07T14:30:12","date_gmt":"2025-06-07T14:30:12","guid":{"rendered":"https:\/\/www.letsportsrock.com\/?p=46066"},"modified":"2025-06-07T14:30:12","modified_gmt":"2025-06-07T14:30:12","slug":"ar-putea-fi-adevarat-marcelo-iese-socheaza-fanii-cu-o-revenire-uimitoare-semneaza-un-contract-pe-un-an-cu-cfr-cluj-verifica-informatiile","status":"publish","type":"post","link":"https:\/\/www.letsportsrock.com\/?p=46066","title":{"rendered":"Ar putea fi adev\u0103rat? Marcelo Iese \u0218ocheaz\u0103 Fanii cu o Revenire Uimitoare: Semneaz\u0103 un Contract pe Un An cu CFR Cluj! Verific\u0103 informa\u021biile&#8230;&#8230;."},"content":{"rendered":"<div class=\"d79db4796efc26332eabfc3f5dafbc76\" data-index=\"1\" style=\"float: none; margin:10px 0 10px 0; text-align:center;\">\n<div class=\"hb-ad-inarticle\">\r\n    <div class=\"hb-ad-inner\"> \r\n    <div class=\"hbagency_cls\"  id=\"hbagency_space_111930\"><\/div><\/div> <\/div>\n<\/div>\n<h2>Ar putea fi adev\u0103rat? Marcelo Iese \u0218ocheaz\u0103 Fanii cu o Revenire Uimitoare: Semneaz\u0103 un Contract pe Un An cu CFR Cluj! Verific\u0103 informa\u021biile&#8230;&#8230;.<\/h2>\n<p>&nbsp;<\/p>\n<p>&nbsp;<\/p>\n<p>Marcelo Iese \u0218ocheaz\u0103 Fanii cu o Revenire Uimitoare: Semneaz\u0103 un Contract pe Un An cu CFR Cluj!&#8230;.<\/p>\n<p>\u00centr-o mi\u0219care surprinz\u0103toare, fanii fotbalului sunt \u00een extaz dup\u0103 ce Marcelo Iese, considerat p\u00e2n\u0103 acum retras din activitate, a semnat un contract pe un an cu echipa rom\u00e2neasc\u0103 CFR Cluj. Vestea a luat prin surprindere lumea fotbalului, pu\u021bini a\u0219tept\u00e2ndu-se ca mijloca\u0219ul cu experien\u021b\u0103 s\u0103 revin\u0103 pe teren dup\u0103 o perioad\u0103 de pauz\u0103.<\/p>\n<p>Marcelo Iese, cunoscut pentru tehnica sa rafinat\u0103 \u0219i rolul s\u0103u de lider, a fost absent o vreme din lumina reflectoarelor, ceea ce a alimentat zvonurile despre retragerea sa. Totu\u0219i, anun\u021bul recent indic\u0103 o revenire spectaculoas\u0103 care ar putea aduce un plus de energie \u00een echipa CFR Cluj. Clubul, un adev\u0103rat colos al fotbalului rom\u00e2nesc, cu multiple titluri \u00een palmares, pare dornic s\u0103 profite de experien\u021ba \u0219i viziunea tactic\u0103 a lui Iese.<\/p>\n<p>De\u0219i declara\u021bii oficiale \u00eenc\u0103 nu au fost f\u0103cute, surse apropiate spun c\u0103 \u00een\u021belegerea a fost \u00eencheiat\u0103 \u0219i Iese este preg\u0103tit s\u0103 joace \u00een noul sezon. Fanii \u0219i anali\u0219tii sunt curio\u0219i s\u0103 vad\u0103 cum se va adapta veteranul la cerin\u021bele fotbalului rom\u00e2nesc \u0219i dac\u0103 aceast\u0103 revenire nea\u0219teptat\u0103 va aduce noi succese pentru CFR Cluj.<\/p>\n<p>R\u0103m\u00e2ne\u021bi aproape pentru mai multe detalii despre revenirea senza\u021bional\u0103 a lui Marcelo Iese \u0219i impactul acesteia asupra juc\u0103torului \u0219i clubului.<\/p>\n<p>&nbsp;<\/p>\n\n<div style=\"font-size: 0px; height: 0px; line-height: 0px; margin: 0; padding: 0; clear: both;\"><\/div>","protected":false},"excerpt":{"rendered":"<p>Ar putea fi adev\u0103rat? Marcelo Iese \u0218ocheaz\u0103 Fanii cu o Revenire Uimitoare: Semneaz\u0103 un Contract pe Un An cu CFR Cluj! Verific\u0103 informa\u021biile&#8230;&#8230;. &nbsp; &nbsp; Marcelo Iese \u0218ocheaz\u0103 Fanii cu o Revenire Uimitoare: Semneaz\u0103 un Contract pe Un An cu CFR Cluj!&#8230;. \u00centr-o mi\u0219care surprinz\u0103toare, fanii fotbalului sunt \u00een extaz dup\u0103 ce Marcelo Iese, considerat [&hellip;]<\/p>\n","protected":false},"author":11,"featured_media":46067,"comment_status":"open","ping_status":"open","sticky":false,"template":"","format":"standard","meta":{"_jetpack_memberships_contains_paid_content":false,"footnotes":""},"categories":[1],"tags":[],"class_list":["post-46066","post","type-post","status-publish","format-standard","has-post-thumbnail","hentry","category-uncategorized"],"yoast_head":"<!-- This site is optimized with the Yoast SEO plugin v27.4 - https:\/\/yoast.com\/product\/yoast-seo-wordpress\/ -->\n<title>Ar putea fi adev\u0103rat? Marcelo Iese \u0218ocheaz\u0103 Fanii cu o Revenire ...<\/title>\n<meta name=\"description\" content=\"Ar putea fi adev\u0103rat? Marcelo Iese \u0218ocheaz\u0103 Fanii cu o Revenire Uimitoare: Semneaz\u0103 un Contract pe Un An cu CFR Cluj! Verific\u0103 i...\" \/>\n<meta name=\"robots\" content=\"index, follow, max-snippet:-1, max-image-preview:large, max-video-preview:-1\" \/>\n<link rel=\"canonical\" href=\"https:\/\/www.letsportsrock.com\/?p=46066\" \/>\n<meta property=\"og:locale\" content=\"en_US\" \/>\n<meta property=\"og:type\" content=\"article\" \/>\n<meta property=\"og:title\" content=\"Ar putea fi adev\u0103rat? Marcelo Iese \u0218ocheaz\u0103 Fanii cu o Revenire ...\" \/>\n<meta property=\"og:description\" content=\"Ar putea fi adev\u0103rat? Marcelo Iese \u0218ocheaz\u0103 Fanii cu o Revenire Uimitoare: Semneaz\u0103 un Contract pe Un An cu CFR Cluj! Verific\u0103 i...\" \/>\n<meta property=\"og:url\" content=\"https:\/\/www.letsportsrock.com\/?p=46066\" \/>\n<meta property=\"og:site_name\" content=\"letsportsrock\" \/>\n<meta property=\"article:published_time\" content=\"2025-06-07T14:30:12+00:00\" \/>\n<meta property=\"og:image\" content=\"https:\/\/www.letsportsrock.com\/wp-content\/uploads\/2025\/06\/images-6-3.jpeg\" \/>\n\t<meta property=\"og:image:width\" content=\"715\" \/>\n\t<meta property=\"og:image:height\" content=\"429\" \/>\n\t<meta property=\"og:image:type\" content=\"image\/jpeg\" \/>\n<meta name=\"author\" content=\"Shughun Ivory\" \/>\n<meta name=\"twitter:card\" content=\"summary_large_image\" \/>\n<meta name=\"twitter:label1\" content=\"Written by\" \/>\n\t<meta name=\"twitter:data1\" content=\"Shughun Ivory\" \/>\n\t<meta name=\"twitter:label2\" content=\"Est. reading time\" \/>\n\t<meta name=\"twitter:data2\" content=\"2 minutes\" \/>\n<script type=\"application\/ld+json\" class=\"yoast-schema-graph\">{\"@context\":\"https:\\\/\\\/schema.org\",\"@graph\":[{\"@type\":\"Article\",\"@id\":\"https:\\\/\\\/www.letsportsrock.com\\\/?p=46066#article\",\"isPartOf\":{\"@id\":\"https:\\\/\\\/www.letsportsrock.com\\\/?p=46066\"},\"author\":{\"name\":\"Shughun Ivory\",\"@id\":\"https:\\\/\\\/www.letsportsrock.com\\\/#\\\/schema\\\/person\\\/674619adef31b09138e9ccd4e2852ee0\"},\"headline\":\"Ar putea fi adev\u0103rat? Marcelo Iese \u0218ocheaz\u0103 Fanii cu o Revenire Uimitoare: Semneaz\u0103 un Contract pe Un An cu CFR Cluj! Verific\u0103 informa\u021biile&#8230;&#8230;.\",\"datePublished\":\"2025-06-07T14:30:12+00:00\",\"mainEntityOfPage\":{\"@id\":\"https:\\\/\\\/www.letsportsrock.com\\\/?p=46066\"},\"wordCount\":295,\"commentCount\":0,\"image\":{\"@id\":\"https:\\\/\\\/www.letsportsrock.com\\\/?p=46066#primaryimage\"},\"thumbnailUrl\":\"https:\\\/\\\/www.letsportsrock.com\\\/wp-content\\\/uploads\\\/2025\\\/06\\\/images-6-3.jpeg\",\"inLanguage\":\"en-US\",\"potentialAction\":[{\"@type\":\"CommentAction\",\"name\":\"Comment\",\"target\":[\"https:\\\/\\\/www.letsportsrock.com\\\/?p=46066#respond\"]}]},{\"@type\":\"WebPage\",\"@id\":\"https:\\\/\\\/www.letsportsrock.com\\\/?p=46066\",\"url\":\"https:\\\/\\\/www.letsportsrock.com\\\/?p=46066\",\"name\":\"Ar putea fi adev\u0103rat? Marcelo Iese \u0218ocheaz\u0103 Fanii cu o Revenire ...\",\"isPartOf\":{\"@id\":\"https:\\\/\\\/www.letsportsrock.com\\\/#website\"},\"primaryImageOfPage\":{\"@id\":\"https:\\\/\\\/www.letsportsrock.com\\\/?p=46066#primaryimage\"},\"image\":{\"@id\":\"https:\\\/\\\/www.letsportsrock.com\\\/?p=46066#primaryimage\"},\"thumbnailUrl\":\"https:\\\/\\\/www.letsportsrock.com\\\/wp-content\\\/uploads\\\/2025\\\/06\\\/images-6-3.jpeg\",\"datePublished\":\"2025-06-07T14:30:12+00:00\",\"author\":{\"@id\":\"https:\\\/\\\/www.letsportsrock.com\\\/#\\\/schema\\\/person\\\/674619adef31b09138e9ccd4e2852ee0\"},\"description\":\"Ar putea fi adev\u0103rat? Marcelo Iese \u0218ocheaz\u0103 Fanii cu o Revenire Uimitoare: Semneaz\u0103 un Contract pe Un An cu CFR Cluj! Verific\u0103 i...\",\"breadcrumb\":{\"@id\":\"https:\\\/\\\/www.letsportsrock.com\\\/?p=46066#breadcrumb\"},\"inLanguage\":\"en-US\",\"potentialAction\":[{\"@type\":\"ReadAction\",\"target\":[\"https:\\\/\\\/www.letsportsrock.com\\\/?p=46066\"]}]},{\"@type\":\"ImageObject\",\"inLanguage\":\"en-US\",\"@id\":\"https:\\\/\\\/www.letsportsrock.com\\\/?p=46066#primaryimage\",\"url\":\"https:\\\/\\\/www.letsportsrock.com\\\/wp-content\\\/uploads\\\/2025\\\/06\\\/images-6-3.jpeg\",\"contentUrl\":\"https:\\\/\\\/www.letsportsrock.com\\\/wp-content\\\/uploads\\\/2025\\\/06\\\/images-6-3.jpeg\",\"width\":715,\"height\":429},{\"@type\":\"BreadcrumbList\",\"@id\":\"https:\\\/\\\/www.letsportsrock.com\\\/?p=46066#breadcrumb\",\"itemListElement\":[{\"@type\":\"ListItem\",\"position\":1,\"name\":\"Home\",\"item\":\"https:\\\/\\\/www.letsportsrock.com\\\/\"},{\"@type\":\"ListItem\",\"position\":2,\"name\":\"Ar putea fi adev\u0103rat? Marcelo Iese \u0218ocheaz\u0103 Fanii cu o Revenire Uimitoare: Semneaz\u0103 un Contract pe Un An cu CFR Cluj! Verific\u0103 informa\u021biile&#8230;&#8230;.\"}]},{\"@type\":\"WebSite\",\"@id\":\"https:\\\/\\\/www.letsportsrock.com\\\/#website\",\"url\":\"https:\\\/\\\/www.letsportsrock.com\\\/\",\"name\":\"letsportsrock\",\"description\":\"Sport News and Updates\",\"potentialAction\":[{\"@type\":\"SearchAction\",\"target\":{\"@type\":\"EntryPoint\",\"urlTemplate\":\"https:\\\/\\\/www.letsportsrock.com\\\/?s={search_term_string}\"},\"query-input\":{\"@type\":\"PropertyValueSpecification\",\"valueRequired\":true,\"valueName\":\"search_term_string\"}}],\"inLanguage\":\"en-US\"},{\"@type\":\"Person\",\"@id\":\"https:\\\/\\\/www.letsportsrock.com\\\/#\\\/schema\\\/person\\\/674619adef31b09138e9ccd4e2852ee0\",\"name\":\"Shughun Ivory\",\"image\":{\"@type\":\"ImageObject\",\"inLanguage\":\"en-US\",\"@id\":\"https:\\\/\\\/secure.gravatar.com\\\/avatar\\\/0461d8b87ac229159ac526ebabd85108a5009b97923e896e2a506577805f8fc1?s=96&d=mm&r=g\",\"url\":\"https:\\\/\\\/secure.gravatar.com\\\/avatar\\\/0461d8b87ac229159ac526ebabd85108a5009b97923e896e2a506577805f8fc1?s=96&d=mm&r=g\",\"contentUrl\":\"https:\\\/\\\/secure.gravatar.com\\\/avatar\\\/0461d8b87ac229159ac526ebabd85108a5009b97923e896e2a506577805f8fc1?s=96&d=mm&r=g\",\"caption\":\"Shughun Ivory\"},\"sameAs\":[\"http:\\\/\\\/Letsportsrock.com\"],\"url\":\"https:\\\/\\\/www.letsportsrock.com\\\/?author=11\"}]}<\/script>\n<!-- \/ Yoast SEO plugin. -->","yoast_head_json":{"title":"Ar putea fi adev\u0103rat? Marcelo Iese \u0218ocheaz\u0103 Fanii cu o Revenire ...","description":"Ar putea fi adev\u0103rat? Marcelo Iese \u0218ocheaz\u0103 Fanii cu o Revenire Uimitoare: Semneaz\u0103 un Contract pe Un An cu CFR Cluj! Verific\u0103 i...","robots":{"index":"index","follow":"follow","max-snippet":"max-snippet:-1","max-image-preview":"max-image-preview:large","max-video-preview":"max-video-preview:-1"},"canonical":"https:\/\/www.letsportsrock.com\/?p=46066","og_locale":"en_US","og_type":"article","og_title":"Ar putea fi adev\u0103rat? Marcelo Iese \u0218ocheaz\u0103 Fanii cu o Revenire ...","og_description":"Ar putea fi adev\u0103rat? Marcelo Iese \u0218ocheaz\u0103 Fanii cu o Revenire Uimitoare: Semneaz\u0103 un Contract pe Un An cu CFR Cluj! Verific\u0103 i...","og_url":"https:\/\/www.letsportsrock.com\/?p=46066","og_site_name":"letsportsrock","article_published_time":"2025-06-07T14:30:12+00:00","og_image":[{"width":715,"height":429,"url":"https:\/\/www.letsportsrock.com\/wp-content\/uploads\/2025\/06\/images-6-3.jpeg","type":"image\/jpeg"}],"author":"Shughun Ivory","twitter_card":"summary_large_image","twitter_misc":{"Written by":"Shughun Ivory","Est. reading time":"2 minutes"},"schema":{"@context":"https:\/\/schema.org","@graph":[{"@type":"Article","@id":"https:\/\/www.letsportsrock.com\/?p=46066#article","isPartOf":{"@id":"https:\/\/www.letsportsrock.com\/?p=46066"},"author":{"name":"Shughun Ivory","@id":"https:\/\/www.letsportsrock.com\/#\/schema\/person\/674619adef31b09138e9ccd4e2852ee0"},"headline":"Ar putea fi adev\u0103rat? Marcelo Iese \u0218ocheaz\u0103 Fanii cu o Revenire Uimitoare: Semneaz\u0103 un Contract pe Un An cu CFR Cluj! Verific\u0103 informa\u021biile&#8230;&#8230;.","datePublished":"2025-06-07T14:30:12+00:00","mainEntityOfPage":{"@id":"https:\/\/www.letsportsrock.com\/?p=46066"},"wordCount":295,"commentCount":0,"image":{"@id":"https:\/\/www.letsportsrock.com\/?p=46066#primaryimage"},"thumbnailUrl":"https:\/\/www.letsportsrock.com\/wp-content\/uploads\/2025\/06\/images-6-3.jpeg","inLanguage":"en-US","potentialAction":[{"@type":"CommentAction","name":"Comment","target":["https:\/\/www.letsportsrock.com\/?p=46066#respond"]}]},{"@type":"WebPage","@id":"https:\/\/www.letsportsrock.com\/?p=46066","url":"https:\/\/www.letsportsrock.com\/?p=46066","name":"Ar putea fi adev\u0103rat? Marcelo Iese \u0218ocheaz\u0103 Fanii cu o Revenire ...","isPartOf":{"@id":"https:\/\/www.letsportsrock.com\/#website"},"primaryImageOfPage":{"@id":"https:\/\/www.letsportsrock.com\/?p=46066#primaryimage"},"image":{"@id":"https:\/\/www.letsportsrock.com\/?p=46066#primaryimage"},"thumbnailUrl":"https:\/\/www.letsportsrock.com\/wp-content\/uploads\/2025\/06\/images-6-3.jpeg","datePublished":"2025-06-07T14:30:12+00:00","author":{"@id":"https:\/\/www.letsportsrock.com\/#\/schema\/person\/674619adef31b09138e9ccd4e2852ee0"},"description":"Ar putea fi adev\u0103rat? Marcelo Iese \u0218ocheaz\u0103 Fanii cu o Revenire Uimitoare: Semneaz\u0103 un Contract pe Un An cu CFR Cluj! Verific\u0103 i...","breadcrumb":{"@id":"https:\/\/www.letsportsrock.com\/?p=46066#breadcrumb"},"inLanguage":"en-US","potentialAction":[{"@type":"ReadAction","target":["https:\/\/www.letsportsrock.com\/?p=46066"]}]},{"@type":"ImageObject","inLanguage":"en-US","@id":"https:\/\/www.letsportsrock.com\/?p=46066#primaryimage","url":"https:\/\/www.letsportsrock.com\/wp-content\/uploads\/2025\/06\/images-6-3.jpeg","contentUrl":"https:\/\/www.letsportsrock.com\/wp-content\/uploads\/2025\/06\/images-6-3.jpeg","width":715,"height":429},{"@type":"BreadcrumbList","@id":"https:\/\/www.letsportsrock.com\/?p=46066#breadcrumb","itemListElement":[{"@type":"ListItem","position":1,"name":"Home","item":"https:\/\/www.letsportsrock.com\/"},{"@type":"ListItem","position":2,"name":"Ar putea fi adev\u0103rat? Marcelo Iese \u0218ocheaz\u0103 Fanii cu o Revenire Uimitoare: Semneaz\u0103 un Contract pe Un An cu CFR Cluj! Verific\u0103 informa\u021biile&#8230;&#8230;."}]},{"@type":"WebSite","@id":"https:\/\/www.letsportsrock.com\/#website","url":"https:\/\/www.letsportsrock.com\/","name":"letsportsrock","description":"Sport News and Updates","potentialAction":[{"@type":"SearchAction","target":{"@type":"EntryPoint","urlTemplate":"https:\/\/www.letsportsrock.com\/?s={search_term_string}"},"query-input":{"@type":"PropertyValueSpecification","valueRequired":true,"valueName":"search_term_string"}}],"inLanguage":"en-US"},{"@type":"Person","@id":"https:\/\/www.letsportsrock.com\/#\/schema\/person\/674619adef31b09138e9ccd4e2852ee0","name":"Shughun Ivory","image":{"@type":"ImageObject","inLanguage":"en-US","@id":"https:\/\/secure.gravatar.com\/avatar\/0461d8b87ac229159ac526ebabd85108a5009b97923e896e2a506577805f8fc1?s=96&d=mm&r=g","url":"https:\/\/secure.gravatar.com\/avatar\/0461d8b87ac229159ac526ebabd85108a5009b97923e896e2a506577805f8fc1?s=96&d=mm&r=g","contentUrl":"https:\/\/secure.gravatar.com\/avatar\/0461d8b87ac229159ac526ebabd85108a5009b97923e896e2a506577805f8fc1?s=96&d=mm&r=g","caption":"Shughun Ivory"},"sameAs":["http:\/\/Letsportsrock.com"],"url":"https:\/\/www.letsportsrock.com\/?author=11"}]}},"jetpack_featured_media_url":"https:\/\/www.letsportsrock.com\/wp-content\/uploads\/2025\/06\/images-6-3.jpeg","jetpack_sharing_enabled":true,"_links":{"self":[{"href":"https:\/\/www.letsportsrock.com\/index.php?rest_route=\/wp\/v2\/posts\/46066","targetHints":{"allow":["GET"]}}],"collection":[{"href":"https:\/\/www.letsportsrock.com\/index.php?rest_route=\/wp\/v2\/posts"}],"about":[{"href":"https:\/\/www.letsportsrock.com\/index.php?rest_route=\/wp\/v2\/types\/post"}],"author":[{"embeddable":true,"href":"https:\/\/www.letsportsrock.com\/index.php?rest_route=\/wp\/v2\/users\/11"}],"replies":[{"embeddable":true,"href":"https:\/\/www.letsportsrock.com\/index.php?rest_route=%2Fwp%2Fv2%2Fcomments&post=46066"}],"version-history":[{"count":1,"href":"https:\/\/www.letsportsrock.com\/index.php?rest_route=\/wp\/v2\/posts\/46066\/revisions"}],"predecessor-version":[{"id":46068,"href":"https:\/\/www.letsportsrock.com\/index.php?rest_route=\/wp\/v2\/posts\/46066\/revisions\/46068"}],"wp:featuredmedia":[{"embeddable":true,"href":"https:\/\/www.letsportsrock.com\/index.php?rest_route=\/wp\/v2\/media\/46067"}],"wp:attachment":[{"href":"https:\/\/www.letsportsrock.com\/index.php?rest_route=%2Fwp%2Fv2%2Fmedia&parent=46066"}],"wp:term":[{"taxonomy":"category","embeddable":true,"href":"https:\/\/www.letsportsrock.com\/index.php?rest_route=%2Fwp%2Fv2%2Fcategories&post=46066"},{"taxonomy":"post_tag","embeddable":true,"href":"https:\/\/www.letsportsrock.com\/index.php?rest_route=%2Fwp%2Fv2%2Ftags&post=46066"}],"curies":[{"name":"wp","href":"https:\/\/api.w.org\/{rel}","templated":true}]}}