{"id":46538,"date":"2025-06-09T10:38:03","date_gmt":"2025-06-09T10:38:03","guid":{"rendered":"https:\/\/www.letsportsrock.com\/?p=46538"},"modified":"2025-06-09T10:38:03","modified_gmt":"2025-06-09T10:38:03","slug":"la-multi-ani-cornel-talnar-fost-jucator-antrenor-principal-si-director-tehnic-al-echipei-noastre-cornel-talnar-implineste-68-de-ani-transferat-in-1977-la-dinamo-bucuresti-de-la-unirea-al","status":"publish","type":"post","link":"https:\/\/www.letsportsrock.com\/?p=46538","title":{"rendered":"LA MUL\u021aI ANI, Cornel \u021a\u0103lnar!  Fost juc\u0103tor, antrenor principal \u0219i director tehnic al echipei noastre, Cornel \u021a\u0103lnar \u00eempline\u0219te 68 de ani.\u00a0  Transferat \u00een 1977 la Dinamo Bucure\u0219ti, de la Unirea Alba Iulia (Divizia C), \u201c\u021a\u00e2n\u021barul\u201d a jucat 8 sezoane consecutive \u00een tricoul alb-ro\u0219u, p\u00e2n\u0103 \u00een 1985. A c\u00e2\u0219tigat 5 trofee \u00een \u0218tefan celebrate Mare, de trei ori titlul de campion (1982, 1983, 1984) \u0219i de dou\u0103 ori Cupa Rom\u00e2niei (1982, 1984)&#8230;&#8230;."},"content":{"rendered":"<div class=\"d79db4796efc26332eabfc3f5dafbc76\" data-index=\"1\" style=\"float: none; margin:10px 0 10px 0; text-align:center;\">\n<div class=\"hb-ad-inarticle\">\r\n    <div class=\"hb-ad-inner\"> \r\n    <div class=\"hbagency_cls\"  id=\"hbagency_space_111930\"><\/div><\/div> <\/div>\n<\/div>\n<p>Desigur! Iat\u0103 un text de aproximativ 200 de cuvinte, \u00een limba rom\u00e2n\u0103, pentru a celebra aniversarea lui Cornel \u021a\u0103lnar:<\/p>\n<p>&nbsp;<\/p>\n<p>&#8212;<\/p>\n<p>&nbsp;<\/p>\n<p>**La mul\u021bi ani, Cornel \u021a\u0103lnar!**<\/p>\n<p>&nbsp;<\/p>\n<p>Ast\u0103zi \u00eel s\u0103rb\u0103torim pe Cornel \u021a\u0103lnar, o legend\u0103 a clubului Dinamo Bucure\u0219ti, care \u00eempline\u0219te 68 de ani. Fost juc\u0103tor emblematic, antrenor principal \u0219i director tehnic al echipei noastre, \u201e\u021a\u00e2n\u021barul\u201d r\u0103m\u00e2ne o figur\u0103 marcant\u0103 \u00een istoria clubului.<\/p>\n<p>&nbsp;<\/p>\n<p>\u00cen 1977, Cornel \u021a\u0103lnar a fost transferat de la Unirea Alba Iulia (Divizia C) la Dinamo, unde a jucat timp de opt sezoane consecutive, p\u00e2n\u0103 \u00een 1985. \u00cen aceast\u0103 perioad\u0103, a contribuit decisiv la cele mai importante performan\u021be ale echipei, cucerind nu mai pu\u021bin de cinci trofee: trei titluri de campion al Rom\u00e2niei (1982, 1983, 1984) \u0219i dou\u0103 Cupe ale Rom\u00e2niei (1982, 1984).<\/p>\n<p>&nbsp;<\/p>\n<p>Prin d\u0103ruirea, talentul \u0219i spiritul s\u0103u de lupt\u0103tor, Cornel \u021a\u0103lnar a c\u00e2\u0219tigat respectul suporterilor \u0219i al colegilor de echip\u0103. Dup\u0103 retragerea din activitatea de juc\u0103tor, a continuat s\u0103 contribuie la dezvoltarea clubului, din pozi\u021bii de conducere \u0219i antrenorat.<\/p>\n<p>&nbsp;<\/p>\n<p>\u00cei dorim mult\u0103 s\u0103n\u0103tate, bucurii \u0219i \u00eempliniri al\u0103turi de cei dragi. La mul\u021bi ani, Cornel \u021a\u0103lnar!<\/p>\n<p>&nbsp;<\/p>\n<p>&#8212;<\/p>\n<p>&nbsp;<\/p>\n<p>Dac\u0103 vrei, pot adapta textul pentru o postare oficial\u0103 pe re\u021belele<\/p>\n<p>de socializare.<\/p>\n\n<div style=\"font-size: 0px; height: 0px; line-height: 0px; margin: 0; padding: 0; clear: both;\"><\/div>","protected":false},"excerpt":{"rendered":"<p>Desigur! Iat\u0103 un text de aproximativ 200 de cuvinte, \u00een limba rom\u00e2n\u0103, pentru a celebra aniversarea lui Cornel \u021a\u0103lnar: &nbsp; &#8212; &nbsp; **La mul\u021bi ani, Cornel \u021a\u0103lnar!** &nbsp; Ast\u0103zi \u00eel s\u0103rb\u0103torim pe Cornel \u021a\u0103lnar, o legend\u0103 a clubului Dinamo Bucure\u0219ti, care \u00eempline\u0219te 68 de ani. Fost juc\u0103tor emblematic, antrenor principal \u0219i director tehnic al echipei [&hellip;]<\/p>\n","protected":false},"author":1,"featured_media":46539,"comment_status":"open","ping_status":"open","sticky":false,"template":"","format":"standard","meta":{"_jetpack_memberships_contains_paid_content":false,"footnotes":""},"categories":[1],"tags":[],"class_list":["post-46538","post","type-post","status-publish","format-standard","has-post-thumbnail","hentry","category-uncategorized"],"yoast_head":"<!-- This site is optimized with the Yoast SEO plugin v27.4 - https:\/\/yoast.com\/product\/yoast-seo-wordpress\/ -->\n<title>LA MUL\u021aI ANI, Cornel \u021a\u0103lnar! Fost juc\u0103tor, antrenor principal \u0219i<\/title>\n<meta name=\"description\" content=\"LA MUL\u021aI ANI, Cornel \u021a\u0103lnar! Fost juc\u0103tor, antrenor principal \u0219i director tehnic al echipei noastre, Cornel \u021a\u0103lnar \u00eempline\u0219te 68 de ani.\u00a0\" \/>\n<meta name=\"robots\" content=\"index, follow, max-snippet:-1, max-image-preview:large, max-video-preview:-1\" \/>\n<link rel=\"canonical\" href=\"https:\/\/www.letsportsrock.com\/?p=46538\" \/>\n<meta property=\"og:locale\" content=\"en_US\" \/>\n<meta property=\"og:type\" content=\"article\" \/>\n<meta property=\"og:title\" content=\"LA MUL\u021aI ANI, Cornel \u021a\u0103lnar! Fost juc\u0103tor, antrenor principal \u0219i\" \/>\n<meta property=\"og:description\" content=\"LA MUL\u021aI ANI, Cornel \u021a\u0103lnar! Fost juc\u0103tor, antrenor principal \u0219i director tehnic al echipei noastre, Cornel \u021a\u0103lnar \u00eempline\u0219te 68 de ani.\u00a0\" \/>\n<meta property=\"og:url\" content=\"https:\/\/www.letsportsrock.com\/?p=46538\" \/>\n<meta property=\"og:site_name\" content=\"letsportsrock\" \/>\n<meta property=\"article:published_time\" content=\"2025-06-09T10:38:03+00:00\" \/>\n<meta property=\"og:image\" content=\"https:\/\/www.letsportsrock.com\/wp-content\/uploads\/2025\/06\/1749465242421.jpg\" \/>\n\t<meta property=\"og:image:width\" content=\"720\" \/>\n\t<meta property=\"og:image:height\" content=\"898\" \/>\n\t<meta property=\"og:image:type\" content=\"image\/jpeg\" \/>\n<meta name=\"author\" content=\"letsportsrock\" \/>\n<meta name=\"twitter:card\" content=\"summary_large_image\" \/>\n<meta name=\"twitter:label1\" content=\"Written by\" \/>\n\t<meta name=\"twitter:data1\" content=\"letsportsrock\" \/>\n\t<meta name=\"twitter:label2\" content=\"Est. reading time\" \/>\n\t<meta name=\"twitter:data2\" content=\"2 minutes\" \/>\n<script type=\"application\/ld+json\" class=\"yoast-schema-graph\">{\"@context\":\"https:\\\/\\\/schema.org\",\"@graph\":[{\"@type\":\"Article\",\"@id\":\"https:\\\/\\\/www.letsportsrock.com\\\/?p=46538#article\",\"isPartOf\":{\"@id\":\"https:\\\/\\\/www.letsportsrock.com\\\/?p=46538\"},\"author\":{\"name\":\"letsportsrock\",\"@id\":\"https:\\\/\\\/www.letsportsrock.com\\\/#\\\/schema\\\/person\\\/a454ac24e58b214ddd97e4b5afb0bf01\"},\"headline\":\"LA MUL\u021aI ANI, Cornel \u021a\u0103lnar! Fost juc\u0103tor, antrenor principal \u0219i director tehnic al echipei noastre, Cornel \u021a\u0103lnar \u00eempline\u0219te 68 de ani.\u00a0 Transferat \u00een 1977 la Dinamo Bucure\u0219ti, de la Unirea Alba Iulia (Divizia C), \u201c\u021a\u00e2n\u021barul\u201d a jucat 8 sezoane consecutive \u00een tricoul alb-ro\u0219u, p\u00e2n\u0103 \u00een 1985. A c\u00e2\u0219tigat 5 trofee \u00een \u0218tefan celebrate Mare, de trei ori titlul de campion (1982, 1983, 1984) \u0219i de dou\u0103 ori Cupa Rom\u00e2niei (1982, 1984)&#8230;&#8230;.\",\"datePublished\":\"2025-06-09T10:38:03+00:00\",\"mainEntityOfPage\":{\"@id\":\"https:\\\/\\\/www.letsportsrock.com\\\/?p=46538\"},\"wordCount\":288,\"commentCount\":0,\"image\":{\"@id\":\"https:\\\/\\\/www.letsportsrock.com\\\/?p=46538#primaryimage\"},\"thumbnailUrl\":\"https:\\\/\\\/www.letsportsrock.com\\\/wp-content\\\/uploads\\\/2025\\\/06\\\/1749465242421.jpg\",\"inLanguage\":\"en-US\",\"potentialAction\":[{\"@type\":\"CommentAction\",\"name\":\"Comment\",\"target\":[\"https:\\\/\\\/www.letsportsrock.com\\\/?p=46538#respond\"]}]},{\"@type\":\"WebPage\",\"@id\":\"https:\\\/\\\/www.letsportsrock.com\\\/?p=46538\",\"url\":\"https:\\\/\\\/www.letsportsrock.com\\\/?p=46538\",\"name\":\"LA MUL\u021aI ANI, Cornel \u021a\u0103lnar! Fost juc\u0103tor, antrenor principal \u0219i\",\"isPartOf\":{\"@id\":\"https:\\\/\\\/www.letsportsrock.com\\\/#website\"},\"primaryImageOfPage\":{\"@id\":\"https:\\\/\\\/www.letsportsrock.com\\\/?p=46538#primaryimage\"},\"image\":{\"@id\":\"https:\\\/\\\/www.letsportsrock.com\\\/?p=46538#primaryimage\"},\"thumbnailUrl\":\"https:\\\/\\\/www.letsportsrock.com\\\/wp-content\\\/uploads\\\/2025\\\/06\\\/1749465242421.jpg\",\"datePublished\":\"2025-06-09T10:38:03+00:00\",\"author\":{\"@id\":\"https:\\\/\\\/www.letsportsrock.com\\\/#\\\/schema\\\/person\\\/a454ac24e58b214ddd97e4b5afb0bf01\"},\"description\":\"LA MUL\u021aI ANI, Cornel \u021a\u0103lnar! Fost juc\u0103tor, antrenor principal \u0219i director tehnic al echipei noastre, Cornel \u021a\u0103lnar \u00eempline\u0219te 68 de ani.\u00a0\",\"breadcrumb\":{\"@id\":\"https:\\\/\\\/www.letsportsrock.com\\\/?p=46538#breadcrumb\"},\"inLanguage\":\"en-US\",\"potentialAction\":[{\"@type\":\"ReadAction\",\"target\":[\"https:\\\/\\\/www.letsportsrock.com\\\/?p=46538\"]}]},{\"@type\":\"ImageObject\",\"inLanguage\":\"en-US\",\"@id\":\"https:\\\/\\\/www.letsportsrock.com\\\/?p=46538#primaryimage\",\"url\":\"https:\\\/\\\/www.letsportsrock.com\\\/wp-content\\\/uploads\\\/2025\\\/06\\\/1749465242421.jpg\",\"contentUrl\":\"https:\\\/\\\/www.letsportsrock.com\\\/wp-content\\\/uploads\\\/2025\\\/06\\\/1749465242421.jpg\",\"width\":720,\"height\":898},{\"@type\":\"BreadcrumbList\",\"@id\":\"https:\\\/\\\/www.letsportsrock.com\\\/?p=46538#breadcrumb\",\"itemListElement\":[{\"@type\":\"ListItem\",\"position\":1,\"name\":\"Home\",\"item\":\"https:\\\/\\\/www.letsportsrock.com\\\/\"},{\"@type\":\"ListItem\",\"position\":2,\"name\":\"LA MUL\u021aI ANI, Cornel \u021a\u0103lnar! Fost juc\u0103tor, antrenor principal \u0219i director tehnic al echipei noastre, Cornel \u021a\u0103lnar \u00eempline\u0219te 68 de ani.\u00a0 Transferat \u00een 1977 la Dinamo Bucure\u0219ti, de la Unirea Alba Iulia (Divizia C), \u201c\u021a\u00e2n\u021barul\u201d a jucat 8 sezoane consecutive \u00een tricoul alb-ro\u0219u, p\u00e2n\u0103 \u00een 1985. A c\u00e2\u0219tigat 5 trofee \u00een \u0218tefan celebrate Mare, de trei ori titlul de campion (1982, 1983, 1984) \u0219i de dou\u0103 ori Cupa Rom\u00e2niei (1982, 1984)&#8230;&#8230;.\"}]},{\"@type\":\"WebSite\",\"@id\":\"https:\\\/\\\/www.letsportsrock.com\\\/#website\",\"url\":\"https:\\\/\\\/www.letsportsrock.com\\\/\",\"name\":\"letsportsrock\",\"description\":\"Sport News and Updates\",\"potentialAction\":[{\"@type\":\"SearchAction\",\"target\":{\"@type\":\"EntryPoint\",\"urlTemplate\":\"https:\\\/\\\/www.letsportsrock.com\\\/?s={search_term_string}\"},\"query-input\":{\"@type\":\"PropertyValueSpecification\",\"valueRequired\":true,\"valueName\":\"search_term_string\"}}],\"inLanguage\":\"en-US\"},{\"@type\":\"Person\",\"@id\":\"https:\\\/\\\/www.letsportsrock.com\\\/#\\\/schema\\\/person\\\/a454ac24e58b214ddd97e4b5afb0bf01\",\"name\":\"letsportsrock\",\"image\":{\"@type\":\"ImageObject\",\"inLanguage\":\"en-US\",\"@id\":\"https:\\\/\\\/secure.gravatar.com\\\/avatar\\\/f8ef950cbb7574c0bc874094b8d307659bfe2d7aa4a9d26fa6917eff010748f9?s=96&d=mm&r=g\",\"url\":\"https:\\\/\\\/secure.gravatar.com\\\/avatar\\\/f8ef950cbb7574c0bc874094b8d307659bfe2d7aa4a9d26fa6917eff010748f9?s=96&d=mm&r=g\",\"contentUrl\":\"https:\\\/\\\/secure.gravatar.com\\\/avatar\\\/f8ef950cbb7574c0bc874094b8d307659bfe2d7aa4a9d26fa6917eff010748f9?s=96&d=mm&r=g\",\"caption\":\"letsportsrock\"},\"sameAs\":[\"https:\\\/\\\/www.letsportsrock.com\"],\"url\":\"https:\\\/\\\/www.letsportsrock.com\\\/?author=1\"}]}<\/script>\n<!-- \/ Yoast SEO plugin. -->","yoast_head_json":{"title":"LA MUL\u021aI ANI, Cornel \u021a\u0103lnar! Fost juc\u0103tor, antrenor principal \u0219i","description":"LA MUL\u021aI ANI, Cornel \u021a\u0103lnar! Fost juc\u0103tor, antrenor principal \u0219i director tehnic al echipei noastre, Cornel \u021a\u0103lnar \u00eempline\u0219te 68 de ani.\u00a0","robots":{"index":"index","follow":"follow","max-snippet":"max-snippet:-1","max-image-preview":"max-image-preview:large","max-video-preview":"max-video-preview:-1"},"canonical":"https:\/\/www.letsportsrock.com\/?p=46538","og_locale":"en_US","og_type":"article","og_title":"LA MUL\u021aI ANI, Cornel \u021a\u0103lnar! Fost juc\u0103tor, antrenor principal \u0219i","og_description":"LA MUL\u021aI ANI, Cornel \u021a\u0103lnar! Fost juc\u0103tor, antrenor principal \u0219i director tehnic al echipei noastre, Cornel \u021a\u0103lnar \u00eempline\u0219te 68 de ani.\u00a0","og_url":"https:\/\/www.letsportsrock.com\/?p=46538","og_site_name":"letsportsrock","article_published_time":"2025-06-09T10:38:03+00:00","og_image":[{"width":720,"height":898,"url":"https:\/\/www.letsportsrock.com\/wp-content\/uploads\/2025\/06\/1749465242421.jpg","type":"image\/jpeg"}],"author":"letsportsrock","twitter_card":"summary_large_image","twitter_misc":{"Written by":"letsportsrock","Est. reading time":"2 minutes"},"schema":{"@context":"https:\/\/schema.org","@graph":[{"@type":"Article","@id":"https:\/\/www.letsportsrock.com\/?p=46538#article","isPartOf":{"@id":"https:\/\/www.letsportsrock.com\/?p=46538"},"author":{"name":"letsportsrock","@id":"https:\/\/www.letsportsrock.com\/#\/schema\/person\/a454ac24e58b214ddd97e4b5afb0bf01"},"headline":"LA MUL\u021aI ANI, Cornel \u021a\u0103lnar! Fost juc\u0103tor, antrenor principal \u0219i director tehnic al echipei noastre, Cornel \u021a\u0103lnar \u00eempline\u0219te 68 de ani.\u00a0 Transferat \u00een 1977 la Dinamo Bucure\u0219ti, de la Unirea Alba Iulia (Divizia C), \u201c\u021a\u00e2n\u021barul\u201d a jucat 8 sezoane consecutive \u00een tricoul alb-ro\u0219u, p\u00e2n\u0103 \u00een 1985. A c\u00e2\u0219tigat 5 trofee \u00een \u0218tefan celebrate Mare, de trei ori titlul de campion (1982, 1983, 1984) \u0219i de dou\u0103 ori Cupa Rom\u00e2niei (1982, 1984)&#8230;&#8230;.","datePublished":"2025-06-09T10:38:03+00:00","mainEntityOfPage":{"@id":"https:\/\/www.letsportsrock.com\/?p=46538"},"wordCount":288,"commentCount":0,"image":{"@id":"https:\/\/www.letsportsrock.com\/?p=46538#primaryimage"},"thumbnailUrl":"https:\/\/www.letsportsrock.com\/wp-content\/uploads\/2025\/06\/1749465242421.jpg","inLanguage":"en-US","potentialAction":[{"@type":"CommentAction","name":"Comment","target":["https:\/\/www.letsportsrock.com\/?p=46538#respond"]}]},{"@type":"WebPage","@id":"https:\/\/www.letsportsrock.com\/?p=46538","url":"https:\/\/www.letsportsrock.com\/?p=46538","name":"LA MUL\u021aI ANI, Cornel \u021a\u0103lnar! Fost juc\u0103tor, antrenor principal \u0219i","isPartOf":{"@id":"https:\/\/www.letsportsrock.com\/#website"},"primaryImageOfPage":{"@id":"https:\/\/www.letsportsrock.com\/?p=46538#primaryimage"},"image":{"@id":"https:\/\/www.letsportsrock.com\/?p=46538#primaryimage"},"thumbnailUrl":"https:\/\/www.letsportsrock.com\/wp-content\/uploads\/2025\/06\/1749465242421.jpg","datePublished":"2025-06-09T10:38:03+00:00","author":{"@id":"https:\/\/www.letsportsrock.com\/#\/schema\/person\/a454ac24e58b214ddd97e4b5afb0bf01"},"description":"LA MUL\u021aI ANI, Cornel \u021a\u0103lnar! Fost juc\u0103tor, antrenor principal \u0219i director tehnic al echipei noastre, Cornel \u021a\u0103lnar \u00eempline\u0219te 68 de ani.\u00a0","breadcrumb":{"@id":"https:\/\/www.letsportsrock.com\/?p=46538#breadcrumb"},"inLanguage":"en-US","potentialAction":[{"@type":"ReadAction","target":["https:\/\/www.letsportsrock.com\/?p=46538"]}]},{"@type":"ImageObject","inLanguage":"en-US","@id":"https:\/\/www.letsportsrock.com\/?p=46538#primaryimage","url":"https:\/\/www.letsportsrock.com\/wp-content\/uploads\/2025\/06\/1749465242421.jpg","contentUrl":"https:\/\/www.letsportsrock.com\/wp-content\/uploads\/2025\/06\/1749465242421.jpg","width":720,"height":898},{"@type":"BreadcrumbList","@id":"https:\/\/www.letsportsrock.com\/?p=46538#breadcrumb","itemListElement":[{"@type":"ListItem","position":1,"name":"Home","item":"https:\/\/www.letsportsrock.com\/"},{"@type":"ListItem","position":2,"name":"LA MUL\u021aI ANI, Cornel \u021a\u0103lnar! Fost juc\u0103tor, antrenor principal \u0219i director tehnic al echipei noastre, Cornel \u021a\u0103lnar \u00eempline\u0219te 68 de ani.\u00a0 Transferat \u00een 1977 la Dinamo Bucure\u0219ti, de la Unirea Alba Iulia (Divizia C), \u201c\u021a\u00e2n\u021barul\u201d a jucat 8 sezoane consecutive \u00een tricoul alb-ro\u0219u, p\u00e2n\u0103 \u00een 1985. A c\u00e2\u0219tigat 5 trofee \u00een \u0218tefan celebrate Mare, de trei ori titlul de campion (1982, 1983, 1984) \u0219i de dou\u0103 ori Cupa Rom\u00e2niei (1982, 1984)&#8230;&#8230;."}]},{"@type":"WebSite","@id":"https:\/\/www.letsportsrock.com\/#website","url":"https:\/\/www.letsportsrock.com\/","name":"letsportsrock","description":"Sport News and Updates","potentialAction":[{"@type":"SearchAction","target":{"@type":"EntryPoint","urlTemplate":"https:\/\/www.letsportsrock.com\/?s={search_term_string}"},"query-input":{"@type":"PropertyValueSpecification","valueRequired":true,"valueName":"search_term_string"}}],"inLanguage":"en-US"},{"@type":"Person","@id":"https:\/\/www.letsportsrock.com\/#\/schema\/person\/a454ac24e58b214ddd97e4b5afb0bf01","name":"letsportsrock","image":{"@type":"ImageObject","inLanguage":"en-US","@id":"https:\/\/secure.gravatar.com\/avatar\/f8ef950cbb7574c0bc874094b8d307659bfe2d7aa4a9d26fa6917eff010748f9?s=96&d=mm&r=g","url":"https:\/\/secure.gravatar.com\/avatar\/f8ef950cbb7574c0bc874094b8d307659bfe2d7aa4a9d26fa6917eff010748f9?s=96&d=mm&r=g","contentUrl":"https:\/\/secure.gravatar.com\/avatar\/f8ef950cbb7574c0bc874094b8d307659bfe2d7aa4a9d26fa6917eff010748f9?s=96&d=mm&r=g","caption":"letsportsrock"},"sameAs":["https:\/\/www.letsportsrock.com"],"url":"https:\/\/www.letsportsrock.com\/?author=1"}]}},"jetpack_featured_media_url":"https:\/\/www.letsportsrock.com\/wp-content\/uploads\/2025\/06\/1749465242421.jpg","jetpack_sharing_enabled":true,"_links":{"self":[{"href":"https:\/\/www.letsportsrock.com\/index.php?rest_route=\/wp\/v2\/posts\/46538","targetHints":{"allow":["GET"]}}],"collection":[{"href":"https:\/\/www.letsportsrock.com\/index.php?rest_route=\/wp\/v2\/posts"}],"about":[{"href":"https:\/\/www.letsportsrock.com\/index.php?rest_route=\/wp\/v2\/types\/post"}],"author":[{"embeddable":true,"href":"https:\/\/www.letsportsrock.com\/index.php?rest_route=\/wp\/v2\/users\/1"}],"replies":[{"embeddable":true,"href":"https:\/\/www.letsportsrock.com\/index.php?rest_route=%2Fwp%2Fv2%2Fcomments&post=46538"}],"version-history":[{"count":1,"href":"https:\/\/www.letsportsrock.com\/index.php?rest_route=\/wp\/v2\/posts\/46538\/revisions"}],"predecessor-version":[{"id":46540,"href":"https:\/\/www.letsportsrock.com\/index.php?rest_route=\/wp\/v2\/posts\/46538\/revisions\/46540"}],"wp:featuredmedia":[{"embeddable":true,"href":"https:\/\/www.letsportsrock.com\/index.php?rest_route=\/wp\/v2\/media\/46539"}],"wp:attachment":[{"href":"https:\/\/www.letsportsrock.com\/index.php?rest_route=%2Fwp%2Fv2%2Fmedia&parent=46538"}],"wp:term":[{"taxonomy":"category","embeddable":true,"href":"https:\/\/www.letsportsrock.com\/index.php?rest_route=%2Fwp%2Fv2%2Fcategories&post=46538"},{"taxonomy":"post_tag","embeddable":true,"href":"https:\/\/www.letsportsrock.com\/index.php?rest_route=%2Fwp%2Fv2%2Ftags&post=46538"}],"curies":[{"name":"wp","href":"https:\/\/api.w.org\/{rel}","templated":true}]}}