{"id":46581,"date":"2025-06-09T21:17:54","date_gmt":"2025-06-09T21:17:54","guid":{"rendered":"https:\/\/www.letsportsrock.com\/?p=46581"},"modified":"2025-06-09T21:17:54","modified_gmt":"2025-06-09T21:17:54","slug":"giovanni-becali-solicita-un-jucator-de-la-fcsb-care-joaca-in-primul-rand-si-il-critica-pe-mircea-lucescu-intrebandu-l-si-unde-joaca-acum-nu-este-membru-al-unei-echipe-puternice","status":"publish","type":"post","link":"https:\/\/www.letsportsrock.com\/?p=46581","title":{"rendered":"Giovanni Becali solicit\u0103 un juc\u0103tor de la FCSB care joac\u0103 \u00een primul r\u00e2nd \u0219i \u00eel critic\u0103 pe Mircea Lucescu, \u00eentreb\u00e2ndu-l: \u201e\u0218i unde joac\u0103 acum?\u201d Nu este membru al unei echipe puternice&#8230;."},"content":{"rendered":"<div class=\"d79db4796efc26332eabfc3f5dafbc76\" data-index=\"1\" style=\"float: none; margin:10px 0 10px 0; text-align:center;\">\n<div class=\"hb-ad-inarticle\">\r\n    <div class=\"hb-ad-inner\"> \r\n    <div class=\"hbagency_cls\"  id=\"hbagency_space_111930\"><\/div><\/div> <\/div>\n<\/div>\n<p>Giovanni Becali solicit\u0103 un juc\u0103tor de la FCSB care joac\u0103 \u00een primul r\u00e2nd \u0219i \u00eel critic\u0103 pe Mircea Lucescu, \u00eentreb\u00e2ndu-l: \u201e\u0218i unde joac\u0103 acum?\u201d Nu este membru al unei echipe puternice&#8230;.<\/p>\n<p>&nbsp;<\/p>\n<p>Giovanni Becali, fost impresar \u0219i apropiat al echipei na\u021bionale, a re\u00eenceput s\u0103 comenteze alegerea portarului titular sub Mircea Lucescu, dar de data aceasta s-a concentrat \u0219i asupra performan\u021belor interna\u021bionale ale juc\u0103torilor de la FCSB. \u00centr-o declara\u021bie acordat\u0103 pentru Fanatik, Becali a afirmat c\u0103 pre\u0219edintele Federa\u021biei ar fi insistat ca suplinitorul s\u0103 fie o voce \u201edin prima linie\u201d \u0219i nu doar un \u201ejuc\u0103tor de umplutur\u0103\u201d:<\/p>\n<p><img loading=\"lazy\" decoding=\"async\" class=\"alignnone size-full wp-image-46583\" src=\"https:\/\/www.letsportsrock.com\/wp-content\/uploads\/2025\/06\/images-60-3.jpeg\" alt=\"\" width=\"201\" height=\"251\" \/><\/p>\n<p>&gt; \u201e\u015ei unde joac\u0103 acum? Nu este membru al unei echipe puternice\u2026\u201d, l\u2011a provocat pe Lucescu Becali.<\/p>\n<p>&nbsp;<\/p>\n<p>&nbsp;<\/p>\n<p>&nbsp;<\/p>\n<p>\u00cen context, discutau despre portarul Florin Ni\u021b\u0103, care evolueaz\u0103 \u00een Arabia Saudit\u0103, \u0219i al c\u0103rui loc de titular la na\u021bional\u0103 a fost pus la \u00eendoial\u0103. Becali a comparat situa\u021bia lui Ni\u021b\u0103 cu cea a lui \u0218tefan T\u00e2rnovanu, goalkeeper-ul FCSB, care \u00een acest sezon a adunat 20 de prezen\u021be \u00een cupele europene, drept un atu major .<\/p>\n<p>&nbsp;<\/p>\n<p>Motiva\u021biile lui Becali<\/p>\n<p>&nbsp;<\/p>\n<p>Giovanni Becali l-a criticat indirect pe Lucescu, insinu\u00e2nd c\u0103 selec\u021bionerul nu urm\u0103re\u0219te \u00eendeaproape valoarea \u201ejuc\u0103torilor din campionatul intern\u201d, chiar c\u00e2nd vine vorba de competi\u021bii interna\u021bionale. Becali a subliniat faptul c\u0103, de\u0219i Ni\u021b\u0103 joac\u0103 \u00eentr-o lig\u0103 mai slab cotat\u0103, evolu\u021biile europene ale lui T\u00e2rnovanu ar aduce mai mult\u0103 consisten\u021b\u0103 \u0219i motiva\u021bie echipei na\u021bionale .<\/p>\n<p>&nbsp;<\/p>\n<p>Mai mult, repro\u0219ul \u201e\u0219i unde joac\u0103 acum?\u201d trimite spre o abordare retoric\u0103 ironic\u0103: dac\u0103 Ni\u021b\u0103 nu evolueaz\u0103 \u00eentr-o lig\u0103 competitiv\u0103, ce ar aduce Rom\u00e2nia din perspectiva nivelului adversarilor \u00eent\u00e2lni\u021bi?<\/p>\n<p>&nbsp;<\/p>\n<p>Consecin\u021be pentru selec\u021bioner<\/p>\n<p>&nbsp;<\/p>\n<p>Aceast\u0103 critic\u0103 deschide discu\u021bia asupra strategiei de convocare a portarilor la echipa na\u021bional\u0103. Un portret al aleg\u0103torilor nu poate ignora forma din campionatele europene \u2014 o abordare care, \u00een viziunea lui Becali, ar fi mai potrivit\u0103 dec\u00e2t utilizarea unor fotbali\u0219ti afla\u021bi doar la \u201eumbra\u201d selec\u021bionerului.<\/p>\n<p>&nbsp;<\/p>\n<p>\u00cen concluzie, mesajul lui Becali \u2013 \u201e\u0219i unde joac\u0103 acum?\u201d \u2013 nu este doar o \u00eentrebare c\u0103tre juc\u0103tor, ci \u0219i un semnal pentru Lucescu de a lua \u00een calcul performan\u021bele din cupele europene atunci c\u00e2nd alc\u0103tuie\u0219te echipa na\u021bional\u0103.<\/p>\n\n<div style=\"font-size: 0px; height: 0px; line-height: 0px; margin: 0; padding: 0; clear: both;\"><\/div>","protected":false},"excerpt":{"rendered":"<p>Giovanni Becali solicit\u0103 un juc\u0103tor de la FCSB care joac\u0103 \u00een primul r\u00e2nd \u0219i \u00eel critic\u0103 pe Mircea Lucescu, \u00eentreb\u00e2ndu-l: \u201e\u0218i unde joac\u0103 acum?\u201d Nu este membru al unei echipe puternice&#8230;. &nbsp; Giovanni Becali, fost impresar \u0219i apropiat al echipei na\u021bionale, a re\u00eenceput s\u0103 comenteze alegerea portarului titular sub Mircea Lucescu, dar de data aceasta [&hellip;]<\/p>\n","protected":false},"author":15,"featured_media":46582,"comment_status":"open","ping_status":"open","sticky":false,"template":"","format":"standard","meta":{"_jetpack_memberships_contains_paid_content":false,"footnotes":""},"categories":[1],"tags":[640],"class_list":["post-46581","post","type-post","status-publish","format-standard","has-post-thumbnail","hentry","category-uncategorized","tag-fan-andrei-ivan"],"yoast_head":"<!-- This site is optimized with the Yoast SEO plugin v27.4 - https:\/\/yoast.com\/product\/yoast-seo-wordpress\/ -->\n<title>Giovanni Becali solicit\u0103 un juc\u0103tor de la FCSB care joac\u0103 \u00een primul r\u00e2nd \u0219i \u00eel critic\u0103 pe Mircea Lucescu, \u00eentreb\u00e2ndu-l: \u201e\u0218i unde joac\u0103 acum?\u201d Nu este membru al unei echipe puternice....<\/title>\n<meta name=\"description\" content=\"Giovanni Becali solicit\u0103 un juc\u0103tor de la FCSB care joac\u0103 \u00een primul r\u00e2nd \u0219i \u00eel critic\u0103 pe Mircea Lucescu, \u00eentreb\u00e2ndu-l: \u201e\u0218i unde joac\u0103 acum?\u201d Nu este membru al unei echipe puternice....\" \/>\n<meta name=\"robots\" content=\"index, follow, max-snippet:-1, max-image-preview:large, max-video-preview:-1\" \/>\n<link rel=\"canonical\" href=\"https:\/\/www.letsportsrock.com\/?p=46581\" \/>\n<meta property=\"og:locale\" content=\"en_US\" \/>\n<meta property=\"og:type\" content=\"article\" \/>\n<meta property=\"og:title\" content=\"Giovanni Becali solicit\u0103 un juc\u0103tor de la FCSB care joac\u0103 \u00een primul r\u00e2nd \u0219i \u00eel critic\u0103 pe Mircea Lucescu, \u00eentreb\u00e2ndu-l: \u201e\u0218i unde joac\u0103 acum?\u201d Nu este membru al unei echipe puternice....\" \/>\n<meta property=\"og:description\" content=\"Giovanni Becali solicit\u0103 un juc\u0103tor de la FCSB care joac\u0103 \u00een primul r\u00e2nd \u0219i \u00eel critic\u0103 pe Mircea Lucescu, \u00eentreb\u00e2ndu-l: \u201e\u0218i unde joac\u0103 acum?\u201d Nu este membru al unei echipe puternice....\" \/>\n<meta property=\"og:url\" content=\"https:\/\/www.letsportsrock.com\/?p=46581\" \/>\n<meta property=\"og:site_name\" content=\"letsportsrock\" \/>\n<meta property=\"article:published_time\" content=\"2025-06-09T21:17:54+00:00\" \/>\n<meta property=\"og:image\" content=\"https:\/\/www.letsportsrock.com\/wp-content\/uploads\/2025\/06\/images-59-2.jpeg\" \/>\n\t<meta property=\"og:image:width\" content=\"739\" \/>\n\t<meta property=\"og:image:height\" content=\"415\" \/>\n\t<meta property=\"og:image:type\" content=\"image\/jpeg\" \/>\n<meta name=\"author\" content=\"Amos Nabizo\" \/>\n<meta name=\"twitter:card\" content=\"summary_large_image\" \/>\n<meta name=\"twitter:label1\" content=\"Written by\" \/>\n\t<meta name=\"twitter:data1\" content=\"Amos Nabizo\" \/>\n\t<meta name=\"twitter:label2\" content=\"Est. reading time\" \/>\n\t<meta name=\"twitter:data2\" content=\"2 minutes\" \/>\n<script type=\"application\/ld+json\" class=\"yoast-schema-graph\">{\"@context\":\"https:\\\/\\\/schema.org\",\"@graph\":[{\"@type\":\"Article\",\"@id\":\"https:\\\/\\\/www.letsportsrock.com\\\/?p=46581#article\",\"isPartOf\":{\"@id\":\"https:\\\/\\\/www.letsportsrock.com\\\/?p=46581\"},\"author\":{\"name\":\"Amos Nabizo\",\"@id\":\"https:\\\/\\\/www.letsportsrock.com\\\/#\\\/schema\\\/person\\\/044479f72bdbd75f9523e745d3be6c30\"},\"headline\":\"Giovanni Becali solicit\u0103 un juc\u0103tor de la FCSB care joac\u0103 \u00een primul r\u00e2nd \u0219i \u00eel critic\u0103 pe Mircea Lucescu, \u00eentreb\u00e2ndu-l: \u201e\u0218i unde joac\u0103 acum?\u201d Nu este membru al unei echipe puternice&#8230;.\",\"datePublished\":\"2025-06-09T21:17:54+00:00\",\"mainEntityOfPage\":{\"@id\":\"https:\\\/\\\/www.letsportsrock.com\\\/?p=46581\"},\"wordCount\":429,\"commentCount\":0,\"image\":{\"@id\":\"https:\\\/\\\/www.letsportsrock.com\\\/?p=46581#primaryimage\"},\"thumbnailUrl\":\"https:\\\/\\\/www.letsportsrock.com\\\/wp-content\\\/uploads\\\/2025\\\/06\\\/images-59-2.jpeg\",\"keywords\":[\"Fan Andrei Ivan\"],\"inLanguage\":\"en-US\",\"potentialAction\":[{\"@type\":\"CommentAction\",\"name\":\"Comment\",\"target\":[\"https:\\\/\\\/www.letsportsrock.com\\\/?p=46581#respond\"]}]},{\"@type\":\"WebPage\",\"@id\":\"https:\\\/\\\/www.letsportsrock.com\\\/?p=46581\",\"url\":\"https:\\\/\\\/www.letsportsrock.com\\\/?p=46581\",\"name\":\"Giovanni Becali solicit\u0103 un juc\u0103tor de la FCSB care joac\u0103 \u00een primul r\u00e2nd \u0219i \u00eel critic\u0103 pe Mircea Lucescu, \u00eentreb\u00e2ndu-l: \u201e\u0218i unde joac\u0103 acum?\u201d Nu este membru al unei echipe puternice....\",\"isPartOf\":{\"@id\":\"https:\\\/\\\/www.letsportsrock.com\\\/#website\"},\"primaryImageOfPage\":{\"@id\":\"https:\\\/\\\/www.letsportsrock.com\\\/?p=46581#primaryimage\"},\"image\":{\"@id\":\"https:\\\/\\\/www.letsportsrock.com\\\/?p=46581#primaryimage\"},\"thumbnailUrl\":\"https:\\\/\\\/www.letsportsrock.com\\\/wp-content\\\/uploads\\\/2025\\\/06\\\/images-59-2.jpeg\",\"datePublished\":\"2025-06-09T21:17:54+00:00\",\"author\":{\"@id\":\"https:\\\/\\\/www.letsportsrock.com\\\/#\\\/schema\\\/person\\\/044479f72bdbd75f9523e745d3be6c30\"},\"description\":\"Giovanni Becali solicit\u0103 un juc\u0103tor de la FCSB care joac\u0103 \u00een primul r\u00e2nd \u0219i \u00eel critic\u0103 pe Mircea Lucescu, \u00eentreb\u00e2ndu-l: \u201e\u0218i unde joac\u0103 acum?\u201d Nu este membru al unei echipe puternice....\",\"breadcrumb\":{\"@id\":\"https:\\\/\\\/www.letsportsrock.com\\\/?p=46581#breadcrumb\"},\"inLanguage\":\"en-US\",\"potentialAction\":[{\"@type\":\"ReadAction\",\"target\":[\"https:\\\/\\\/www.letsportsrock.com\\\/?p=46581\"]}]},{\"@type\":\"ImageObject\",\"inLanguage\":\"en-US\",\"@id\":\"https:\\\/\\\/www.letsportsrock.com\\\/?p=46581#primaryimage\",\"url\":\"https:\\\/\\\/www.letsportsrock.com\\\/wp-content\\\/uploads\\\/2025\\\/06\\\/images-59-2.jpeg\",\"contentUrl\":\"https:\\\/\\\/www.letsportsrock.com\\\/wp-content\\\/uploads\\\/2025\\\/06\\\/images-59-2.jpeg\",\"width\":739,\"height\":415},{\"@type\":\"BreadcrumbList\",\"@id\":\"https:\\\/\\\/www.letsportsrock.com\\\/?p=46581#breadcrumb\",\"itemListElement\":[{\"@type\":\"ListItem\",\"position\":1,\"name\":\"Home\",\"item\":\"https:\\\/\\\/www.letsportsrock.com\\\/\"},{\"@type\":\"ListItem\",\"position\":2,\"name\":\"Giovanni Becali solicit\u0103 un juc\u0103tor de la FCSB care joac\u0103 \u00een primul r\u00e2nd \u0219i \u00eel critic\u0103 pe Mircea Lucescu, \u00eentreb\u00e2ndu-l: \u201e\u0218i unde joac\u0103 acum?\u201d Nu este membru al unei echipe puternice&#8230;.\"}]},{\"@type\":\"WebSite\",\"@id\":\"https:\\\/\\\/www.letsportsrock.com\\\/#website\",\"url\":\"https:\\\/\\\/www.letsportsrock.com\\\/\",\"name\":\"letsportsrock\",\"description\":\"Sport News and Updates\",\"potentialAction\":[{\"@type\":\"SearchAction\",\"target\":{\"@type\":\"EntryPoint\",\"urlTemplate\":\"https:\\\/\\\/www.letsportsrock.com\\\/?s={search_term_string}\"},\"query-input\":{\"@type\":\"PropertyValueSpecification\",\"valueRequired\":true,\"valueName\":\"search_term_string\"}}],\"inLanguage\":\"en-US\"},{\"@type\":\"Person\",\"@id\":\"https:\\\/\\\/www.letsportsrock.com\\\/#\\\/schema\\\/person\\\/044479f72bdbd75f9523e745d3be6c30\",\"name\":\"Amos Nabizo\",\"image\":{\"@type\":\"ImageObject\",\"inLanguage\":\"en-US\",\"@id\":\"https:\\\/\\\/secure.gravatar.com\\\/avatar\\\/d569857c07d3899c6ca842ffea32daa1672c05549833530fe37e68ae7b521ba4?s=96&d=mm&r=g\",\"url\":\"https:\\\/\\\/secure.gravatar.com\\\/avatar\\\/d569857c07d3899c6ca842ffea32daa1672c05549833530fe37e68ae7b521ba4?s=96&d=mm&r=g\",\"contentUrl\":\"https:\\\/\\\/secure.gravatar.com\\\/avatar\\\/d569857c07d3899c6ca842ffea32daa1672c05549833530fe37e68ae7b521ba4?s=96&d=mm&r=g\",\"caption\":\"Amos Nabizo\"},\"sameAs\":[\"https:\\\/\\\/www.letsportsrock.com\\\/wp-admin\\\/\"],\"url\":\"https:\\\/\\\/www.letsportsrock.com\\\/?author=15\"}]}<\/script>\n<!-- \/ Yoast SEO plugin. -->","yoast_head_json":{"title":"Giovanni Becali solicit\u0103 un juc\u0103tor de la FCSB care joac\u0103 \u00een primul r\u00e2nd \u0219i \u00eel critic\u0103 pe Mircea Lucescu, \u00eentreb\u00e2ndu-l: \u201e\u0218i unde joac\u0103 acum?\u201d Nu este membru al unei echipe puternice....","description":"Giovanni Becali solicit\u0103 un juc\u0103tor de la FCSB care joac\u0103 \u00een primul r\u00e2nd \u0219i \u00eel critic\u0103 pe Mircea Lucescu, \u00eentreb\u00e2ndu-l: \u201e\u0218i unde joac\u0103 acum?\u201d Nu este membru al unei echipe puternice....","robots":{"index":"index","follow":"follow","max-snippet":"max-snippet:-1","max-image-preview":"max-image-preview:large","max-video-preview":"max-video-preview:-1"},"canonical":"https:\/\/www.letsportsrock.com\/?p=46581","og_locale":"en_US","og_type":"article","og_title":"Giovanni Becali solicit\u0103 un juc\u0103tor de la FCSB care joac\u0103 \u00een primul r\u00e2nd \u0219i \u00eel critic\u0103 pe Mircea Lucescu, \u00eentreb\u00e2ndu-l: \u201e\u0218i unde joac\u0103 acum?\u201d Nu este membru al unei echipe puternice....","og_description":"Giovanni Becali solicit\u0103 un juc\u0103tor de la FCSB care joac\u0103 \u00een primul r\u00e2nd \u0219i \u00eel critic\u0103 pe Mircea Lucescu, \u00eentreb\u00e2ndu-l: \u201e\u0218i unde joac\u0103 acum?\u201d Nu este membru al unei echipe puternice....","og_url":"https:\/\/www.letsportsrock.com\/?p=46581","og_site_name":"letsportsrock","article_published_time":"2025-06-09T21:17:54+00:00","og_image":[{"width":739,"height":415,"url":"https:\/\/www.letsportsrock.com\/wp-content\/uploads\/2025\/06\/images-59-2.jpeg","type":"image\/jpeg"}],"author":"Amos Nabizo","twitter_card":"summary_large_image","twitter_misc":{"Written by":"Amos Nabizo","Est. reading time":"2 minutes"},"schema":{"@context":"https:\/\/schema.org","@graph":[{"@type":"Article","@id":"https:\/\/www.letsportsrock.com\/?p=46581#article","isPartOf":{"@id":"https:\/\/www.letsportsrock.com\/?p=46581"},"author":{"name":"Amos Nabizo","@id":"https:\/\/www.letsportsrock.com\/#\/schema\/person\/044479f72bdbd75f9523e745d3be6c30"},"headline":"Giovanni Becali solicit\u0103 un juc\u0103tor de la FCSB care joac\u0103 \u00een primul r\u00e2nd \u0219i \u00eel critic\u0103 pe Mircea Lucescu, \u00eentreb\u00e2ndu-l: \u201e\u0218i unde joac\u0103 acum?\u201d Nu este membru al unei echipe puternice&#8230;.","datePublished":"2025-06-09T21:17:54+00:00","mainEntityOfPage":{"@id":"https:\/\/www.letsportsrock.com\/?p=46581"},"wordCount":429,"commentCount":0,"image":{"@id":"https:\/\/www.letsportsrock.com\/?p=46581#primaryimage"},"thumbnailUrl":"https:\/\/www.letsportsrock.com\/wp-content\/uploads\/2025\/06\/images-59-2.jpeg","keywords":["Fan Andrei Ivan"],"inLanguage":"en-US","potentialAction":[{"@type":"CommentAction","name":"Comment","target":["https:\/\/www.letsportsrock.com\/?p=46581#respond"]}]},{"@type":"WebPage","@id":"https:\/\/www.letsportsrock.com\/?p=46581","url":"https:\/\/www.letsportsrock.com\/?p=46581","name":"Giovanni Becali solicit\u0103 un juc\u0103tor de la FCSB care joac\u0103 \u00een primul r\u00e2nd \u0219i \u00eel critic\u0103 pe Mircea Lucescu, \u00eentreb\u00e2ndu-l: \u201e\u0218i unde joac\u0103 acum?\u201d Nu este membru al unei echipe puternice....","isPartOf":{"@id":"https:\/\/www.letsportsrock.com\/#website"},"primaryImageOfPage":{"@id":"https:\/\/www.letsportsrock.com\/?p=46581#primaryimage"},"image":{"@id":"https:\/\/www.letsportsrock.com\/?p=46581#primaryimage"},"thumbnailUrl":"https:\/\/www.letsportsrock.com\/wp-content\/uploads\/2025\/06\/images-59-2.jpeg","datePublished":"2025-06-09T21:17:54+00:00","author":{"@id":"https:\/\/www.letsportsrock.com\/#\/schema\/person\/044479f72bdbd75f9523e745d3be6c30"},"description":"Giovanni Becali solicit\u0103 un juc\u0103tor de la FCSB care joac\u0103 \u00een primul r\u00e2nd \u0219i \u00eel critic\u0103 pe Mircea Lucescu, \u00eentreb\u00e2ndu-l: \u201e\u0218i unde joac\u0103 acum?\u201d Nu este membru al unei echipe puternice....","breadcrumb":{"@id":"https:\/\/www.letsportsrock.com\/?p=46581#breadcrumb"},"inLanguage":"en-US","potentialAction":[{"@type":"ReadAction","target":["https:\/\/www.letsportsrock.com\/?p=46581"]}]},{"@type":"ImageObject","inLanguage":"en-US","@id":"https:\/\/www.letsportsrock.com\/?p=46581#primaryimage","url":"https:\/\/www.letsportsrock.com\/wp-content\/uploads\/2025\/06\/images-59-2.jpeg","contentUrl":"https:\/\/www.letsportsrock.com\/wp-content\/uploads\/2025\/06\/images-59-2.jpeg","width":739,"height":415},{"@type":"BreadcrumbList","@id":"https:\/\/www.letsportsrock.com\/?p=46581#breadcrumb","itemListElement":[{"@type":"ListItem","position":1,"name":"Home","item":"https:\/\/www.letsportsrock.com\/"},{"@type":"ListItem","position":2,"name":"Giovanni Becali solicit\u0103 un juc\u0103tor de la FCSB care joac\u0103 \u00een primul r\u00e2nd \u0219i \u00eel critic\u0103 pe Mircea Lucescu, \u00eentreb\u00e2ndu-l: \u201e\u0218i unde joac\u0103 acum?\u201d Nu este membru al unei echipe puternice&#8230;."}]},{"@type":"WebSite","@id":"https:\/\/www.letsportsrock.com\/#website","url":"https:\/\/www.letsportsrock.com\/","name":"letsportsrock","description":"Sport News and Updates","potentialAction":[{"@type":"SearchAction","target":{"@type":"EntryPoint","urlTemplate":"https:\/\/www.letsportsrock.com\/?s={search_term_string}"},"query-input":{"@type":"PropertyValueSpecification","valueRequired":true,"valueName":"search_term_string"}}],"inLanguage":"en-US"},{"@type":"Person","@id":"https:\/\/www.letsportsrock.com\/#\/schema\/person\/044479f72bdbd75f9523e745d3be6c30","name":"Amos Nabizo","image":{"@type":"ImageObject","inLanguage":"en-US","@id":"https:\/\/secure.gravatar.com\/avatar\/d569857c07d3899c6ca842ffea32daa1672c05549833530fe37e68ae7b521ba4?s=96&d=mm&r=g","url":"https:\/\/secure.gravatar.com\/avatar\/d569857c07d3899c6ca842ffea32daa1672c05549833530fe37e68ae7b521ba4?s=96&d=mm&r=g","contentUrl":"https:\/\/secure.gravatar.com\/avatar\/d569857c07d3899c6ca842ffea32daa1672c05549833530fe37e68ae7b521ba4?s=96&d=mm&r=g","caption":"Amos Nabizo"},"sameAs":["https:\/\/www.letsportsrock.com\/wp-admin\/"],"url":"https:\/\/www.letsportsrock.com\/?author=15"}]}},"jetpack_featured_media_url":"https:\/\/www.letsportsrock.com\/wp-content\/uploads\/2025\/06\/images-59-2.jpeg","jetpack_sharing_enabled":true,"_links":{"self":[{"href":"https:\/\/www.letsportsrock.com\/index.php?rest_route=\/wp\/v2\/posts\/46581","targetHints":{"allow":["GET"]}}],"collection":[{"href":"https:\/\/www.letsportsrock.com\/index.php?rest_route=\/wp\/v2\/posts"}],"about":[{"href":"https:\/\/www.letsportsrock.com\/index.php?rest_route=\/wp\/v2\/types\/post"}],"author":[{"embeddable":true,"href":"https:\/\/www.letsportsrock.com\/index.php?rest_route=\/wp\/v2\/users\/15"}],"replies":[{"embeddable":true,"href":"https:\/\/www.letsportsrock.com\/index.php?rest_route=%2Fwp%2Fv2%2Fcomments&post=46581"}],"version-history":[{"count":1,"href":"https:\/\/www.letsportsrock.com\/index.php?rest_route=\/wp\/v2\/posts\/46581\/revisions"}],"predecessor-version":[{"id":46584,"href":"https:\/\/www.letsportsrock.com\/index.php?rest_route=\/wp\/v2\/posts\/46581\/revisions\/46584"}],"wp:featuredmedia":[{"embeddable":true,"href":"https:\/\/www.letsportsrock.com\/index.php?rest_route=\/wp\/v2\/media\/46582"}],"wp:attachment":[{"href":"https:\/\/www.letsportsrock.com\/index.php?rest_route=%2Fwp%2Fv2%2Fmedia&parent=46581"}],"wp:term":[{"taxonomy":"category","embeddable":true,"href":"https:\/\/www.letsportsrock.com\/index.php?rest_route=%2Fwp%2Fv2%2Fcategories&post=46581"},{"taxonomy":"post_tag","embeddable":true,"href":"https:\/\/www.letsportsrock.com\/index.php?rest_route=%2Fwp%2Fv2%2Ftags&post=46581"}],"curies":[{"name":"wp","href":"https:\/\/api.w.org\/{rel}","templated":true}]}}