{"id":46683,"date":"2025-06-09T23:52:32","date_gmt":"2025-06-09T23:52:32","guid":{"rendered":"https:\/\/www.letsportsrock.com\/?p=46683"},"modified":"2025-06-09T23:52:32","modified_gmt":"2025-06-09T23:52:32","slug":"adrian-mihalcea-a-fost-prezentat-la-uta-a-venit-de-la-cfr-si-doreste-doi-jucatori-de-la-fcsb-mi-ar-placea-sa-i-am","status":"publish","type":"post","link":"https:\/\/www.letsportsrock.com\/?p=46683","title":{"rendered":"Adrian Mihalcea a fost prezentat la UTA: a venit de la CFR \u0219i dore\u0219te doi juc\u0103tori de la FCSB: \u201eMi-ar pl\u0103cea s\u0103-i am\u201d&#8230;."},"content":{"rendered":"<div class=\"d79db4796efc26332eabfc3f5dafbc76\" data-index=\"1\" style=\"float: none; margin:10px 0 10px 0; text-align:center;\">\n<div class=\"hb-ad-inarticle\">\r\n    <div class=\"hb-ad-inner\"> \r\n    <div class=\"hbagency_cls\"  id=\"hbagency_space_111930\"><\/div><\/div> <\/div>\n<\/div>\n<p>Adrian Mihalcea a fost prezentat la UTA: a venit de la CFR \u0219i dore\u0219te doi juc\u0103tori de la FCSB: \u201eMi-ar pl\u0103cea s\u0103-i am\u201d&#8230;.<\/p>\n<p>&nbsp;<\/p>\n<p>Nu am g\u0103sit o surs\u0103 concret\u0103 care s\u0103 confirme c\u0103 Adrian Mihalcea, prezentat la UTA, provine de la CFR \u0219i c\u0103 ar dori doi juc\u0103tori de la FCSB, a\u0219a cum ai men\u021bionat. Cel mai probabil exist\u0103 o confuzie \u00eentre subiecte.<\/p>\n<p><img loading=\"lazy\" decoding=\"async\" class=\"alignnone size-medium wp-image-46685\" src=\"https:\/\/www.letsportsrock.com\/wp-content\/uploads\/2025\/06\/images-93-1-300x180.jpeg\" alt=\"\" width=\"300\" height=\"180\" srcset=\"https:\/\/www.letsportsrock.com\/wp-content\/uploads\/2025\/06\/images-93-1-300x180.jpeg 300w, https:\/\/www.letsportsrock.com\/wp-content\/uploads\/2025\/06\/images-93-1.jpeg 700w\" sizes=\"auto, (max-width: 300px) 100vw, 300px\" \/><\/p>\n<p>Am g\u0103sit doar un articol despre Adrian Mihalcea prezentat oficial ca antrenor la UTA Arad, iar venirea lui nu are leg\u0103tur\u0103 direct\u0103 cu CFR Cluj, ci cu plecarea de la Dun\u0103rea C\u0103l\u0103ra\u0219i; \u00een plus, nu se men\u021bioneaz\u0103 interesul pentru juc\u0103tori de la FCSB .<\/p>\n<p>&nbsp;<\/p>\n<p>Dac\u0103 ai un link exact sau un articol care vorbe\u0219te despre aceste detalii (venirea de la CFR \u0219i dorin\u021ba pentru doi juc\u0103tori FCSB), te rog trimite-l \u2014 te pot ajuta s\u0103-l rezum pe baza acelui con\u021binut.<\/p>\n<p>&nbsp;<\/p>\n<p>Ca alternativ\u0103, iat\u0103 un rezumat \u00een ~300 de cuvinte despre prezentarea lui Mihalcea la UTA, bazat pe sursele disponibile:<\/p>\n<p>&nbsp;<\/p>\n<p>&nbsp;<\/p>\n<p>&#8212;<\/p>\n<p>&nbsp;<\/p>\n<p> Adrian Mihalcea \u2013 Prezentarea la UTA Arad (pe baza informa\u021biilor actuale)<\/p>\n<p>&nbsp;<\/p>\n<p>Adrian Dumitru Mihalcea (48 de ani) a fost oficial instalat ca antrenor principal al UTA-ei \u00een perioada intercompeti\u021bional\u0103, fiind ales dup\u0103 o analiz\u0103 atent\u0103 a op\u021biunilor disponibile. Clubul \u0219i-a justificat alegerea prin experien\u021ba sa vast\u0103 \u00een Liga 2, stilul ofensiv atractiv \u0219i angajamentul continuu \u00een formare (este \u00eenscris la licen\u021ba UEFA PRO) .<\/p>\n<p>&nbsp;<\/p>\n<p>Experien\u021b\u0103 \u0219i valori aduse<\/p>\n<p>&nbsp;<\/p>\n<p>Foarte cunoscut \u00een fotbalul rom\u00e2nesc dup\u0103 o carier\u0103 de atacant la Dinamo \u0219i echipa na\u021bional\u0103, cu 16 selec\u021bii \u0219i numeroase evolu\u021bii \u00een str\u0103in\u0103tate (Italia, Cipru, China) .<\/p>\n<p>&nbsp;<\/p>\n<p>Ca antrenor, a condus Dun\u0103rea C\u0103l\u0103ra\u0219i spre barajul de promovare \u00een Liga 2 \u0219i a fost implicat \u00een proiectul de la Slobozia, evolu\u00e2nd ulterior \u0219i pe banca UTA \u00een 2017 .<\/p>\n<p>&nbsp;<\/p>\n<p>&nbsp;<\/p>\n<p>Obiective la UTA<\/p>\n<p>Deocamdat\u0103, s-a pus accent pe reconstruc\u021bie \u0219i o direc\u021bie ofensiv\u0103. Mihalcea dore\u0219te crearea unei echipe combinate, cu juc\u0103tori experimenta\u021bi \u0219i tineri talenta\u021bi (ca Dennis Man sau Petre Ivan), pentru a atinge obiectivul promov\u0103rii .<\/p>\n<p>&nbsp;<\/p>\n<p>Stil de joc \u0219i abordare<\/p>\n<p>Prefer\u0103 un sistem 4-2-3-1 flexibil, cu tranzi\u021bie rapid\u0103 \u0219i implicare activ\u0103 \u00een ambele faze. Calitatea muncii colective va prevala asupra individualit\u0103\u021bilor, iar integrarea tinerilor \u00een echip\u0103 este un punct central al strategiei sale .<\/p>\n\n<div style=\"font-size: 0px; height: 0px; line-height: 0px; margin: 0; padding: 0; clear: both;\"><\/div>","protected":false},"excerpt":{"rendered":"<p>Adrian Mihalcea a fost prezentat la UTA: a venit de la CFR \u0219i dore\u0219te doi juc\u0103tori de la FCSB: \u201eMi-ar pl\u0103cea s\u0103-i am\u201d&#8230;. &nbsp; Nu am g\u0103sit o surs\u0103 concret\u0103 care s\u0103 confirme c\u0103 Adrian Mihalcea, prezentat la UTA, provine de la CFR \u0219i c\u0103 ar dori doi juc\u0103tori de la FCSB, a\u0219a cum ai [&hellip;]<\/p>\n","protected":false},"author":15,"featured_media":46684,"comment_status":"open","ping_status":"open","sticky":false,"template":"","format":"standard","meta":{"_jetpack_memberships_contains_paid_content":false,"footnotes":""},"categories":[1],"tags":[666],"class_list":["post-46683","post","type-post","status-publish","format-standard","has-post-thumbnail","hentry","category-uncategorized","tag-cfr-istii"],"yoast_head":"<!-- This site is optimized with the Yoast SEO plugin v27.4 - https:\/\/yoast.com\/product\/yoast-seo-wordpress\/ -->\n<title>Adrian Mihalcea a fost prezentat la UTA: a venit de la CFR \u0219i dore\u0219te doi juc\u0103tori de la FCSB: \u201eMi-ar pl\u0103cea s\u0103-i am\u201d....<\/title>\n<meta name=\"description\" content=\"Adrian Mihalcea a fost prezentat la UTA: a venit de la CFR \u0219i dore\u0219te doi juc\u0103tori de la FCSB: \u201eMi-ar pl\u0103cea s\u0103-i am\u201d....\" \/>\n<meta name=\"robots\" content=\"index, follow, max-snippet:-1, max-image-preview:large, max-video-preview:-1\" \/>\n<link rel=\"canonical\" href=\"https:\/\/www.letsportsrock.com\/?p=46683\" \/>\n<meta property=\"og:locale\" content=\"en_US\" \/>\n<meta property=\"og:type\" content=\"article\" \/>\n<meta property=\"og:title\" content=\"Adrian Mihalcea a fost prezentat la UTA: a venit de la CFR \u0219i dore\u0219te doi juc\u0103tori de la FCSB: \u201eMi-ar pl\u0103cea s\u0103-i am\u201d....\" \/>\n<meta property=\"og:description\" content=\"Adrian Mihalcea a fost prezentat la UTA: a venit de la CFR \u0219i dore\u0219te doi juc\u0103tori de la FCSB: \u201eMi-ar pl\u0103cea s\u0103-i am\u201d....\" \/>\n<meta property=\"og:url\" content=\"https:\/\/www.letsportsrock.com\/?p=46683\" \/>\n<meta property=\"og:site_name\" content=\"letsportsrock\" \/>\n<meta property=\"article:published_time\" content=\"2025-06-09T23:52:32+00:00\" \/>\n<meta property=\"og:image\" content=\"https:\/\/www.letsportsrock.com\/wp-content\/uploads\/2025\/06\/images-92-1.jpeg\" \/>\n\t<meta property=\"og:image:width\" content=\"500\" \/>\n\t<meta property=\"og:image:height\" content=\"330\" \/>\n\t<meta property=\"og:image:type\" content=\"image\/jpeg\" \/>\n<meta name=\"author\" content=\"Amos Nabizo\" \/>\n<meta name=\"twitter:card\" content=\"summary_large_image\" \/>\n<meta name=\"twitter:label1\" content=\"Written by\" \/>\n\t<meta name=\"twitter:data1\" content=\"Amos Nabizo\" \/>\n\t<meta name=\"twitter:label2\" content=\"Est. reading time\" \/>\n\t<meta name=\"twitter:data2\" content=\"2 minutes\" \/>\n<script type=\"application\/ld+json\" class=\"yoast-schema-graph\">{\"@context\":\"https:\\\/\\\/schema.org\",\"@graph\":[{\"@type\":\"Article\",\"@id\":\"https:\\\/\\\/www.letsportsrock.com\\\/?p=46683#article\",\"isPartOf\":{\"@id\":\"https:\\\/\\\/www.letsportsrock.com\\\/?p=46683\"},\"author\":{\"name\":\"Amos Nabizo\",\"@id\":\"https:\\\/\\\/www.letsportsrock.com\\\/#\\\/schema\\\/person\\\/044479f72bdbd75f9523e745d3be6c30\"},\"headline\":\"Adrian Mihalcea a fost prezentat la UTA: a venit de la CFR \u0219i dore\u0219te doi juc\u0103tori de la FCSB: \u201eMi-ar pl\u0103cea s\u0103-i am\u201d&#8230;.\",\"datePublished\":\"2025-06-09T23:52:32+00:00\",\"mainEntityOfPage\":{\"@id\":\"https:\\\/\\\/www.letsportsrock.com\\\/?p=46683\"},\"wordCount\":439,\"commentCount\":0,\"image\":{\"@id\":\"https:\\\/\\\/www.letsportsrock.com\\\/?p=46683#primaryimage\"},\"thumbnailUrl\":\"https:\\\/\\\/www.letsportsrock.com\\\/wp-content\\\/uploads\\\/2025\\\/06\\\/images-92-1.jpeg\",\"keywords\":[\"CFR I\u0218TII\"],\"inLanguage\":\"en-US\",\"potentialAction\":[{\"@type\":\"CommentAction\",\"name\":\"Comment\",\"target\":[\"https:\\\/\\\/www.letsportsrock.com\\\/?p=46683#respond\"]}]},{\"@type\":\"WebPage\",\"@id\":\"https:\\\/\\\/www.letsportsrock.com\\\/?p=46683\",\"url\":\"https:\\\/\\\/www.letsportsrock.com\\\/?p=46683\",\"name\":\"Adrian Mihalcea a fost prezentat la UTA: a venit de la CFR \u0219i dore\u0219te doi juc\u0103tori de la FCSB: \u201eMi-ar pl\u0103cea s\u0103-i am\u201d....\",\"isPartOf\":{\"@id\":\"https:\\\/\\\/www.letsportsrock.com\\\/#website\"},\"primaryImageOfPage\":{\"@id\":\"https:\\\/\\\/www.letsportsrock.com\\\/?p=46683#primaryimage\"},\"image\":{\"@id\":\"https:\\\/\\\/www.letsportsrock.com\\\/?p=46683#primaryimage\"},\"thumbnailUrl\":\"https:\\\/\\\/www.letsportsrock.com\\\/wp-content\\\/uploads\\\/2025\\\/06\\\/images-92-1.jpeg\",\"datePublished\":\"2025-06-09T23:52:32+00:00\",\"author\":{\"@id\":\"https:\\\/\\\/www.letsportsrock.com\\\/#\\\/schema\\\/person\\\/044479f72bdbd75f9523e745d3be6c30\"},\"description\":\"Adrian Mihalcea a fost prezentat la UTA: a venit de la CFR \u0219i dore\u0219te doi juc\u0103tori de la FCSB: \u201eMi-ar pl\u0103cea s\u0103-i am\u201d....\",\"breadcrumb\":{\"@id\":\"https:\\\/\\\/www.letsportsrock.com\\\/?p=46683#breadcrumb\"},\"inLanguage\":\"en-US\",\"potentialAction\":[{\"@type\":\"ReadAction\",\"target\":[\"https:\\\/\\\/www.letsportsrock.com\\\/?p=46683\"]}]},{\"@type\":\"ImageObject\",\"inLanguage\":\"en-US\",\"@id\":\"https:\\\/\\\/www.letsportsrock.com\\\/?p=46683#primaryimage\",\"url\":\"https:\\\/\\\/www.letsportsrock.com\\\/wp-content\\\/uploads\\\/2025\\\/06\\\/images-92-1.jpeg\",\"contentUrl\":\"https:\\\/\\\/www.letsportsrock.com\\\/wp-content\\\/uploads\\\/2025\\\/06\\\/images-92-1.jpeg\",\"width\":500,\"height\":330},{\"@type\":\"BreadcrumbList\",\"@id\":\"https:\\\/\\\/www.letsportsrock.com\\\/?p=46683#breadcrumb\",\"itemListElement\":[{\"@type\":\"ListItem\",\"position\":1,\"name\":\"Home\",\"item\":\"https:\\\/\\\/www.letsportsrock.com\\\/\"},{\"@type\":\"ListItem\",\"position\":2,\"name\":\"Adrian Mihalcea a fost prezentat la UTA: a venit de la CFR \u0219i dore\u0219te doi juc\u0103tori de la FCSB: \u201eMi-ar pl\u0103cea s\u0103-i am\u201d&#8230;.\"}]},{\"@type\":\"WebSite\",\"@id\":\"https:\\\/\\\/www.letsportsrock.com\\\/#website\",\"url\":\"https:\\\/\\\/www.letsportsrock.com\\\/\",\"name\":\"letsportsrock\",\"description\":\"Sport News and Updates\",\"potentialAction\":[{\"@type\":\"SearchAction\",\"target\":{\"@type\":\"EntryPoint\",\"urlTemplate\":\"https:\\\/\\\/www.letsportsrock.com\\\/?s={search_term_string}\"},\"query-input\":{\"@type\":\"PropertyValueSpecification\",\"valueRequired\":true,\"valueName\":\"search_term_string\"}}],\"inLanguage\":\"en-US\"},{\"@type\":\"Person\",\"@id\":\"https:\\\/\\\/www.letsportsrock.com\\\/#\\\/schema\\\/person\\\/044479f72bdbd75f9523e745d3be6c30\",\"name\":\"Amos Nabizo\",\"image\":{\"@type\":\"ImageObject\",\"inLanguage\":\"en-US\",\"@id\":\"https:\\\/\\\/secure.gravatar.com\\\/avatar\\\/d569857c07d3899c6ca842ffea32daa1672c05549833530fe37e68ae7b521ba4?s=96&d=mm&r=g\",\"url\":\"https:\\\/\\\/secure.gravatar.com\\\/avatar\\\/d569857c07d3899c6ca842ffea32daa1672c05549833530fe37e68ae7b521ba4?s=96&d=mm&r=g\",\"contentUrl\":\"https:\\\/\\\/secure.gravatar.com\\\/avatar\\\/d569857c07d3899c6ca842ffea32daa1672c05549833530fe37e68ae7b521ba4?s=96&d=mm&r=g\",\"caption\":\"Amos Nabizo\"},\"sameAs\":[\"https:\\\/\\\/www.letsportsrock.com\\\/wp-admin\\\/\"],\"url\":\"https:\\\/\\\/www.letsportsrock.com\\\/?author=15\"}]}<\/script>\n<!-- \/ Yoast SEO plugin. -->","yoast_head_json":{"title":"Adrian Mihalcea a fost prezentat la UTA: a venit de la CFR \u0219i dore\u0219te doi juc\u0103tori de la FCSB: \u201eMi-ar pl\u0103cea s\u0103-i am\u201d....","description":"Adrian Mihalcea a fost prezentat la UTA: a venit de la CFR \u0219i dore\u0219te doi juc\u0103tori de la FCSB: \u201eMi-ar pl\u0103cea s\u0103-i am\u201d....","robots":{"index":"index","follow":"follow","max-snippet":"max-snippet:-1","max-image-preview":"max-image-preview:large","max-video-preview":"max-video-preview:-1"},"canonical":"https:\/\/www.letsportsrock.com\/?p=46683","og_locale":"en_US","og_type":"article","og_title":"Adrian Mihalcea a fost prezentat la UTA: a venit de la CFR \u0219i dore\u0219te doi juc\u0103tori de la FCSB: \u201eMi-ar pl\u0103cea s\u0103-i am\u201d....","og_description":"Adrian Mihalcea a fost prezentat la UTA: a venit de la CFR \u0219i dore\u0219te doi juc\u0103tori de la FCSB: \u201eMi-ar pl\u0103cea s\u0103-i am\u201d....","og_url":"https:\/\/www.letsportsrock.com\/?p=46683","og_site_name":"letsportsrock","article_published_time":"2025-06-09T23:52:32+00:00","og_image":[{"width":500,"height":330,"url":"https:\/\/www.letsportsrock.com\/wp-content\/uploads\/2025\/06\/images-92-1.jpeg","type":"image\/jpeg"}],"author":"Amos Nabizo","twitter_card":"summary_large_image","twitter_misc":{"Written by":"Amos Nabizo","Est. reading time":"2 minutes"},"schema":{"@context":"https:\/\/schema.org","@graph":[{"@type":"Article","@id":"https:\/\/www.letsportsrock.com\/?p=46683#article","isPartOf":{"@id":"https:\/\/www.letsportsrock.com\/?p=46683"},"author":{"name":"Amos Nabizo","@id":"https:\/\/www.letsportsrock.com\/#\/schema\/person\/044479f72bdbd75f9523e745d3be6c30"},"headline":"Adrian Mihalcea a fost prezentat la UTA: a venit de la CFR \u0219i dore\u0219te doi juc\u0103tori de la FCSB: \u201eMi-ar pl\u0103cea s\u0103-i am\u201d&#8230;.","datePublished":"2025-06-09T23:52:32+00:00","mainEntityOfPage":{"@id":"https:\/\/www.letsportsrock.com\/?p=46683"},"wordCount":439,"commentCount":0,"image":{"@id":"https:\/\/www.letsportsrock.com\/?p=46683#primaryimage"},"thumbnailUrl":"https:\/\/www.letsportsrock.com\/wp-content\/uploads\/2025\/06\/images-92-1.jpeg","keywords":["CFR I\u0218TII"],"inLanguage":"en-US","potentialAction":[{"@type":"CommentAction","name":"Comment","target":["https:\/\/www.letsportsrock.com\/?p=46683#respond"]}]},{"@type":"WebPage","@id":"https:\/\/www.letsportsrock.com\/?p=46683","url":"https:\/\/www.letsportsrock.com\/?p=46683","name":"Adrian Mihalcea a fost prezentat la UTA: a venit de la CFR \u0219i dore\u0219te doi juc\u0103tori de la FCSB: \u201eMi-ar pl\u0103cea s\u0103-i am\u201d....","isPartOf":{"@id":"https:\/\/www.letsportsrock.com\/#website"},"primaryImageOfPage":{"@id":"https:\/\/www.letsportsrock.com\/?p=46683#primaryimage"},"image":{"@id":"https:\/\/www.letsportsrock.com\/?p=46683#primaryimage"},"thumbnailUrl":"https:\/\/www.letsportsrock.com\/wp-content\/uploads\/2025\/06\/images-92-1.jpeg","datePublished":"2025-06-09T23:52:32+00:00","author":{"@id":"https:\/\/www.letsportsrock.com\/#\/schema\/person\/044479f72bdbd75f9523e745d3be6c30"},"description":"Adrian Mihalcea a fost prezentat la UTA: a venit de la CFR \u0219i dore\u0219te doi juc\u0103tori de la FCSB: \u201eMi-ar pl\u0103cea s\u0103-i am\u201d....","breadcrumb":{"@id":"https:\/\/www.letsportsrock.com\/?p=46683#breadcrumb"},"inLanguage":"en-US","potentialAction":[{"@type":"ReadAction","target":["https:\/\/www.letsportsrock.com\/?p=46683"]}]},{"@type":"ImageObject","inLanguage":"en-US","@id":"https:\/\/www.letsportsrock.com\/?p=46683#primaryimage","url":"https:\/\/www.letsportsrock.com\/wp-content\/uploads\/2025\/06\/images-92-1.jpeg","contentUrl":"https:\/\/www.letsportsrock.com\/wp-content\/uploads\/2025\/06\/images-92-1.jpeg","width":500,"height":330},{"@type":"BreadcrumbList","@id":"https:\/\/www.letsportsrock.com\/?p=46683#breadcrumb","itemListElement":[{"@type":"ListItem","position":1,"name":"Home","item":"https:\/\/www.letsportsrock.com\/"},{"@type":"ListItem","position":2,"name":"Adrian Mihalcea a fost prezentat la UTA: a venit de la CFR \u0219i dore\u0219te doi juc\u0103tori de la FCSB: \u201eMi-ar pl\u0103cea s\u0103-i am\u201d&#8230;."}]},{"@type":"WebSite","@id":"https:\/\/www.letsportsrock.com\/#website","url":"https:\/\/www.letsportsrock.com\/","name":"letsportsrock","description":"Sport News and Updates","potentialAction":[{"@type":"SearchAction","target":{"@type":"EntryPoint","urlTemplate":"https:\/\/www.letsportsrock.com\/?s={search_term_string}"},"query-input":{"@type":"PropertyValueSpecification","valueRequired":true,"valueName":"search_term_string"}}],"inLanguage":"en-US"},{"@type":"Person","@id":"https:\/\/www.letsportsrock.com\/#\/schema\/person\/044479f72bdbd75f9523e745d3be6c30","name":"Amos Nabizo","image":{"@type":"ImageObject","inLanguage":"en-US","@id":"https:\/\/secure.gravatar.com\/avatar\/d569857c07d3899c6ca842ffea32daa1672c05549833530fe37e68ae7b521ba4?s=96&d=mm&r=g","url":"https:\/\/secure.gravatar.com\/avatar\/d569857c07d3899c6ca842ffea32daa1672c05549833530fe37e68ae7b521ba4?s=96&d=mm&r=g","contentUrl":"https:\/\/secure.gravatar.com\/avatar\/d569857c07d3899c6ca842ffea32daa1672c05549833530fe37e68ae7b521ba4?s=96&d=mm&r=g","caption":"Amos Nabizo"},"sameAs":["https:\/\/www.letsportsrock.com\/wp-admin\/"],"url":"https:\/\/www.letsportsrock.com\/?author=15"}]}},"jetpack_featured_media_url":"https:\/\/www.letsportsrock.com\/wp-content\/uploads\/2025\/06\/images-92-1.jpeg","jetpack_sharing_enabled":true,"_links":{"self":[{"href":"https:\/\/www.letsportsrock.com\/index.php?rest_route=\/wp\/v2\/posts\/46683","targetHints":{"allow":["GET"]}}],"collection":[{"href":"https:\/\/www.letsportsrock.com\/index.php?rest_route=\/wp\/v2\/posts"}],"about":[{"href":"https:\/\/www.letsportsrock.com\/index.php?rest_route=\/wp\/v2\/types\/post"}],"author":[{"embeddable":true,"href":"https:\/\/www.letsportsrock.com\/index.php?rest_route=\/wp\/v2\/users\/15"}],"replies":[{"embeddable":true,"href":"https:\/\/www.letsportsrock.com\/index.php?rest_route=%2Fwp%2Fv2%2Fcomments&post=46683"}],"version-history":[{"count":1,"href":"https:\/\/www.letsportsrock.com\/index.php?rest_route=\/wp\/v2\/posts\/46683\/revisions"}],"predecessor-version":[{"id":46686,"href":"https:\/\/www.letsportsrock.com\/index.php?rest_route=\/wp\/v2\/posts\/46683\/revisions\/46686"}],"wp:featuredmedia":[{"embeddable":true,"href":"https:\/\/www.letsportsrock.com\/index.php?rest_route=\/wp\/v2\/media\/46684"}],"wp:attachment":[{"href":"https:\/\/www.letsportsrock.com\/index.php?rest_route=%2Fwp%2Fv2%2Fmedia&parent=46683"}],"wp:term":[{"taxonomy":"category","embeddable":true,"href":"https:\/\/www.letsportsrock.com\/index.php?rest_route=%2Fwp%2Fv2%2Fcategories&post=46683"},{"taxonomy":"post_tag","embeddable":true,"href":"https:\/\/www.letsportsrock.com\/index.php?rest_route=%2Fwp%2Fv2%2Ftags&post=46683"}],"curies":[{"name":"wp","href":"https:\/\/api.w.org\/{rel}","templated":true}]}}