{"id":46728,"date":"2025-06-10T06:29:54","date_gmt":"2025-06-10T06:29:54","guid":{"rendered":"https:\/\/www.letsportsrock.com\/?p=46728"},"modified":"2025-06-10T06:29:54","modified_gmt":"2025-06-10T06:29:54","slug":"officios-patrick-olsen-pune-capat-speculatiilor-cu-privire-la-plecare-cu-un-mesaj-emotionant-pentru-dinamo-bucuresti-aici-imi-este-locul-si-datorez-totul-cainilor-rosii","status":"publish","type":"post","link":"https:\/\/www.letsportsrock.com\/?p=46728","title":{"rendered":"Officios: Patrick Olsen pune cap\u0103t specula\u021biilor cu privire la plecare cu un mesaj emo\u021bionant pentru Dinamo Bucure\u0219ti: \u201eAici \u00cemi Este Locul \u0219i Datorez Totul C\u00e2inilor Ro\u0219ii&#8230;."},"content":{"rendered":"<div class=\"d79db4796efc26332eabfc3f5dafbc76\" data-index=\"1\" style=\"float: none; margin:10px 0 10px 0; text-align:center;\">\n<div class=\"hb-ad-inarticle\">\r\n    <div class=\"hb-ad-inner\"> \r\n    <div class=\"hbagency_cls\"  id=\"hbagency_space_111930\"><\/div><\/div> <\/div>\n<\/div>\n<p>Officios: Patrick Olsen pune cap\u0103t specula\u021biilor cu privire la plecare cu un mesaj emo\u021bionant pentru Dinamo Bucure\u0219ti: \u201eAici \u00cemi Este Locul \u0219i Datorez Totul C\u00e2inilor Ro\u0219ii&#8230;.<\/p>\n<p>&nbsp;<\/p>\n<p>Patrick Olsen, mijloca\u0219ul danez al lui Dinamo Bucure\u0219ti, a decis s\u0103 pun\u0103 cap\u0103t tuturor zvonurilor privind o posibil\u0103 desp\u0103r\u021bire de club. Printr-un mesaj emo\u021bionant postat pe re\u021belele sociale, fotbalistul \u00een v\u00e2rst\u0103 de 30 de ani \u0219i-a reafirmat ata\u0219amentul fa\u021b\u0103 de culorile alb-ro\u0219ii, afirm\u00e2nd cu t\u0103rie c\u0103 viitorul s\u0103u este \u00een \u201e\u0218tefan cel Mare\u201d.<\/p>\n<p><img loading=\"lazy\" decoding=\"async\" class=\"alignnone size-medium wp-image-46730\" src=\"https:\/\/www.letsportsrock.com\/wp-content\/uploads\/2025\/06\/images-2025-06-10T072908.979-280x300.jpeg\" alt=\"\" width=\"280\" height=\"300\" srcset=\"https:\/\/www.letsportsrock.com\/wp-content\/uploads\/2025\/06\/images-2025-06-10T072908.979-280x300.jpeg 280w, https:\/\/www.letsportsrock.com\/wp-content\/uploads\/2025\/06\/images-2025-06-10T072908.979.jpeg 478w\" sizes=\"auto, (max-width: 280px) 100vw, 280px\" \/><\/p>\n<p>\u201eAici \u00eemi este locul. Dinamo nu este doar un club pentru mine, este familia mea, casa mea \u0219i motivul pentru care m\u0103 trezesc zilnic cu ambi\u021bie. Am sim\u021bit dragostea suporterilor de la prima atingere de balon \u0219i \u0219tiu c\u0103 le datorez totul. C\u00e2inii Ro\u0219ii mi-au oferit o a doua \u0219ans\u0103 \u00een carier\u0103 \u0219i nu pot dec\u00e2t s\u0103 lupt cu toat\u0103 inima pentru acest tricou\u201d, a scris Olsen.<\/p>\n<p>&nbsp;<\/p>\n<p>\u00cen ultimele s\u0103pt\u0103m\u00e2ni, numele lui a fost vehiculat \u00een diverse scenarii de transfer, inclusiv c\u0103tre cluburi din Scandinavia \u0219i zona Golfului. Totu\u0219i, declara\u021bia sa pare s\u0103 \u00eenchid\u0103 orice discu\u021bie. Cu un sezon solid \u00een spate, \u00een care a fost unul dintre oamenii-cheie \u00een reconstruc\u021bia echipei, Olsen este v\u0103zut ca un lider \u00een vestiar \u0219i un model pentru tinerii juc\u0103tori.<\/p>\n<p>&nbsp;<\/p>\n<p>\u201eVreau s\u0103 le transmit fanilor c\u0103 sunt 100% concentrat pe obiectivele echipei. \u00cempreun\u0103 putem readuce Dinamo acolo unde \u00eei este locul \u2013 \u00een fruntea fotbalului rom\u00e2nesc\u201d, a ad\u0103ugat mijloca\u0219ul.<\/p>\n<p>&nbsp;<\/p>\n<p>Prin acest mesaj, Olsen nu doar c\u0103 lini\u0219te\u0219te suporterii, ci \u0219i trimite un semnal puternic de loialitate \u00eentr-o perioad\u0103 \u00een care Dinamo \u00eencearc\u0103 s\u0103-\u0219i reg\u0103seasc\u0103 stabilitatea \u0219i gloria de alt\u0103dat\u0103.<\/p>\n\n<div style=\"font-size: 0px; height: 0px; line-height: 0px; margin: 0; padding: 0; clear: both;\"><\/div>","protected":false},"excerpt":{"rendered":"<p>Officios: Patrick Olsen pune cap\u0103t specula\u021biilor cu privire la plecare cu un mesaj emo\u021bionant pentru Dinamo Bucure\u0219ti: \u201eAici \u00cemi Este Locul \u0219i Datorez Totul C\u00e2inilor Ro\u0219ii&#8230;. &nbsp; Patrick Olsen, mijloca\u0219ul danez al lui Dinamo Bucure\u0219ti, a decis s\u0103 pun\u0103 cap\u0103t tuturor zvonurilor privind o posibil\u0103 desp\u0103r\u021bire de club. Printr-un mesaj emo\u021bionant postat pe re\u021belele sociale, [&hellip;]<\/p>\n","protected":false},"author":15,"featured_media":46729,"comment_status":"open","ping_status":"open","sticky":false,"template":"","format":"standard","meta":{"_jetpack_memberships_contains_paid_content":false,"footnotes":""},"categories":[1],"tags":[419],"class_list":["post-46728","post","type-post","status-publish","format-standard","has-post-thumbnail","hentry","category-uncategorized","tag-fc-dinamo-bucuresti"],"yoast_head":"<!-- This site is optimized with the Yoast SEO plugin v27.5 - https:\/\/yoast.com\/product\/yoast-seo-wordpress\/ -->\n<title>Officios: Patrick Olsen pune cap\u0103t specula\u021biilor cu privire la plecare cu un mesaj emo\u021bionant pentru Dinamo Bucure\u0219ti: \u201eAici \u00cemi Este Locul \u0219i Datorez Totul C\u00e2inilor Ro\u0219ii....<\/title>\n<meta name=\"description\" content=\"Officios: Patrick Olsen pune cap\u0103t specula\u021biilor cu privire la plecare cu un mesaj emo\u021bionant pentru Dinamo Bucure\u0219ti: \u201eAici \u00cemi Este Locul \u0219i Datorez Totul C\u00e2inilor Ro\u0219ii....\" \/>\n<meta name=\"robots\" content=\"index, follow, max-snippet:-1, max-image-preview:large, max-video-preview:-1\" \/>\n<link rel=\"canonical\" href=\"https:\/\/www.letsportsrock.com\/?p=46728\" \/>\n<meta property=\"og:locale\" content=\"en_US\" \/>\n<meta property=\"og:type\" content=\"article\" \/>\n<meta property=\"og:title\" content=\"Officios: Patrick Olsen pune cap\u0103t specula\u021biilor cu privire la plecare cu un mesaj emo\u021bionant pentru Dinamo Bucure\u0219ti: \u201eAici \u00cemi Este Locul \u0219i Datorez Totul C\u00e2inilor Ro\u0219ii....\" \/>\n<meta property=\"og:description\" content=\"Officios: Patrick Olsen pune cap\u0103t specula\u021biilor cu privire la plecare cu un mesaj emo\u021bionant pentru Dinamo Bucure\u0219ti: \u201eAici \u00cemi Este Locul \u0219i Datorez Totul C\u00e2inilor Ro\u0219ii....\" \/>\n<meta property=\"og:url\" content=\"https:\/\/www.letsportsrock.com\/?p=46728\" \/>\n<meta property=\"og:site_name\" content=\"letsportsrock\" \/>\n<meta property=\"article:published_time\" content=\"2025-06-10T06:29:54+00:00\" \/>\n<meta property=\"og:image\" content=\"https:\/\/www.letsportsrock.com\/wp-content\/uploads\/2025\/06\/images-2025-06-10T072901.868.jpeg\" \/>\n\t<meta property=\"og:image:width\" content=\"495\" \/>\n\t<meta property=\"og:image:height\" content=\"619\" \/>\n\t<meta property=\"og:image:type\" content=\"image\/jpeg\" \/>\n<meta name=\"author\" content=\"Amos Nabizo\" \/>\n<meta name=\"twitter:card\" content=\"summary_large_image\" \/>\n<meta name=\"twitter:label1\" content=\"Written by\" \/>\n\t<meta name=\"twitter:data1\" content=\"Amos Nabizo\" \/>\n\t<meta name=\"twitter:label2\" content=\"Est. reading time\" \/>\n\t<meta name=\"twitter:data2\" content=\"2 minutes\" \/>\n<script type=\"application\/ld+json\" class=\"yoast-schema-graph\">{\"@context\":\"https:\\\/\\\/schema.org\",\"@graph\":[{\"@type\":\"Article\",\"@id\":\"https:\\\/\\\/www.letsportsrock.com\\\/?p=46728#article\",\"isPartOf\":{\"@id\":\"https:\\\/\\\/www.letsportsrock.com\\\/?p=46728\"},\"author\":{\"name\":\"Amos Nabizo\",\"@id\":\"https:\\\/\\\/www.letsportsrock.com\\\/#\\\/schema\\\/person\\\/044479f72bdbd75f9523e745d3be6c30\"},\"headline\":\"Officios: Patrick Olsen pune cap\u0103t specula\u021biilor cu privire la plecare cu un mesaj emo\u021bionant pentru Dinamo Bucure\u0219ti: \u201eAici \u00cemi Este Locul \u0219i Datorez Totul C\u00e2inilor Ro\u0219ii&#8230;.\",\"datePublished\":\"2025-06-10T06:29:54+00:00\",\"mainEntityOfPage\":{\"@id\":\"https:\\\/\\\/www.letsportsrock.com\\\/?p=46728\"},\"wordCount\":340,\"commentCount\":0,\"image\":{\"@id\":\"https:\\\/\\\/www.letsportsrock.com\\\/?p=46728#primaryimage\"},\"thumbnailUrl\":\"https:\\\/\\\/www.letsportsrock.com\\\/wp-content\\\/uploads\\\/2025\\\/06\\\/images-2025-06-10T072901.868.jpeg\",\"keywords\":[\"Fc Dinamo bucuresti\"],\"inLanguage\":\"en-US\",\"potentialAction\":[{\"@type\":\"CommentAction\",\"name\":\"Comment\",\"target\":[\"https:\\\/\\\/www.letsportsrock.com\\\/?p=46728#respond\"]}]},{\"@type\":\"WebPage\",\"@id\":\"https:\\\/\\\/www.letsportsrock.com\\\/?p=46728\",\"url\":\"https:\\\/\\\/www.letsportsrock.com\\\/?p=46728\",\"name\":\"Officios: Patrick Olsen pune cap\u0103t specula\u021biilor cu privire la plecare cu un mesaj emo\u021bionant pentru Dinamo Bucure\u0219ti: \u201eAici \u00cemi Este Locul \u0219i Datorez Totul C\u00e2inilor Ro\u0219ii....\",\"isPartOf\":{\"@id\":\"https:\\\/\\\/www.letsportsrock.com\\\/#website\"},\"primaryImageOfPage\":{\"@id\":\"https:\\\/\\\/www.letsportsrock.com\\\/?p=46728#primaryimage\"},\"image\":{\"@id\":\"https:\\\/\\\/www.letsportsrock.com\\\/?p=46728#primaryimage\"},\"thumbnailUrl\":\"https:\\\/\\\/www.letsportsrock.com\\\/wp-content\\\/uploads\\\/2025\\\/06\\\/images-2025-06-10T072901.868.jpeg\",\"datePublished\":\"2025-06-10T06:29:54+00:00\",\"author\":{\"@id\":\"https:\\\/\\\/www.letsportsrock.com\\\/#\\\/schema\\\/person\\\/044479f72bdbd75f9523e745d3be6c30\"},\"description\":\"Officios: Patrick Olsen pune cap\u0103t specula\u021biilor cu privire la plecare cu un mesaj emo\u021bionant pentru Dinamo Bucure\u0219ti: \u201eAici \u00cemi Este Locul \u0219i Datorez Totul C\u00e2inilor Ro\u0219ii....\",\"breadcrumb\":{\"@id\":\"https:\\\/\\\/www.letsportsrock.com\\\/?p=46728#breadcrumb\"},\"inLanguage\":\"en-US\",\"potentialAction\":[{\"@type\":\"ReadAction\",\"target\":[\"https:\\\/\\\/www.letsportsrock.com\\\/?p=46728\"]}]},{\"@type\":\"ImageObject\",\"inLanguage\":\"en-US\",\"@id\":\"https:\\\/\\\/www.letsportsrock.com\\\/?p=46728#primaryimage\",\"url\":\"https:\\\/\\\/www.letsportsrock.com\\\/wp-content\\\/uploads\\\/2025\\\/06\\\/images-2025-06-10T072901.868.jpeg\",\"contentUrl\":\"https:\\\/\\\/www.letsportsrock.com\\\/wp-content\\\/uploads\\\/2025\\\/06\\\/images-2025-06-10T072901.868.jpeg\",\"width\":495,\"height\":619},{\"@type\":\"BreadcrumbList\",\"@id\":\"https:\\\/\\\/www.letsportsrock.com\\\/?p=46728#breadcrumb\",\"itemListElement\":[{\"@type\":\"ListItem\",\"position\":1,\"name\":\"Home\",\"item\":\"https:\\\/\\\/www.letsportsrock.com\\\/\"},{\"@type\":\"ListItem\",\"position\":2,\"name\":\"Officios: Patrick Olsen pune cap\u0103t specula\u021biilor cu privire la plecare cu un mesaj emo\u021bionant pentru Dinamo Bucure\u0219ti: \u201eAici \u00cemi Este Locul \u0219i Datorez Totul C\u00e2inilor Ro\u0219ii&#8230;.\"}]},{\"@type\":\"WebSite\",\"@id\":\"https:\\\/\\\/www.letsportsrock.com\\\/#website\",\"url\":\"https:\\\/\\\/www.letsportsrock.com\\\/\",\"name\":\"letsportsrock\",\"description\":\"Sport News and Updates\",\"potentialAction\":[{\"@type\":\"SearchAction\",\"target\":{\"@type\":\"EntryPoint\",\"urlTemplate\":\"https:\\\/\\\/www.letsportsrock.com\\\/?s={search_term_string}\"},\"query-input\":{\"@type\":\"PropertyValueSpecification\",\"valueRequired\":true,\"valueName\":\"search_term_string\"}}],\"inLanguage\":\"en-US\"},{\"@type\":\"Person\",\"@id\":\"https:\\\/\\\/www.letsportsrock.com\\\/#\\\/schema\\\/person\\\/044479f72bdbd75f9523e745d3be6c30\",\"name\":\"Amos Nabizo\",\"image\":{\"@type\":\"ImageObject\",\"inLanguage\":\"en-US\",\"@id\":\"https:\\\/\\\/secure.gravatar.com\\\/avatar\\\/d569857c07d3899c6ca842ffea32daa1672c05549833530fe37e68ae7b521ba4?s=96&d=mm&r=g\",\"url\":\"https:\\\/\\\/secure.gravatar.com\\\/avatar\\\/d569857c07d3899c6ca842ffea32daa1672c05549833530fe37e68ae7b521ba4?s=96&d=mm&r=g\",\"contentUrl\":\"https:\\\/\\\/secure.gravatar.com\\\/avatar\\\/d569857c07d3899c6ca842ffea32daa1672c05549833530fe37e68ae7b521ba4?s=96&d=mm&r=g\",\"caption\":\"Amos Nabizo\"},\"sameAs\":[\"https:\\\/\\\/www.letsportsrock.com\\\/wp-admin\\\/\"],\"url\":\"https:\\\/\\\/www.letsportsrock.com\\\/?author=15\"}]}<\/script>\n<!-- \/ Yoast SEO plugin. -->","yoast_head_json":{"title":"Officios: Patrick Olsen pune cap\u0103t specula\u021biilor cu privire la plecare cu un mesaj emo\u021bionant pentru Dinamo Bucure\u0219ti: \u201eAici \u00cemi Este Locul \u0219i Datorez Totul C\u00e2inilor Ro\u0219ii....","description":"Officios: Patrick Olsen pune cap\u0103t specula\u021biilor cu privire la plecare cu un mesaj emo\u021bionant pentru Dinamo Bucure\u0219ti: \u201eAici \u00cemi Este Locul \u0219i Datorez Totul C\u00e2inilor Ro\u0219ii....","robots":{"index":"index","follow":"follow","max-snippet":"max-snippet:-1","max-image-preview":"max-image-preview:large","max-video-preview":"max-video-preview:-1"},"canonical":"https:\/\/www.letsportsrock.com\/?p=46728","og_locale":"en_US","og_type":"article","og_title":"Officios: Patrick Olsen pune cap\u0103t specula\u021biilor cu privire la plecare cu un mesaj emo\u021bionant pentru Dinamo Bucure\u0219ti: \u201eAici \u00cemi Este Locul \u0219i Datorez Totul C\u00e2inilor Ro\u0219ii....","og_description":"Officios: Patrick Olsen pune cap\u0103t specula\u021biilor cu privire la plecare cu un mesaj emo\u021bionant pentru Dinamo Bucure\u0219ti: \u201eAici \u00cemi Este Locul \u0219i Datorez Totul C\u00e2inilor Ro\u0219ii....","og_url":"https:\/\/www.letsportsrock.com\/?p=46728","og_site_name":"letsportsrock","article_published_time":"2025-06-10T06:29:54+00:00","og_image":[{"width":495,"height":619,"url":"https:\/\/www.letsportsrock.com\/wp-content\/uploads\/2025\/06\/images-2025-06-10T072901.868.jpeg","type":"image\/jpeg"}],"author":"Amos Nabizo","twitter_card":"summary_large_image","twitter_misc":{"Written by":"Amos Nabizo","Est. reading time":"2 minutes"},"schema":{"@context":"https:\/\/schema.org","@graph":[{"@type":"Article","@id":"https:\/\/www.letsportsrock.com\/?p=46728#article","isPartOf":{"@id":"https:\/\/www.letsportsrock.com\/?p=46728"},"author":{"name":"Amos Nabizo","@id":"https:\/\/www.letsportsrock.com\/#\/schema\/person\/044479f72bdbd75f9523e745d3be6c30"},"headline":"Officios: Patrick Olsen pune cap\u0103t specula\u021biilor cu privire la plecare cu un mesaj emo\u021bionant pentru Dinamo Bucure\u0219ti: \u201eAici \u00cemi Este Locul \u0219i Datorez Totul C\u00e2inilor Ro\u0219ii&#8230;.","datePublished":"2025-06-10T06:29:54+00:00","mainEntityOfPage":{"@id":"https:\/\/www.letsportsrock.com\/?p=46728"},"wordCount":340,"commentCount":0,"image":{"@id":"https:\/\/www.letsportsrock.com\/?p=46728#primaryimage"},"thumbnailUrl":"https:\/\/www.letsportsrock.com\/wp-content\/uploads\/2025\/06\/images-2025-06-10T072901.868.jpeg","keywords":["Fc Dinamo bucuresti"],"inLanguage":"en-US","potentialAction":[{"@type":"CommentAction","name":"Comment","target":["https:\/\/www.letsportsrock.com\/?p=46728#respond"]}]},{"@type":"WebPage","@id":"https:\/\/www.letsportsrock.com\/?p=46728","url":"https:\/\/www.letsportsrock.com\/?p=46728","name":"Officios: Patrick Olsen pune cap\u0103t specula\u021biilor cu privire la plecare cu un mesaj emo\u021bionant pentru Dinamo Bucure\u0219ti: \u201eAici \u00cemi Este Locul \u0219i Datorez Totul C\u00e2inilor Ro\u0219ii....","isPartOf":{"@id":"https:\/\/www.letsportsrock.com\/#website"},"primaryImageOfPage":{"@id":"https:\/\/www.letsportsrock.com\/?p=46728#primaryimage"},"image":{"@id":"https:\/\/www.letsportsrock.com\/?p=46728#primaryimage"},"thumbnailUrl":"https:\/\/www.letsportsrock.com\/wp-content\/uploads\/2025\/06\/images-2025-06-10T072901.868.jpeg","datePublished":"2025-06-10T06:29:54+00:00","author":{"@id":"https:\/\/www.letsportsrock.com\/#\/schema\/person\/044479f72bdbd75f9523e745d3be6c30"},"description":"Officios: Patrick Olsen pune cap\u0103t specula\u021biilor cu privire la plecare cu un mesaj emo\u021bionant pentru Dinamo Bucure\u0219ti: \u201eAici \u00cemi Este Locul \u0219i Datorez Totul C\u00e2inilor Ro\u0219ii....","breadcrumb":{"@id":"https:\/\/www.letsportsrock.com\/?p=46728#breadcrumb"},"inLanguage":"en-US","potentialAction":[{"@type":"ReadAction","target":["https:\/\/www.letsportsrock.com\/?p=46728"]}]},{"@type":"ImageObject","inLanguage":"en-US","@id":"https:\/\/www.letsportsrock.com\/?p=46728#primaryimage","url":"https:\/\/www.letsportsrock.com\/wp-content\/uploads\/2025\/06\/images-2025-06-10T072901.868.jpeg","contentUrl":"https:\/\/www.letsportsrock.com\/wp-content\/uploads\/2025\/06\/images-2025-06-10T072901.868.jpeg","width":495,"height":619},{"@type":"BreadcrumbList","@id":"https:\/\/www.letsportsrock.com\/?p=46728#breadcrumb","itemListElement":[{"@type":"ListItem","position":1,"name":"Home","item":"https:\/\/www.letsportsrock.com\/"},{"@type":"ListItem","position":2,"name":"Officios: Patrick Olsen pune cap\u0103t specula\u021biilor cu privire la plecare cu un mesaj emo\u021bionant pentru Dinamo Bucure\u0219ti: \u201eAici \u00cemi Este Locul \u0219i Datorez Totul C\u00e2inilor Ro\u0219ii&#8230;."}]},{"@type":"WebSite","@id":"https:\/\/www.letsportsrock.com\/#website","url":"https:\/\/www.letsportsrock.com\/","name":"letsportsrock","description":"Sport News and Updates","potentialAction":[{"@type":"SearchAction","target":{"@type":"EntryPoint","urlTemplate":"https:\/\/www.letsportsrock.com\/?s={search_term_string}"},"query-input":{"@type":"PropertyValueSpecification","valueRequired":true,"valueName":"search_term_string"}}],"inLanguage":"en-US"},{"@type":"Person","@id":"https:\/\/www.letsportsrock.com\/#\/schema\/person\/044479f72bdbd75f9523e745d3be6c30","name":"Amos Nabizo","image":{"@type":"ImageObject","inLanguage":"en-US","@id":"https:\/\/secure.gravatar.com\/avatar\/d569857c07d3899c6ca842ffea32daa1672c05549833530fe37e68ae7b521ba4?s=96&d=mm&r=g","url":"https:\/\/secure.gravatar.com\/avatar\/d569857c07d3899c6ca842ffea32daa1672c05549833530fe37e68ae7b521ba4?s=96&d=mm&r=g","contentUrl":"https:\/\/secure.gravatar.com\/avatar\/d569857c07d3899c6ca842ffea32daa1672c05549833530fe37e68ae7b521ba4?s=96&d=mm&r=g","caption":"Amos Nabizo"},"sameAs":["https:\/\/www.letsportsrock.com\/wp-admin\/"],"url":"https:\/\/www.letsportsrock.com\/?author=15"}]}},"jetpack_featured_media_url":"https:\/\/www.letsportsrock.com\/wp-content\/uploads\/2025\/06\/images-2025-06-10T072901.868.jpeg","jetpack_sharing_enabled":true,"_links":{"self":[{"href":"https:\/\/www.letsportsrock.com\/index.php?rest_route=\/wp\/v2\/posts\/46728","targetHints":{"allow":["GET"]}}],"collection":[{"href":"https:\/\/www.letsportsrock.com\/index.php?rest_route=\/wp\/v2\/posts"}],"about":[{"href":"https:\/\/www.letsportsrock.com\/index.php?rest_route=\/wp\/v2\/types\/post"}],"author":[{"embeddable":true,"href":"https:\/\/www.letsportsrock.com\/index.php?rest_route=\/wp\/v2\/users\/15"}],"replies":[{"embeddable":true,"href":"https:\/\/www.letsportsrock.com\/index.php?rest_route=%2Fwp%2Fv2%2Fcomments&post=46728"}],"version-history":[{"count":1,"href":"https:\/\/www.letsportsrock.com\/index.php?rest_route=\/wp\/v2\/posts\/46728\/revisions"}],"predecessor-version":[{"id":46731,"href":"https:\/\/www.letsportsrock.com\/index.php?rest_route=\/wp\/v2\/posts\/46728\/revisions\/46731"}],"wp:featuredmedia":[{"embeddable":true,"href":"https:\/\/www.letsportsrock.com\/index.php?rest_route=\/wp\/v2\/media\/46729"}],"wp:attachment":[{"href":"https:\/\/www.letsportsrock.com\/index.php?rest_route=%2Fwp%2Fv2%2Fmedia&parent=46728"}],"wp:term":[{"taxonomy":"category","embeddable":true,"href":"https:\/\/www.letsportsrock.com\/index.php?rest_route=%2Fwp%2Fv2%2Fcategories&post=46728"},{"taxonomy":"post_tag","embeddable":true,"href":"https:\/\/www.letsportsrock.com\/index.php?rest_route=%2Fwp%2Fv2%2Ftags&post=46728"}],"curies":[{"name":"wp","href":"https:\/\/api.w.org\/{rel}","templated":true}]}}