{"id":46877,"date":"2025-06-11T18:23:54","date_gmt":"2025-06-11T18:23:54","guid":{"rendered":"https:\/\/www.letsportsrock.com\/?p=46877"},"modified":"2025-06-11T18:23:54","modified_gmt":"2025-06-11T18:23:54","slug":"sunt-foarte-bucuros-pentru-dan-petrescu-cfr-cluj-a-luat-primul-loc-pe-piata-transferurilor-si-se-apropie-de","status":"publish","type":"post","link":"https:\/\/www.letsportsrock.com\/?p=46877","title":{"rendered":"Sunt foarte bucuros pentru Dan Petrescu! CFR Cluj a luat primul loc pe pia\u021ba transferurilor \u0219i se apropie de&#8230;."},"content":{"rendered":"<div class=\"d79db4796efc26332eabfc3f5dafbc76\" data-index=\"1\" style=\"float: none; margin:10px 0 10px 0; text-align:center;\">\n<div class=\"hb-ad-inarticle\">\r\n    <div class=\"hb-ad-inner\"> \r\n    <div class=\"hbagency_cls\"  id=\"hbagency_space_111930\"><\/div><\/div> <\/div>\n<\/div>\n<p>Sunt foarte bucuros pentru Dan Petrescu! CFR Cluj a luat primul loc pe pia\u021ba transferurilor \u0219i se apropie de&#8230;.<\/p>\n<p>&nbsp;<\/p>\n<p>Sunt foarte bucuros pentru Dan Petrescu! <\/p>\n<p>CFR Cluj demonstreaz\u0103 din nou c\u0103 \u0219tie ce \u00eenseamn\u0103 strategie, ambi\u021bie \u0219i viziune pe termen lung. Sub conducerea experimentatului Dan Petrescu, echipa nu doar c\u0103 \u0219i-a consolidat lotul, ci a dominat pia\u021ba transferurilor din aceast\u0103 var\u0103. \u26bd<\/p>\n<p><img loading=\"lazy\" decoding=\"async\" class=\"alignnone size-medium wp-image-46879\" src=\"https:\/\/www.letsportsrock.com\/wp-content\/uploads\/2025\/06\/images-2025-06-11T192231.683-300x168.jpeg\" alt=\"\" width=\"300\" height=\"168\" srcset=\"https:\/\/www.letsportsrock.com\/wp-content\/uploads\/2025\/06\/images-2025-06-11T192231.683-300x168.jpeg 300w, https:\/\/www.letsportsrock.com\/wp-content\/uploads\/2025\/06\/images-2025-06-11T192231.683.jpeg 739w\" sizes=\"auto, (max-width: 300px) 100vw, 300px\" \/><\/p>\n<p>Cu fiecare mutare inteligent\u0103, CFR Cluj se apropie tot mai mult de statutul de for\u021b\u0103 dominant\u0103 \u00een fotbalul rom\u00e2nesc. Se simte o reconstruc\u021bie atent planificat\u0103, cu juc\u0103tori adu\u0219i pe profilul dorit de antrenor, iar atmosfera din vestiar pare s\u0103 fie din nou una de lupt\u0103 \u0219i determinare.<\/p>\n<p>&nbsp;<\/p>\n<p>Obiectivul? Titlul de campioan\u0103, desigur. Dar \u0219i mai mult dec\u00e2t at\u00e2t: o prezen\u021b\u0103 solid\u0103 \u00een cupele europene \u0219i revenirea pe harta fotbalului continental. <\/p>\n<p>&nbsp;<\/p>\n<p>Dan Petrescu este omul momentului. Cu stilul s\u0103u inconfundabil, disciplin\u0103 de fier \u0219i o viziune clar\u0103, a reu\u0219it s\u0103 reactiveze un CFR care p\u0103rea \u00een deriv\u0103. Iar fanii simt asta. Tribuna \u00eencepe s\u0103 vibreze din nou.<\/p>\n\n<div style=\"font-size: 0px; height: 0px; line-height: 0px; margin: 0; padding: 0; clear: both;\"><\/div>","protected":false},"excerpt":{"rendered":"<p>Sunt foarte bucuros pentru Dan Petrescu! CFR Cluj a luat primul loc pe pia\u021ba transferurilor \u0219i se apropie de&#8230;. &nbsp; Sunt foarte bucuros pentru Dan Petrescu! CFR Cluj demonstreaz\u0103 din nou c\u0103 \u0219tie ce \u00eenseamn\u0103 strategie, ambi\u021bie \u0219i viziune pe termen lung. Sub conducerea experimentatului Dan Petrescu, echipa nu doar c\u0103 \u0219i-a consolidat lotul, ci [&hellip;]<\/p>\n","protected":false},"author":15,"featured_media":46878,"comment_status":"open","ping_status":"open","sticky":false,"template":"","format":"standard","meta":{"_jetpack_memberships_contains_paid_content":false,"footnotes":""},"categories":[1],"tags":[666],"class_list":["post-46877","post","type-post","status-publish","format-standard","has-post-thumbnail","hentry","category-uncategorized","tag-cfr-istii"],"yoast_head":"<!-- This site is optimized with the Yoast SEO plugin v27.4 - https:\/\/yoast.com\/product\/yoast-seo-wordpress\/ -->\n<title>Sunt foarte bucuros pentru Dan Petrescu! CFR Cluj a luat primul loc pe pia\u021ba transferurilor \u0219i se apropie de....<\/title>\n<meta name=\"description\" content=\"Sunt foarte bucuros pentru Dan Petrescu! CFR Cluj a luat primul loc pe pia\u021ba transferurilor \u0219i se apropie de....\" \/>\n<meta name=\"robots\" content=\"index, follow, max-snippet:-1, max-image-preview:large, max-video-preview:-1\" \/>\n<link rel=\"canonical\" href=\"https:\/\/www.letsportsrock.com\/?p=46877\" \/>\n<meta property=\"og:locale\" content=\"en_US\" \/>\n<meta property=\"og:type\" content=\"article\" \/>\n<meta property=\"og:title\" content=\"Sunt foarte bucuros pentru Dan Petrescu! CFR Cluj a luat primul loc pe pia\u021ba transferurilor \u0219i se apropie de....\" \/>\n<meta property=\"og:description\" content=\"Sunt foarte bucuros pentru Dan Petrescu! CFR Cluj a luat primul loc pe pia\u021ba transferurilor \u0219i se apropie de....\" \/>\n<meta property=\"og:url\" content=\"https:\/\/www.letsportsrock.com\/?p=46877\" \/>\n<meta property=\"og:site_name\" content=\"letsportsrock\" \/>\n<meta property=\"article:published_time\" content=\"2025-06-11T18:23:54+00:00\" \/>\n<meta property=\"og:image\" content=\"https:\/\/www.letsportsrock.com\/wp-content\/uploads\/2025\/06\/images-2025-06-11T192207.777.jpeg\" \/>\n\t<meta property=\"og:image:width\" content=\"747\" \/>\n\t<meta property=\"og:image:height\" content=\"410\" \/>\n\t<meta property=\"og:image:type\" content=\"image\/jpeg\" \/>\n<meta name=\"author\" content=\"Amos Nabizo\" \/>\n<meta name=\"twitter:card\" content=\"summary_large_image\" \/>\n<meta name=\"twitter:label1\" content=\"Written by\" \/>\n\t<meta name=\"twitter:data1\" content=\"Amos Nabizo\" \/>\n\t<meta name=\"twitter:label2\" content=\"Est. reading time\" \/>\n\t<meta name=\"twitter:data2\" content=\"2 minutes\" \/>\n<script type=\"application\/ld+json\" class=\"yoast-schema-graph\">{\"@context\":\"https:\\\/\\\/schema.org\",\"@graph\":[{\"@type\":\"Article\",\"@id\":\"https:\\\/\\\/www.letsportsrock.com\\\/?p=46877#article\",\"isPartOf\":{\"@id\":\"https:\\\/\\\/www.letsportsrock.com\\\/?p=46877\"},\"author\":{\"name\":\"Amos Nabizo\",\"@id\":\"https:\\\/\\\/www.letsportsrock.com\\\/#\\\/schema\\\/person\\\/044479f72bdbd75f9523e745d3be6c30\"},\"headline\":\"Sunt foarte bucuros pentru Dan Petrescu! CFR Cluj a luat primul loc pe pia\u021ba transferurilor \u0219i se apropie de&#8230;.\",\"datePublished\":\"2025-06-11T18:23:54+00:00\",\"mainEntityOfPage\":{\"@id\":\"https:\\\/\\\/www.letsportsrock.com\\\/?p=46877\"},\"wordCount\":202,\"commentCount\":0,\"image\":{\"@id\":\"https:\\\/\\\/www.letsportsrock.com\\\/?p=46877#primaryimage\"},\"thumbnailUrl\":\"https:\\\/\\\/www.letsportsrock.com\\\/wp-content\\\/uploads\\\/2025\\\/06\\\/images-2025-06-11T192207.777.jpeg\",\"keywords\":[\"CFR I\u0218TII\"],\"inLanguage\":\"en-US\",\"potentialAction\":[{\"@type\":\"CommentAction\",\"name\":\"Comment\",\"target\":[\"https:\\\/\\\/www.letsportsrock.com\\\/?p=46877#respond\"]}]},{\"@type\":\"WebPage\",\"@id\":\"https:\\\/\\\/www.letsportsrock.com\\\/?p=46877\",\"url\":\"https:\\\/\\\/www.letsportsrock.com\\\/?p=46877\",\"name\":\"Sunt foarte bucuros pentru Dan Petrescu! CFR Cluj a luat primul loc pe pia\u021ba transferurilor \u0219i se apropie de....\",\"isPartOf\":{\"@id\":\"https:\\\/\\\/www.letsportsrock.com\\\/#website\"},\"primaryImageOfPage\":{\"@id\":\"https:\\\/\\\/www.letsportsrock.com\\\/?p=46877#primaryimage\"},\"image\":{\"@id\":\"https:\\\/\\\/www.letsportsrock.com\\\/?p=46877#primaryimage\"},\"thumbnailUrl\":\"https:\\\/\\\/www.letsportsrock.com\\\/wp-content\\\/uploads\\\/2025\\\/06\\\/images-2025-06-11T192207.777.jpeg\",\"datePublished\":\"2025-06-11T18:23:54+00:00\",\"author\":{\"@id\":\"https:\\\/\\\/www.letsportsrock.com\\\/#\\\/schema\\\/person\\\/044479f72bdbd75f9523e745d3be6c30\"},\"description\":\"Sunt foarte bucuros pentru Dan Petrescu! CFR Cluj a luat primul loc pe pia\u021ba transferurilor \u0219i se apropie de....\",\"breadcrumb\":{\"@id\":\"https:\\\/\\\/www.letsportsrock.com\\\/?p=46877#breadcrumb\"},\"inLanguage\":\"en-US\",\"potentialAction\":[{\"@type\":\"ReadAction\",\"target\":[\"https:\\\/\\\/www.letsportsrock.com\\\/?p=46877\"]}]},{\"@type\":\"ImageObject\",\"inLanguage\":\"en-US\",\"@id\":\"https:\\\/\\\/www.letsportsrock.com\\\/?p=46877#primaryimage\",\"url\":\"https:\\\/\\\/www.letsportsrock.com\\\/wp-content\\\/uploads\\\/2025\\\/06\\\/images-2025-06-11T192207.777.jpeg\",\"contentUrl\":\"https:\\\/\\\/www.letsportsrock.com\\\/wp-content\\\/uploads\\\/2025\\\/06\\\/images-2025-06-11T192207.777.jpeg\",\"width\":747,\"height\":410},{\"@type\":\"BreadcrumbList\",\"@id\":\"https:\\\/\\\/www.letsportsrock.com\\\/?p=46877#breadcrumb\",\"itemListElement\":[{\"@type\":\"ListItem\",\"position\":1,\"name\":\"Home\",\"item\":\"https:\\\/\\\/www.letsportsrock.com\\\/\"},{\"@type\":\"ListItem\",\"position\":2,\"name\":\"Sunt foarte bucuros pentru Dan Petrescu! CFR Cluj a luat primul loc pe pia\u021ba transferurilor \u0219i se apropie de&#8230;.\"}]},{\"@type\":\"WebSite\",\"@id\":\"https:\\\/\\\/www.letsportsrock.com\\\/#website\",\"url\":\"https:\\\/\\\/www.letsportsrock.com\\\/\",\"name\":\"letsportsrock\",\"description\":\"Sport News and Updates\",\"potentialAction\":[{\"@type\":\"SearchAction\",\"target\":{\"@type\":\"EntryPoint\",\"urlTemplate\":\"https:\\\/\\\/www.letsportsrock.com\\\/?s={search_term_string}\"},\"query-input\":{\"@type\":\"PropertyValueSpecification\",\"valueRequired\":true,\"valueName\":\"search_term_string\"}}],\"inLanguage\":\"en-US\"},{\"@type\":\"Person\",\"@id\":\"https:\\\/\\\/www.letsportsrock.com\\\/#\\\/schema\\\/person\\\/044479f72bdbd75f9523e745d3be6c30\",\"name\":\"Amos Nabizo\",\"image\":{\"@type\":\"ImageObject\",\"inLanguage\":\"en-US\",\"@id\":\"https:\\\/\\\/secure.gravatar.com\\\/avatar\\\/d569857c07d3899c6ca842ffea32daa1672c05549833530fe37e68ae7b521ba4?s=96&d=mm&r=g\",\"url\":\"https:\\\/\\\/secure.gravatar.com\\\/avatar\\\/d569857c07d3899c6ca842ffea32daa1672c05549833530fe37e68ae7b521ba4?s=96&d=mm&r=g\",\"contentUrl\":\"https:\\\/\\\/secure.gravatar.com\\\/avatar\\\/d569857c07d3899c6ca842ffea32daa1672c05549833530fe37e68ae7b521ba4?s=96&d=mm&r=g\",\"caption\":\"Amos Nabizo\"},\"sameAs\":[\"https:\\\/\\\/www.letsportsrock.com\\\/wp-admin\\\/\"],\"url\":\"https:\\\/\\\/www.letsportsrock.com\\\/?author=15\"}]}<\/script>\n<!-- \/ Yoast SEO plugin. -->","yoast_head_json":{"title":"Sunt foarte bucuros pentru Dan Petrescu! CFR Cluj a luat primul loc pe pia\u021ba transferurilor \u0219i se apropie de....","description":"Sunt foarte bucuros pentru Dan Petrescu! CFR Cluj a luat primul loc pe pia\u021ba transferurilor \u0219i se apropie de....","robots":{"index":"index","follow":"follow","max-snippet":"max-snippet:-1","max-image-preview":"max-image-preview:large","max-video-preview":"max-video-preview:-1"},"canonical":"https:\/\/www.letsportsrock.com\/?p=46877","og_locale":"en_US","og_type":"article","og_title":"Sunt foarte bucuros pentru Dan Petrescu! CFR Cluj a luat primul loc pe pia\u021ba transferurilor \u0219i se apropie de....","og_description":"Sunt foarte bucuros pentru Dan Petrescu! CFR Cluj a luat primul loc pe pia\u021ba transferurilor \u0219i se apropie de....","og_url":"https:\/\/www.letsportsrock.com\/?p=46877","og_site_name":"letsportsrock","article_published_time":"2025-06-11T18:23:54+00:00","og_image":[{"width":747,"height":410,"url":"https:\/\/www.letsportsrock.com\/wp-content\/uploads\/2025\/06\/images-2025-06-11T192207.777.jpeg","type":"image\/jpeg"}],"author":"Amos Nabizo","twitter_card":"summary_large_image","twitter_misc":{"Written by":"Amos Nabizo","Est. reading time":"2 minutes"},"schema":{"@context":"https:\/\/schema.org","@graph":[{"@type":"Article","@id":"https:\/\/www.letsportsrock.com\/?p=46877#article","isPartOf":{"@id":"https:\/\/www.letsportsrock.com\/?p=46877"},"author":{"name":"Amos Nabizo","@id":"https:\/\/www.letsportsrock.com\/#\/schema\/person\/044479f72bdbd75f9523e745d3be6c30"},"headline":"Sunt foarte bucuros pentru Dan Petrescu! CFR Cluj a luat primul loc pe pia\u021ba transferurilor \u0219i se apropie de&#8230;.","datePublished":"2025-06-11T18:23:54+00:00","mainEntityOfPage":{"@id":"https:\/\/www.letsportsrock.com\/?p=46877"},"wordCount":202,"commentCount":0,"image":{"@id":"https:\/\/www.letsportsrock.com\/?p=46877#primaryimage"},"thumbnailUrl":"https:\/\/www.letsportsrock.com\/wp-content\/uploads\/2025\/06\/images-2025-06-11T192207.777.jpeg","keywords":["CFR I\u0218TII"],"inLanguage":"en-US","potentialAction":[{"@type":"CommentAction","name":"Comment","target":["https:\/\/www.letsportsrock.com\/?p=46877#respond"]}]},{"@type":"WebPage","@id":"https:\/\/www.letsportsrock.com\/?p=46877","url":"https:\/\/www.letsportsrock.com\/?p=46877","name":"Sunt foarte bucuros pentru Dan Petrescu! CFR Cluj a luat primul loc pe pia\u021ba transferurilor \u0219i se apropie de....","isPartOf":{"@id":"https:\/\/www.letsportsrock.com\/#website"},"primaryImageOfPage":{"@id":"https:\/\/www.letsportsrock.com\/?p=46877#primaryimage"},"image":{"@id":"https:\/\/www.letsportsrock.com\/?p=46877#primaryimage"},"thumbnailUrl":"https:\/\/www.letsportsrock.com\/wp-content\/uploads\/2025\/06\/images-2025-06-11T192207.777.jpeg","datePublished":"2025-06-11T18:23:54+00:00","author":{"@id":"https:\/\/www.letsportsrock.com\/#\/schema\/person\/044479f72bdbd75f9523e745d3be6c30"},"description":"Sunt foarte bucuros pentru Dan Petrescu! CFR Cluj a luat primul loc pe pia\u021ba transferurilor \u0219i se apropie de....","breadcrumb":{"@id":"https:\/\/www.letsportsrock.com\/?p=46877#breadcrumb"},"inLanguage":"en-US","potentialAction":[{"@type":"ReadAction","target":["https:\/\/www.letsportsrock.com\/?p=46877"]}]},{"@type":"ImageObject","inLanguage":"en-US","@id":"https:\/\/www.letsportsrock.com\/?p=46877#primaryimage","url":"https:\/\/www.letsportsrock.com\/wp-content\/uploads\/2025\/06\/images-2025-06-11T192207.777.jpeg","contentUrl":"https:\/\/www.letsportsrock.com\/wp-content\/uploads\/2025\/06\/images-2025-06-11T192207.777.jpeg","width":747,"height":410},{"@type":"BreadcrumbList","@id":"https:\/\/www.letsportsrock.com\/?p=46877#breadcrumb","itemListElement":[{"@type":"ListItem","position":1,"name":"Home","item":"https:\/\/www.letsportsrock.com\/"},{"@type":"ListItem","position":2,"name":"Sunt foarte bucuros pentru Dan Petrescu! CFR Cluj a luat primul loc pe pia\u021ba transferurilor \u0219i se apropie de&#8230;."}]},{"@type":"WebSite","@id":"https:\/\/www.letsportsrock.com\/#website","url":"https:\/\/www.letsportsrock.com\/","name":"letsportsrock","description":"Sport News and Updates","potentialAction":[{"@type":"SearchAction","target":{"@type":"EntryPoint","urlTemplate":"https:\/\/www.letsportsrock.com\/?s={search_term_string}"},"query-input":{"@type":"PropertyValueSpecification","valueRequired":true,"valueName":"search_term_string"}}],"inLanguage":"en-US"},{"@type":"Person","@id":"https:\/\/www.letsportsrock.com\/#\/schema\/person\/044479f72bdbd75f9523e745d3be6c30","name":"Amos Nabizo","image":{"@type":"ImageObject","inLanguage":"en-US","@id":"https:\/\/secure.gravatar.com\/avatar\/d569857c07d3899c6ca842ffea32daa1672c05549833530fe37e68ae7b521ba4?s=96&d=mm&r=g","url":"https:\/\/secure.gravatar.com\/avatar\/d569857c07d3899c6ca842ffea32daa1672c05549833530fe37e68ae7b521ba4?s=96&d=mm&r=g","contentUrl":"https:\/\/secure.gravatar.com\/avatar\/d569857c07d3899c6ca842ffea32daa1672c05549833530fe37e68ae7b521ba4?s=96&d=mm&r=g","caption":"Amos Nabizo"},"sameAs":["https:\/\/www.letsportsrock.com\/wp-admin\/"],"url":"https:\/\/www.letsportsrock.com\/?author=15"}]}},"jetpack_featured_media_url":"https:\/\/www.letsportsrock.com\/wp-content\/uploads\/2025\/06\/images-2025-06-11T192207.777.jpeg","jetpack_sharing_enabled":true,"_links":{"self":[{"href":"https:\/\/www.letsportsrock.com\/index.php?rest_route=\/wp\/v2\/posts\/46877","targetHints":{"allow":["GET"]}}],"collection":[{"href":"https:\/\/www.letsportsrock.com\/index.php?rest_route=\/wp\/v2\/posts"}],"about":[{"href":"https:\/\/www.letsportsrock.com\/index.php?rest_route=\/wp\/v2\/types\/post"}],"author":[{"embeddable":true,"href":"https:\/\/www.letsportsrock.com\/index.php?rest_route=\/wp\/v2\/users\/15"}],"replies":[{"embeddable":true,"href":"https:\/\/www.letsportsrock.com\/index.php?rest_route=%2Fwp%2Fv2%2Fcomments&post=46877"}],"version-history":[{"count":1,"href":"https:\/\/www.letsportsrock.com\/index.php?rest_route=\/wp\/v2\/posts\/46877\/revisions"}],"predecessor-version":[{"id":46880,"href":"https:\/\/www.letsportsrock.com\/index.php?rest_route=\/wp\/v2\/posts\/46877\/revisions\/46880"}],"wp:featuredmedia":[{"embeddable":true,"href":"https:\/\/www.letsportsrock.com\/index.php?rest_route=\/wp\/v2\/media\/46878"}],"wp:attachment":[{"href":"https:\/\/www.letsportsrock.com\/index.php?rest_route=%2Fwp%2Fv2%2Fmedia&parent=46877"}],"wp:term":[{"taxonomy":"category","embeddable":true,"href":"https:\/\/www.letsportsrock.com\/index.php?rest_route=%2Fwp%2Fv2%2Fcategories&post=46877"},{"taxonomy":"post_tag","embeddable":true,"href":"https:\/\/www.letsportsrock.com\/index.php?rest_route=%2Fwp%2Fv2%2Ftags&post=46877"}],"curies":[{"name":"wp","href":"https:\/\/api.w.org\/{rel}","templated":true}]}}