{"id":46882,"date":"2025-06-11T18:32:38","date_gmt":"2025-06-11T18:32:38","guid":{"rendered":"https:\/\/www.letsportsrock.com\/?p=46882"},"modified":"2025-06-11T18:32:38","modified_gmt":"2025-06-11T18:32:38","slug":"andrei-burca-este-in-apropierea-cfr-cluj-comunicatul-lui-cristi-balaj-cu-privire-la-transferul-verii-al-lui-nelutu-varga","status":"publish","type":"post","link":"https:\/\/www.letsportsrock.com\/?p=46882","title":{"rendered":"Andrei Burc\u0103 este \u00een apropierea CFR Cluj! Comunicatul lui Cristi Balaj cu privire la transferul verii al lui Nelu\u021bu Varga&#8230;"},"content":{"rendered":"<div class=\"d79db4796efc26332eabfc3f5dafbc76\" data-index=\"1\" style=\"float: none; margin:10px 0 10px 0; text-align:center;\">\n<div class=\"hb-ad-inarticle\">\r\n    <div class=\"hb-ad-inner\"> \r\n    <div class=\"hbagency_cls\"  id=\"hbagency_space_111930\"><\/div><\/div> <\/div>\n<\/div>\n<p>Andrei Burc\u0103 este \u00een apropierea CFR Cluj! Comunicatul lui Cristi Balaj cu privire la transferul verii al lui Nelu\u021bu Varga&#8230;<\/p>\n<p>&nbsp;<\/p>\n<p>Andrei Burc\u0103 este tot mai aproape de o revenire la CFR Cluj, \u00eentr-un transfer de var\u0103 care agit\u0103 deja spiritele \u00een fotbalul rom\u00e2nesc. Fostul funda\u0219 al ardelenilor, cu un palmares solid \u0219i o experien\u021b\u0103 interna\u021bional\u0103 valoroas\u0103, este dorit \u00eenapoi \u00een Gruia pentru a consolida linia defensiv\u0103 a echipei antrenate de Dan Petrescu. Potrivit surselor apropiate clubului, negocierile sunt \u00eentr-un stadiu avansat, iar Burc\u0103 ar putea semna \u00een urm\u0103toarele zile.<\/p>\n<p><img loading=\"lazy\" decoding=\"async\" class=\"alignnone size-medium wp-image-46884\" src=\"https:\/\/www.letsportsrock.com\/wp-content\/uploads\/2025\/06\/images-2025-06-11T193122.754-300x175.jpeg\" alt=\"\" width=\"300\" height=\"175\" srcset=\"https:\/\/www.letsportsrock.com\/wp-content\/uploads\/2025\/06\/images-2025-06-11T193122.754-300x175.jpeg 300w, https:\/\/www.letsportsrock.com\/wp-content\/uploads\/2025\/06\/images-2025-06-11T193122.754.jpeg 725w\" sizes=\"auto, (max-width: 300px) 100vw, 300px\" \/><\/p>\n<p>Cristi Balaj, pre\u0219edintele CFR Cluj, a f\u0103cut un anun\u021b oficial referitor la acest posibil transfer: \u201eNe dorim juc\u0103tori care au demonstrat c\u0103 pot face performan\u021b\u0103 la nivel \u00eenalt. Andrei Burc\u0103 este unul dintre acei fotbali\u0219ti care \u00eentrunesc criteriile noastre. Discu\u021biile sunt deschise, dar p\u00e2n\u0103 nu semn\u0103m, nu putem confirma nimic.\u201d<\/p>\n<p>&nbsp;<\/p>\n<p>Finan\u021batorul Nelu\u021bu Varga sprijin\u0103 acest demers \u0219i consider\u0103 revenirea lui Burc\u0103 un pas strategic \u00een lupta pentru titlu. Transferul ar marca una dintre cele mai importante mi\u0219c\u0103ri ale verii pentru clubul din Cluj.<\/p>\n\n<div style=\"font-size: 0px; height: 0px; line-height: 0px; margin: 0; padding: 0; clear: both;\"><\/div>","protected":false},"excerpt":{"rendered":"<p>Andrei Burc\u0103 este \u00een apropierea CFR Cluj! Comunicatul lui Cristi Balaj cu privire la transferul verii al lui Nelu\u021bu Varga&#8230; &nbsp; Andrei Burc\u0103 este tot mai aproape de o revenire la CFR Cluj, \u00eentr-un transfer de var\u0103 care agit\u0103 deja spiritele \u00een fotbalul rom\u00e2nesc. Fostul funda\u0219 al ardelenilor, cu un palmares solid \u0219i o experien\u021b\u0103 [&hellip;]<\/p>\n","protected":false},"author":15,"featured_media":46883,"comment_status":"open","ping_status":"open","sticky":false,"template":"","format":"standard","meta":{"_jetpack_memberships_contains_paid_content":false,"footnotes":""},"categories":[1],"tags":[666],"class_list":["post-46882","post","type-post","status-publish","format-standard","has-post-thumbnail","hentry","category-uncategorized","tag-cfr-istii"],"yoast_head":"<!-- This site is optimized with the Yoast SEO plugin v27.4 - https:\/\/yoast.com\/product\/yoast-seo-wordpress\/ -->\n<title>Andrei Burc\u0103 este \u00een apropierea CFR Cluj! Comunicatul lui Cristi Balaj cu privire la transferul verii al lui Nelu\u021bu Varga...<\/title>\n<meta name=\"description\" content=\"Andrei Burc\u0103 este \u00een apropierea CFR Cluj! Comunicatul lui Cristi Balaj cu privire la transferul verii al lui Nelu\u021bu Varga...\" \/>\n<meta name=\"robots\" content=\"index, follow, max-snippet:-1, max-image-preview:large, max-video-preview:-1\" \/>\n<link rel=\"canonical\" href=\"https:\/\/www.letsportsrock.com\/?p=46882\" \/>\n<meta property=\"og:locale\" content=\"en_US\" \/>\n<meta property=\"og:type\" content=\"article\" \/>\n<meta property=\"og:title\" content=\"Andrei Burc\u0103 este \u00een apropierea CFR Cluj! Comunicatul lui Cristi Balaj cu privire la transferul verii al lui Nelu\u021bu Varga...\" \/>\n<meta property=\"og:description\" content=\"Andrei Burc\u0103 este \u00een apropierea CFR Cluj! Comunicatul lui Cristi Balaj cu privire la transferul verii al lui Nelu\u021bu Varga...\" \/>\n<meta property=\"og:url\" content=\"https:\/\/www.letsportsrock.com\/?p=46882\" \/>\n<meta property=\"og:site_name\" content=\"letsportsrock\" \/>\n<meta property=\"article:published_time\" content=\"2025-06-11T18:32:38+00:00\" \/>\n<meta property=\"og:image\" content=\"https:\/\/www.letsportsrock.com\/wp-content\/uploads\/2025\/06\/images-2025-06-11T193112.997.jpeg\" \/>\n\t<meta property=\"og:image:width\" content=\"739\" \/>\n\t<meta property=\"og:image:height\" content=\"415\" \/>\n\t<meta property=\"og:image:type\" content=\"image\/jpeg\" \/>\n<meta name=\"author\" content=\"Amos Nabizo\" \/>\n<meta name=\"twitter:card\" content=\"summary_large_image\" \/>\n<meta name=\"twitter:label1\" content=\"Written by\" \/>\n\t<meta name=\"twitter:data1\" content=\"Amos Nabizo\" \/>\n\t<meta name=\"twitter:label2\" content=\"Est. reading time\" \/>\n\t<meta name=\"twitter:data2\" content=\"2 minutes\" \/>\n<script type=\"application\/ld+json\" class=\"yoast-schema-graph\">{\"@context\":\"https:\\\/\\\/schema.org\",\"@graph\":[{\"@type\":\"Article\",\"@id\":\"https:\\\/\\\/www.letsportsrock.com\\\/?p=46882#article\",\"isPartOf\":{\"@id\":\"https:\\\/\\\/www.letsportsrock.com\\\/?p=46882\"},\"author\":{\"name\":\"Amos Nabizo\",\"@id\":\"https:\\\/\\\/www.letsportsrock.com\\\/#\\\/schema\\\/person\\\/044479f72bdbd75f9523e745d3be6c30\"},\"headline\":\"Andrei Burc\u0103 este \u00een apropierea CFR Cluj! Comunicatul lui Cristi Balaj cu privire la transferul verii al lui Nelu\u021bu Varga&#8230;\",\"datePublished\":\"2025-06-11T18:32:38+00:00\",\"mainEntityOfPage\":{\"@id\":\"https:\\\/\\\/www.letsportsrock.com\\\/?p=46882\"},\"wordCount\":210,\"commentCount\":0,\"image\":{\"@id\":\"https:\\\/\\\/www.letsportsrock.com\\\/?p=46882#primaryimage\"},\"thumbnailUrl\":\"https:\\\/\\\/www.letsportsrock.com\\\/wp-content\\\/uploads\\\/2025\\\/06\\\/images-2025-06-11T193112.997.jpeg\",\"keywords\":[\"CFR I\u0218TII\"],\"inLanguage\":\"en-US\",\"potentialAction\":[{\"@type\":\"CommentAction\",\"name\":\"Comment\",\"target\":[\"https:\\\/\\\/www.letsportsrock.com\\\/?p=46882#respond\"]}]},{\"@type\":\"WebPage\",\"@id\":\"https:\\\/\\\/www.letsportsrock.com\\\/?p=46882\",\"url\":\"https:\\\/\\\/www.letsportsrock.com\\\/?p=46882\",\"name\":\"Andrei Burc\u0103 este \u00een apropierea CFR Cluj! Comunicatul lui Cristi Balaj cu privire la transferul verii al lui Nelu\u021bu Varga...\",\"isPartOf\":{\"@id\":\"https:\\\/\\\/www.letsportsrock.com\\\/#website\"},\"primaryImageOfPage\":{\"@id\":\"https:\\\/\\\/www.letsportsrock.com\\\/?p=46882#primaryimage\"},\"image\":{\"@id\":\"https:\\\/\\\/www.letsportsrock.com\\\/?p=46882#primaryimage\"},\"thumbnailUrl\":\"https:\\\/\\\/www.letsportsrock.com\\\/wp-content\\\/uploads\\\/2025\\\/06\\\/images-2025-06-11T193112.997.jpeg\",\"datePublished\":\"2025-06-11T18:32:38+00:00\",\"author\":{\"@id\":\"https:\\\/\\\/www.letsportsrock.com\\\/#\\\/schema\\\/person\\\/044479f72bdbd75f9523e745d3be6c30\"},\"description\":\"Andrei Burc\u0103 este \u00een apropierea CFR Cluj! Comunicatul lui Cristi Balaj cu privire la transferul verii al lui Nelu\u021bu Varga...\",\"breadcrumb\":{\"@id\":\"https:\\\/\\\/www.letsportsrock.com\\\/?p=46882#breadcrumb\"},\"inLanguage\":\"en-US\",\"potentialAction\":[{\"@type\":\"ReadAction\",\"target\":[\"https:\\\/\\\/www.letsportsrock.com\\\/?p=46882\"]}]},{\"@type\":\"ImageObject\",\"inLanguage\":\"en-US\",\"@id\":\"https:\\\/\\\/www.letsportsrock.com\\\/?p=46882#primaryimage\",\"url\":\"https:\\\/\\\/www.letsportsrock.com\\\/wp-content\\\/uploads\\\/2025\\\/06\\\/images-2025-06-11T193112.997.jpeg\",\"contentUrl\":\"https:\\\/\\\/www.letsportsrock.com\\\/wp-content\\\/uploads\\\/2025\\\/06\\\/images-2025-06-11T193112.997.jpeg\",\"width\":739,\"height\":415},{\"@type\":\"BreadcrumbList\",\"@id\":\"https:\\\/\\\/www.letsportsrock.com\\\/?p=46882#breadcrumb\",\"itemListElement\":[{\"@type\":\"ListItem\",\"position\":1,\"name\":\"Home\",\"item\":\"https:\\\/\\\/www.letsportsrock.com\\\/\"},{\"@type\":\"ListItem\",\"position\":2,\"name\":\"Andrei Burc\u0103 este \u00een apropierea CFR Cluj! Comunicatul lui Cristi Balaj cu privire la transferul verii al lui Nelu\u021bu Varga&#8230;\"}]},{\"@type\":\"WebSite\",\"@id\":\"https:\\\/\\\/www.letsportsrock.com\\\/#website\",\"url\":\"https:\\\/\\\/www.letsportsrock.com\\\/\",\"name\":\"letsportsrock\",\"description\":\"Sport News and Updates\",\"potentialAction\":[{\"@type\":\"SearchAction\",\"target\":{\"@type\":\"EntryPoint\",\"urlTemplate\":\"https:\\\/\\\/www.letsportsrock.com\\\/?s={search_term_string}\"},\"query-input\":{\"@type\":\"PropertyValueSpecification\",\"valueRequired\":true,\"valueName\":\"search_term_string\"}}],\"inLanguage\":\"en-US\"},{\"@type\":\"Person\",\"@id\":\"https:\\\/\\\/www.letsportsrock.com\\\/#\\\/schema\\\/person\\\/044479f72bdbd75f9523e745d3be6c30\",\"name\":\"Amos Nabizo\",\"image\":{\"@type\":\"ImageObject\",\"inLanguage\":\"en-US\",\"@id\":\"https:\\\/\\\/secure.gravatar.com\\\/avatar\\\/d569857c07d3899c6ca842ffea32daa1672c05549833530fe37e68ae7b521ba4?s=96&d=mm&r=g\",\"url\":\"https:\\\/\\\/secure.gravatar.com\\\/avatar\\\/d569857c07d3899c6ca842ffea32daa1672c05549833530fe37e68ae7b521ba4?s=96&d=mm&r=g\",\"contentUrl\":\"https:\\\/\\\/secure.gravatar.com\\\/avatar\\\/d569857c07d3899c6ca842ffea32daa1672c05549833530fe37e68ae7b521ba4?s=96&d=mm&r=g\",\"caption\":\"Amos Nabizo\"},\"sameAs\":[\"https:\\\/\\\/www.letsportsrock.com\\\/wp-admin\\\/\"],\"url\":\"https:\\\/\\\/www.letsportsrock.com\\\/?author=15\"}]}<\/script>\n<!-- \/ Yoast SEO plugin. -->","yoast_head_json":{"title":"Andrei Burc\u0103 este \u00een apropierea CFR Cluj! Comunicatul lui Cristi Balaj cu privire la transferul verii al lui Nelu\u021bu Varga...","description":"Andrei Burc\u0103 este \u00een apropierea CFR Cluj! Comunicatul lui Cristi Balaj cu privire la transferul verii al lui Nelu\u021bu Varga...","robots":{"index":"index","follow":"follow","max-snippet":"max-snippet:-1","max-image-preview":"max-image-preview:large","max-video-preview":"max-video-preview:-1"},"canonical":"https:\/\/www.letsportsrock.com\/?p=46882","og_locale":"en_US","og_type":"article","og_title":"Andrei Burc\u0103 este \u00een apropierea CFR Cluj! Comunicatul lui Cristi Balaj cu privire la transferul verii al lui Nelu\u021bu Varga...","og_description":"Andrei Burc\u0103 este \u00een apropierea CFR Cluj! Comunicatul lui Cristi Balaj cu privire la transferul verii al lui Nelu\u021bu Varga...","og_url":"https:\/\/www.letsportsrock.com\/?p=46882","og_site_name":"letsportsrock","article_published_time":"2025-06-11T18:32:38+00:00","og_image":[{"width":739,"height":415,"url":"https:\/\/www.letsportsrock.com\/wp-content\/uploads\/2025\/06\/images-2025-06-11T193112.997.jpeg","type":"image\/jpeg"}],"author":"Amos Nabizo","twitter_card":"summary_large_image","twitter_misc":{"Written by":"Amos Nabizo","Est. reading time":"2 minutes"},"schema":{"@context":"https:\/\/schema.org","@graph":[{"@type":"Article","@id":"https:\/\/www.letsportsrock.com\/?p=46882#article","isPartOf":{"@id":"https:\/\/www.letsportsrock.com\/?p=46882"},"author":{"name":"Amos Nabizo","@id":"https:\/\/www.letsportsrock.com\/#\/schema\/person\/044479f72bdbd75f9523e745d3be6c30"},"headline":"Andrei Burc\u0103 este \u00een apropierea CFR Cluj! Comunicatul lui Cristi Balaj cu privire la transferul verii al lui Nelu\u021bu Varga&#8230;","datePublished":"2025-06-11T18:32:38+00:00","mainEntityOfPage":{"@id":"https:\/\/www.letsportsrock.com\/?p=46882"},"wordCount":210,"commentCount":0,"image":{"@id":"https:\/\/www.letsportsrock.com\/?p=46882#primaryimage"},"thumbnailUrl":"https:\/\/www.letsportsrock.com\/wp-content\/uploads\/2025\/06\/images-2025-06-11T193112.997.jpeg","keywords":["CFR I\u0218TII"],"inLanguage":"en-US","potentialAction":[{"@type":"CommentAction","name":"Comment","target":["https:\/\/www.letsportsrock.com\/?p=46882#respond"]}]},{"@type":"WebPage","@id":"https:\/\/www.letsportsrock.com\/?p=46882","url":"https:\/\/www.letsportsrock.com\/?p=46882","name":"Andrei Burc\u0103 este \u00een apropierea CFR Cluj! Comunicatul lui Cristi Balaj cu privire la transferul verii al lui Nelu\u021bu Varga...","isPartOf":{"@id":"https:\/\/www.letsportsrock.com\/#website"},"primaryImageOfPage":{"@id":"https:\/\/www.letsportsrock.com\/?p=46882#primaryimage"},"image":{"@id":"https:\/\/www.letsportsrock.com\/?p=46882#primaryimage"},"thumbnailUrl":"https:\/\/www.letsportsrock.com\/wp-content\/uploads\/2025\/06\/images-2025-06-11T193112.997.jpeg","datePublished":"2025-06-11T18:32:38+00:00","author":{"@id":"https:\/\/www.letsportsrock.com\/#\/schema\/person\/044479f72bdbd75f9523e745d3be6c30"},"description":"Andrei Burc\u0103 este \u00een apropierea CFR Cluj! Comunicatul lui Cristi Balaj cu privire la transferul verii al lui Nelu\u021bu Varga...","breadcrumb":{"@id":"https:\/\/www.letsportsrock.com\/?p=46882#breadcrumb"},"inLanguage":"en-US","potentialAction":[{"@type":"ReadAction","target":["https:\/\/www.letsportsrock.com\/?p=46882"]}]},{"@type":"ImageObject","inLanguage":"en-US","@id":"https:\/\/www.letsportsrock.com\/?p=46882#primaryimage","url":"https:\/\/www.letsportsrock.com\/wp-content\/uploads\/2025\/06\/images-2025-06-11T193112.997.jpeg","contentUrl":"https:\/\/www.letsportsrock.com\/wp-content\/uploads\/2025\/06\/images-2025-06-11T193112.997.jpeg","width":739,"height":415},{"@type":"BreadcrumbList","@id":"https:\/\/www.letsportsrock.com\/?p=46882#breadcrumb","itemListElement":[{"@type":"ListItem","position":1,"name":"Home","item":"https:\/\/www.letsportsrock.com\/"},{"@type":"ListItem","position":2,"name":"Andrei Burc\u0103 este \u00een apropierea CFR Cluj! Comunicatul lui Cristi Balaj cu privire la transferul verii al lui Nelu\u021bu Varga&#8230;"}]},{"@type":"WebSite","@id":"https:\/\/www.letsportsrock.com\/#website","url":"https:\/\/www.letsportsrock.com\/","name":"letsportsrock","description":"Sport News and Updates","potentialAction":[{"@type":"SearchAction","target":{"@type":"EntryPoint","urlTemplate":"https:\/\/www.letsportsrock.com\/?s={search_term_string}"},"query-input":{"@type":"PropertyValueSpecification","valueRequired":true,"valueName":"search_term_string"}}],"inLanguage":"en-US"},{"@type":"Person","@id":"https:\/\/www.letsportsrock.com\/#\/schema\/person\/044479f72bdbd75f9523e745d3be6c30","name":"Amos Nabizo","image":{"@type":"ImageObject","inLanguage":"en-US","@id":"https:\/\/secure.gravatar.com\/avatar\/d569857c07d3899c6ca842ffea32daa1672c05549833530fe37e68ae7b521ba4?s=96&d=mm&r=g","url":"https:\/\/secure.gravatar.com\/avatar\/d569857c07d3899c6ca842ffea32daa1672c05549833530fe37e68ae7b521ba4?s=96&d=mm&r=g","contentUrl":"https:\/\/secure.gravatar.com\/avatar\/d569857c07d3899c6ca842ffea32daa1672c05549833530fe37e68ae7b521ba4?s=96&d=mm&r=g","caption":"Amos Nabizo"},"sameAs":["https:\/\/www.letsportsrock.com\/wp-admin\/"],"url":"https:\/\/www.letsportsrock.com\/?author=15"}]}},"jetpack_featured_media_url":"https:\/\/www.letsportsrock.com\/wp-content\/uploads\/2025\/06\/images-2025-06-11T193112.997.jpeg","jetpack_sharing_enabled":true,"_links":{"self":[{"href":"https:\/\/www.letsportsrock.com\/index.php?rest_route=\/wp\/v2\/posts\/46882","targetHints":{"allow":["GET"]}}],"collection":[{"href":"https:\/\/www.letsportsrock.com\/index.php?rest_route=\/wp\/v2\/posts"}],"about":[{"href":"https:\/\/www.letsportsrock.com\/index.php?rest_route=\/wp\/v2\/types\/post"}],"author":[{"embeddable":true,"href":"https:\/\/www.letsportsrock.com\/index.php?rest_route=\/wp\/v2\/users\/15"}],"replies":[{"embeddable":true,"href":"https:\/\/www.letsportsrock.com\/index.php?rest_route=%2Fwp%2Fv2%2Fcomments&post=46882"}],"version-history":[{"count":1,"href":"https:\/\/www.letsportsrock.com\/index.php?rest_route=\/wp\/v2\/posts\/46882\/revisions"}],"predecessor-version":[{"id":46885,"href":"https:\/\/www.letsportsrock.com\/index.php?rest_route=\/wp\/v2\/posts\/46882\/revisions\/46885"}],"wp:featuredmedia":[{"embeddable":true,"href":"https:\/\/www.letsportsrock.com\/index.php?rest_route=\/wp\/v2\/media\/46883"}],"wp:attachment":[{"href":"https:\/\/www.letsportsrock.com\/index.php?rest_route=%2Fwp%2Fv2%2Fmedia&parent=46882"}],"wp:term":[{"taxonomy":"category","embeddable":true,"href":"https:\/\/www.letsportsrock.com\/index.php?rest_route=%2Fwp%2Fv2%2Fcategories&post=46882"},{"taxonomy":"post_tag","embeddable":true,"href":"https:\/\/www.letsportsrock.com\/index.php?rest_route=%2Fwp%2Fv2%2Ftags&post=46882"}],"curies":[{"name":"wp","href":"https:\/\/api.w.org\/{rel}","templated":true}]}}