{"id":47192,"date":"2025-06-12T21:14:15","date_gmt":"2025-06-12T21:14:15","guid":{"rendered":"https:\/\/www.letsportsrock.com\/?p=47192"},"modified":"2025-06-12T21:14:15","modified_gmt":"2025-06-12T21:14:15","slug":"stire-de-ultima-ora-antrenorul-lui-fc-dinamo-bucuresti-zeljko-kopic-anunta-o-mare-sarbatoare-maine-datorita","status":"publish","type":"post","link":"https:\/\/www.letsportsrock.com\/?p=47192","title":{"rendered":"&#8220;\u0218tire de Ultim\u0103 Or\u0103: Antrenorul lui FC Dinamo Bucure\u0219ti, \u017deljko Kopi\u0107, anun\u021b\u0103 o mare s\u0103rb\u0103toare m\u00e2ine datorit\u0103&#8230;&#8221;"},"content":{"rendered":"<div class=\"d79db4796efc26332eabfc3f5dafbc76\" data-index=\"1\" style=\"float: none; margin:10px 0 10px 0; text-align:center;\">\n<div class=\"hb-ad-inarticle\">\r\n    <div class=\"hb-ad-inner\"> \r\n    <div class=\"hbagency_cls\"  id=\"hbagency_space_111930\"><\/div><\/div> <\/div>\n<\/div>\n<p>Desigur! Iat\u0103 un articol de aproximativ 200 de cuvinte \u00een limba rom\u00e2n\u0103, continu\u00e2nd titlul:<\/p>\n<p>&nbsp;<\/p>\n<p>&#8212;<\/p>\n<p>&nbsp;<\/p>\n<p>**\u0218tire de Ultim\u0103 Or\u0103: Antrenorul lui FC Dinamo Bucure\u0219ti, \u017deljko Kopi\u0107, anun\u021b\u0103 o mare s\u0103rb\u0103toare m\u00e2ine datorit\u0103 calific\u0103rii echipei \u00een cupele europene**<\/p>\n<p>&nbsp;<\/p>\n<p>Antrenorul principal al echipei FC Dinamo Bucure\u0219ti, \u017deljko Kopi\u0107, a anun\u021bat ast\u0103zi, \u00eentr-o conferin\u021b\u0103 de pres\u0103 sus\u021binut\u0103 la baza de antrenament, c\u0103 m\u00e2ine va avea loc o mare s\u0103rb\u0103toare dedicat\u0103 suporterilor, juc\u0103torilor \u0219i \u00eentregului staff tehnic, ca urmare a calific\u0103rii echipei \u00een competi\u021biile europene pentru prima dat\u0103 \u00een ultimii ani.<\/p>\n<p>&nbsp;<\/p>\n<p>\u201eEste o zi istoric\u0103 pentru Dinamo. Am muncit din greu, am trecut prin momente dificile, dar \u00eempreun\u0103 am reu\u0219it. M\u00e2ine vom celebra acest succes cu fanii no\u0219tri extraordinari\u201d, a declarat Kopi\u0107, vizibil emo\u021bionat.<\/p>\n<p>&nbsp;<\/p>\n<p>S\u0103rb\u0103toarea va avea loc \u00een Pia\u021ba Universit\u0103\u021bii, \u00eencep\u00e2nd cu ora 19:00, \u0219i va include concerte, artificii \u0219i o prezentare special\u0103 a echipei. Intrarea este liber\u0103 pentru to\u021bi suporterii.<\/p>\n<p>&nbsp;<\/p>\n<p>Fanii au reac\u021bionat deja cu entuziasm pe re\u021belele de socializare, iar atmosfera se anun\u021b\u0103 una de neuitat. Dup\u0103 ani de incertitudine, Dinamo Bucure\u0219ti pare s\u0103 fi revenit \u00een prim-planul fotbalului rom\u00e2nesc.<\/p>\n<p>&nbsp;<\/p>\n<p>&#8212;<\/p>\n<p>&nbsp;<\/p>\n<p>Dore\u0219ti \u0219i o variant\u0103 \u00een englez\u0103 sau un vizual pentru<\/p>\n<p>re\u021bele sociale?<\/p>\n\n<div style=\"font-size: 0px; height: 0px; line-height: 0px; margin: 0; padding: 0; clear: both;\"><\/div>","protected":false},"excerpt":{"rendered":"<p>Desigur! Iat\u0103 un articol de aproximativ 200 de cuvinte \u00een limba rom\u00e2n\u0103, continu\u00e2nd titlul: &nbsp; &#8212; &nbsp; **\u0218tire de Ultim\u0103 Or\u0103: Antrenorul lui FC Dinamo Bucure\u0219ti, \u017deljko Kopi\u0107, anun\u021b\u0103 o mare s\u0103rb\u0103toare m\u00e2ine datorit\u0103 calific\u0103rii echipei \u00een cupele europene** &nbsp; Antrenorul principal al echipei FC Dinamo Bucure\u0219ti, \u017deljko Kopi\u0107, a anun\u021bat ast\u0103zi, \u00eentr-o conferin\u021b\u0103 de [&hellip;]<\/p>\n","protected":false},"author":1,"featured_media":47193,"comment_status":"open","ping_status":"open","sticky":false,"template":"","format":"standard","meta":{"_jetpack_memberships_contains_paid_content":false,"footnotes":""},"categories":[1],"tags":[],"class_list":["post-47192","post","type-post","status-publish","format-standard","has-post-thumbnail","hentry","category-uncategorized"],"yoast_head":"<!-- This site is optimized with the Yoast SEO plugin v27.4 - https:\/\/yoast.com\/product\/yoast-seo-wordpress\/ -->\n<title>&quot;\u0218tire de Ultim\u0103 Or\u0103: Antrenorul lui FC Dinamo Bucure\u0219ti, \u017deljko Ko<\/title>\n<meta name=\"description\" content=\"&quot;\u0218tire de Ultim\u0103 Or\u0103: Antrenorul lui FC Dinamo Bucure\u0219ti, \u017deljko Kopi\u0107, anun\u021b\u0103 o mare s\u0103rb\u0103toare m\u00e2ine datorit\u0103...&quot;\" \/>\n<meta name=\"robots\" content=\"index, follow, max-snippet:-1, max-image-preview:large, max-video-preview:-1\" \/>\n<link rel=\"canonical\" href=\"https:\/\/www.letsportsrock.com\/?p=47192\" \/>\n<meta property=\"og:locale\" content=\"en_US\" \/>\n<meta property=\"og:type\" content=\"article\" \/>\n<meta property=\"og:title\" content=\"&quot;\u0218tire de Ultim\u0103 Or\u0103: Antrenorul lui FC Dinamo Bucure\u0219ti, \u017deljko Ko\" \/>\n<meta property=\"og:description\" content=\"&quot;\u0218tire de Ultim\u0103 Or\u0103: Antrenorul lui FC Dinamo Bucure\u0219ti, \u017deljko Kopi\u0107, anun\u021b\u0103 o mare s\u0103rb\u0103toare m\u00e2ine datorit\u0103...&quot;\" \/>\n<meta property=\"og:url\" content=\"https:\/\/www.letsportsrock.com\/?p=47192\" \/>\n<meta property=\"og:site_name\" content=\"letsportsrock\" \/>\n<meta property=\"article:published_time\" content=\"2025-06-12T21:14:15+00:00\" \/>\n<meta property=\"og:image\" content=\"https:\/\/www.letsportsrock.com\/wp-content\/uploads\/2025\/06\/images-53-4.jpeg\" \/>\n\t<meta property=\"og:image:width\" content=\"590\" \/>\n\t<meta property=\"og:image:height\" content=\"393\" \/>\n\t<meta property=\"og:image:type\" content=\"image\/jpeg\" \/>\n<meta name=\"author\" content=\"letsportsrock\" \/>\n<meta name=\"twitter:card\" content=\"summary_large_image\" \/>\n<meta name=\"twitter:label1\" content=\"Written by\" \/>\n\t<meta name=\"twitter:data1\" content=\"letsportsrock\" \/>\n\t<meta name=\"twitter:label2\" content=\"Est. reading time\" \/>\n\t<meta name=\"twitter:data2\" content=\"2 minutes\" \/>\n<script type=\"application\/ld+json\" class=\"yoast-schema-graph\">{\"@context\":\"https:\\\/\\\/schema.org\",\"@graph\":[{\"@type\":\"Article\",\"@id\":\"https:\\\/\\\/www.letsportsrock.com\\\/?p=47192#article\",\"isPartOf\":{\"@id\":\"https:\\\/\\\/www.letsportsrock.com\\\/?p=47192\"},\"author\":{\"name\":\"letsportsrock\",\"@id\":\"https:\\\/\\\/www.letsportsrock.com\\\/#\\\/schema\\\/person\\\/a454ac24e58b214ddd97e4b5afb0bf01\"},\"headline\":\"&#8220;\u0218tire de Ultim\u0103 Or\u0103: Antrenorul lui FC Dinamo Bucure\u0219ti, \u017deljko Kopi\u0107, anun\u021b\u0103 o mare s\u0103rb\u0103toare m\u00e2ine datorit\u0103&#8230;&#8221;\",\"datePublished\":\"2025-06-12T21:14:15+00:00\",\"mainEntityOfPage\":{\"@id\":\"https:\\\/\\\/www.letsportsrock.com\\\/?p=47192\"},\"wordCount\":252,\"commentCount\":0,\"image\":{\"@id\":\"https:\\\/\\\/www.letsportsrock.com\\\/?p=47192#primaryimage\"},\"thumbnailUrl\":\"https:\\\/\\\/www.letsportsrock.com\\\/wp-content\\\/uploads\\\/2025\\\/06\\\/images-53-4.jpeg\",\"inLanguage\":\"en-US\",\"potentialAction\":[{\"@type\":\"CommentAction\",\"name\":\"Comment\",\"target\":[\"https:\\\/\\\/www.letsportsrock.com\\\/?p=47192#respond\"]}]},{\"@type\":\"WebPage\",\"@id\":\"https:\\\/\\\/www.letsportsrock.com\\\/?p=47192\",\"url\":\"https:\\\/\\\/www.letsportsrock.com\\\/?p=47192\",\"name\":\"\\\"\u0218tire de Ultim\u0103 Or\u0103: Antrenorul lui FC Dinamo Bucure\u0219ti, \u017deljko Ko\",\"isPartOf\":{\"@id\":\"https:\\\/\\\/www.letsportsrock.com\\\/#website\"},\"primaryImageOfPage\":{\"@id\":\"https:\\\/\\\/www.letsportsrock.com\\\/?p=47192#primaryimage\"},\"image\":{\"@id\":\"https:\\\/\\\/www.letsportsrock.com\\\/?p=47192#primaryimage\"},\"thumbnailUrl\":\"https:\\\/\\\/www.letsportsrock.com\\\/wp-content\\\/uploads\\\/2025\\\/06\\\/images-53-4.jpeg\",\"datePublished\":\"2025-06-12T21:14:15+00:00\",\"author\":{\"@id\":\"https:\\\/\\\/www.letsportsrock.com\\\/#\\\/schema\\\/person\\\/a454ac24e58b214ddd97e4b5afb0bf01\"},\"description\":\"\\\"\u0218tire de Ultim\u0103 Or\u0103: Antrenorul lui FC Dinamo Bucure\u0219ti, \u017deljko Kopi\u0107, anun\u021b\u0103 o mare s\u0103rb\u0103toare m\u00e2ine datorit\u0103...\\\"\",\"breadcrumb\":{\"@id\":\"https:\\\/\\\/www.letsportsrock.com\\\/?p=47192#breadcrumb\"},\"inLanguage\":\"en-US\",\"potentialAction\":[{\"@type\":\"ReadAction\",\"target\":[\"https:\\\/\\\/www.letsportsrock.com\\\/?p=47192\"]}]},{\"@type\":\"ImageObject\",\"inLanguage\":\"en-US\",\"@id\":\"https:\\\/\\\/www.letsportsrock.com\\\/?p=47192#primaryimage\",\"url\":\"https:\\\/\\\/www.letsportsrock.com\\\/wp-content\\\/uploads\\\/2025\\\/06\\\/images-53-4.jpeg\",\"contentUrl\":\"https:\\\/\\\/www.letsportsrock.com\\\/wp-content\\\/uploads\\\/2025\\\/06\\\/images-53-4.jpeg\",\"width\":590,\"height\":393},{\"@type\":\"BreadcrumbList\",\"@id\":\"https:\\\/\\\/www.letsportsrock.com\\\/?p=47192#breadcrumb\",\"itemListElement\":[{\"@type\":\"ListItem\",\"position\":1,\"name\":\"Home\",\"item\":\"https:\\\/\\\/www.letsportsrock.com\\\/\"},{\"@type\":\"ListItem\",\"position\":2,\"name\":\"&#8220;\u0218tire de Ultim\u0103 Or\u0103: Antrenorul lui FC Dinamo Bucure\u0219ti, \u017deljko Kopi\u0107, anun\u021b\u0103 o mare s\u0103rb\u0103toare m\u00e2ine datorit\u0103&#8230;&#8221;\"}]},{\"@type\":\"WebSite\",\"@id\":\"https:\\\/\\\/www.letsportsrock.com\\\/#website\",\"url\":\"https:\\\/\\\/www.letsportsrock.com\\\/\",\"name\":\"letsportsrock\",\"description\":\"Sport News and Updates\",\"potentialAction\":[{\"@type\":\"SearchAction\",\"target\":{\"@type\":\"EntryPoint\",\"urlTemplate\":\"https:\\\/\\\/www.letsportsrock.com\\\/?s={search_term_string}\"},\"query-input\":{\"@type\":\"PropertyValueSpecification\",\"valueRequired\":true,\"valueName\":\"search_term_string\"}}],\"inLanguage\":\"en-US\"},{\"@type\":\"Person\",\"@id\":\"https:\\\/\\\/www.letsportsrock.com\\\/#\\\/schema\\\/person\\\/a454ac24e58b214ddd97e4b5afb0bf01\",\"name\":\"letsportsrock\",\"image\":{\"@type\":\"ImageObject\",\"inLanguage\":\"en-US\",\"@id\":\"https:\\\/\\\/secure.gravatar.com\\\/avatar\\\/f8ef950cbb7574c0bc874094b8d307659bfe2d7aa4a9d26fa6917eff010748f9?s=96&d=mm&r=g\",\"url\":\"https:\\\/\\\/secure.gravatar.com\\\/avatar\\\/f8ef950cbb7574c0bc874094b8d307659bfe2d7aa4a9d26fa6917eff010748f9?s=96&d=mm&r=g\",\"contentUrl\":\"https:\\\/\\\/secure.gravatar.com\\\/avatar\\\/f8ef950cbb7574c0bc874094b8d307659bfe2d7aa4a9d26fa6917eff010748f9?s=96&d=mm&r=g\",\"caption\":\"letsportsrock\"},\"sameAs\":[\"https:\\\/\\\/www.letsportsrock.com\"],\"url\":\"https:\\\/\\\/www.letsportsrock.com\\\/?author=1\"}]}<\/script>\n<!-- \/ Yoast SEO plugin. -->","yoast_head_json":{"title":"\"\u0218tire de Ultim\u0103 Or\u0103: Antrenorul lui FC Dinamo Bucure\u0219ti, \u017deljko Ko","description":"\"\u0218tire de Ultim\u0103 Or\u0103: Antrenorul lui FC Dinamo Bucure\u0219ti, \u017deljko Kopi\u0107, anun\u021b\u0103 o mare s\u0103rb\u0103toare m\u00e2ine datorit\u0103...\"","robots":{"index":"index","follow":"follow","max-snippet":"max-snippet:-1","max-image-preview":"max-image-preview:large","max-video-preview":"max-video-preview:-1"},"canonical":"https:\/\/www.letsportsrock.com\/?p=47192","og_locale":"en_US","og_type":"article","og_title":"\"\u0218tire de Ultim\u0103 Or\u0103: Antrenorul lui FC Dinamo Bucure\u0219ti, \u017deljko Ko","og_description":"\"\u0218tire de Ultim\u0103 Or\u0103: Antrenorul lui FC Dinamo Bucure\u0219ti, \u017deljko Kopi\u0107, anun\u021b\u0103 o mare s\u0103rb\u0103toare m\u00e2ine datorit\u0103...\"","og_url":"https:\/\/www.letsportsrock.com\/?p=47192","og_site_name":"letsportsrock","article_published_time":"2025-06-12T21:14:15+00:00","og_image":[{"width":590,"height":393,"url":"https:\/\/www.letsportsrock.com\/wp-content\/uploads\/2025\/06\/images-53-4.jpeg","type":"image\/jpeg"}],"author":"letsportsrock","twitter_card":"summary_large_image","twitter_misc":{"Written by":"letsportsrock","Est. reading time":"2 minutes"},"schema":{"@context":"https:\/\/schema.org","@graph":[{"@type":"Article","@id":"https:\/\/www.letsportsrock.com\/?p=47192#article","isPartOf":{"@id":"https:\/\/www.letsportsrock.com\/?p=47192"},"author":{"name":"letsportsrock","@id":"https:\/\/www.letsportsrock.com\/#\/schema\/person\/a454ac24e58b214ddd97e4b5afb0bf01"},"headline":"&#8220;\u0218tire de Ultim\u0103 Or\u0103: Antrenorul lui FC Dinamo Bucure\u0219ti, \u017deljko Kopi\u0107, anun\u021b\u0103 o mare s\u0103rb\u0103toare m\u00e2ine datorit\u0103&#8230;&#8221;","datePublished":"2025-06-12T21:14:15+00:00","mainEntityOfPage":{"@id":"https:\/\/www.letsportsrock.com\/?p=47192"},"wordCount":252,"commentCount":0,"image":{"@id":"https:\/\/www.letsportsrock.com\/?p=47192#primaryimage"},"thumbnailUrl":"https:\/\/www.letsportsrock.com\/wp-content\/uploads\/2025\/06\/images-53-4.jpeg","inLanguage":"en-US","potentialAction":[{"@type":"CommentAction","name":"Comment","target":["https:\/\/www.letsportsrock.com\/?p=47192#respond"]}]},{"@type":"WebPage","@id":"https:\/\/www.letsportsrock.com\/?p=47192","url":"https:\/\/www.letsportsrock.com\/?p=47192","name":"\"\u0218tire de Ultim\u0103 Or\u0103: Antrenorul lui FC Dinamo Bucure\u0219ti, \u017deljko Ko","isPartOf":{"@id":"https:\/\/www.letsportsrock.com\/#website"},"primaryImageOfPage":{"@id":"https:\/\/www.letsportsrock.com\/?p=47192#primaryimage"},"image":{"@id":"https:\/\/www.letsportsrock.com\/?p=47192#primaryimage"},"thumbnailUrl":"https:\/\/www.letsportsrock.com\/wp-content\/uploads\/2025\/06\/images-53-4.jpeg","datePublished":"2025-06-12T21:14:15+00:00","author":{"@id":"https:\/\/www.letsportsrock.com\/#\/schema\/person\/a454ac24e58b214ddd97e4b5afb0bf01"},"description":"\"\u0218tire de Ultim\u0103 Or\u0103: Antrenorul lui FC Dinamo Bucure\u0219ti, \u017deljko Kopi\u0107, anun\u021b\u0103 o mare s\u0103rb\u0103toare m\u00e2ine datorit\u0103...\"","breadcrumb":{"@id":"https:\/\/www.letsportsrock.com\/?p=47192#breadcrumb"},"inLanguage":"en-US","potentialAction":[{"@type":"ReadAction","target":["https:\/\/www.letsportsrock.com\/?p=47192"]}]},{"@type":"ImageObject","inLanguage":"en-US","@id":"https:\/\/www.letsportsrock.com\/?p=47192#primaryimage","url":"https:\/\/www.letsportsrock.com\/wp-content\/uploads\/2025\/06\/images-53-4.jpeg","contentUrl":"https:\/\/www.letsportsrock.com\/wp-content\/uploads\/2025\/06\/images-53-4.jpeg","width":590,"height":393},{"@type":"BreadcrumbList","@id":"https:\/\/www.letsportsrock.com\/?p=47192#breadcrumb","itemListElement":[{"@type":"ListItem","position":1,"name":"Home","item":"https:\/\/www.letsportsrock.com\/"},{"@type":"ListItem","position":2,"name":"&#8220;\u0218tire de Ultim\u0103 Or\u0103: Antrenorul lui FC Dinamo Bucure\u0219ti, \u017deljko Kopi\u0107, anun\u021b\u0103 o mare s\u0103rb\u0103toare m\u00e2ine datorit\u0103&#8230;&#8221;"}]},{"@type":"WebSite","@id":"https:\/\/www.letsportsrock.com\/#website","url":"https:\/\/www.letsportsrock.com\/","name":"letsportsrock","description":"Sport News and Updates","potentialAction":[{"@type":"SearchAction","target":{"@type":"EntryPoint","urlTemplate":"https:\/\/www.letsportsrock.com\/?s={search_term_string}"},"query-input":{"@type":"PropertyValueSpecification","valueRequired":true,"valueName":"search_term_string"}}],"inLanguage":"en-US"},{"@type":"Person","@id":"https:\/\/www.letsportsrock.com\/#\/schema\/person\/a454ac24e58b214ddd97e4b5afb0bf01","name":"letsportsrock","image":{"@type":"ImageObject","inLanguage":"en-US","@id":"https:\/\/secure.gravatar.com\/avatar\/f8ef950cbb7574c0bc874094b8d307659bfe2d7aa4a9d26fa6917eff010748f9?s=96&d=mm&r=g","url":"https:\/\/secure.gravatar.com\/avatar\/f8ef950cbb7574c0bc874094b8d307659bfe2d7aa4a9d26fa6917eff010748f9?s=96&d=mm&r=g","contentUrl":"https:\/\/secure.gravatar.com\/avatar\/f8ef950cbb7574c0bc874094b8d307659bfe2d7aa4a9d26fa6917eff010748f9?s=96&d=mm&r=g","caption":"letsportsrock"},"sameAs":["https:\/\/www.letsportsrock.com"],"url":"https:\/\/www.letsportsrock.com\/?author=1"}]}},"jetpack_featured_media_url":"https:\/\/www.letsportsrock.com\/wp-content\/uploads\/2025\/06\/images-53-4.jpeg","jetpack_sharing_enabled":true,"_links":{"self":[{"href":"https:\/\/www.letsportsrock.com\/index.php?rest_route=\/wp\/v2\/posts\/47192","targetHints":{"allow":["GET"]}}],"collection":[{"href":"https:\/\/www.letsportsrock.com\/index.php?rest_route=\/wp\/v2\/posts"}],"about":[{"href":"https:\/\/www.letsportsrock.com\/index.php?rest_route=\/wp\/v2\/types\/post"}],"author":[{"embeddable":true,"href":"https:\/\/www.letsportsrock.com\/index.php?rest_route=\/wp\/v2\/users\/1"}],"replies":[{"embeddable":true,"href":"https:\/\/www.letsportsrock.com\/index.php?rest_route=%2Fwp%2Fv2%2Fcomments&post=47192"}],"version-history":[{"count":1,"href":"https:\/\/www.letsportsrock.com\/index.php?rest_route=\/wp\/v2\/posts\/47192\/revisions"}],"predecessor-version":[{"id":47194,"href":"https:\/\/www.letsportsrock.com\/index.php?rest_route=\/wp\/v2\/posts\/47192\/revisions\/47194"}],"wp:featuredmedia":[{"embeddable":true,"href":"https:\/\/www.letsportsrock.com\/index.php?rest_route=\/wp\/v2\/media\/47193"}],"wp:attachment":[{"href":"https:\/\/www.letsportsrock.com\/index.php?rest_route=%2Fwp%2Fv2%2Fmedia&parent=47192"}],"wp:term":[{"taxonomy":"category","embeddable":true,"href":"https:\/\/www.letsportsrock.com\/index.php?rest_route=%2Fwp%2Fv2%2Fcategories&post=47192"},{"taxonomy":"post_tag","embeddable":true,"href":"https:\/\/www.letsportsrock.com\/index.php?rest_route=%2Fwp%2Fv2%2Ftags&post=47192"}],"curies":[{"name":"wp","href":"https:\/\/api.w.org\/{rel}","templated":true}]}}