{"id":47338,"date":"2025-06-13T14:22:47","date_gmt":"2025-06-13T14:22:47","guid":{"rendered":"https:\/\/www.letsportsrock.com\/?p=47338"},"modified":"2025-06-13T14:22:47","modified_gmt":"2025-06-13T14:22:47","slug":"dan-nistor-se-intoarce-la-cfr-cluj-determinare-ambitie-si-o-noua-misiune-rosu-si-albastru","status":"publish","type":"post","link":"https:\/\/www.letsportsrock.com\/?p=47338","title":{"rendered":"Dan Nistor se \u00eentoarce la CFR Cluj: Determinare, Ambi\u021bie \u0219i o Nou\u0103 Misiune Ro\u0219u \u0219i Albastru&#8230;&#8230;."},"content":{"rendered":"<div class=\"d79db4796efc26332eabfc3f5dafbc76\" data-index=\"1\" style=\"float: none; margin:10px 0 10px 0; text-align:center;\">\n<div class=\"hb-ad-inarticle\">\r\n    <div class=\"hb-ad-inner\"> \r\n    <div class=\"hbagency_cls\"  id=\"hbagency_space_111930\"><\/div><\/div> <\/div>\n<\/div>\n<p>**Dan Nistor se \u00eentoarce la CFR Cluj: Determinare, Ambi\u021bie \u0219i o Nou\u0103 Misiune Ro\u0219u \u0219i Albastru**<\/p>\n<p>&nbsp;<\/p>\n<p>Dup\u0103 o perioad\u0103 important\u0103 petrecut\u0103 la Universitatea Craiova, Dan Nistor revine la CFR Cluj, clubul care i-a marcat \u00eenceputurile carierei \u00een fotbalul de top. Cu o experien\u021b\u0103 vast\u0103 \u00een Liga 1 \u0219i o reputa\u021bie de mijloca\u0219 muncitor, creativ \u0219i determinat, Nistor vine cu o misiune clar\u0103: s\u0103 aduc\u0103 un plus de calitate \u0219i leadership \u00een vestiarul clujenilor.<\/p>\n<p>&nbsp;<\/p>\n<p>La 36 de ani, Nistor nu mai este doar un juc\u0103tor experimentat, ci \u0219i un lider \u00een teren, capabil s\u0103-\u0219i motiveze coechipierii \u0219i s\u0103 gestioneze momentele tensionate ale meciurilor. Revenirea sa \u00een tricoul vi\u0219iniu este v\u0103zut\u0103 ca o mutare strategic\u0103 de c\u0103tre conducerea clubului, care \u00ee\u0219i propune s\u0103 \u00eent\u0103reasc\u0103 lotul cu juc\u0103tori valoro\u0219i \u0219i cu spirit de sacrificiu.<\/p>\n<p>&nbsp;<\/p>\n<p>\u201eDeterminare\u201d \u0219i \u201eambi\u021bie\u201d sunt cuvintele care definesc perfect revenirea lui Dan Nistor la CFR Cluj. Cu obiective clare \u2013 c\u00e2\u0219tigarea campionatului \u0219i o prezen\u021b\u0103 solid\u0103 \u00een cupele europene \u2013 mijloca\u0219ul central se preg\u0103te\u0219te pentru o nou\u0103 provocare \u00eentr-un mediu cunoscut, dar mai competitiv ca niciodat\u0103. Misiunea \u201ero\u0219u \u0219i albastru\u201d \u00eencepe<\/p>\n<p>acum!<\/p>\n\n<div style=\"font-size: 0px; height: 0px; line-height: 0px; margin: 0; padding: 0; clear: both;\"><\/div>","protected":false},"excerpt":{"rendered":"<p>**Dan Nistor se \u00eentoarce la CFR Cluj: Determinare, Ambi\u021bie \u0219i o Nou\u0103 Misiune Ro\u0219u \u0219i Albastru** &nbsp; Dup\u0103 o perioad\u0103 important\u0103 petrecut\u0103 la Universitatea Craiova, Dan Nistor revine la CFR Cluj, clubul care i-a marcat \u00eenceputurile carierei \u00een fotbalul de top. Cu o experien\u021b\u0103 vast\u0103 \u00een Liga 1 \u0219i o reputa\u021bie de mijloca\u0219 muncitor, creativ [&hellip;]<\/p>\n","protected":false},"author":1,"featured_media":47339,"comment_status":"open","ping_status":"open","sticky":false,"template":"","format":"standard","meta":{"_jetpack_memberships_contains_paid_content":false,"footnotes":""},"categories":[1],"tags":[],"class_list":["post-47338","post","type-post","status-publish","format-standard","has-post-thumbnail","hentry","category-uncategorized"],"yoast_head":"<!-- This site is optimized with the Yoast SEO plugin v27.4 - https:\/\/yoast.com\/product\/yoast-seo-wordpress\/ -->\n<title>Dan Nistor se \u00eentoarce la CFR Cluj: Determinare, Ambi\u021bie \u0219i o Nou\u0103 Misiune Ro\u0219u \u0219i Albastru.......<\/title>\n<meta name=\"description\" content=\"Dan Nistor se \u00eentoarce la CFR Cluj: Determinare, Ambi\u021bie \u0219i o Nou\u0103 Misiune Ro\u0219u \u0219i Albastru.........,.........\" \/>\n<meta name=\"robots\" content=\"index, follow, max-snippet:-1, max-image-preview:large, max-video-preview:-1\" \/>\n<link rel=\"canonical\" href=\"https:\/\/www.letsportsrock.com\/?p=47338\" \/>\n<meta property=\"og:locale\" content=\"en_US\" \/>\n<meta property=\"og:type\" content=\"article\" \/>\n<meta property=\"og:title\" content=\"Dan Nistor se \u00eentoarce la CFR Cluj: Determinare, Ambi\u021bie \u0219i o Nou\u0103 Misiune Ro\u0219u \u0219i Albastru.......\" \/>\n<meta property=\"og:description\" content=\"Dan Nistor se \u00eentoarce la CFR Cluj: Determinare, Ambi\u021bie \u0219i o Nou\u0103 Misiune Ro\u0219u \u0219i Albastru.........,.........\" \/>\n<meta property=\"og:url\" content=\"https:\/\/www.letsportsrock.com\/?p=47338\" \/>\n<meta property=\"og:site_name\" content=\"letsportsrock\" \/>\n<meta property=\"article:published_time\" content=\"2025-06-13T14:22:47+00:00\" \/>\n<meta property=\"og:image\" content=\"https:\/\/www.letsportsrock.com\/wp-content\/uploads\/2025\/06\/images-67-3.jpeg\" \/>\n\t<meta property=\"og:image:width\" content=\"715\" \/>\n\t<meta property=\"og:image:height\" content=\"429\" \/>\n\t<meta property=\"og:image:type\" content=\"image\/jpeg\" \/>\n<meta name=\"author\" content=\"letsportsrock\" \/>\n<meta name=\"twitter:card\" content=\"summary_large_image\" \/>\n<meta name=\"twitter:label1\" content=\"Written by\" \/>\n\t<meta name=\"twitter:data1\" content=\"letsportsrock\" \/>\n\t<meta name=\"twitter:label2\" content=\"Est. reading time\" \/>\n\t<meta name=\"twitter:data2\" content=\"1 minute\" \/>\n<script type=\"application\/ld+json\" class=\"yoast-schema-graph\">{\"@context\":\"https:\\\/\\\/schema.org\",\"@graph\":[{\"@type\":\"Article\",\"@id\":\"https:\\\/\\\/www.letsportsrock.com\\\/?p=47338#article\",\"isPartOf\":{\"@id\":\"https:\\\/\\\/www.letsportsrock.com\\\/?p=47338\"},\"author\":{\"name\":\"letsportsrock\",\"@id\":\"https:\\\/\\\/www.letsportsrock.com\\\/#\\\/schema\\\/person\\\/a454ac24e58b214ddd97e4b5afb0bf01\"},\"headline\":\"Dan Nistor se \u00eentoarce la CFR Cluj: Determinare, Ambi\u021bie \u0219i o Nou\u0103 Misiune Ro\u0219u \u0219i Albastru&#8230;&#8230;.\",\"datePublished\":\"2025-06-13T14:22:47+00:00\",\"mainEntityOfPage\":{\"@id\":\"https:\\\/\\\/www.letsportsrock.com\\\/?p=47338\"},\"wordCount\":217,\"commentCount\":0,\"image\":{\"@id\":\"https:\\\/\\\/www.letsportsrock.com\\\/?p=47338#primaryimage\"},\"thumbnailUrl\":\"https:\\\/\\\/www.letsportsrock.com\\\/wp-content\\\/uploads\\\/2025\\\/06\\\/images-67-3.jpeg\",\"inLanguage\":\"en-US\",\"potentialAction\":[{\"@type\":\"CommentAction\",\"name\":\"Comment\",\"target\":[\"https:\\\/\\\/www.letsportsrock.com\\\/?p=47338#respond\"]}]},{\"@type\":\"WebPage\",\"@id\":\"https:\\\/\\\/www.letsportsrock.com\\\/?p=47338\",\"url\":\"https:\\\/\\\/www.letsportsrock.com\\\/?p=47338\",\"name\":\"Dan Nistor se \u00eentoarce la CFR Cluj: Determinare, Ambi\u021bie \u0219i o Nou\u0103 Misiune Ro\u0219u \u0219i Albastru.......\",\"isPartOf\":{\"@id\":\"https:\\\/\\\/www.letsportsrock.com\\\/#website\"},\"primaryImageOfPage\":{\"@id\":\"https:\\\/\\\/www.letsportsrock.com\\\/?p=47338#primaryimage\"},\"image\":{\"@id\":\"https:\\\/\\\/www.letsportsrock.com\\\/?p=47338#primaryimage\"},\"thumbnailUrl\":\"https:\\\/\\\/www.letsportsrock.com\\\/wp-content\\\/uploads\\\/2025\\\/06\\\/images-67-3.jpeg\",\"datePublished\":\"2025-06-13T14:22:47+00:00\",\"author\":{\"@id\":\"https:\\\/\\\/www.letsportsrock.com\\\/#\\\/schema\\\/person\\\/a454ac24e58b214ddd97e4b5afb0bf01\"},\"description\":\"Dan Nistor se \u00eentoarce la CFR Cluj: Determinare, Ambi\u021bie \u0219i o Nou\u0103 Misiune Ro\u0219u \u0219i Albastru.........,.........\",\"breadcrumb\":{\"@id\":\"https:\\\/\\\/www.letsportsrock.com\\\/?p=47338#breadcrumb\"},\"inLanguage\":\"en-US\",\"potentialAction\":[{\"@type\":\"ReadAction\",\"target\":[\"https:\\\/\\\/www.letsportsrock.com\\\/?p=47338\"]}]},{\"@type\":\"ImageObject\",\"inLanguage\":\"en-US\",\"@id\":\"https:\\\/\\\/www.letsportsrock.com\\\/?p=47338#primaryimage\",\"url\":\"https:\\\/\\\/www.letsportsrock.com\\\/wp-content\\\/uploads\\\/2025\\\/06\\\/images-67-3.jpeg\",\"contentUrl\":\"https:\\\/\\\/www.letsportsrock.com\\\/wp-content\\\/uploads\\\/2025\\\/06\\\/images-67-3.jpeg\",\"width\":715,\"height\":429},{\"@type\":\"BreadcrumbList\",\"@id\":\"https:\\\/\\\/www.letsportsrock.com\\\/?p=47338#breadcrumb\",\"itemListElement\":[{\"@type\":\"ListItem\",\"position\":1,\"name\":\"Home\",\"item\":\"https:\\\/\\\/www.letsportsrock.com\\\/\"},{\"@type\":\"ListItem\",\"position\":2,\"name\":\"Dan Nistor se \u00eentoarce la CFR Cluj: Determinare, Ambi\u021bie \u0219i o Nou\u0103 Misiune Ro\u0219u \u0219i Albastru&#8230;&#8230;.\"}]},{\"@type\":\"WebSite\",\"@id\":\"https:\\\/\\\/www.letsportsrock.com\\\/#website\",\"url\":\"https:\\\/\\\/www.letsportsrock.com\\\/\",\"name\":\"letsportsrock\",\"description\":\"Sport News and Updates\",\"potentialAction\":[{\"@type\":\"SearchAction\",\"target\":{\"@type\":\"EntryPoint\",\"urlTemplate\":\"https:\\\/\\\/www.letsportsrock.com\\\/?s={search_term_string}\"},\"query-input\":{\"@type\":\"PropertyValueSpecification\",\"valueRequired\":true,\"valueName\":\"search_term_string\"}}],\"inLanguage\":\"en-US\"},{\"@type\":\"Person\",\"@id\":\"https:\\\/\\\/www.letsportsrock.com\\\/#\\\/schema\\\/person\\\/a454ac24e58b214ddd97e4b5afb0bf01\",\"name\":\"letsportsrock\",\"image\":{\"@type\":\"ImageObject\",\"inLanguage\":\"en-US\",\"@id\":\"https:\\\/\\\/secure.gravatar.com\\\/avatar\\\/f8ef950cbb7574c0bc874094b8d307659bfe2d7aa4a9d26fa6917eff010748f9?s=96&d=mm&r=g\",\"url\":\"https:\\\/\\\/secure.gravatar.com\\\/avatar\\\/f8ef950cbb7574c0bc874094b8d307659bfe2d7aa4a9d26fa6917eff010748f9?s=96&d=mm&r=g\",\"contentUrl\":\"https:\\\/\\\/secure.gravatar.com\\\/avatar\\\/f8ef950cbb7574c0bc874094b8d307659bfe2d7aa4a9d26fa6917eff010748f9?s=96&d=mm&r=g\",\"caption\":\"letsportsrock\"},\"sameAs\":[\"https:\\\/\\\/www.letsportsrock.com\"],\"url\":\"https:\\\/\\\/www.letsportsrock.com\\\/?author=1\"}]}<\/script>\n<!-- \/ Yoast SEO plugin. -->","yoast_head_json":{"title":"Dan Nistor se \u00eentoarce la CFR Cluj: Determinare, Ambi\u021bie \u0219i o Nou\u0103 Misiune Ro\u0219u \u0219i Albastru.......","description":"Dan Nistor se \u00eentoarce la CFR Cluj: Determinare, Ambi\u021bie \u0219i o Nou\u0103 Misiune Ro\u0219u \u0219i Albastru.........,.........","robots":{"index":"index","follow":"follow","max-snippet":"max-snippet:-1","max-image-preview":"max-image-preview:large","max-video-preview":"max-video-preview:-1"},"canonical":"https:\/\/www.letsportsrock.com\/?p=47338","og_locale":"en_US","og_type":"article","og_title":"Dan Nistor se \u00eentoarce la CFR Cluj: Determinare, Ambi\u021bie \u0219i o Nou\u0103 Misiune Ro\u0219u \u0219i Albastru.......","og_description":"Dan Nistor se \u00eentoarce la CFR Cluj: Determinare, Ambi\u021bie \u0219i o Nou\u0103 Misiune Ro\u0219u \u0219i Albastru.........,.........","og_url":"https:\/\/www.letsportsrock.com\/?p=47338","og_site_name":"letsportsrock","article_published_time":"2025-06-13T14:22:47+00:00","og_image":[{"width":715,"height":429,"url":"https:\/\/www.letsportsrock.com\/wp-content\/uploads\/2025\/06\/images-67-3.jpeg","type":"image\/jpeg"}],"author":"letsportsrock","twitter_card":"summary_large_image","twitter_misc":{"Written by":"letsportsrock","Est. reading time":"1 minute"},"schema":{"@context":"https:\/\/schema.org","@graph":[{"@type":"Article","@id":"https:\/\/www.letsportsrock.com\/?p=47338#article","isPartOf":{"@id":"https:\/\/www.letsportsrock.com\/?p=47338"},"author":{"name":"letsportsrock","@id":"https:\/\/www.letsportsrock.com\/#\/schema\/person\/a454ac24e58b214ddd97e4b5afb0bf01"},"headline":"Dan Nistor se \u00eentoarce la CFR Cluj: Determinare, Ambi\u021bie \u0219i o Nou\u0103 Misiune Ro\u0219u \u0219i Albastru&#8230;&#8230;.","datePublished":"2025-06-13T14:22:47+00:00","mainEntityOfPage":{"@id":"https:\/\/www.letsportsrock.com\/?p=47338"},"wordCount":217,"commentCount":0,"image":{"@id":"https:\/\/www.letsportsrock.com\/?p=47338#primaryimage"},"thumbnailUrl":"https:\/\/www.letsportsrock.com\/wp-content\/uploads\/2025\/06\/images-67-3.jpeg","inLanguage":"en-US","potentialAction":[{"@type":"CommentAction","name":"Comment","target":["https:\/\/www.letsportsrock.com\/?p=47338#respond"]}]},{"@type":"WebPage","@id":"https:\/\/www.letsportsrock.com\/?p=47338","url":"https:\/\/www.letsportsrock.com\/?p=47338","name":"Dan Nistor se \u00eentoarce la CFR Cluj: Determinare, Ambi\u021bie \u0219i o Nou\u0103 Misiune Ro\u0219u \u0219i Albastru.......","isPartOf":{"@id":"https:\/\/www.letsportsrock.com\/#website"},"primaryImageOfPage":{"@id":"https:\/\/www.letsportsrock.com\/?p=47338#primaryimage"},"image":{"@id":"https:\/\/www.letsportsrock.com\/?p=47338#primaryimage"},"thumbnailUrl":"https:\/\/www.letsportsrock.com\/wp-content\/uploads\/2025\/06\/images-67-3.jpeg","datePublished":"2025-06-13T14:22:47+00:00","author":{"@id":"https:\/\/www.letsportsrock.com\/#\/schema\/person\/a454ac24e58b214ddd97e4b5afb0bf01"},"description":"Dan Nistor se \u00eentoarce la CFR Cluj: Determinare, Ambi\u021bie \u0219i o Nou\u0103 Misiune Ro\u0219u \u0219i Albastru.........,.........","breadcrumb":{"@id":"https:\/\/www.letsportsrock.com\/?p=47338#breadcrumb"},"inLanguage":"en-US","potentialAction":[{"@type":"ReadAction","target":["https:\/\/www.letsportsrock.com\/?p=47338"]}]},{"@type":"ImageObject","inLanguage":"en-US","@id":"https:\/\/www.letsportsrock.com\/?p=47338#primaryimage","url":"https:\/\/www.letsportsrock.com\/wp-content\/uploads\/2025\/06\/images-67-3.jpeg","contentUrl":"https:\/\/www.letsportsrock.com\/wp-content\/uploads\/2025\/06\/images-67-3.jpeg","width":715,"height":429},{"@type":"BreadcrumbList","@id":"https:\/\/www.letsportsrock.com\/?p=47338#breadcrumb","itemListElement":[{"@type":"ListItem","position":1,"name":"Home","item":"https:\/\/www.letsportsrock.com\/"},{"@type":"ListItem","position":2,"name":"Dan Nistor se \u00eentoarce la CFR Cluj: Determinare, Ambi\u021bie \u0219i o Nou\u0103 Misiune Ro\u0219u \u0219i Albastru&#8230;&#8230;."}]},{"@type":"WebSite","@id":"https:\/\/www.letsportsrock.com\/#website","url":"https:\/\/www.letsportsrock.com\/","name":"letsportsrock","description":"Sport News and Updates","potentialAction":[{"@type":"SearchAction","target":{"@type":"EntryPoint","urlTemplate":"https:\/\/www.letsportsrock.com\/?s={search_term_string}"},"query-input":{"@type":"PropertyValueSpecification","valueRequired":true,"valueName":"search_term_string"}}],"inLanguage":"en-US"},{"@type":"Person","@id":"https:\/\/www.letsportsrock.com\/#\/schema\/person\/a454ac24e58b214ddd97e4b5afb0bf01","name":"letsportsrock","image":{"@type":"ImageObject","inLanguage":"en-US","@id":"https:\/\/secure.gravatar.com\/avatar\/f8ef950cbb7574c0bc874094b8d307659bfe2d7aa4a9d26fa6917eff010748f9?s=96&d=mm&r=g","url":"https:\/\/secure.gravatar.com\/avatar\/f8ef950cbb7574c0bc874094b8d307659bfe2d7aa4a9d26fa6917eff010748f9?s=96&d=mm&r=g","contentUrl":"https:\/\/secure.gravatar.com\/avatar\/f8ef950cbb7574c0bc874094b8d307659bfe2d7aa4a9d26fa6917eff010748f9?s=96&d=mm&r=g","caption":"letsportsrock"},"sameAs":["https:\/\/www.letsportsrock.com"],"url":"https:\/\/www.letsportsrock.com\/?author=1"}]}},"jetpack_featured_media_url":"https:\/\/www.letsportsrock.com\/wp-content\/uploads\/2025\/06\/images-67-3.jpeg","jetpack_sharing_enabled":true,"_links":{"self":[{"href":"https:\/\/www.letsportsrock.com\/index.php?rest_route=\/wp\/v2\/posts\/47338","targetHints":{"allow":["GET"]}}],"collection":[{"href":"https:\/\/www.letsportsrock.com\/index.php?rest_route=\/wp\/v2\/posts"}],"about":[{"href":"https:\/\/www.letsportsrock.com\/index.php?rest_route=\/wp\/v2\/types\/post"}],"author":[{"embeddable":true,"href":"https:\/\/www.letsportsrock.com\/index.php?rest_route=\/wp\/v2\/users\/1"}],"replies":[{"embeddable":true,"href":"https:\/\/www.letsportsrock.com\/index.php?rest_route=%2Fwp%2Fv2%2Fcomments&post=47338"}],"version-history":[{"count":1,"href":"https:\/\/www.letsportsrock.com\/index.php?rest_route=\/wp\/v2\/posts\/47338\/revisions"}],"predecessor-version":[{"id":47340,"href":"https:\/\/www.letsportsrock.com\/index.php?rest_route=\/wp\/v2\/posts\/47338\/revisions\/47340"}],"wp:featuredmedia":[{"embeddable":true,"href":"https:\/\/www.letsportsrock.com\/index.php?rest_route=\/wp\/v2\/media\/47339"}],"wp:attachment":[{"href":"https:\/\/www.letsportsrock.com\/index.php?rest_route=%2Fwp%2Fv2%2Fmedia&parent=47338"}],"wp:term":[{"taxonomy":"category","embeddable":true,"href":"https:\/\/www.letsportsrock.com\/index.php?rest_route=%2Fwp%2Fv2%2Fcategories&post=47338"},{"taxonomy":"post_tag","embeddable":true,"href":"https:\/\/www.letsportsrock.com\/index.php?rest_route=%2Fwp%2Fv2%2Ftags&post=47338"}],"curies":[{"name":"wp","href":"https:\/\/api.w.org\/{rel}","templated":true}]}}