{"id":47745,"date":"2025-06-16T11:27:08","date_gmt":"2025-06-16T11:27:08","guid":{"rendered":"https:\/\/www.letsportsrock.com\/?p=47745"},"modified":"2025-06-16T11:27:08","modified_gmt":"2025-06-16T11:27:08","slug":"intr-o-miscare-care-a-zguduit-superliga-luca-basceanu-se-alatura-universitatii-craiova","status":"publish","type":"post","link":"https:\/\/www.letsportsrock.com\/?p=47745","title":{"rendered":"\u00centr-o mi\u0219care care a zguduit Superliga, Luca B\u0103sceanu se al\u0103tur\u0103 Universit\u0103\u021bii Craiova&#8230;"},"content":{"rendered":"<div class=\"d79db4796efc26332eabfc3f5dafbc76\" data-index=\"1\" style=\"float: none; margin:10px 0 10px 0; text-align:center;\">\n<div class=\"hb-ad-inarticle\">\r\n    <div class=\"hb-ad-inner\"> \r\n    <div class=\"hbagency_cls\"  id=\"hbagency_space_111930\"><\/div><\/div> <\/div>\n<\/div>\n<p>\u00centr-o mi\u0219care care a zguduit Superliga, Luca B\u0103sceanu se al\u0103tur\u0103 Universit\u0103\u021bii Craiova&#8230;<\/p>\n<p>&nbsp;<\/p>\n<p>\uea030-1\uea05Luca Constantin B\u0103sceanu (n.\u202f17 mai 2006, Constan\u021ba) este unul dintre cei mai promi\u021b\u0103tori mijloca\u0219i ofensivi ai SuperLigii. Format la Academia Gheorghe Hagi din 2012, a debutat \u00een prima echip\u0103 a Farului pe 21 octombrie 2024, \u00een meciul cu Rapid, iar primul s\u0103u gol \u00een Liga\u202fI a venit pe 29 martie 2025, \u00eentr-un meci greu cu Boto\u0219ani\u202f\uea04 . \uea03538-0\uea05Fost interna\u021bional la nivel de U16\u2013U19, B\u0103sceanu a impresionat figura\u021bii ca Ilie Dumitrescu \u0219i Adrian Mutu, datorit\u0103 vitezei, exploziei \u0219i capacit\u0103\u021bii de a crea dezechilibru\u202f\uea04 .<\/p>\n<p><img loading=\"lazy\" decoding=\"async\" class=\"alignnone size-medium wp-image-47747\" src=\"https:\/\/www.letsportsrock.com\/wp-content\/uploads\/2025\/06\/images-2025-06-16T122615.611-300x156.jpeg\" alt=\"\" width=\"300\" height=\"156\" srcset=\"https:\/\/www.letsportsrock.com\/wp-content\/uploads\/2025\/06\/images-2025-06-16T122615.611-300x156.jpeg 300w, https:\/\/www.letsportsrock.com\/wp-content\/uploads\/2025\/06\/images-2025-06-16T122615.611.jpeg 768w\" sizes=\"auto, (max-width: 300px) 100vw, 300px\" \/><\/p>\n<p>\uea03747-0\uea05Pe 20 mai 2025, Universitatea Craiova a ob\u021binut acordul cu Farul Constan\u021ba pentru transferul s\u0103u, achit\u00e2nd o sum\u0103 reportat\u0103 de 1 milion de euro, iar Farul \u00ee\u0219i p\u0103streaz\u0103 20\u202f% dintr-o eventual\u0103 rev\u00e2nzare\u202f\uea04 . Mutarea subliniaz\u0103 ambi\u021bia Craiovei de a investi \u00een tineri cu poten\u021bial, \u00eentr\u2011o campanie de consolidare \u00eenainte de sezonul viitor. Pentru B\u0103sceanu, acest transfer reprezint\u0103 oportunitatea de a c\u00e2\u0219tiga rolurile de titular mai rapid \u0219i de a beneficia de aten\u021bia unei echipe ambi\u021bioase, cu perspective europene.<\/p>\n<p>&nbsp;<\/p>\n<p>\u00cen concluzie, aceast\u0103 mi\u0219care marcheaz\u0103 un pas important pentru cariera lui \u2014 un salt de la un club emergent la unul cu preten\u021bii \u0219i resurse, pun\u00e2nd bazele unei dezvolt\u0103ri accelerate pentru unul dintre talentele de viitor ale fotbalului rom\u00e2nesc.<\/p>\n\n<div style=\"font-size: 0px; height: 0px; line-height: 0px; margin: 0; padding: 0; clear: both;\"><\/div>","protected":false},"excerpt":{"rendered":"<p>\u00centr-o mi\u0219care care a zguduit Superliga, Luca B\u0103sceanu se al\u0103tur\u0103 Universit\u0103\u021bii Craiova&#8230; &nbsp; \uea030-1\uea05Luca Constantin B\u0103sceanu (n.\u202f17 mai 2006, Constan\u021ba) este unul dintre cei mai promi\u021b\u0103tori mijloca\u0219i ofensivi ai SuperLigii. Format la Academia Gheorghe Hagi din 2012, a debutat \u00een prima echip\u0103 a Farului pe 21 octombrie 2024, \u00een meciul cu Rapid, iar primul s\u0103u [&hellip;]<\/p>\n","protected":false},"author":15,"featured_media":47746,"comment_status":"open","ping_status":"open","sticky":false,"template":"","format":"standard","meta":{"_jetpack_memberships_contains_paid_content":false,"footnotes":""},"categories":[1],"tags":[640],"class_list":["post-47745","post","type-post","status-publish","format-standard","has-post-thumbnail","hentry","category-uncategorized","tag-fan-andrei-ivan"],"yoast_head":"<!-- This site is optimized with the Yoast SEO plugin v27.4 - https:\/\/yoast.com\/product\/yoast-seo-wordpress\/ -->\n<title>\u00centr-o mi\u0219care care a zguduit Superliga, Luca B\u0103sceanu se al\u0103tur\u0103 Universit\u0103\u021bii Craiova...<\/title>\n<meta name=\"description\" content=\"\u00centr-o mi\u0219care care a zguduit Superliga, Luca B\u0103sceanu se al\u0103tur\u0103 Universit\u0103\u021bii Craiova...\" \/>\n<meta name=\"robots\" content=\"index, follow, max-snippet:-1, max-image-preview:large, max-video-preview:-1\" \/>\n<link rel=\"canonical\" href=\"https:\/\/www.letsportsrock.com\/?p=47745\" \/>\n<meta property=\"og:locale\" content=\"en_US\" \/>\n<meta property=\"og:type\" content=\"article\" \/>\n<meta property=\"og:title\" content=\"\u00centr-o mi\u0219care care a zguduit Superliga, Luca B\u0103sceanu se al\u0103tur\u0103 Universit\u0103\u021bii Craiova...\" \/>\n<meta property=\"og:description\" content=\"\u00centr-o mi\u0219care care a zguduit Superliga, Luca B\u0103sceanu se al\u0103tur\u0103 Universit\u0103\u021bii Craiova...\" \/>\n<meta property=\"og:url\" content=\"https:\/\/www.letsportsrock.com\/?p=47745\" \/>\n<meta property=\"og:site_name\" content=\"letsportsrock\" \/>\n<meta property=\"article:published_time\" content=\"2025-06-16T11:27:08+00:00\" \/>\n<meta property=\"og:image\" content=\"https:\/\/www.letsportsrock.com\/wp-content\/uploads\/2025\/06\/images-2025-06-16T122557.905.jpeg\" \/>\n\t<meta property=\"og:image:width\" content=\"746\" \/>\n\t<meta property=\"og:image:height\" content=\"411\" \/>\n\t<meta property=\"og:image:type\" content=\"image\/jpeg\" \/>\n<meta name=\"author\" content=\"Amos Nabizo\" \/>\n<meta name=\"twitter:card\" content=\"summary_large_image\" \/>\n<meta name=\"twitter:label1\" content=\"Written by\" \/>\n\t<meta name=\"twitter:data1\" content=\"Amos Nabizo\" \/>\n\t<meta name=\"twitter:label2\" content=\"Est. reading time\" \/>\n\t<meta name=\"twitter:data2\" content=\"2 minutes\" \/>\n<script type=\"application\/ld+json\" class=\"yoast-schema-graph\">{\"@context\":\"https:\\\/\\\/schema.org\",\"@graph\":[{\"@type\":\"Article\",\"@id\":\"https:\\\/\\\/www.letsportsrock.com\\\/?p=47745#article\",\"isPartOf\":{\"@id\":\"https:\\\/\\\/www.letsportsrock.com\\\/?p=47745\"},\"author\":{\"name\":\"Amos Nabizo\",\"@id\":\"https:\\\/\\\/www.letsportsrock.com\\\/#\\\/schema\\\/person\\\/044479f72bdbd75f9523e745d3be6c30\"},\"headline\":\"\u00centr-o mi\u0219care care a zguduit Superliga, Luca B\u0103sceanu se al\u0103tur\u0103 Universit\u0103\u021bii Craiova&#8230;\",\"datePublished\":\"2025-06-16T11:27:08+00:00\",\"mainEntityOfPage\":{\"@id\":\"https:\\\/\\\/www.letsportsrock.com\\\/?p=47745\"},\"wordCount\":253,\"commentCount\":0,\"image\":{\"@id\":\"https:\\\/\\\/www.letsportsrock.com\\\/?p=47745#primaryimage\"},\"thumbnailUrl\":\"https:\\\/\\\/www.letsportsrock.com\\\/wp-content\\\/uploads\\\/2025\\\/06\\\/images-2025-06-16T122557.905.jpeg\",\"keywords\":[\"Fan Andrei Ivan\"],\"inLanguage\":\"en-US\",\"potentialAction\":[{\"@type\":\"CommentAction\",\"name\":\"Comment\",\"target\":[\"https:\\\/\\\/www.letsportsrock.com\\\/?p=47745#respond\"]}]},{\"@type\":\"WebPage\",\"@id\":\"https:\\\/\\\/www.letsportsrock.com\\\/?p=47745\",\"url\":\"https:\\\/\\\/www.letsportsrock.com\\\/?p=47745\",\"name\":\"\u00centr-o mi\u0219care care a zguduit Superliga, Luca B\u0103sceanu se al\u0103tur\u0103 Universit\u0103\u021bii Craiova...\",\"isPartOf\":{\"@id\":\"https:\\\/\\\/www.letsportsrock.com\\\/#website\"},\"primaryImageOfPage\":{\"@id\":\"https:\\\/\\\/www.letsportsrock.com\\\/?p=47745#primaryimage\"},\"image\":{\"@id\":\"https:\\\/\\\/www.letsportsrock.com\\\/?p=47745#primaryimage\"},\"thumbnailUrl\":\"https:\\\/\\\/www.letsportsrock.com\\\/wp-content\\\/uploads\\\/2025\\\/06\\\/images-2025-06-16T122557.905.jpeg\",\"datePublished\":\"2025-06-16T11:27:08+00:00\",\"author\":{\"@id\":\"https:\\\/\\\/www.letsportsrock.com\\\/#\\\/schema\\\/person\\\/044479f72bdbd75f9523e745d3be6c30\"},\"description\":\"\u00centr-o mi\u0219care care a zguduit Superliga, Luca B\u0103sceanu se al\u0103tur\u0103 Universit\u0103\u021bii Craiova...\",\"breadcrumb\":{\"@id\":\"https:\\\/\\\/www.letsportsrock.com\\\/?p=47745#breadcrumb\"},\"inLanguage\":\"en-US\",\"potentialAction\":[{\"@type\":\"ReadAction\",\"target\":[\"https:\\\/\\\/www.letsportsrock.com\\\/?p=47745\"]}]},{\"@type\":\"ImageObject\",\"inLanguage\":\"en-US\",\"@id\":\"https:\\\/\\\/www.letsportsrock.com\\\/?p=47745#primaryimage\",\"url\":\"https:\\\/\\\/www.letsportsrock.com\\\/wp-content\\\/uploads\\\/2025\\\/06\\\/images-2025-06-16T122557.905.jpeg\",\"contentUrl\":\"https:\\\/\\\/www.letsportsrock.com\\\/wp-content\\\/uploads\\\/2025\\\/06\\\/images-2025-06-16T122557.905.jpeg\",\"width\":746,\"height\":411},{\"@type\":\"BreadcrumbList\",\"@id\":\"https:\\\/\\\/www.letsportsrock.com\\\/?p=47745#breadcrumb\",\"itemListElement\":[{\"@type\":\"ListItem\",\"position\":1,\"name\":\"Home\",\"item\":\"https:\\\/\\\/www.letsportsrock.com\\\/\"},{\"@type\":\"ListItem\",\"position\":2,\"name\":\"\u00centr-o mi\u0219care care a zguduit Superliga, Luca B\u0103sceanu se al\u0103tur\u0103 Universit\u0103\u021bii Craiova&#8230;\"}]},{\"@type\":\"WebSite\",\"@id\":\"https:\\\/\\\/www.letsportsrock.com\\\/#website\",\"url\":\"https:\\\/\\\/www.letsportsrock.com\\\/\",\"name\":\"letsportsrock\",\"description\":\"Sport News and Updates\",\"potentialAction\":[{\"@type\":\"SearchAction\",\"target\":{\"@type\":\"EntryPoint\",\"urlTemplate\":\"https:\\\/\\\/www.letsportsrock.com\\\/?s={search_term_string}\"},\"query-input\":{\"@type\":\"PropertyValueSpecification\",\"valueRequired\":true,\"valueName\":\"search_term_string\"}}],\"inLanguage\":\"en-US\"},{\"@type\":\"Person\",\"@id\":\"https:\\\/\\\/www.letsportsrock.com\\\/#\\\/schema\\\/person\\\/044479f72bdbd75f9523e745d3be6c30\",\"name\":\"Amos Nabizo\",\"image\":{\"@type\":\"ImageObject\",\"inLanguage\":\"en-US\",\"@id\":\"https:\\\/\\\/secure.gravatar.com\\\/avatar\\\/d569857c07d3899c6ca842ffea32daa1672c05549833530fe37e68ae7b521ba4?s=96&d=mm&r=g\",\"url\":\"https:\\\/\\\/secure.gravatar.com\\\/avatar\\\/d569857c07d3899c6ca842ffea32daa1672c05549833530fe37e68ae7b521ba4?s=96&d=mm&r=g\",\"contentUrl\":\"https:\\\/\\\/secure.gravatar.com\\\/avatar\\\/d569857c07d3899c6ca842ffea32daa1672c05549833530fe37e68ae7b521ba4?s=96&d=mm&r=g\",\"caption\":\"Amos Nabizo\"},\"sameAs\":[\"https:\\\/\\\/www.letsportsrock.com\\\/wp-admin\\\/\"],\"url\":\"https:\\\/\\\/www.letsportsrock.com\\\/?author=15\"}]}<\/script>\n<!-- \/ Yoast SEO plugin. -->","yoast_head_json":{"title":"\u00centr-o mi\u0219care care a zguduit Superliga, Luca B\u0103sceanu se al\u0103tur\u0103 Universit\u0103\u021bii Craiova...","description":"\u00centr-o mi\u0219care care a zguduit Superliga, Luca B\u0103sceanu se al\u0103tur\u0103 Universit\u0103\u021bii Craiova...","robots":{"index":"index","follow":"follow","max-snippet":"max-snippet:-1","max-image-preview":"max-image-preview:large","max-video-preview":"max-video-preview:-1"},"canonical":"https:\/\/www.letsportsrock.com\/?p=47745","og_locale":"en_US","og_type":"article","og_title":"\u00centr-o mi\u0219care care a zguduit Superliga, Luca B\u0103sceanu se al\u0103tur\u0103 Universit\u0103\u021bii Craiova...","og_description":"\u00centr-o mi\u0219care care a zguduit Superliga, Luca B\u0103sceanu se al\u0103tur\u0103 Universit\u0103\u021bii Craiova...","og_url":"https:\/\/www.letsportsrock.com\/?p=47745","og_site_name":"letsportsrock","article_published_time":"2025-06-16T11:27:08+00:00","og_image":[{"width":746,"height":411,"url":"https:\/\/www.letsportsrock.com\/wp-content\/uploads\/2025\/06\/images-2025-06-16T122557.905.jpeg","type":"image\/jpeg"}],"author":"Amos Nabizo","twitter_card":"summary_large_image","twitter_misc":{"Written by":"Amos Nabizo","Est. reading time":"2 minutes"},"schema":{"@context":"https:\/\/schema.org","@graph":[{"@type":"Article","@id":"https:\/\/www.letsportsrock.com\/?p=47745#article","isPartOf":{"@id":"https:\/\/www.letsportsrock.com\/?p=47745"},"author":{"name":"Amos Nabizo","@id":"https:\/\/www.letsportsrock.com\/#\/schema\/person\/044479f72bdbd75f9523e745d3be6c30"},"headline":"\u00centr-o mi\u0219care care a zguduit Superliga, Luca B\u0103sceanu se al\u0103tur\u0103 Universit\u0103\u021bii Craiova&#8230;","datePublished":"2025-06-16T11:27:08+00:00","mainEntityOfPage":{"@id":"https:\/\/www.letsportsrock.com\/?p=47745"},"wordCount":253,"commentCount":0,"image":{"@id":"https:\/\/www.letsportsrock.com\/?p=47745#primaryimage"},"thumbnailUrl":"https:\/\/www.letsportsrock.com\/wp-content\/uploads\/2025\/06\/images-2025-06-16T122557.905.jpeg","keywords":["Fan Andrei Ivan"],"inLanguage":"en-US","potentialAction":[{"@type":"CommentAction","name":"Comment","target":["https:\/\/www.letsportsrock.com\/?p=47745#respond"]}]},{"@type":"WebPage","@id":"https:\/\/www.letsportsrock.com\/?p=47745","url":"https:\/\/www.letsportsrock.com\/?p=47745","name":"\u00centr-o mi\u0219care care a zguduit Superliga, Luca B\u0103sceanu se al\u0103tur\u0103 Universit\u0103\u021bii Craiova...","isPartOf":{"@id":"https:\/\/www.letsportsrock.com\/#website"},"primaryImageOfPage":{"@id":"https:\/\/www.letsportsrock.com\/?p=47745#primaryimage"},"image":{"@id":"https:\/\/www.letsportsrock.com\/?p=47745#primaryimage"},"thumbnailUrl":"https:\/\/www.letsportsrock.com\/wp-content\/uploads\/2025\/06\/images-2025-06-16T122557.905.jpeg","datePublished":"2025-06-16T11:27:08+00:00","author":{"@id":"https:\/\/www.letsportsrock.com\/#\/schema\/person\/044479f72bdbd75f9523e745d3be6c30"},"description":"\u00centr-o mi\u0219care care a zguduit Superliga, Luca B\u0103sceanu se al\u0103tur\u0103 Universit\u0103\u021bii Craiova...","breadcrumb":{"@id":"https:\/\/www.letsportsrock.com\/?p=47745#breadcrumb"},"inLanguage":"en-US","potentialAction":[{"@type":"ReadAction","target":["https:\/\/www.letsportsrock.com\/?p=47745"]}]},{"@type":"ImageObject","inLanguage":"en-US","@id":"https:\/\/www.letsportsrock.com\/?p=47745#primaryimage","url":"https:\/\/www.letsportsrock.com\/wp-content\/uploads\/2025\/06\/images-2025-06-16T122557.905.jpeg","contentUrl":"https:\/\/www.letsportsrock.com\/wp-content\/uploads\/2025\/06\/images-2025-06-16T122557.905.jpeg","width":746,"height":411},{"@type":"BreadcrumbList","@id":"https:\/\/www.letsportsrock.com\/?p=47745#breadcrumb","itemListElement":[{"@type":"ListItem","position":1,"name":"Home","item":"https:\/\/www.letsportsrock.com\/"},{"@type":"ListItem","position":2,"name":"\u00centr-o mi\u0219care care a zguduit Superliga, Luca B\u0103sceanu se al\u0103tur\u0103 Universit\u0103\u021bii Craiova&#8230;"}]},{"@type":"WebSite","@id":"https:\/\/www.letsportsrock.com\/#website","url":"https:\/\/www.letsportsrock.com\/","name":"letsportsrock","description":"Sport News and Updates","potentialAction":[{"@type":"SearchAction","target":{"@type":"EntryPoint","urlTemplate":"https:\/\/www.letsportsrock.com\/?s={search_term_string}"},"query-input":{"@type":"PropertyValueSpecification","valueRequired":true,"valueName":"search_term_string"}}],"inLanguage":"en-US"},{"@type":"Person","@id":"https:\/\/www.letsportsrock.com\/#\/schema\/person\/044479f72bdbd75f9523e745d3be6c30","name":"Amos Nabizo","image":{"@type":"ImageObject","inLanguage":"en-US","@id":"https:\/\/secure.gravatar.com\/avatar\/d569857c07d3899c6ca842ffea32daa1672c05549833530fe37e68ae7b521ba4?s=96&d=mm&r=g","url":"https:\/\/secure.gravatar.com\/avatar\/d569857c07d3899c6ca842ffea32daa1672c05549833530fe37e68ae7b521ba4?s=96&d=mm&r=g","contentUrl":"https:\/\/secure.gravatar.com\/avatar\/d569857c07d3899c6ca842ffea32daa1672c05549833530fe37e68ae7b521ba4?s=96&d=mm&r=g","caption":"Amos Nabizo"},"sameAs":["https:\/\/www.letsportsrock.com\/wp-admin\/"],"url":"https:\/\/www.letsportsrock.com\/?author=15"}]}},"jetpack_featured_media_url":"https:\/\/www.letsportsrock.com\/wp-content\/uploads\/2025\/06\/images-2025-06-16T122557.905.jpeg","jetpack_sharing_enabled":true,"_links":{"self":[{"href":"https:\/\/www.letsportsrock.com\/index.php?rest_route=\/wp\/v2\/posts\/47745","targetHints":{"allow":["GET"]}}],"collection":[{"href":"https:\/\/www.letsportsrock.com\/index.php?rest_route=\/wp\/v2\/posts"}],"about":[{"href":"https:\/\/www.letsportsrock.com\/index.php?rest_route=\/wp\/v2\/types\/post"}],"author":[{"embeddable":true,"href":"https:\/\/www.letsportsrock.com\/index.php?rest_route=\/wp\/v2\/users\/15"}],"replies":[{"embeddable":true,"href":"https:\/\/www.letsportsrock.com\/index.php?rest_route=%2Fwp%2Fv2%2Fcomments&post=47745"}],"version-history":[{"count":1,"href":"https:\/\/www.letsportsrock.com\/index.php?rest_route=\/wp\/v2\/posts\/47745\/revisions"}],"predecessor-version":[{"id":47748,"href":"https:\/\/www.letsportsrock.com\/index.php?rest_route=\/wp\/v2\/posts\/47745\/revisions\/47748"}],"wp:featuredmedia":[{"embeddable":true,"href":"https:\/\/www.letsportsrock.com\/index.php?rest_route=\/wp\/v2\/media\/47746"}],"wp:attachment":[{"href":"https:\/\/www.letsportsrock.com\/index.php?rest_route=%2Fwp%2Fv2%2Fmedia&parent=47745"}],"wp:term":[{"taxonomy":"category","embeddable":true,"href":"https:\/\/www.letsportsrock.com\/index.php?rest_route=%2Fwp%2Fv2%2Fcategories&post=47745"},{"taxonomy":"post_tag","embeddable":true,"href":"https:\/\/www.letsportsrock.com\/index.php?rest_route=%2Fwp%2Fv2%2Ftags&post=47745"}],"curies":[{"name":"wp","href":"https:\/\/api.w.org\/{rel}","templated":true}]}}