{"id":48292,"date":"2025-06-18T22:16:09","date_gmt":"2025-06-18T22:16:09","guid":{"rendered":"https:\/\/www.letsportsrock.com\/?p=48292"},"modified":"2025-06-18T22:16:09","modified_gmt":"2025-06-18T22:16:09","slug":"soc-in-liga-1-antrenorul-principal-al-cfr-cluj-a-dezvaluit-un-atacant-vedeta-in-vestiar-starnind-agitatie-in-randul-jucatorilor-desi","status":"publish","type":"post","link":"https:\/\/www.letsportsrock.com\/?p=48292","title":{"rendered":"\u0218oc \u00een Liga 1: antrenorul principal al CFR Cluj a dezv\u0103luit un atacant vedet\u0103 \u00een vestiar, st\u00e2rnind agita\u021bie \u00een r\u00e2ndul juc\u0103torilor, de\u0219i&#8230;"},"content":{"rendered":"<div class=\"d79db4796efc26332eabfc3f5dafbc76\" data-index=\"1\" style=\"float: none; margin:10px 0 10px 0; text-align:center;\">\n<div class=\"hb-ad-inarticle\">\r\n    <div class=\"hb-ad-inner\"> \r\n    <div class=\"hbagency_cls\"  id=\"hbagency_space_111930\"><\/div><\/div> <\/div>\n<\/div>\n<h2>\u0218oc \u00een Liga 1: antrenorul principal al CFR Cluj a dezv\u0103luit un atacant vedet\u0103 \u00een vestiar, st\u00e2rnind agita\u021bie \u00een r\u00e2ndul juc\u0103torilor, de\u0219i&#8230;<\/h2>\n<p>&nbsp;<\/p>\n<p>Antrenorul principal al CFR Cluj, Dan Petrescu, a provocat agita\u021bie \u00een vestiar odat\u0103 cu sosirea noului atacant, Louis Munteanu, ceea ce a generat tensiuni notabile \u00een r\u00e2ndul juc\u0103torilor cu experien\u021b\u0103. Atacantul rom\u00e2n \u00een v\u00e2rst\u0103 de 23 de ani a fost transferat de la Fiorentina \u00eentr-o afacere valoroas\u0103 vara trecut\u0103 \u0219i a reu\u0219it deja s\u0103 \u00eenscrie 23 de goluri \u00een 35 de meciuri din Liga I, ob\u021bin\u00e2nd titlul de golgheter \u0219i contribuind decisiv la c\u00e2\u0219tigarea Cupei Rom\u00e2niei.<\/p>\n<p>&nbsp;<\/p>\n<p>Totu\u0219i, influen\u021ba lui Munteanu dep\u0103\u0219e\u0219te cifrele statistice. Adaptarea rapid\u0103, instinctul de golgheter \u0219i tehnica sa au alimentat competi\u021bia intern\u0103. Se vehiculeaz\u0103 c\u0103 juc\u0103tori consacra\u021bi precum Daniel B\u00eerligea simt c\u0103 pozi\u021biile lor sunt \u00een pericol, mai ales c\u0103 Petrescu a \u00eenceput s\u0103 roteasc\u0103 juc\u0103torii \u00een func\u021bie de form\u0103 \u0219i presta\u021biile recente. De\u0219i o astfel de competi\u021bie este benefic\u0103, surse apropiate echipei spun c\u0103 tensiunile au izbucnit uneori la antrenamente\u2014atitudinea hot\u0103r\u00e2t\u0103 a lui Munteanu \u0219i dorin\u021ba de a fi titular au provocat nelini\u0219te \u00een r\u00e2ndul veteranilor.<\/p>\n<p>&nbsp;<\/p>\n<p>Petrescu, cunoscut pentru stilul s\u0103u disciplinar \u0219i abilit\u0103\u021bile tactice, l-a l\u0103udat public pe Munteanu pentru devotamentul \u0219i impactul s\u0103u\u2014pun\u00e2nd accent pe munca de pressing \u0219i inteligen\u021ba \u00een jocul de combina\u021bii. \u00cen privat \u00eens\u0103, se pare c\u0103 tehnicianul gestioneaz\u0103 cu grij\u0103 dinamica sensibil\u0103 a lotului, \u00eencerc\u00e2nd s\u0103 recompenseze forma bun\u0103 f\u0103r\u0103 a afecta echilibrul echipei.<\/p>\n<p>\u00cen condi\u021biile \u00een care CFR Cluj lupt\u0103 pentru un nou titlu \u00een Liga I, Petrescu are \u00een fa\u021b\u0103 o provocare major\u0103: s\u0103 valorifice talentul \u00een ascensiune al lui Munteanu f\u0103r\u0103 a compromite unitatea grupului. Urm\u0103toarele s\u0103pt\u0103m\u00e2ni, pline de meciuri cruciale \u00een campionat \u0219i cup\u0103, ar putea fi decisive \u00een conturarea modului \u00een care aceast\u0103 rivalitate intern\u0103 va influen\u021ba parcursul ec<\/p>\n<p>hipei.<\/p>\n\n<div style=\"font-size: 0px; height: 0px; line-height: 0px; margin: 0; padding: 0; clear: both;\"><\/div>","protected":false},"excerpt":{"rendered":"<p>\u0218oc \u00een Liga 1: antrenorul principal al CFR Cluj a dezv\u0103luit un atacant vedet\u0103 \u00een vestiar, st\u00e2rnind agita\u021bie \u00een r\u00e2ndul juc\u0103torilor, de\u0219i&#8230; &nbsp; Antrenorul principal al CFR Cluj, Dan Petrescu, a provocat agita\u021bie \u00een vestiar odat\u0103 cu sosirea noului atacant, Louis Munteanu, ceea ce a generat tensiuni notabile \u00een r\u00e2ndul juc\u0103torilor cu experien\u021b\u0103. Atacantul rom\u00e2n [&hellip;]<\/p>\n","protected":false},"author":11,"featured_media":48294,"comment_status":"open","ping_status":"open","sticky":false,"template":"","format":"standard","meta":{"_jetpack_memberships_contains_paid_content":false,"footnotes":""},"categories":[1],"tags":[],"class_list":["post-48292","post","type-post","status-publish","format-standard","has-post-thumbnail","hentry","category-uncategorized"],"yoast_head":"<!-- This site is optimized with the Yoast SEO plugin v27.4 - https:\/\/yoast.com\/product\/yoast-seo-wordpress\/ -->\n<title>\u0218oc \u00een Liga 1: antrenorul principal al CFR Cluj a dezv\u0103luit un ..<\/title>\n<meta name=\"description\" content=\"\u0218oc \u00een Liga 1: antrenorul principal al CFR Cluj a dezv\u0103luit un atacant vedet\u0103 \u00een vestiar, st\u00e2rnind agita\u021bie \u00een r\u00e2ndul juc\u0103torilor, de\u0219i...\" \/>\n<meta name=\"robots\" content=\"index, follow, max-snippet:-1, max-image-preview:large, max-video-preview:-1\" \/>\n<link rel=\"canonical\" href=\"https:\/\/www.letsportsrock.com\/?p=48292\" \/>\n<meta property=\"og:locale\" content=\"en_US\" \/>\n<meta property=\"og:type\" content=\"article\" \/>\n<meta property=\"og:title\" content=\"\u0218oc \u00een Liga 1: antrenorul principal al CFR Cluj a dezv\u0103luit un ..\" \/>\n<meta property=\"og:description\" content=\"\u0218oc \u00een Liga 1: antrenorul principal al CFR Cluj a dezv\u0103luit un atacant vedet\u0103 \u00een vestiar, st\u00e2rnind agita\u021bie \u00een r\u00e2ndul juc\u0103torilor, de\u0219i...\" \/>\n<meta property=\"og:url\" content=\"https:\/\/www.letsportsrock.com\/?p=48292\" \/>\n<meta property=\"og:site_name\" content=\"letsportsrock\" \/>\n<meta property=\"article:published_time\" content=\"2025-06-18T22:16:09+00:00\" \/>\n<meta property=\"og:image\" content=\"https:\/\/www.letsportsrock.com\/wp-content\/uploads\/2025\/06\/images-12-6.jpeg\" \/>\n\t<meta property=\"og:image:width\" content=\"700\" \/>\n\t<meta property=\"og:image:height\" content=\"420\" \/>\n\t<meta property=\"og:image:type\" content=\"image\/jpeg\" \/>\n<meta name=\"author\" content=\"Shughun Ivory\" \/>\n<meta name=\"twitter:card\" content=\"summary_large_image\" \/>\n<meta name=\"twitter:label1\" content=\"Written by\" \/>\n\t<meta name=\"twitter:data1\" content=\"Shughun Ivory\" \/>\n\t<meta name=\"twitter:label2\" content=\"Est. reading time\" \/>\n\t<meta name=\"twitter:data2\" content=\"2 minutes\" \/>\n<script type=\"application\/ld+json\" class=\"yoast-schema-graph\">{\"@context\":\"https:\\\/\\\/schema.org\",\"@graph\":[{\"@type\":\"Article\",\"@id\":\"https:\\\/\\\/www.letsportsrock.com\\\/?p=48292#article\",\"isPartOf\":{\"@id\":\"https:\\\/\\\/www.letsportsrock.com\\\/?p=48292\"},\"author\":{\"name\":\"Shughun Ivory\",\"@id\":\"https:\\\/\\\/www.letsportsrock.com\\\/#\\\/schema\\\/person\\\/674619adef31b09138e9ccd4e2852ee0\"},\"headline\":\"\u0218oc \u00een Liga 1: antrenorul principal al CFR Cluj a dezv\u0103luit un atacant vedet\u0103 \u00een vestiar, st\u00e2rnind agita\u021bie \u00een r\u00e2ndul juc\u0103torilor, de\u0219i&#8230;\",\"datePublished\":\"2025-06-18T22:16:09+00:00\",\"mainEntityOfPage\":{\"@id\":\"https:\\\/\\\/www.letsportsrock.com\\\/?p=48292\"},\"wordCount\":376,\"commentCount\":0,\"image\":{\"@id\":\"https:\\\/\\\/www.letsportsrock.com\\\/?p=48292#primaryimage\"},\"thumbnailUrl\":\"https:\\\/\\\/www.letsportsrock.com\\\/wp-content\\\/uploads\\\/2025\\\/06\\\/images-12-6.jpeg\",\"inLanguage\":\"en-US\",\"potentialAction\":[{\"@type\":\"CommentAction\",\"name\":\"Comment\",\"target\":[\"https:\\\/\\\/www.letsportsrock.com\\\/?p=48292#respond\"]}]},{\"@type\":\"WebPage\",\"@id\":\"https:\\\/\\\/www.letsportsrock.com\\\/?p=48292\",\"url\":\"https:\\\/\\\/www.letsportsrock.com\\\/?p=48292\",\"name\":\"\u0218oc \u00een Liga 1: antrenorul principal al CFR Cluj a dezv\u0103luit un ..\",\"isPartOf\":{\"@id\":\"https:\\\/\\\/www.letsportsrock.com\\\/#website\"},\"primaryImageOfPage\":{\"@id\":\"https:\\\/\\\/www.letsportsrock.com\\\/?p=48292#primaryimage\"},\"image\":{\"@id\":\"https:\\\/\\\/www.letsportsrock.com\\\/?p=48292#primaryimage\"},\"thumbnailUrl\":\"https:\\\/\\\/www.letsportsrock.com\\\/wp-content\\\/uploads\\\/2025\\\/06\\\/images-12-6.jpeg\",\"datePublished\":\"2025-06-18T22:16:09+00:00\",\"author\":{\"@id\":\"https:\\\/\\\/www.letsportsrock.com\\\/#\\\/schema\\\/person\\\/674619adef31b09138e9ccd4e2852ee0\"},\"description\":\"\u0218oc \u00een Liga 1: antrenorul principal al CFR Cluj a dezv\u0103luit un atacant vedet\u0103 \u00een vestiar, st\u00e2rnind agita\u021bie \u00een r\u00e2ndul juc\u0103torilor, de\u0219i...\",\"breadcrumb\":{\"@id\":\"https:\\\/\\\/www.letsportsrock.com\\\/?p=48292#breadcrumb\"},\"inLanguage\":\"en-US\",\"potentialAction\":[{\"@type\":\"ReadAction\",\"target\":[\"https:\\\/\\\/www.letsportsrock.com\\\/?p=48292\"]}]},{\"@type\":\"ImageObject\",\"inLanguage\":\"en-US\",\"@id\":\"https:\\\/\\\/www.letsportsrock.com\\\/?p=48292#primaryimage\",\"url\":\"https:\\\/\\\/www.letsportsrock.com\\\/wp-content\\\/uploads\\\/2025\\\/06\\\/images-12-6.jpeg\",\"contentUrl\":\"https:\\\/\\\/www.letsportsrock.com\\\/wp-content\\\/uploads\\\/2025\\\/06\\\/images-12-6.jpeg\",\"width\":700,\"height\":420},{\"@type\":\"BreadcrumbList\",\"@id\":\"https:\\\/\\\/www.letsportsrock.com\\\/?p=48292#breadcrumb\",\"itemListElement\":[{\"@type\":\"ListItem\",\"position\":1,\"name\":\"Home\",\"item\":\"https:\\\/\\\/www.letsportsrock.com\\\/\"},{\"@type\":\"ListItem\",\"position\":2,\"name\":\"\u0218oc \u00een Liga 1: antrenorul principal al CFR Cluj a dezv\u0103luit un atacant vedet\u0103 \u00een vestiar, st\u00e2rnind agita\u021bie \u00een r\u00e2ndul juc\u0103torilor, de\u0219i&#8230;\"}]},{\"@type\":\"WebSite\",\"@id\":\"https:\\\/\\\/www.letsportsrock.com\\\/#website\",\"url\":\"https:\\\/\\\/www.letsportsrock.com\\\/\",\"name\":\"letsportsrock\",\"description\":\"Sport News and Updates\",\"potentialAction\":[{\"@type\":\"SearchAction\",\"target\":{\"@type\":\"EntryPoint\",\"urlTemplate\":\"https:\\\/\\\/www.letsportsrock.com\\\/?s={search_term_string}\"},\"query-input\":{\"@type\":\"PropertyValueSpecification\",\"valueRequired\":true,\"valueName\":\"search_term_string\"}}],\"inLanguage\":\"en-US\"},{\"@type\":\"Person\",\"@id\":\"https:\\\/\\\/www.letsportsrock.com\\\/#\\\/schema\\\/person\\\/674619adef31b09138e9ccd4e2852ee0\",\"name\":\"Shughun Ivory\",\"image\":{\"@type\":\"ImageObject\",\"inLanguage\":\"en-US\",\"@id\":\"https:\\\/\\\/secure.gravatar.com\\\/avatar\\\/0461d8b87ac229159ac526ebabd85108a5009b97923e896e2a506577805f8fc1?s=96&d=mm&r=g\",\"url\":\"https:\\\/\\\/secure.gravatar.com\\\/avatar\\\/0461d8b87ac229159ac526ebabd85108a5009b97923e896e2a506577805f8fc1?s=96&d=mm&r=g\",\"contentUrl\":\"https:\\\/\\\/secure.gravatar.com\\\/avatar\\\/0461d8b87ac229159ac526ebabd85108a5009b97923e896e2a506577805f8fc1?s=96&d=mm&r=g\",\"caption\":\"Shughun Ivory\"},\"sameAs\":[\"http:\\\/\\\/Letsportsrock.com\"],\"url\":\"https:\\\/\\\/www.letsportsrock.com\\\/?author=11\"}]}<\/script>\n<!-- \/ Yoast SEO plugin. -->","yoast_head_json":{"title":"\u0218oc \u00een Liga 1: antrenorul principal al CFR Cluj a dezv\u0103luit un ..","description":"\u0218oc \u00een Liga 1: antrenorul principal al CFR Cluj a dezv\u0103luit un atacant vedet\u0103 \u00een vestiar, st\u00e2rnind agita\u021bie \u00een r\u00e2ndul juc\u0103torilor, de\u0219i...","robots":{"index":"index","follow":"follow","max-snippet":"max-snippet:-1","max-image-preview":"max-image-preview:large","max-video-preview":"max-video-preview:-1"},"canonical":"https:\/\/www.letsportsrock.com\/?p=48292","og_locale":"en_US","og_type":"article","og_title":"\u0218oc \u00een Liga 1: antrenorul principal al CFR Cluj a dezv\u0103luit un ..","og_description":"\u0218oc \u00een Liga 1: antrenorul principal al CFR Cluj a dezv\u0103luit un atacant vedet\u0103 \u00een vestiar, st\u00e2rnind agita\u021bie \u00een r\u00e2ndul juc\u0103torilor, de\u0219i...","og_url":"https:\/\/www.letsportsrock.com\/?p=48292","og_site_name":"letsportsrock","article_published_time":"2025-06-18T22:16:09+00:00","og_image":[{"width":700,"height":420,"url":"https:\/\/www.letsportsrock.com\/wp-content\/uploads\/2025\/06\/images-12-6.jpeg","type":"image\/jpeg"}],"author":"Shughun Ivory","twitter_card":"summary_large_image","twitter_misc":{"Written by":"Shughun Ivory","Est. reading time":"2 minutes"},"schema":{"@context":"https:\/\/schema.org","@graph":[{"@type":"Article","@id":"https:\/\/www.letsportsrock.com\/?p=48292#article","isPartOf":{"@id":"https:\/\/www.letsportsrock.com\/?p=48292"},"author":{"name":"Shughun Ivory","@id":"https:\/\/www.letsportsrock.com\/#\/schema\/person\/674619adef31b09138e9ccd4e2852ee0"},"headline":"\u0218oc \u00een Liga 1: antrenorul principal al CFR Cluj a dezv\u0103luit un atacant vedet\u0103 \u00een vestiar, st\u00e2rnind agita\u021bie \u00een r\u00e2ndul juc\u0103torilor, de\u0219i&#8230;","datePublished":"2025-06-18T22:16:09+00:00","mainEntityOfPage":{"@id":"https:\/\/www.letsportsrock.com\/?p=48292"},"wordCount":376,"commentCount":0,"image":{"@id":"https:\/\/www.letsportsrock.com\/?p=48292#primaryimage"},"thumbnailUrl":"https:\/\/www.letsportsrock.com\/wp-content\/uploads\/2025\/06\/images-12-6.jpeg","inLanguage":"en-US","potentialAction":[{"@type":"CommentAction","name":"Comment","target":["https:\/\/www.letsportsrock.com\/?p=48292#respond"]}]},{"@type":"WebPage","@id":"https:\/\/www.letsportsrock.com\/?p=48292","url":"https:\/\/www.letsportsrock.com\/?p=48292","name":"\u0218oc \u00een Liga 1: antrenorul principal al CFR Cluj a dezv\u0103luit un ..","isPartOf":{"@id":"https:\/\/www.letsportsrock.com\/#website"},"primaryImageOfPage":{"@id":"https:\/\/www.letsportsrock.com\/?p=48292#primaryimage"},"image":{"@id":"https:\/\/www.letsportsrock.com\/?p=48292#primaryimage"},"thumbnailUrl":"https:\/\/www.letsportsrock.com\/wp-content\/uploads\/2025\/06\/images-12-6.jpeg","datePublished":"2025-06-18T22:16:09+00:00","author":{"@id":"https:\/\/www.letsportsrock.com\/#\/schema\/person\/674619adef31b09138e9ccd4e2852ee0"},"description":"\u0218oc \u00een Liga 1: antrenorul principal al CFR Cluj a dezv\u0103luit un atacant vedet\u0103 \u00een vestiar, st\u00e2rnind agita\u021bie \u00een r\u00e2ndul juc\u0103torilor, de\u0219i...","breadcrumb":{"@id":"https:\/\/www.letsportsrock.com\/?p=48292#breadcrumb"},"inLanguage":"en-US","potentialAction":[{"@type":"ReadAction","target":["https:\/\/www.letsportsrock.com\/?p=48292"]}]},{"@type":"ImageObject","inLanguage":"en-US","@id":"https:\/\/www.letsportsrock.com\/?p=48292#primaryimage","url":"https:\/\/www.letsportsrock.com\/wp-content\/uploads\/2025\/06\/images-12-6.jpeg","contentUrl":"https:\/\/www.letsportsrock.com\/wp-content\/uploads\/2025\/06\/images-12-6.jpeg","width":700,"height":420},{"@type":"BreadcrumbList","@id":"https:\/\/www.letsportsrock.com\/?p=48292#breadcrumb","itemListElement":[{"@type":"ListItem","position":1,"name":"Home","item":"https:\/\/www.letsportsrock.com\/"},{"@type":"ListItem","position":2,"name":"\u0218oc \u00een Liga 1: antrenorul principal al CFR Cluj a dezv\u0103luit un atacant vedet\u0103 \u00een vestiar, st\u00e2rnind agita\u021bie \u00een r\u00e2ndul juc\u0103torilor, de\u0219i&#8230;"}]},{"@type":"WebSite","@id":"https:\/\/www.letsportsrock.com\/#website","url":"https:\/\/www.letsportsrock.com\/","name":"letsportsrock","description":"Sport News and Updates","potentialAction":[{"@type":"SearchAction","target":{"@type":"EntryPoint","urlTemplate":"https:\/\/www.letsportsrock.com\/?s={search_term_string}"},"query-input":{"@type":"PropertyValueSpecification","valueRequired":true,"valueName":"search_term_string"}}],"inLanguage":"en-US"},{"@type":"Person","@id":"https:\/\/www.letsportsrock.com\/#\/schema\/person\/674619adef31b09138e9ccd4e2852ee0","name":"Shughun Ivory","image":{"@type":"ImageObject","inLanguage":"en-US","@id":"https:\/\/secure.gravatar.com\/avatar\/0461d8b87ac229159ac526ebabd85108a5009b97923e896e2a506577805f8fc1?s=96&d=mm&r=g","url":"https:\/\/secure.gravatar.com\/avatar\/0461d8b87ac229159ac526ebabd85108a5009b97923e896e2a506577805f8fc1?s=96&d=mm&r=g","contentUrl":"https:\/\/secure.gravatar.com\/avatar\/0461d8b87ac229159ac526ebabd85108a5009b97923e896e2a506577805f8fc1?s=96&d=mm&r=g","caption":"Shughun Ivory"},"sameAs":["http:\/\/Letsportsrock.com"],"url":"https:\/\/www.letsportsrock.com\/?author=11"}]}},"jetpack_featured_media_url":"https:\/\/www.letsportsrock.com\/wp-content\/uploads\/2025\/06\/images-12-6.jpeg","jetpack_sharing_enabled":true,"_links":{"self":[{"href":"https:\/\/www.letsportsrock.com\/index.php?rest_route=\/wp\/v2\/posts\/48292","targetHints":{"allow":["GET"]}}],"collection":[{"href":"https:\/\/www.letsportsrock.com\/index.php?rest_route=\/wp\/v2\/posts"}],"about":[{"href":"https:\/\/www.letsportsrock.com\/index.php?rest_route=\/wp\/v2\/types\/post"}],"author":[{"embeddable":true,"href":"https:\/\/www.letsportsrock.com\/index.php?rest_route=\/wp\/v2\/users\/11"}],"replies":[{"embeddable":true,"href":"https:\/\/www.letsportsrock.com\/index.php?rest_route=%2Fwp%2Fv2%2Fcomments&post=48292"}],"version-history":[{"count":1,"href":"https:\/\/www.letsportsrock.com\/index.php?rest_route=\/wp\/v2\/posts\/48292\/revisions"}],"predecessor-version":[{"id":48296,"href":"https:\/\/www.letsportsrock.com\/index.php?rest_route=\/wp\/v2\/posts\/48292\/revisions\/48296"}],"wp:featuredmedia":[{"embeddable":true,"href":"https:\/\/www.letsportsrock.com\/index.php?rest_route=\/wp\/v2\/media\/48294"}],"wp:attachment":[{"href":"https:\/\/www.letsportsrock.com\/index.php?rest_route=%2Fwp%2Fv2%2Fmedia&parent=48292"}],"wp:term":[{"taxonomy":"category","embeddable":true,"href":"https:\/\/www.letsportsrock.com\/index.php?rest_route=%2Fwp%2Fv2%2Fcategories&post=48292"},{"taxonomy":"post_tag","embeddable":true,"href":"https:\/\/www.letsportsrock.com\/index.php?rest_route=%2Fwp%2Fv2%2Ftags&post=48292"}],"curies":[{"name":"wp","href":"https:\/\/api.w.org\/{rel}","templated":true}]}}