{"id":48331,"date":"2025-06-18T23:34:55","date_gmt":"2025-06-18T23:34:55","guid":{"rendered":"https:\/\/www.letsportsrock.com\/?p=48331"},"modified":"2025-06-18T23:34:55","modified_gmt":"2025-06-18T23:34:55","slug":"dupa-ce-au-aflat-ca-cfr-cluj-are-capacitatea-de-a-se-impune-in-europa-elvetienii-nu-au-mai-gandit-mult-decizie-luata-imediat","status":"publish","type":"post","link":"https:\/\/www.letsportsrock.com\/?p=48331","title":{"rendered":"Dup\u0103 ce au aflat c\u0103 CFR Cluj are capacitatea de a se impune \u00een Europa, elve\u021bienii nu au mai g\u00e2ndit mult. Decizie luat\u0103 imediat&#8230;."},"content":{"rendered":"<div class=\"d79db4796efc26332eabfc3f5dafbc76\" data-index=\"1\" style=\"float: none; margin:10px 0 10px 0; text-align:center;\">\n<div class=\"hb-ad-inarticle\">\r\n    <div class=\"hb-ad-inner\"> \r\n    <div class=\"hbagency_cls\"  id=\"hbagency_space_111930\"><\/div><\/div> <\/div>\n<\/div>\n<p>Dup\u0103 ce au aflat c\u0103 CFR Cluj are capacitatea de a se impune \u00een Europa, elve\u021bienii nu au mai g\u00e2ndit mult. Decizie luat\u0103 imediat&#8230;.<\/p>\n<p>&nbsp;<\/p>\n<p>Dup\u0103 ce au aflat c\u0103 CFR Cluj are capacitatea de a se impune \u00een Europa, elve\u021bienii nu au mai stat pe g\u00e2nduri. Impresiona\u021bi de parcursul echipei ardelene \u00een competi\u021biile europene, oficialii clubului elve\u021bian au convocat rapid o \u0219edin\u021b\u0103 de urgen\u021b\u0103. Analiza era clar\u0103: CFR nu mai e o surpriz\u0103, ci o for\u021b\u0103 organizat\u0103, eficient\u0103 \u0219i cu o mentalitate de \u00eenving\u0103tori.<\/p>\n<p><img loading=\"lazy\" decoding=\"async\" class=\"alignnone size-medium wp-image-48333\" src=\"https:\/\/www.letsportsrock.com\/wp-content\/uploads\/2025\/06\/images-2025-06-19T003327.704-300x180.jpeg\" alt=\"\" width=\"300\" height=\"180\" srcset=\"https:\/\/www.letsportsrock.com\/wp-content\/uploads\/2025\/06\/images-2025-06-19T003327.704-300x180.jpeg 300w, https:\/\/www.letsportsrock.com\/wp-content\/uploads\/2025\/06\/images-2025-06-19T003327.704.jpeg 700w\" sizes=\"auto, (max-width: 300px) 100vw, 300px\" \/><\/p>\n<p>Decizia a venit prompt: vor semna un parteneriat strategic cu gruparea clujean\u0103. Pe l\u00e2ng\u0103 schimburi de juc\u0103tori \u0219i expertiz\u0103 tehnic\u0103, se prevedeau meciuri amicale anuale \u0219i colabor\u0103ri academice \u00eentre centrele de juniori. Oficialii au recunoscut: \u201eNu mai putem ignora realitatea \u2013 CFR Cluj e un model de urmat.\u201d<\/p>\n<p>&nbsp;<\/p>\n<p>A\u0219a a \u00eenceput o nou\u0103 er\u0103 \u00een fotbalul european: colaborarea dintre dou\u0103 cluburi aflate pe drumuri diferite, dar unite de o viziune comun\u0103. Iar pentru CFR, recunoa\u0219terea interna\u021bional\u0103 devenea din vis, realitate.<\/p>\n\n<div style=\"font-size: 0px; height: 0px; line-height: 0px; margin: 0; padding: 0; clear: both;\"><\/div>","protected":false},"excerpt":{"rendered":"<p>Dup\u0103 ce au aflat c\u0103 CFR Cluj are capacitatea de a se impune \u00een Europa, elve\u021bienii nu au mai g\u00e2ndit mult. Decizie luat\u0103 imediat&#8230;. &nbsp; Dup\u0103 ce au aflat c\u0103 CFR Cluj are capacitatea de a se impune \u00een Europa, elve\u021bienii nu au mai stat pe g\u00e2nduri. Impresiona\u021bi de parcursul echipei ardelene \u00een competi\u021biile europene, [&hellip;]<\/p>\n","protected":false},"author":15,"featured_media":48332,"comment_status":"open","ping_status":"open","sticky":false,"template":"","format":"standard","meta":{"_jetpack_memberships_contains_paid_content":false,"footnotes":""},"categories":[1],"tags":[666],"class_list":["post-48331","post","type-post","status-publish","format-standard","has-post-thumbnail","hentry","category-uncategorized","tag-cfr-istii"],"yoast_head":"<!-- This site is optimized with the Yoast SEO plugin v27.4 - https:\/\/yoast.com\/product\/yoast-seo-wordpress\/ -->\n<title>Dup\u0103 ce au aflat c\u0103 CFR Cluj are capacitatea de a se impune \u00een Europa, elve\u021bienii nu au mai g\u00e2ndit mult. Decizie luat\u0103 imediat....<\/title>\n<meta name=\"description\" content=\"Dup\u0103 ce au aflat c\u0103 CFR Cluj are capacitatea de a se impune \u00een Europa, elve\u021bienii nu au mai g\u00e2ndit mult. Decizie luat\u0103 imediat....\" \/>\n<meta name=\"robots\" content=\"index, follow, max-snippet:-1, max-image-preview:large, max-video-preview:-1\" \/>\n<link rel=\"canonical\" href=\"https:\/\/www.letsportsrock.com\/?p=48331\" \/>\n<meta property=\"og:locale\" content=\"en_US\" \/>\n<meta property=\"og:type\" content=\"article\" \/>\n<meta property=\"og:title\" content=\"Dup\u0103 ce au aflat c\u0103 CFR Cluj are capacitatea de a se impune \u00een Europa, elve\u021bienii nu au mai g\u00e2ndit mult. Decizie luat\u0103 imediat....\" \/>\n<meta property=\"og:description\" content=\"Dup\u0103 ce au aflat c\u0103 CFR Cluj are capacitatea de a se impune \u00een Europa, elve\u021bienii nu au mai g\u00e2ndit mult. Decizie luat\u0103 imediat....\" \/>\n<meta property=\"og:url\" content=\"https:\/\/www.letsportsrock.com\/?p=48331\" \/>\n<meta property=\"og:site_name\" content=\"letsportsrock\" \/>\n<meta property=\"article:published_time\" content=\"2025-06-18T23:34:55+00:00\" \/>\n<meta property=\"og:image\" content=\"https:\/\/www.letsportsrock.com\/wp-content\/uploads\/2025\/06\/images-2025-06-19T003316.179.jpeg\" \/>\n\t<meta property=\"og:image:width\" content=\"715\" \/>\n\t<meta property=\"og:image:height\" content=\"429\" \/>\n\t<meta property=\"og:image:type\" content=\"image\/jpeg\" \/>\n<meta name=\"author\" content=\"Amos Nabizo\" \/>\n<meta name=\"twitter:card\" content=\"summary_large_image\" \/>\n<meta name=\"twitter:label1\" content=\"Written by\" \/>\n\t<meta name=\"twitter:data1\" content=\"Amos Nabizo\" \/>\n\t<meta name=\"twitter:label2\" content=\"Est. reading time\" \/>\n\t<meta name=\"twitter:data2\" content=\"2 minutes\" \/>\n<script type=\"application\/ld+json\" class=\"yoast-schema-graph\">{\"@context\":\"https:\\\/\\\/schema.org\",\"@graph\":[{\"@type\":\"Article\",\"@id\":\"https:\\\/\\\/www.letsportsrock.com\\\/?p=48331#article\",\"isPartOf\":{\"@id\":\"https:\\\/\\\/www.letsportsrock.com\\\/?p=48331\"},\"author\":{\"name\":\"Amos Nabizo\",\"@id\":\"https:\\\/\\\/www.letsportsrock.com\\\/#\\\/schema\\\/person\\\/044479f72bdbd75f9523e745d3be6c30\"},\"headline\":\"Dup\u0103 ce au aflat c\u0103 CFR Cluj are capacitatea de a se impune \u00een Europa, elve\u021bienii nu au mai g\u00e2ndit mult. Decizie luat\u0103 imediat&#8230;.\",\"datePublished\":\"2025-06-18T23:34:55+00:00\",\"mainEntityOfPage\":{\"@id\":\"https:\\\/\\\/www.letsportsrock.com\\\/?p=48331\"},\"wordCount\":205,\"commentCount\":0,\"image\":{\"@id\":\"https:\\\/\\\/www.letsportsrock.com\\\/?p=48331#primaryimage\"},\"thumbnailUrl\":\"https:\\\/\\\/www.letsportsrock.com\\\/wp-content\\\/uploads\\\/2025\\\/06\\\/images-2025-06-19T003316.179.jpeg\",\"keywords\":[\"CFR I\u0218TII\"],\"inLanguage\":\"en-US\",\"potentialAction\":[{\"@type\":\"CommentAction\",\"name\":\"Comment\",\"target\":[\"https:\\\/\\\/www.letsportsrock.com\\\/?p=48331#respond\"]}]},{\"@type\":\"WebPage\",\"@id\":\"https:\\\/\\\/www.letsportsrock.com\\\/?p=48331\",\"url\":\"https:\\\/\\\/www.letsportsrock.com\\\/?p=48331\",\"name\":\"Dup\u0103 ce au aflat c\u0103 CFR Cluj are capacitatea de a se impune \u00een Europa, elve\u021bienii nu au mai g\u00e2ndit mult. Decizie luat\u0103 imediat....\",\"isPartOf\":{\"@id\":\"https:\\\/\\\/www.letsportsrock.com\\\/#website\"},\"primaryImageOfPage\":{\"@id\":\"https:\\\/\\\/www.letsportsrock.com\\\/?p=48331#primaryimage\"},\"image\":{\"@id\":\"https:\\\/\\\/www.letsportsrock.com\\\/?p=48331#primaryimage\"},\"thumbnailUrl\":\"https:\\\/\\\/www.letsportsrock.com\\\/wp-content\\\/uploads\\\/2025\\\/06\\\/images-2025-06-19T003316.179.jpeg\",\"datePublished\":\"2025-06-18T23:34:55+00:00\",\"author\":{\"@id\":\"https:\\\/\\\/www.letsportsrock.com\\\/#\\\/schema\\\/person\\\/044479f72bdbd75f9523e745d3be6c30\"},\"description\":\"Dup\u0103 ce au aflat c\u0103 CFR Cluj are capacitatea de a se impune \u00een Europa, elve\u021bienii nu au mai g\u00e2ndit mult. Decizie luat\u0103 imediat....\",\"breadcrumb\":{\"@id\":\"https:\\\/\\\/www.letsportsrock.com\\\/?p=48331#breadcrumb\"},\"inLanguage\":\"en-US\",\"potentialAction\":[{\"@type\":\"ReadAction\",\"target\":[\"https:\\\/\\\/www.letsportsrock.com\\\/?p=48331\"]}]},{\"@type\":\"ImageObject\",\"inLanguage\":\"en-US\",\"@id\":\"https:\\\/\\\/www.letsportsrock.com\\\/?p=48331#primaryimage\",\"url\":\"https:\\\/\\\/www.letsportsrock.com\\\/wp-content\\\/uploads\\\/2025\\\/06\\\/images-2025-06-19T003316.179.jpeg\",\"contentUrl\":\"https:\\\/\\\/www.letsportsrock.com\\\/wp-content\\\/uploads\\\/2025\\\/06\\\/images-2025-06-19T003316.179.jpeg\",\"width\":715,\"height\":429},{\"@type\":\"BreadcrumbList\",\"@id\":\"https:\\\/\\\/www.letsportsrock.com\\\/?p=48331#breadcrumb\",\"itemListElement\":[{\"@type\":\"ListItem\",\"position\":1,\"name\":\"Home\",\"item\":\"https:\\\/\\\/www.letsportsrock.com\\\/\"},{\"@type\":\"ListItem\",\"position\":2,\"name\":\"Dup\u0103 ce au aflat c\u0103 CFR Cluj are capacitatea de a se impune \u00een Europa, elve\u021bienii nu au mai g\u00e2ndit mult. Decizie luat\u0103 imediat&#8230;.\"}]},{\"@type\":\"WebSite\",\"@id\":\"https:\\\/\\\/www.letsportsrock.com\\\/#website\",\"url\":\"https:\\\/\\\/www.letsportsrock.com\\\/\",\"name\":\"letsportsrock\",\"description\":\"Sport News and Updates\",\"potentialAction\":[{\"@type\":\"SearchAction\",\"target\":{\"@type\":\"EntryPoint\",\"urlTemplate\":\"https:\\\/\\\/www.letsportsrock.com\\\/?s={search_term_string}\"},\"query-input\":{\"@type\":\"PropertyValueSpecification\",\"valueRequired\":true,\"valueName\":\"search_term_string\"}}],\"inLanguage\":\"en-US\"},{\"@type\":\"Person\",\"@id\":\"https:\\\/\\\/www.letsportsrock.com\\\/#\\\/schema\\\/person\\\/044479f72bdbd75f9523e745d3be6c30\",\"name\":\"Amos Nabizo\",\"image\":{\"@type\":\"ImageObject\",\"inLanguage\":\"en-US\",\"@id\":\"https:\\\/\\\/secure.gravatar.com\\\/avatar\\\/d569857c07d3899c6ca842ffea32daa1672c05549833530fe37e68ae7b521ba4?s=96&d=mm&r=g\",\"url\":\"https:\\\/\\\/secure.gravatar.com\\\/avatar\\\/d569857c07d3899c6ca842ffea32daa1672c05549833530fe37e68ae7b521ba4?s=96&d=mm&r=g\",\"contentUrl\":\"https:\\\/\\\/secure.gravatar.com\\\/avatar\\\/d569857c07d3899c6ca842ffea32daa1672c05549833530fe37e68ae7b521ba4?s=96&d=mm&r=g\",\"caption\":\"Amos Nabizo\"},\"sameAs\":[\"https:\\\/\\\/www.letsportsrock.com\\\/wp-admin\\\/\"],\"url\":\"https:\\\/\\\/www.letsportsrock.com\\\/?author=15\"}]}<\/script>\n<!-- \/ Yoast SEO plugin. -->","yoast_head_json":{"title":"Dup\u0103 ce au aflat c\u0103 CFR Cluj are capacitatea de a se impune \u00een Europa, elve\u021bienii nu au mai g\u00e2ndit mult. Decizie luat\u0103 imediat....","description":"Dup\u0103 ce au aflat c\u0103 CFR Cluj are capacitatea de a se impune \u00een Europa, elve\u021bienii nu au mai g\u00e2ndit mult. Decizie luat\u0103 imediat....","robots":{"index":"index","follow":"follow","max-snippet":"max-snippet:-1","max-image-preview":"max-image-preview:large","max-video-preview":"max-video-preview:-1"},"canonical":"https:\/\/www.letsportsrock.com\/?p=48331","og_locale":"en_US","og_type":"article","og_title":"Dup\u0103 ce au aflat c\u0103 CFR Cluj are capacitatea de a se impune \u00een Europa, elve\u021bienii nu au mai g\u00e2ndit mult. Decizie luat\u0103 imediat....","og_description":"Dup\u0103 ce au aflat c\u0103 CFR Cluj are capacitatea de a se impune \u00een Europa, elve\u021bienii nu au mai g\u00e2ndit mult. Decizie luat\u0103 imediat....","og_url":"https:\/\/www.letsportsrock.com\/?p=48331","og_site_name":"letsportsrock","article_published_time":"2025-06-18T23:34:55+00:00","og_image":[{"width":715,"height":429,"url":"https:\/\/www.letsportsrock.com\/wp-content\/uploads\/2025\/06\/images-2025-06-19T003316.179.jpeg","type":"image\/jpeg"}],"author":"Amos Nabizo","twitter_card":"summary_large_image","twitter_misc":{"Written by":"Amos Nabizo","Est. reading time":"2 minutes"},"schema":{"@context":"https:\/\/schema.org","@graph":[{"@type":"Article","@id":"https:\/\/www.letsportsrock.com\/?p=48331#article","isPartOf":{"@id":"https:\/\/www.letsportsrock.com\/?p=48331"},"author":{"name":"Amos Nabizo","@id":"https:\/\/www.letsportsrock.com\/#\/schema\/person\/044479f72bdbd75f9523e745d3be6c30"},"headline":"Dup\u0103 ce au aflat c\u0103 CFR Cluj are capacitatea de a se impune \u00een Europa, elve\u021bienii nu au mai g\u00e2ndit mult. Decizie luat\u0103 imediat&#8230;.","datePublished":"2025-06-18T23:34:55+00:00","mainEntityOfPage":{"@id":"https:\/\/www.letsportsrock.com\/?p=48331"},"wordCount":205,"commentCount":0,"image":{"@id":"https:\/\/www.letsportsrock.com\/?p=48331#primaryimage"},"thumbnailUrl":"https:\/\/www.letsportsrock.com\/wp-content\/uploads\/2025\/06\/images-2025-06-19T003316.179.jpeg","keywords":["CFR I\u0218TII"],"inLanguage":"en-US","potentialAction":[{"@type":"CommentAction","name":"Comment","target":["https:\/\/www.letsportsrock.com\/?p=48331#respond"]}]},{"@type":"WebPage","@id":"https:\/\/www.letsportsrock.com\/?p=48331","url":"https:\/\/www.letsportsrock.com\/?p=48331","name":"Dup\u0103 ce au aflat c\u0103 CFR Cluj are capacitatea de a se impune \u00een Europa, elve\u021bienii nu au mai g\u00e2ndit mult. Decizie luat\u0103 imediat....","isPartOf":{"@id":"https:\/\/www.letsportsrock.com\/#website"},"primaryImageOfPage":{"@id":"https:\/\/www.letsportsrock.com\/?p=48331#primaryimage"},"image":{"@id":"https:\/\/www.letsportsrock.com\/?p=48331#primaryimage"},"thumbnailUrl":"https:\/\/www.letsportsrock.com\/wp-content\/uploads\/2025\/06\/images-2025-06-19T003316.179.jpeg","datePublished":"2025-06-18T23:34:55+00:00","author":{"@id":"https:\/\/www.letsportsrock.com\/#\/schema\/person\/044479f72bdbd75f9523e745d3be6c30"},"description":"Dup\u0103 ce au aflat c\u0103 CFR Cluj are capacitatea de a se impune \u00een Europa, elve\u021bienii nu au mai g\u00e2ndit mult. Decizie luat\u0103 imediat....","breadcrumb":{"@id":"https:\/\/www.letsportsrock.com\/?p=48331#breadcrumb"},"inLanguage":"en-US","potentialAction":[{"@type":"ReadAction","target":["https:\/\/www.letsportsrock.com\/?p=48331"]}]},{"@type":"ImageObject","inLanguage":"en-US","@id":"https:\/\/www.letsportsrock.com\/?p=48331#primaryimage","url":"https:\/\/www.letsportsrock.com\/wp-content\/uploads\/2025\/06\/images-2025-06-19T003316.179.jpeg","contentUrl":"https:\/\/www.letsportsrock.com\/wp-content\/uploads\/2025\/06\/images-2025-06-19T003316.179.jpeg","width":715,"height":429},{"@type":"BreadcrumbList","@id":"https:\/\/www.letsportsrock.com\/?p=48331#breadcrumb","itemListElement":[{"@type":"ListItem","position":1,"name":"Home","item":"https:\/\/www.letsportsrock.com\/"},{"@type":"ListItem","position":2,"name":"Dup\u0103 ce au aflat c\u0103 CFR Cluj are capacitatea de a se impune \u00een Europa, elve\u021bienii nu au mai g\u00e2ndit mult. Decizie luat\u0103 imediat&#8230;."}]},{"@type":"WebSite","@id":"https:\/\/www.letsportsrock.com\/#website","url":"https:\/\/www.letsportsrock.com\/","name":"letsportsrock","description":"Sport News and Updates","potentialAction":[{"@type":"SearchAction","target":{"@type":"EntryPoint","urlTemplate":"https:\/\/www.letsportsrock.com\/?s={search_term_string}"},"query-input":{"@type":"PropertyValueSpecification","valueRequired":true,"valueName":"search_term_string"}}],"inLanguage":"en-US"},{"@type":"Person","@id":"https:\/\/www.letsportsrock.com\/#\/schema\/person\/044479f72bdbd75f9523e745d3be6c30","name":"Amos Nabizo","image":{"@type":"ImageObject","inLanguage":"en-US","@id":"https:\/\/secure.gravatar.com\/avatar\/d569857c07d3899c6ca842ffea32daa1672c05549833530fe37e68ae7b521ba4?s=96&d=mm&r=g","url":"https:\/\/secure.gravatar.com\/avatar\/d569857c07d3899c6ca842ffea32daa1672c05549833530fe37e68ae7b521ba4?s=96&d=mm&r=g","contentUrl":"https:\/\/secure.gravatar.com\/avatar\/d569857c07d3899c6ca842ffea32daa1672c05549833530fe37e68ae7b521ba4?s=96&d=mm&r=g","caption":"Amos Nabizo"},"sameAs":["https:\/\/www.letsportsrock.com\/wp-admin\/"],"url":"https:\/\/www.letsportsrock.com\/?author=15"}]}},"jetpack_featured_media_url":"https:\/\/www.letsportsrock.com\/wp-content\/uploads\/2025\/06\/images-2025-06-19T003316.179.jpeg","jetpack_sharing_enabled":true,"_links":{"self":[{"href":"https:\/\/www.letsportsrock.com\/index.php?rest_route=\/wp\/v2\/posts\/48331","targetHints":{"allow":["GET"]}}],"collection":[{"href":"https:\/\/www.letsportsrock.com\/index.php?rest_route=\/wp\/v2\/posts"}],"about":[{"href":"https:\/\/www.letsportsrock.com\/index.php?rest_route=\/wp\/v2\/types\/post"}],"author":[{"embeddable":true,"href":"https:\/\/www.letsportsrock.com\/index.php?rest_route=\/wp\/v2\/users\/15"}],"replies":[{"embeddable":true,"href":"https:\/\/www.letsportsrock.com\/index.php?rest_route=%2Fwp%2Fv2%2Fcomments&post=48331"}],"version-history":[{"count":1,"href":"https:\/\/www.letsportsrock.com\/index.php?rest_route=\/wp\/v2\/posts\/48331\/revisions"}],"predecessor-version":[{"id":48334,"href":"https:\/\/www.letsportsrock.com\/index.php?rest_route=\/wp\/v2\/posts\/48331\/revisions\/48334"}],"wp:featuredmedia":[{"embeddable":true,"href":"https:\/\/www.letsportsrock.com\/index.php?rest_route=\/wp\/v2\/media\/48332"}],"wp:attachment":[{"href":"https:\/\/www.letsportsrock.com\/index.php?rest_route=%2Fwp%2Fv2%2Fmedia&parent=48331"}],"wp:term":[{"taxonomy":"category","embeddable":true,"href":"https:\/\/www.letsportsrock.com\/index.php?rest_route=%2Fwp%2Fv2%2Fcategories&post=48331"},{"taxonomy":"post_tag","embeddable":true,"href":"https:\/\/www.letsportsrock.com\/index.php?rest_route=%2Fwp%2Fv2%2Ftags&post=48331"}],"curies":[{"name":"wp","href":"https:\/\/api.w.org\/{rel}","templated":true}]}}