{"id":48375,"date":"2025-06-19T05:52:54","date_gmt":"2025-06-19T05:52:54","guid":{"rendered":"https:\/\/www.letsportsrock.com\/?p=48375"},"modified":"2025-06-19T05:52:54","modified_gmt":"2025-06-19T05:52:54","slug":"cfr-cluj-crede-ca-ultimul-transfer-a-dat-lovitura","status":"publish","type":"post","link":"https:\/\/www.letsportsrock.com\/?p=48375","title":{"rendered":"CFR Cluj crede c\u0103 ultimul transfer a dat lovitura&#8230;."},"content":{"rendered":"<div class=\"d79db4796efc26332eabfc3f5dafbc76\" data-index=\"1\" style=\"float: none; margin:10px 0 10px 0; text-align:center;\">\n<div class=\"hb-ad-inarticle\">\r\n    <div class=\"hb-ad-inner\"> \r\n    <div class=\"hbagency_cls\"  id=\"hbagency_space_111930\"><\/div><\/div> <\/div>\n<\/div>\n<p>CFR Cluj crede c\u0103 ultimul transfer a dat lovitura&#8230;.<\/p>\n<p>&nbsp;<\/p>\n<p>CFR Cluj crede c\u0103 a dat lovitura cu ultimul transfer, iar entuziasmul din jurul echipei este la cote \u00eenalte. Oficialii clubului au anun\u021bat sosirea unui juc\u0103tor cu experien\u021b\u0103 interna\u021bional\u0103, considerat de mul\u021bi drept o achizi\u021bie strategic\u0103 pentru noul sezon. Conform surselor din apropierea clubului, transferul a fost realizat rapid, iar stafful tehnic este convins c\u0103 nou-venitul va aduce un plus considerabil \u00een jocul echipei, at\u00e2t pe faza defensiv\u0103, c\u00e2t \u0219i \u00een construc\u021bie.<\/p>\n<p><img loading=\"lazy\" decoding=\"async\" class=\"alignnone size-medium wp-image-48377\" src=\"https:\/\/www.letsportsrock.com\/wp-content\/uploads\/2025\/06\/images-2025-06-19T065148.587-300x211.jpeg\" alt=\"\" width=\"300\" height=\"211\" srcset=\"https:\/\/www.letsportsrock.com\/wp-content\/uploads\/2025\/06\/images-2025-06-19T065148.587-300x211.jpeg 300w, https:\/\/www.letsportsrock.com\/wp-content\/uploads\/2025\/06\/images-2025-06-19T065148.587.jpeg 661w\" sizes=\"auto, (max-width: 300px) 100vw, 300px\" \/><\/p>\n<p>Suporterii s-au ar\u0103tat la r\u00e2ndul lor \u00eenc\u00e2nta\u021bi, inund\u00e2nd re\u021belele sociale cu mesaje de sus\u021binere \u0219i speran\u021be pentru un sezon de succes. CFR Cluj, echip\u0103 cu preten\u021bii constante la titlu, \u00ee\u0219i propune s\u0103 revin\u0103 \u00een fruntea clasamentului \u0219i s\u0103 aib\u0103 un parcurs c\u00e2t mai lung \u00een cupele europene. R\u0103m\u00e2ne de v\u0103zut dac\u0103 pariul f\u0103cut de conducere se va dovedi c\u00e2\u0219tig\u0103tor, \u00eens\u0103 optimismul general las\u0103 de \u00een\u021beles c\u0103 acest transfer ar putea fi una dintre mi\u0219c\u0103rile-cheie ale verii \u00een fotbalul rom\u00e2nesc.<\/p>\n\n<div style=\"font-size: 0px; height: 0px; line-height: 0px; margin: 0; padding: 0; clear: both;\"><\/div>","protected":false},"excerpt":{"rendered":"<p>CFR Cluj crede c\u0103 ultimul transfer a dat lovitura&#8230;. &nbsp; CFR Cluj crede c\u0103 a dat lovitura cu ultimul transfer, iar entuziasmul din jurul echipei este la cote \u00eenalte. Oficialii clubului au anun\u021bat sosirea unui juc\u0103tor cu experien\u021b\u0103 interna\u021bional\u0103, considerat de mul\u021bi drept o achizi\u021bie strategic\u0103 pentru noul sezon. Conform surselor din apropierea clubului, transferul [&hellip;]<\/p>\n","protected":false},"author":15,"featured_media":48376,"comment_status":"open","ping_status":"open","sticky":false,"template":"","format":"standard","meta":{"_jetpack_memberships_contains_paid_content":false,"footnotes":""},"categories":[1],"tags":[666],"class_list":["post-48375","post","type-post","status-publish","format-standard","has-post-thumbnail","hentry","category-uncategorized","tag-cfr-istii"],"yoast_head":"<!-- This site is optimized with the Yoast SEO plugin v27.4 - https:\/\/yoast.com\/product\/yoast-seo-wordpress\/ -->\n<title>CFR Cluj crede c\u0103 ultimul transfer a dat lovitura....<\/title>\n<meta name=\"description\" content=\"CFR Cluj crede c\u0103 ultimul transfer a dat lovitura....\" \/>\n<meta name=\"robots\" content=\"index, follow, max-snippet:-1, max-image-preview:large, max-video-preview:-1\" \/>\n<link rel=\"canonical\" href=\"https:\/\/www.letsportsrock.com\/?p=48375\" \/>\n<meta property=\"og:locale\" content=\"en_US\" \/>\n<meta property=\"og:type\" content=\"article\" \/>\n<meta property=\"og:title\" content=\"CFR Cluj crede c\u0103 ultimul transfer a dat lovitura....\" \/>\n<meta property=\"og:description\" content=\"CFR Cluj crede c\u0103 ultimul transfer a dat lovitura....\" \/>\n<meta property=\"og:url\" content=\"https:\/\/www.letsportsrock.com\/?p=48375\" \/>\n<meta property=\"og:site_name\" content=\"letsportsrock\" \/>\n<meta property=\"article:published_time\" content=\"2025-06-19T05:52:54+00:00\" \/>\n<meta property=\"og:image\" content=\"https:\/\/www.letsportsrock.com\/wp-content\/uploads\/2025\/06\/images-2025-06-19T065134.595.jpeg\" \/>\n\t<meta property=\"og:image:width\" content=\"725\" \/>\n\t<meta property=\"og:image:height\" content=\"423\" \/>\n\t<meta property=\"og:image:type\" content=\"image\/jpeg\" \/>\n<meta name=\"author\" content=\"Amos Nabizo\" \/>\n<meta name=\"twitter:card\" content=\"summary_large_image\" \/>\n<meta name=\"twitter:label1\" content=\"Written by\" \/>\n\t<meta name=\"twitter:data1\" content=\"Amos Nabizo\" \/>\n\t<meta name=\"twitter:label2\" content=\"Est. reading time\" \/>\n\t<meta name=\"twitter:data2\" content=\"2 minutes\" \/>\n<script type=\"application\/ld+json\" class=\"yoast-schema-graph\">{\"@context\":\"https:\\\/\\\/schema.org\",\"@graph\":[{\"@type\":\"Article\",\"@id\":\"https:\\\/\\\/www.letsportsrock.com\\\/?p=48375#article\",\"isPartOf\":{\"@id\":\"https:\\\/\\\/www.letsportsrock.com\\\/?p=48375\"},\"author\":{\"name\":\"Amos Nabizo\",\"@id\":\"https:\\\/\\\/www.letsportsrock.com\\\/#\\\/schema\\\/person\\\/044479f72bdbd75f9523e745d3be6c30\"},\"headline\":\"CFR Cluj crede c\u0103 ultimul transfer a dat lovitura&#8230;.\",\"datePublished\":\"2025-06-19T05:52:54+00:00\",\"mainEntityOfPage\":{\"@id\":\"https:\\\/\\\/www.letsportsrock.com\\\/?p=48375\"},\"wordCount\":198,\"commentCount\":0,\"image\":{\"@id\":\"https:\\\/\\\/www.letsportsrock.com\\\/?p=48375#primaryimage\"},\"thumbnailUrl\":\"https:\\\/\\\/www.letsportsrock.com\\\/wp-content\\\/uploads\\\/2025\\\/06\\\/images-2025-06-19T065134.595.jpeg\",\"keywords\":[\"CFR I\u0218TII\"],\"inLanguage\":\"en-US\",\"potentialAction\":[{\"@type\":\"CommentAction\",\"name\":\"Comment\",\"target\":[\"https:\\\/\\\/www.letsportsrock.com\\\/?p=48375#respond\"]}]},{\"@type\":\"WebPage\",\"@id\":\"https:\\\/\\\/www.letsportsrock.com\\\/?p=48375\",\"url\":\"https:\\\/\\\/www.letsportsrock.com\\\/?p=48375\",\"name\":\"CFR Cluj crede c\u0103 ultimul transfer a dat lovitura....\",\"isPartOf\":{\"@id\":\"https:\\\/\\\/www.letsportsrock.com\\\/#website\"},\"primaryImageOfPage\":{\"@id\":\"https:\\\/\\\/www.letsportsrock.com\\\/?p=48375#primaryimage\"},\"image\":{\"@id\":\"https:\\\/\\\/www.letsportsrock.com\\\/?p=48375#primaryimage\"},\"thumbnailUrl\":\"https:\\\/\\\/www.letsportsrock.com\\\/wp-content\\\/uploads\\\/2025\\\/06\\\/images-2025-06-19T065134.595.jpeg\",\"datePublished\":\"2025-06-19T05:52:54+00:00\",\"author\":{\"@id\":\"https:\\\/\\\/www.letsportsrock.com\\\/#\\\/schema\\\/person\\\/044479f72bdbd75f9523e745d3be6c30\"},\"description\":\"CFR Cluj crede c\u0103 ultimul transfer a dat lovitura....\",\"breadcrumb\":{\"@id\":\"https:\\\/\\\/www.letsportsrock.com\\\/?p=48375#breadcrumb\"},\"inLanguage\":\"en-US\",\"potentialAction\":[{\"@type\":\"ReadAction\",\"target\":[\"https:\\\/\\\/www.letsportsrock.com\\\/?p=48375\"]}]},{\"@type\":\"ImageObject\",\"inLanguage\":\"en-US\",\"@id\":\"https:\\\/\\\/www.letsportsrock.com\\\/?p=48375#primaryimage\",\"url\":\"https:\\\/\\\/www.letsportsrock.com\\\/wp-content\\\/uploads\\\/2025\\\/06\\\/images-2025-06-19T065134.595.jpeg\",\"contentUrl\":\"https:\\\/\\\/www.letsportsrock.com\\\/wp-content\\\/uploads\\\/2025\\\/06\\\/images-2025-06-19T065134.595.jpeg\",\"width\":725,\"height\":423},{\"@type\":\"BreadcrumbList\",\"@id\":\"https:\\\/\\\/www.letsportsrock.com\\\/?p=48375#breadcrumb\",\"itemListElement\":[{\"@type\":\"ListItem\",\"position\":1,\"name\":\"Home\",\"item\":\"https:\\\/\\\/www.letsportsrock.com\\\/\"},{\"@type\":\"ListItem\",\"position\":2,\"name\":\"CFR Cluj crede c\u0103 ultimul transfer a dat lovitura&#8230;.\"}]},{\"@type\":\"WebSite\",\"@id\":\"https:\\\/\\\/www.letsportsrock.com\\\/#website\",\"url\":\"https:\\\/\\\/www.letsportsrock.com\\\/\",\"name\":\"letsportsrock\",\"description\":\"Sport News and Updates\",\"potentialAction\":[{\"@type\":\"SearchAction\",\"target\":{\"@type\":\"EntryPoint\",\"urlTemplate\":\"https:\\\/\\\/www.letsportsrock.com\\\/?s={search_term_string}\"},\"query-input\":{\"@type\":\"PropertyValueSpecification\",\"valueRequired\":true,\"valueName\":\"search_term_string\"}}],\"inLanguage\":\"en-US\"},{\"@type\":\"Person\",\"@id\":\"https:\\\/\\\/www.letsportsrock.com\\\/#\\\/schema\\\/person\\\/044479f72bdbd75f9523e745d3be6c30\",\"name\":\"Amos Nabizo\",\"image\":{\"@type\":\"ImageObject\",\"inLanguage\":\"en-US\",\"@id\":\"https:\\\/\\\/secure.gravatar.com\\\/avatar\\\/d569857c07d3899c6ca842ffea32daa1672c05549833530fe37e68ae7b521ba4?s=96&d=mm&r=g\",\"url\":\"https:\\\/\\\/secure.gravatar.com\\\/avatar\\\/d569857c07d3899c6ca842ffea32daa1672c05549833530fe37e68ae7b521ba4?s=96&d=mm&r=g\",\"contentUrl\":\"https:\\\/\\\/secure.gravatar.com\\\/avatar\\\/d569857c07d3899c6ca842ffea32daa1672c05549833530fe37e68ae7b521ba4?s=96&d=mm&r=g\",\"caption\":\"Amos Nabizo\"},\"sameAs\":[\"https:\\\/\\\/www.letsportsrock.com\\\/wp-admin\\\/\"],\"url\":\"https:\\\/\\\/www.letsportsrock.com\\\/?author=15\"}]}<\/script>\n<!-- \/ Yoast SEO plugin. -->","yoast_head_json":{"title":"CFR Cluj crede c\u0103 ultimul transfer a dat lovitura....","description":"CFR Cluj crede c\u0103 ultimul transfer a dat lovitura....","robots":{"index":"index","follow":"follow","max-snippet":"max-snippet:-1","max-image-preview":"max-image-preview:large","max-video-preview":"max-video-preview:-1"},"canonical":"https:\/\/www.letsportsrock.com\/?p=48375","og_locale":"en_US","og_type":"article","og_title":"CFR Cluj crede c\u0103 ultimul transfer a dat lovitura....","og_description":"CFR Cluj crede c\u0103 ultimul transfer a dat lovitura....","og_url":"https:\/\/www.letsportsrock.com\/?p=48375","og_site_name":"letsportsrock","article_published_time":"2025-06-19T05:52:54+00:00","og_image":[{"width":725,"height":423,"url":"https:\/\/www.letsportsrock.com\/wp-content\/uploads\/2025\/06\/images-2025-06-19T065134.595.jpeg","type":"image\/jpeg"}],"author":"Amos Nabizo","twitter_card":"summary_large_image","twitter_misc":{"Written by":"Amos Nabizo","Est. reading time":"2 minutes"},"schema":{"@context":"https:\/\/schema.org","@graph":[{"@type":"Article","@id":"https:\/\/www.letsportsrock.com\/?p=48375#article","isPartOf":{"@id":"https:\/\/www.letsportsrock.com\/?p=48375"},"author":{"name":"Amos Nabizo","@id":"https:\/\/www.letsportsrock.com\/#\/schema\/person\/044479f72bdbd75f9523e745d3be6c30"},"headline":"CFR Cluj crede c\u0103 ultimul transfer a dat lovitura&#8230;.","datePublished":"2025-06-19T05:52:54+00:00","mainEntityOfPage":{"@id":"https:\/\/www.letsportsrock.com\/?p=48375"},"wordCount":198,"commentCount":0,"image":{"@id":"https:\/\/www.letsportsrock.com\/?p=48375#primaryimage"},"thumbnailUrl":"https:\/\/www.letsportsrock.com\/wp-content\/uploads\/2025\/06\/images-2025-06-19T065134.595.jpeg","keywords":["CFR I\u0218TII"],"inLanguage":"en-US","potentialAction":[{"@type":"CommentAction","name":"Comment","target":["https:\/\/www.letsportsrock.com\/?p=48375#respond"]}]},{"@type":"WebPage","@id":"https:\/\/www.letsportsrock.com\/?p=48375","url":"https:\/\/www.letsportsrock.com\/?p=48375","name":"CFR Cluj crede c\u0103 ultimul transfer a dat lovitura....","isPartOf":{"@id":"https:\/\/www.letsportsrock.com\/#website"},"primaryImageOfPage":{"@id":"https:\/\/www.letsportsrock.com\/?p=48375#primaryimage"},"image":{"@id":"https:\/\/www.letsportsrock.com\/?p=48375#primaryimage"},"thumbnailUrl":"https:\/\/www.letsportsrock.com\/wp-content\/uploads\/2025\/06\/images-2025-06-19T065134.595.jpeg","datePublished":"2025-06-19T05:52:54+00:00","author":{"@id":"https:\/\/www.letsportsrock.com\/#\/schema\/person\/044479f72bdbd75f9523e745d3be6c30"},"description":"CFR Cluj crede c\u0103 ultimul transfer a dat lovitura....","breadcrumb":{"@id":"https:\/\/www.letsportsrock.com\/?p=48375#breadcrumb"},"inLanguage":"en-US","potentialAction":[{"@type":"ReadAction","target":["https:\/\/www.letsportsrock.com\/?p=48375"]}]},{"@type":"ImageObject","inLanguage":"en-US","@id":"https:\/\/www.letsportsrock.com\/?p=48375#primaryimage","url":"https:\/\/www.letsportsrock.com\/wp-content\/uploads\/2025\/06\/images-2025-06-19T065134.595.jpeg","contentUrl":"https:\/\/www.letsportsrock.com\/wp-content\/uploads\/2025\/06\/images-2025-06-19T065134.595.jpeg","width":725,"height":423},{"@type":"BreadcrumbList","@id":"https:\/\/www.letsportsrock.com\/?p=48375#breadcrumb","itemListElement":[{"@type":"ListItem","position":1,"name":"Home","item":"https:\/\/www.letsportsrock.com\/"},{"@type":"ListItem","position":2,"name":"CFR Cluj crede c\u0103 ultimul transfer a dat lovitura&#8230;."}]},{"@type":"WebSite","@id":"https:\/\/www.letsportsrock.com\/#website","url":"https:\/\/www.letsportsrock.com\/","name":"letsportsrock","description":"Sport News and Updates","potentialAction":[{"@type":"SearchAction","target":{"@type":"EntryPoint","urlTemplate":"https:\/\/www.letsportsrock.com\/?s={search_term_string}"},"query-input":{"@type":"PropertyValueSpecification","valueRequired":true,"valueName":"search_term_string"}}],"inLanguage":"en-US"},{"@type":"Person","@id":"https:\/\/www.letsportsrock.com\/#\/schema\/person\/044479f72bdbd75f9523e745d3be6c30","name":"Amos Nabizo","image":{"@type":"ImageObject","inLanguage":"en-US","@id":"https:\/\/secure.gravatar.com\/avatar\/d569857c07d3899c6ca842ffea32daa1672c05549833530fe37e68ae7b521ba4?s=96&d=mm&r=g","url":"https:\/\/secure.gravatar.com\/avatar\/d569857c07d3899c6ca842ffea32daa1672c05549833530fe37e68ae7b521ba4?s=96&d=mm&r=g","contentUrl":"https:\/\/secure.gravatar.com\/avatar\/d569857c07d3899c6ca842ffea32daa1672c05549833530fe37e68ae7b521ba4?s=96&d=mm&r=g","caption":"Amos Nabizo"},"sameAs":["https:\/\/www.letsportsrock.com\/wp-admin\/"],"url":"https:\/\/www.letsportsrock.com\/?author=15"}]}},"jetpack_featured_media_url":"https:\/\/www.letsportsrock.com\/wp-content\/uploads\/2025\/06\/images-2025-06-19T065134.595.jpeg","jetpack_sharing_enabled":true,"_links":{"self":[{"href":"https:\/\/www.letsportsrock.com\/index.php?rest_route=\/wp\/v2\/posts\/48375","targetHints":{"allow":["GET"]}}],"collection":[{"href":"https:\/\/www.letsportsrock.com\/index.php?rest_route=\/wp\/v2\/posts"}],"about":[{"href":"https:\/\/www.letsportsrock.com\/index.php?rest_route=\/wp\/v2\/types\/post"}],"author":[{"embeddable":true,"href":"https:\/\/www.letsportsrock.com\/index.php?rest_route=\/wp\/v2\/users\/15"}],"replies":[{"embeddable":true,"href":"https:\/\/www.letsportsrock.com\/index.php?rest_route=%2Fwp%2Fv2%2Fcomments&post=48375"}],"version-history":[{"count":1,"href":"https:\/\/www.letsportsrock.com\/index.php?rest_route=\/wp\/v2\/posts\/48375\/revisions"}],"predecessor-version":[{"id":48378,"href":"https:\/\/www.letsportsrock.com\/index.php?rest_route=\/wp\/v2\/posts\/48375\/revisions\/48378"}],"wp:featuredmedia":[{"embeddable":true,"href":"https:\/\/www.letsportsrock.com\/index.php?rest_route=\/wp\/v2\/media\/48376"}],"wp:attachment":[{"href":"https:\/\/www.letsportsrock.com\/index.php?rest_route=%2Fwp%2Fv2%2Fmedia&parent=48375"}],"wp:term":[{"taxonomy":"category","embeddable":true,"href":"https:\/\/www.letsportsrock.com\/index.php?rest_route=%2Fwp%2Fv2%2Fcategories&post=48375"},{"taxonomy":"post_tag","embeddable":true,"href":"https:\/\/www.letsportsrock.com\/index.php?rest_route=%2Fwp%2Fv2%2Ftags&post=48375"}],"curies":[{"name":"wp","href":"https:\/\/api.w.org\/{rel}","templated":true}]}}