{"id":48402,"date":"2025-06-19T06:45:13","date_gmt":"2025-06-19T06:45:13","guid":{"rendered":"https:\/\/www.letsportsrock.com\/?p=48402"},"modified":"2025-06-19T06:45:13","modified_gmt":"2025-06-19T06:45:13","slug":"nico-melamed-de-la-rcd-espanyol-in-timpul-meciului-de-la-liga-dintre-rcd","status":"publish","type":"post","link":"https:\/\/www.letsportsrock.com\/?p=48402","title":{"rendered":"Nico Melamed de la RCD Espanyol \u00een timpul meciului de La Liga dintre RCD&#8230;"},"content":{"rendered":"<div class=\"d79db4796efc26332eabfc3f5dafbc76\" data-index=\"1\" style=\"float: none; margin:10px 0 10px 0; text-align:center;\">\n<div class=\"hb-ad-inarticle\">\r\n    <div class=\"hb-ad-inner\"> \r\n    <div class=\"hbagency_cls\"  id=\"hbagency_space_111930\"><\/div><\/div> <\/div>\n<\/div>\n<p>Nico Melamed de la RCD Espanyol \u00een timpul meciului de La Liga dintre RCD&#8230;<\/p>\n<p>&nbsp;<\/p>\n<p>\u00cen timpul unui meci de La Liga pentru RCD Espanyol, Nico Melamed s\u2011a remarcat prin prezen\u0163a sa \u00een banda ofensiv\u0103, juc\u00e2nd ca mijloca\u015f creativ central sau pe flanc. Crescut \u00een academia perico dup\u0103 experien\u0163e la Cornell\u00e0 \u015fi Vilafranca, el \u015fi\u2011a f\u0103cut debutul \u00een prima echip\u0103 \u00eenc\u0103 din 2019, devenind prima genera\u0163ie 2000 care a jucat \u015fi a marcat pentru Espanyol .<\/p>\n<p><img loading=\"lazy\" decoding=\"async\" class=\"alignnone size-medium wp-image-48404\" src=\"https:\/\/www.letsportsrock.com\/wp-content\/uploads\/2025\/06\/images-2025-06-19T074408.340-300x221.jpeg\" alt=\"\" width=\"300\" height=\"221\" srcset=\"https:\/\/www.letsportsrock.com\/wp-content\/uploads\/2025\/06\/images-2025-06-19T074408.340-300x221.jpeg 300w, https:\/\/www.letsportsrock.com\/wp-content\/uploads\/2025\/06\/images-2025-06-19T074408.340.jpeg 646w\" sizes=\"auto, (max-width: 300px) 100vw, 300px\" \/><\/p>\n<p>\u00cen sezonul 2021\u201322, a \u00eembr\u0103cat tricoul cu num\u0103rul 21, \u00een memoria lui Daniel Jarque, \u015fi a \u00eenscris primul s\u0103u gol \u00een La Liga cu Espanyol, \u00eentr\u2011un 1\u20131 cu Osasuna . Sezonul recent \u00een Segunda cu Almer\u00eda, dup\u0103 transferul din 2024, a avut o contribu\u0163ie notabil\u0103: 7 goluri \u015fi 4 pase decisive \u00een 38 de meciuri, la o medie de 0,42 pase de gol\/90\u2032 .<\/p>\n<p>&nbsp;<\/p>\n<p>\u00cen timpul duelurilor de La Liga, Melamed s\u2011a eviden\u0163iat prin agilitate, presing activ \u015fi capacitatea de a recupera balonul, adesea gener\u00e2nd ocazii periculoase din al doilea plan. De altfel, la un meci-tip \u00eempotriva Barcelonei, a fost eliminat cartona\u015f ro\u015fu la finalul partidei (2\u20112), eviden\u0163iind \u015fi ambi\u0163ia sa la marginea limitelor regulamentului .<\/p>\n<p>&nbsp;<\/p>\n<p>Pe scurt, Nico e un mijloca\u015f ofensiv versatil, energic, cu instinct de finalizare \u0219i aptitudini tehnice fine, cu poten\u0163ial pentru a deveni extrem de influent \u00een mijlocul terenului.<\/p>\n\n<div style=\"font-size: 0px; height: 0px; line-height: 0px; margin: 0; padding: 0; clear: both;\"><\/div>","protected":false},"excerpt":{"rendered":"<p>Nico Melamed de la RCD Espanyol \u00een timpul meciului de La Liga dintre RCD&#8230; &nbsp; \u00cen timpul unui meci de La Liga pentru RCD Espanyol, Nico Melamed s\u2011a remarcat prin prezen\u0163a sa \u00een banda ofensiv\u0103, juc\u00e2nd ca mijloca\u015f creativ central sau pe flanc. Crescut \u00een academia perico dup\u0103 experien\u0163e la Cornell\u00e0 \u015fi Vilafranca, el \u015fi\u2011a [&hellip;]<\/p>\n","protected":false},"author":15,"featured_media":48403,"comment_status":"open","ping_status":"open","sticky":false,"template":"","format":"standard","meta":{"_jetpack_memberships_contains_paid_content":false,"footnotes":""},"categories":[1],"tags":[640],"class_list":["post-48402","post","type-post","status-publish","format-standard","has-post-thumbnail","hentry","category-uncategorized","tag-fan-andrei-ivan"],"yoast_head":"<!-- This site is optimized with the Yoast SEO plugin v27.4 - https:\/\/yoast.com\/product\/yoast-seo-wordpress\/ -->\n<title>Nico Melamed de la RCD Espanyol \u00een timpul meciului de La Liga dintre RCD...<\/title>\n<meta name=\"description\" content=\"Nico Melamed de la RCD Espanyol \u00een timpul meciului de La Liga dintre RCD...\" \/>\n<meta name=\"robots\" content=\"index, follow, max-snippet:-1, max-image-preview:large, max-video-preview:-1\" \/>\n<link rel=\"canonical\" href=\"https:\/\/www.letsportsrock.com\/?p=48402\" \/>\n<meta property=\"og:locale\" content=\"en_US\" \/>\n<meta property=\"og:type\" content=\"article\" \/>\n<meta property=\"og:title\" content=\"Nico Melamed de la RCD Espanyol \u00een timpul meciului de La Liga dintre RCD...\" \/>\n<meta property=\"og:description\" content=\"Nico Melamed de la RCD Espanyol \u00een timpul meciului de La Liga dintre RCD...\" \/>\n<meta property=\"og:url\" content=\"https:\/\/www.letsportsrock.com\/?p=48402\" \/>\n<meta property=\"og:site_name\" content=\"letsportsrock\" \/>\n<meta property=\"article:published_time\" content=\"2025-06-19T06:45:13+00:00\" \/>\n<meta property=\"og:image\" content=\"https:\/\/www.letsportsrock.com\/wp-content\/uploads\/2025\/06\/images-2025-06-19T074354.171.jpeg\" \/>\n\t<meta property=\"og:image:width\" content=\"646\" \/>\n\t<meta property=\"og:image:height\" content=\"475\" \/>\n\t<meta property=\"og:image:type\" content=\"image\/jpeg\" \/>\n<meta name=\"author\" content=\"Amos Nabizo\" \/>\n<meta name=\"twitter:card\" content=\"summary_large_image\" \/>\n<meta name=\"twitter:label1\" content=\"Written by\" \/>\n\t<meta name=\"twitter:data1\" content=\"Amos Nabizo\" \/>\n\t<meta name=\"twitter:label2\" content=\"Est. reading time\" \/>\n\t<meta name=\"twitter:data2\" content=\"2 minutes\" \/>\n<script type=\"application\/ld+json\" class=\"yoast-schema-graph\">{\"@context\":\"https:\\\/\\\/schema.org\",\"@graph\":[{\"@type\":\"Article\",\"@id\":\"https:\\\/\\\/www.letsportsrock.com\\\/?p=48402#article\",\"isPartOf\":{\"@id\":\"https:\\\/\\\/www.letsportsrock.com\\\/?p=48402\"},\"author\":{\"name\":\"Amos Nabizo\",\"@id\":\"https:\\\/\\\/www.letsportsrock.com\\\/#\\\/schema\\\/person\\\/044479f72bdbd75f9523e745d3be6c30\"},\"headline\":\"Nico Melamed de la RCD Espanyol \u00een timpul meciului de La Liga dintre RCD&#8230;\",\"datePublished\":\"2025-06-19T06:45:13+00:00\",\"mainEntityOfPage\":{\"@id\":\"https:\\\/\\\/www.letsportsrock.com\\\/?p=48402\"},\"wordCount\":241,\"commentCount\":0,\"image\":{\"@id\":\"https:\\\/\\\/www.letsportsrock.com\\\/?p=48402#primaryimage\"},\"thumbnailUrl\":\"https:\\\/\\\/www.letsportsrock.com\\\/wp-content\\\/uploads\\\/2025\\\/06\\\/images-2025-06-19T074354.171.jpeg\",\"keywords\":[\"Fan Andrei Ivan\"],\"inLanguage\":\"en-US\",\"potentialAction\":[{\"@type\":\"CommentAction\",\"name\":\"Comment\",\"target\":[\"https:\\\/\\\/www.letsportsrock.com\\\/?p=48402#respond\"]}]},{\"@type\":\"WebPage\",\"@id\":\"https:\\\/\\\/www.letsportsrock.com\\\/?p=48402\",\"url\":\"https:\\\/\\\/www.letsportsrock.com\\\/?p=48402\",\"name\":\"Nico Melamed de la RCD Espanyol \u00een timpul meciului de La Liga dintre RCD...\",\"isPartOf\":{\"@id\":\"https:\\\/\\\/www.letsportsrock.com\\\/#website\"},\"primaryImageOfPage\":{\"@id\":\"https:\\\/\\\/www.letsportsrock.com\\\/?p=48402#primaryimage\"},\"image\":{\"@id\":\"https:\\\/\\\/www.letsportsrock.com\\\/?p=48402#primaryimage\"},\"thumbnailUrl\":\"https:\\\/\\\/www.letsportsrock.com\\\/wp-content\\\/uploads\\\/2025\\\/06\\\/images-2025-06-19T074354.171.jpeg\",\"datePublished\":\"2025-06-19T06:45:13+00:00\",\"author\":{\"@id\":\"https:\\\/\\\/www.letsportsrock.com\\\/#\\\/schema\\\/person\\\/044479f72bdbd75f9523e745d3be6c30\"},\"description\":\"Nico Melamed de la RCD Espanyol \u00een timpul meciului de La Liga dintre RCD...\",\"breadcrumb\":{\"@id\":\"https:\\\/\\\/www.letsportsrock.com\\\/?p=48402#breadcrumb\"},\"inLanguage\":\"en-US\",\"potentialAction\":[{\"@type\":\"ReadAction\",\"target\":[\"https:\\\/\\\/www.letsportsrock.com\\\/?p=48402\"]}]},{\"@type\":\"ImageObject\",\"inLanguage\":\"en-US\",\"@id\":\"https:\\\/\\\/www.letsportsrock.com\\\/?p=48402#primaryimage\",\"url\":\"https:\\\/\\\/www.letsportsrock.com\\\/wp-content\\\/uploads\\\/2025\\\/06\\\/images-2025-06-19T074354.171.jpeg\",\"contentUrl\":\"https:\\\/\\\/www.letsportsrock.com\\\/wp-content\\\/uploads\\\/2025\\\/06\\\/images-2025-06-19T074354.171.jpeg\",\"width\":646,\"height\":475},{\"@type\":\"BreadcrumbList\",\"@id\":\"https:\\\/\\\/www.letsportsrock.com\\\/?p=48402#breadcrumb\",\"itemListElement\":[{\"@type\":\"ListItem\",\"position\":1,\"name\":\"Home\",\"item\":\"https:\\\/\\\/www.letsportsrock.com\\\/\"},{\"@type\":\"ListItem\",\"position\":2,\"name\":\"Nico Melamed de la RCD Espanyol \u00een timpul meciului de La Liga dintre RCD&#8230;\"}]},{\"@type\":\"WebSite\",\"@id\":\"https:\\\/\\\/www.letsportsrock.com\\\/#website\",\"url\":\"https:\\\/\\\/www.letsportsrock.com\\\/\",\"name\":\"letsportsrock\",\"description\":\"Sport News and Updates\",\"potentialAction\":[{\"@type\":\"SearchAction\",\"target\":{\"@type\":\"EntryPoint\",\"urlTemplate\":\"https:\\\/\\\/www.letsportsrock.com\\\/?s={search_term_string}\"},\"query-input\":{\"@type\":\"PropertyValueSpecification\",\"valueRequired\":true,\"valueName\":\"search_term_string\"}}],\"inLanguage\":\"en-US\"},{\"@type\":\"Person\",\"@id\":\"https:\\\/\\\/www.letsportsrock.com\\\/#\\\/schema\\\/person\\\/044479f72bdbd75f9523e745d3be6c30\",\"name\":\"Amos Nabizo\",\"image\":{\"@type\":\"ImageObject\",\"inLanguage\":\"en-US\",\"@id\":\"https:\\\/\\\/secure.gravatar.com\\\/avatar\\\/d569857c07d3899c6ca842ffea32daa1672c05549833530fe37e68ae7b521ba4?s=96&d=mm&r=g\",\"url\":\"https:\\\/\\\/secure.gravatar.com\\\/avatar\\\/d569857c07d3899c6ca842ffea32daa1672c05549833530fe37e68ae7b521ba4?s=96&d=mm&r=g\",\"contentUrl\":\"https:\\\/\\\/secure.gravatar.com\\\/avatar\\\/d569857c07d3899c6ca842ffea32daa1672c05549833530fe37e68ae7b521ba4?s=96&d=mm&r=g\",\"caption\":\"Amos Nabizo\"},\"sameAs\":[\"https:\\\/\\\/www.letsportsrock.com\\\/wp-admin\\\/\"],\"url\":\"https:\\\/\\\/www.letsportsrock.com\\\/?author=15\"}]}<\/script>\n<!-- \/ Yoast SEO plugin. -->","yoast_head_json":{"title":"Nico Melamed de la RCD Espanyol \u00een timpul meciului de La Liga dintre RCD...","description":"Nico Melamed de la RCD Espanyol \u00een timpul meciului de La Liga dintre RCD...","robots":{"index":"index","follow":"follow","max-snippet":"max-snippet:-1","max-image-preview":"max-image-preview:large","max-video-preview":"max-video-preview:-1"},"canonical":"https:\/\/www.letsportsrock.com\/?p=48402","og_locale":"en_US","og_type":"article","og_title":"Nico Melamed de la RCD Espanyol \u00een timpul meciului de La Liga dintre RCD...","og_description":"Nico Melamed de la RCD Espanyol \u00een timpul meciului de La Liga dintre RCD...","og_url":"https:\/\/www.letsportsrock.com\/?p=48402","og_site_name":"letsportsrock","article_published_time":"2025-06-19T06:45:13+00:00","og_image":[{"width":646,"height":475,"url":"https:\/\/www.letsportsrock.com\/wp-content\/uploads\/2025\/06\/images-2025-06-19T074354.171.jpeg","type":"image\/jpeg"}],"author":"Amos Nabizo","twitter_card":"summary_large_image","twitter_misc":{"Written by":"Amos Nabizo","Est. reading time":"2 minutes"},"schema":{"@context":"https:\/\/schema.org","@graph":[{"@type":"Article","@id":"https:\/\/www.letsportsrock.com\/?p=48402#article","isPartOf":{"@id":"https:\/\/www.letsportsrock.com\/?p=48402"},"author":{"name":"Amos Nabizo","@id":"https:\/\/www.letsportsrock.com\/#\/schema\/person\/044479f72bdbd75f9523e745d3be6c30"},"headline":"Nico Melamed de la RCD Espanyol \u00een timpul meciului de La Liga dintre RCD&#8230;","datePublished":"2025-06-19T06:45:13+00:00","mainEntityOfPage":{"@id":"https:\/\/www.letsportsrock.com\/?p=48402"},"wordCount":241,"commentCount":0,"image":{"@id":"https:\/\/www.letsportsrock.com\/?p=48402#primaryimage"},"thumbnailUrl":"https:\/\/www.letsportsrock.com\/wp-content\/uploads\/2025\/06\/images-2025-06-19T074354.171.jpeg","keywords":["Fan Andrei Ivan"],"inLanguage":"en-US","potentialAction":[{"@type":"CommentAction","name":"Comment","target":["https:\/\/www.letsportsrock.com\/?p=48402#respond"]}]},{"@type":"WebPage","@id":"https:\/\/www.letsportsrock.com\/?p=48402","url":"https:\/\/www.letsportsrock.com\/?p=48402","name":"Nico Melamed de la RCD Espanyol \u00een timpul meciului de La Liga dintre RCD...","isPartOf":{"@id":"https:\/\/www.letsportsrock.com\/#website"},"primaryImageOfPage":{"@id":"https:\/\/www.letsportsrock.com\/?p=48402#primaryimage"},"image":{"@id":"https:\/\/www.letsportsrock.com\/?p=48402#primaryimage"},"thumbnailUrl":"https:\/\/www.letsportsrock.com\/wp-content\/uploads\/2025\/06\/images-2025-06-19T074354.171.jpeg","datePublished":"2025-06-19T06:45:13+00:00","author":{"@id":"https:\/\/www.letsportsrock.com\/#\/schema\/person\/044479f72bdbd75f9523e745d3be6c30"},"description":"Nico Melamed de la RCD Espanyol \u00een timpul meciului de La Liga dintre RCD...","breadcrumb":{"@id":"https:\/\/www.letsportsrock.com\/?p=48402#breadcrumb"},"inLanguage":"en-US","potentialAction":[{"@type":"ReadAction","target":["https:\/\/www.letsportsrock.com\/?p=48402"]}]},{"@type":"ImageObject","inLanguage":"en-US","@id":"https:\/\/www.letsportsrock.com\/?p=48402#primaryimage","url":"https:\/\/www.letsportsrock.com\/wp-content\/uploads\/2025\/06\/images-2025-06-19T074354.171.jpeg","contentUrl":"https:\/\/www.letsportsrock.com\/wp-content\/uploads\/2025\/06\/images-2025-06-19T074354.171.jpeg","width":646,"height":475},{"@type":"BreadcrumbList","@id":"https:\/\/www.letsportsrock.com\/?p=48402#breadcrumb","itemListElement":[{"@type":"ListItem","position":1,"name":"Home","item":"https:\/\/www.letsportsrock.com\/"},{"@type":"ListItem","position":2,"name":"Nico Melamed de la RCD Espanyol \u00een timpul meciului de La Liga dintre RCD&#8230;"}]},{"@type":"WebSite","@id":"https:\/\/www.letsportsrock.com\/#website","url":"https:\/\/www.letsportsrock.com\/","name":"letsportsrock","description":"Sport News and Updates","potentialAction":[{"@type":"SearchAction","target":{"@type":"EntryPoint","urlTemplate":"https:\/\/www.letsportsrock.com\/?s={search_term_string}"},"query-input":{"@type":"PropertyValueSpecification","valueRequired":true,"valueName":"search_term_string"}}],"inLanguage":"en-US"},{"@type":"Person","@id":"https:\/\/www.letsportsrock.com\/#\/schema\/person\/044479f72bdbd75f9523e745d3be6c30","name":"Amos Nabizo","image":{"@type":"ImageObject","inLanguage":"en-US","@id":"https:\/\/secure.gravatar.com\/avatar\/d569857c07d3899c6ca842ffea32daa1672c05549833530fe37e68ae7b521ba4?s=96&d=mm&r=g","url":"https:\/\/secure.gravatar.com\/avatar\/d569857c07d3899c6ca842ffea32daa1672c05549833530fe37e68ae7b521ba4?s=96&d=mm&r=g","contentUrl":"https:\/\/secure.gravatar.com\/avatar\/d569857c07d3899c6ca842ffea32daa1672c05549833530fe37e68ae7b521ba4?s=96&d=mm&r=g","caption":"Amos Nabizo"},"sameAs":["https:\/\/www.letsportsrock.com\/wp-admin\/"],"url":"https:\/\/www.letsportsrock.com\/?author=15"}]}},"jetpack_featured_media_url":"https:\/\/www.letsportsrock.com\/wp-content\/uploads\/2025\/06\/images-2025-06-19T074354.171.jpeg","jetpack_sharing_enabled":true,"_links":{"self":[{"href":"https:\/\/www.letsportsrock.com\/index.php?rest_route=\/wp\/v2\/posts\/48402","targetHints":{"allow":["GET"]}}],"collection":[{"href":"https:\/\/www.letsportsrock.com\/index.php?rest_route=\/wp\/v2\/posts"}],"about":[{"href":"https:\/\/www.letsportsrock.com\/index.php?rest_route=\/wp\/v2\/types\/post"}],"author":[{"embeddable":true,"href":"https:\/\/www.letsportsrock.com\/index.php?rest_route=\/wp\/v2\/users\/15"}],"replies":[{"embeddable":true,"href":"https:\/\/www.letsportsrock.com\/index.php?rest_route=%2Fwp%2Fv2%2Fcomments&post=48402"}],"version-history":[{"count":1,"href":"https:\/\/www.letsportsrock.com\/index.php?rest_route=\/wp\/v2\/posts\/48402\/revisions"}],"predecessor-version":[{"id":48405,"href":"https:\/\/www.letsportsrock.com\/index.php?rest_route=\/wp\/v2\/posts\/48402\/revisions\/48405"}],"wp:featuredmedia":[{"embeddable":true,"href":"https:\/\/www.letsportsrock.com\/index.php?rest_route=\/wp\/v2\/media\/48403"}],"wp:attachment":[{"href":"https:\/\/www.letsportsrock.com\/index.php?rest_route=%2Fwp%2Fv2%2Fmedia&parent=48402"}],"wp:term":[{"taxonomy":"category","embeddable":true,"href":"https:\/\/www.letsportsrock.com\/index.php?rest_route=%2Fwp%2Fv2%2Fcategories&post=48402"},{"taxonomy":"post_tag","embeddable":true,"href":"https:\/\/www.letsportsrock.com\/index.php?rest_route=%2Fwp%2Fv2%2Ftags&post=48402"}],"curies":[{"name":"wp","href":"https:\/\/api.w.org\/{rel}","templated":true}]}}