{"id":48547,"date":"2025-06-19T19:21:20","date_gmt":"2025-06-19T19:21:20","guid":{"rendered":"https:\/\/www.letsportsrock.com\/?p=48547"},"modified":"2025-06-19T19:22:32","modified_gmt":"2025-06-19T19:22:32","slug":"plecare-dureroasa-jucatorii-cheie-ai-cfr-cluj-au-plecat","status":"publish","type":"post","link":"https:\/\/www.letsportsrock.com\/?p=48547","title":{"rendered":"Plecare dureroas\u0103: Juc\u0103torii cheie ai CFR Cluj au plecat\u2026\u2026.."},"content":{"rendered":"<div class=\"d79db4796efc26332eabfc3f5dafbc76\" data-index=\"1\" style=\"float: none; margin:10px 0 10px 0; text-align:center;\">\n<div class=\"hb-ad-inarticle\">\r\n    <div class=\"hb-ad-inner\"> \r\n    <div class=\"hbagency_cls\"  id=\"hbagency_space_111930\"><\/div><\/div> <\/div>\n<\/div>\n<p>**Plecare dureroas\u0103: Juc\u0103torii cheie ai CFR Cluj au plecat**<\/p>\n<p>&nbsp;<\/p>\n<p>CFR Cluj trece printr-o perioad\u0103 dificil\u0103 dup\u0103 ce mai mul\u021bi juc\u0103tori importan\u021bi au p\u0103r\u0103sit echipa \u00een aceast\u0103 var\u0103. Dup\u0103 un sezon sub a\u0219tept\u0103ri, conducerea clubului a decis s\u0103 \u00eenceap\u0103 un nou proiect, iar schimb\u0103rile nu au \u00eent\u00e2rziat s\u0103 apar\u0103. Printre cei care au plecat se num\u0103r\u0103 c\u0103pitanul echipei, Mario Camora, un simbol al clubului, care a fost prezent \u00een cele mai mari succese ale ardelenilor. Al\u0103turi de el, \u0219i-au f\u0103cut bagajele \u0219i juc\u0103tori ca Ciprian Deac \u0219i Yuri Matias, ambii fiind esen\u021biali \u00een angrenajul echipei \u00een ultimele sezoane.<\/p>\n<p>&nbsp;<\/p>\n<p>Plec\u0103rile nu au fost u\u0219or de acceptat de suporteri, care \u0219i-au exprimat nemul\u021bumirea pe re\u021belele de socializare. De\u0219i oficialii clubului au promis c\u0103 vor aduce juc\u0103tori tineri \u0219i talenta\u021bi pentru a reconstrui lotul, fanii r\u0103m\u00e2n sceptici. Este clar c\u0103 urmeaz\u0103 un sezon de tranzi\u021bie pentru CFR Cluj, iar obiectivele vor fi reevaluate \u00een func\u021bie de noile achizi\u021bii. R\u0103m\u00e2ne de v\u0103zut dac\u0103 echipa va putea men\u021bine standardul ridicat cu care \u0219i-a obi\u0219nuit suporterii \u00een ultimul deceniu. Un lucru e cert: \u00eenceputul noului sezon va fi cu siguran\u021b\u0103 unul plin de emo\u021bii \u0219i incertitud<\/p>\n<p>ini.<\/p>\n\n<div style=\"font-size: 0px; height: 0px; line-height: 0px; margin: 0; padding: 0; clear: both;\"><\/div>","protected":false},"excerpt":{"rendered":"<p>**Plecare dureroas\u0103: Juc\u0103torii cheie ai CFR Cluj au plecat** &nbsp; CFR Cluj trece printr-o perioad\u0103 dificil\u0103 dup\u0103 ce mai mul\u021bi juc\u0103tori importan\u021bi au p\u0103r\u0103sit echipa \u00een aceast\u0103 var\u0103. Dup\u0103 un sezon sub a\u0219tept\u0103ri, conducerea clubului a decis s\u0103 \u00eenceap\u0103 un nou proiect, iar schimb\u0103rile nu au \u00eent\u00e2rziat s\u0103 apar\u0103. Printre cei care au plecat se [&hellip;]<\/p>\n","protected":false},"author":1,"featured_media":48549,"comment_status":"open","ping_status":"open","sticky":false,"template":"","format":"standard","meta":{"_jetpack_memberships_contains_paid_content":false,"footnotes":""},"categories":[1],"tags":[],"class_list":["post-48547","post","type-post","status-publish","format-standard","has-post-thumbnail","hentry","category-uncategorized"],"yoast_head":"<!-- This site is optimized with the Yoast SEO plugin v27.4 - https:\/\/yoast.com\/product\/yoast-seo-wordpress\/ -->\n<title>Plecare dureroas\u0103: Juc\u0103torii cheie ai CFR Cluj au plecat\u2026\u2026..<\/title>\n<meta name=\"description\" content=\"Plecare dureroas\u0103: Juc\u0103torii cheie ai CFR Cluj au plecat\u2026\u2026..Plecare dureroas\u0103: Juc\u0103torii cheie ai CFR Cluj au plecat\u2026\u2026..\" \/>\n<meta name=\"robots\" content=\"index, follow, max-snippet:-1, max-image-preview:large, max-video-preview:-1\" \/>\n<link rel=\"canonical\" href=\"https:\/\/www.letsportsrock.com\/?p=48547\" \/>\n<meta property=\"og:locale\" content=\"en_US\" \/>\n<meta property=\"og:type\" content=\"article\" \/>\n<meta property=\"og:title\" content=\"Plecare dureroas\u0103: Juc\u0103torii cheie ai CFR Cluj au plecat\u2026\u2026..\" \/>\n<meta property=\"og:description\" content=\"Plecare dureroas\u0103: Juc\u0103torii cheie ai CFR Cluj au plecat\u2026\u2026..Plecare dureroas\u0103: Juc\u0103torii cheie ai CFR Cluj au plecat\u2026\u2026..\" \/>\n<meta property=\"og:url\" content=\"https:\/\/www.letsportsrock.com\/?p=48547\" \/>\n<meta property=\"og:site_name\" content=\"letsportsrock\" \/>\n<meta property=\"article:published_time\" content=\"2025-06-19T19:21:20+00:00\" \/>\n<meta property=\"article:modified_time\" content=\"2025-06-19T19:22:32+00:00\" \/>\n<meta property=\"og:image\" content=\"https:\/\/www.letsportsrock.com\/wp-content\/uploads\/2025\/06\/images-2025-06-19T202054.533.jpeg\" \/>\n\t<meta property=\"og:image:width\" content=\"727\" \/>\n\t<meta property=\"og:image:height\" content=\"422\" \/>\n\t<meta property=\"og:image:type\" content=\"image\/jpeg\" \/>\n<meta name=\"author\" content=\"letsportsrock\" \/>\n<meta name=\"twitter:card\" content=\"summary_large_image\" \/>\n<meta name=\"twitter:label1\" content=\"Written by\" \/>\n\t<meta name=\"twitter:data1\" content=\"letsportsrock\" \/>\n\t<meta name=\"twitter:label2\" content=\"Est. reading time\" \/>\n\t<meta name=\"twitter:data2\" content=\"2 minutes\" \/>\n<script type=\"application\/ld+json\" class=\"yoast-schema-graph\">{\"@context\":\"https:\\\/\\\/schema.org\",\"@graph\":[{\"@type\":\"Article\",\"@id\":\"https:\\\/\\\/www.letsportsrock.com\\\/?p=48547#article\",\"isPartOf\":{\"@id\":\"https:\\\/\\\/www.letsportsrock.com\\\/?p=48547\"},\"author\":{\"name\":\"letsportsrock\",\"@id\":\"https:\\\/\\\/www.letsportsrock.com\\\/#\\\/schema\\\/person\\\/a454ac24e58b214ddd97e4b5afb0bf01\"},\"headline\":\"Plecare dureroas\u0103: Juc\u0103torii cheie ai CFR Cluj au plecat\u2026\u2026..\",\"datePublished\":\"2025-06-19T19:21:20+00:00\",\"dateModified\":\"2025-06-19T19:22:32+00:00\",\"mainEntityOfPage\":{\"@id\":\"https:\\\/\\\/www.letsportsrock.com\\\/?p=48547\"},\"wordCount\":236,\"commentCount\":0,\"image\":{\"@id\":\"https:\\\/\\\/www.letsportsrock.com\\\/?p=48547#primaryimage\"},\"thumbnailUrl\":\"https:\\\/\\\/www.letsportsrock.com\\\/wp-content\\\/uploads\\\/2025\\\/06\\\/images-2025-06-19T202054.533.jpeg\",\"inLanguage\":\"en-US\",\"potentialAction\":[{\"@type\":\"CommentAction\",\"name\":\"Comment\",\"target\":[\"https:\\\/\\\/www.letsportsrock.com\\\/?p=48547#respond\"]}]},{\"@type\":\"WebPage\",\"@id\":\"https:\\\/\\\/www.letsportsrock.com\\\/?p=48547\",\"url\":\"https:\\\/\\\/www.letsportsrock.com\\\/?p=48547\",\"name\":\"Plecare dureroas\u0103: Juc\u0103torii cheie ai CFR Cluj au plecat\u2026\u2026..\",\"isPartOf\":{\"@id\":\"https:\\\/\\\/www.letsportsrock.com\\\/#website\"},\"primaryImageOfPage\":{\"@id\":\"https:\\\/\\\/www.letsportsrock.com\\\/?p=48547#primaryimage\"},\"image\":{\"@id\":\"https:\\\/\\\/www.letsportsrock.com\\\/?p=48547#primaryimage\"},\"thumbnailUrl\":\"https:\\\/\\\/www.letsportsrock.com\\\/wp-content\\\/uploads\\\/2025\\\/06\\\/images-2025-06-19T202054.533.jpeg\",\"datePublished\":\"2025-06-19T19:21:20+00:00\",\"dateModified\":\"2025-06-19T19:22:32+00:00\",\"author\":{\"@id\":\"https:\\\/\\\/www.letsportsrock.com\\\/#\\\/schema\\\/person\\\/a454ac24e58b214ddd97e4b5afb0bf01\"},\"description\":\"Plecare dureroas\u0103: Juc\u0103torii cheie ai CFR Cluj au plecat\u2026\u2026..Plecare dureroas\u0103: Juc\u0103torii cheie ai CFR Cluj au plecat\u2026\u2026..\",\"breadcrumb\":{\"@id\":\"https:\\\/\\\/www.letsportsrock.com\\\/?p=48547#breadcrumb\"},\"inLanguage\":\"en-US\",\"potentialAction\":[{\"@type\":\"ReadAction\",\"target\":[\"https:\\\/\\\/www.letsportsrock.com\\\/?p=48547\"]}]},{\"@type\":\"ImageObject\",\"inLanguage\":\"en-US\",\"@id\":\"https:\\\/\\\/www.letsportsrock.com\\\/?p=48547#primaryimage\",\"url\":\"https:\\\/\\\/www.letsportsrock.com\\\/wp-content\\\/uploads\\\/2025\\\/06\\\/images-2025-06-19T202054.533.jpeg\",\"contentUrl\":\"https:\\\/\\\/www.letsportsrock.com\\\/wp-content\\\/uploads\\\/2025\\\/06\\\/images-2025-06-19T202054.533.jpeg\",\"width\":727,\"height\":422},{\"@type\":\"BreadcrumbList\",\"@id\":\"https:\\\/\\\/www.letsportsrock.com\\\/?p=48547#breadcrumb\",\"itemListElement\":[{\"@type\":\"ListItem\",\"position\":1,\"name\":\"Home\",\"item\":\"https:\\\/\\\/www.letsportsrock.com\\\/\"},{\"@type\":\"ListItem\",\"position\":2,\"name\":\"Plecare dureroas\u0103: Juc\u0103torii cheie ai CFR Cluj au plecat\u2026\u2026..\"}]},{\"@type\":\"WebSite\",\"@id\":\"https:\\\/\\\/www.letsportsrock.com\\\/#website\",\"url\":\"https:\\\/\\\/www.letsportsrock.com\\\/\",\"name\":\"letsportsrock\",\"description\":\"Sport News and Updates\",\"potentialAction\":[{\"@type\":\"SearchAction\",\"target\":{\"@type\":\"EntryPoint\",\"urlTemplate\":\"https:\\\/\\\/www.letsportsrock.com\\\/?s={search_term_string}\"},\"query-input\":{\"@type\":\"PropertyValueSpecification\",\"valueRequired\":true,\"valueName\":\"search_term_string\"}}],\"inLanguage\":\"en-US\"},{\"@type\":\"Person\",\"@id\":\"https:\\\/\\\/www.letsportsrock.com\\\/#\\\/schema\\\/person\\\/a454ac24e58b214ddd97e4b5afb0bf01\",\"name\":\"letsportsrock\",\"image\":{\"@type\":\"ImageObject\",\"inLanguage\":\"en-US\",\"@id\":\"https:\\\/\\\/secure.gravatar.com\\\/avatar\\\/f8ef950cbb7574c0bc874094b8d307659bfe2d7aa4a9d26fa6917eff010748f9?s=96&d=mm&r=g\",\"url\":\"https:\\\/\\\/secure.gravatar.com\\\/avatar\\\/f8ef950cbb7574c0bc874094b8d307659bfe2d7aa4a9d26fa6917eff010748f9?s=96&d=mm&r=g\",\"contentUrl\":\"https:\\\/\\\/secure.gravatar.com\\\/avatar\\\/f8ef950cbb7574c0bc874094b8d307659bfe2d7aa4a9d26fa6917eff010748f9?s=96&d=mm&r=g\",\"caption\":\"letsportsrock\"},\"sameAs\":[\"https:\\\/\\\/www.letsportsrock.com\"],\"url\":\"https:\\\/\\\/www.letsportsrock.com\\\/?author=1\"}]}<\/script>\n<!-- \/ Yoast SEO plugin. -->","yoast_head_json":{"title":"Plecare dureroas\u0103: Juc\u0103torii cheie ai CFR Cluj au plecat\u2026\u2026..","description":"Plecare dureroas\u0103: Juc\u0103torii cheie ai CFR Cluj au plecat\u2026\u2026..Plecare dureroas\u0103: Juc\u0103torii cheie ai CFR Cluj au plecat\u2026\u2026..","robots":{"index":"index","follow":"follow","max-snippet":"max-snippet:-1","max-image-preview":"max-image-preview:large","max-video-preview":"max-video-preview:-1"},"canonical":"https:\/\/www.letsportsrock.com\/?p=48547","og_locale":"en_US","og_type":"article","og_title":"Plecare dureroas\u0103: Juc\u0103torii cheie ai CFR Cluj au plecat\u2026\u2026..","og_description":"Plecare dureroas\u0103: Juc\u0103torii cheie ai CFR Cluj au plecat\u2026\u2026..Plecare dureroas\u0103: Juc\u0103torii cheie ai CFR Cluj au plecat\u2026\u2026..","og_url":"https:\/\/www.letsportsrock.com\/?p=48547","og_site_name":"letsportsrock","article_published_time":"2025-06-19T19:21:20+00:00","article_modified_time":"2025-06-19T19:22:32+00:00","og_image":[{"width":727,"height":422,"url":"https:\/\/www.letsportsrock.com\/wp-content\/uploads\/2025\/06\/images-2025-06-19T202054.533.jpeg","type":"image\/jpeg"}],"author":"letsportsrock","twitter_card":"summary_large_image","twitter_misc":{"Written by":"letsportsrock","Est. reading time":"2 minutes"},"schema":{"@context":"https:\/\/schema.org","@graph":[{"@type":"Article","@id":"https:\/\/www.letsportsrock.com\/?p=48547#article","isPartOf":{"@id":"https:\/\/www.letsportsrock.com\/?p=48547"},"author":{"name":"letsportsrock","@id":"https:\/\/www.letsportsrock.com\/#\/schema\/person\/a454ac24e58b214ddd97e4b5afb0bf01"},"headline":"Plecare dureroas\u0103: Juc\u0103torii cheie ai CFR Cluj au plecat\u2026\u2026..","datePublished":"2025-06-19T19:21:20+00:00","dateModified":"2025-06-19T19:22:32+00:00","mainEntityOfPage":{"@id":"https:\/\/www.letsportsrock.com\/?p=48547"},"wordCount":236,"commentCount":0,"image":{"@id":"https:\/\/www.letsportsrock.com\/?p=48547#primaryimage"},"thumbnailUrl":"https:\/\/www.letsportsrock.com\/wp-content\/uploads\/2025\/06\/images-2025-06-19T202054.533.jpeg","inLanguage":"en-US","potentialAction":[{"@type":"CommentAction","name":"Comment","target":["https:\/\/www.letsportsrock.com\/?p=48547#respond"]}]},{"@type":"WebPage","@id":"https:\/\/www.letsportsrock.com\/?p=48547","url":"https:\/\/www.letsportsrock.com\/?p=48547","name":"Plecare dureroas\u0103: Juc\u0103torii cheie ai CFR Cluj au plecat\u2026\u2026..","isPartOf":{"@id":"https:\/\/www.letsportsrock.com\/#website"},"primaryImageOfPage":{"@id":"https:\/\/www.letsportsrock.com\/?p=48547#primaryimage"},"image":{"@id":"https:\/\/www.letsportsrock.com\/?p=48547#primaryimage"},"thumbnailUrl":"https:\/\/www.letsportsrock.com\/wp-content\/uploads\/2025\/06\/images-2025-06-19T202054.533.jpeg","datePublished":"2025-06-19T19:21:20+00:00","dateModified":"2025-06-19T19:22:32+00:00","author":{"@id":"https:\/\/www.letsportsrock.com\/#\/schema\/person\/a454ac24e58b214ddd97e4b5afb0bf01"},"description":"Plecare dureroas\u0103: Juc\u0103torii cheie ai CFR Cluj au plecat\u2026\u2026..Plecare dureroas\u0103: Juc\u0103torii cheie ai CFR Cluj au plecat\u2026\u2026..","breadcrumb":{"@id":"https:\/\/www.letsportsrock.com\/?p=48547#breadcrumb"},"inLanguage":"en-US","potentialAction":[{"@type":"ReadAction","target":["https:\/\/www.letsportsrock.com\/?p=48547"]}]},{"@type":"ImageObject","inLanguage":"en-US","@id":"https:\/\/www.letsportsrock.com\/?p=48547#primaryimage","url":"https:\/\/www.letsportsrock.com\/wp-content\/uploads\/2025\/06\/images-2025-06-19T202054.533.jpeg","contentUrl":"https:\/\/www.letsportsrock.com\/wp-content\/uploads\/2025\/06\/images-2025-06-19T202054.533.jpeg","width":727,"height":422},{"@type":"BreadcrumbList","@id":"https:\/\/www.letsportsrock.com\/?p=48547#breadcrumb","itemListElement":[{"@type":"ListItem","position":1,"name":"Home","item":"https:\/\/www.letsportsrock.com\/"},{"@type":"ListItem","position":2,"name":"Plecare dureroas\u0103: Juc\u0103torii cheie ai CFR Cluj au plecat\u2026\u2026.."}]},{"@type":"WebSite","@id":"https:\/\/www.letsportsrock.com\/#website","url":"https:\/\/www.letsportsrock.com\/","name":"letsportsrock","description":"Sport News and Updates","potentialAction":[{"@type":"SearchAction","target":{"@type":"EntryPoint","urlTemplate":"https:\/\/www.letsportsrock.com\/?s={search_term_string}"},"query-input":{"@type":"PropertyValueSpecification","valueRequired":true,"valueName":"search_term_string"}}],"inLanguage":"en-US"},{"@type":"Person","@id":"https:\/\/www.letsportsrock.com\/#\/schema\/person\/a454ac24e58b214ddd97e4b5afb0bf01","name":"letsportsrock","image":{"@type":"ImageObject","inLanguage":"en-US","@id":"https:\/\/secure.gravatar.com\/avatar\/f8ef950cbb7574c0bc874094b8d307659bfe2d7aa4a9d26fa6917eff010748f9?s=96&d=mm&r=g","url":"https:\/\/secure.gravatar.com\/avatar\/f8ef950cbb7574c0bc874094b8d307659bfe2d7aa4a9d26fa6917eff010748f9?s=96&d=mm&r=g","contentUrl":"https:\/\/secure.gravatar.com\/avatar\/f8ef950cbb7574c0bc874094b8d307659bfe2d7aa4a9d26fa6917eff010748f9?s=96&d=mm&r=g","caption":"letsportsrock"},"sameAs":["https:\/\/www.letsportsrock.com"],"url":"https:\/\/www.letsportsrock.com\/?author=1"}]}},"jetpack_featured_media_url":"https:\/\/www.letsportsrock.com\/wp-content\/uploads\/2025\/06\/images-2025-06-19T202054.533.jpeg","jetpack_sharing_enabled":true,"_links":{"self":[{"href":"https:\/\/www.letsportsrock.com\/index.php?rest_route=\/wp\/v2\/posts\/48547","targetHints":{"allow":["GET"]}}],"collection":[{"href":"https:\/\/www.letsportsrock.com\/index.php?rest_route=\/wp\/v2\/posts"}],"about":[{"href":"https:\/\/www.letsportsrock.com\/index.php?rest_route=\/wp\/v2\/types\/post"}],"author":[{"embeddable":true,"href":"https:\/\/www.letsportsrock.com\/index.php?rest_route=\/wp\/v2\/users\/1"}],"replies":[{"embeddable":true,"href":"https:\/\/www.letsportsrock.com\/index.php?rest_route=%2Fwp%2Fv2%2Fcomments&post=48547"}],"version-history":[{"count":1,"href":"https:\/\/www.letsportsrock.com\/index.php?rest_route=\/wp\/v2\/posts\/48547\/revisions"}],"predecessor-version":[{"id":48548,"href":"https:\/\/www.letsportsrock.com\/index.php?rest_route=\/wp\/v2\/posts\/48547\/revisions\/48548"}],"wp:featuredmedia":[{"embeddable":true,"href":"https:\/\/www.letsportsrock.com\/index.php?rest_route=\/wp\/v2\/media\/48549"}],"wp:attachment":[{"href":"https:\/\/www.letsportsrock.com\/index.php?rest_route=%2Fwp%2Fv2%2Fmedia&parent=48547"}],"wp:term":[{"taxonomy":"category","embeddable":true,"href":"https:\/\/www.letsportsrock.com\/index.php?rest_route=%2Fwp%2Fv2%2Fcategories&post=48547"},{"taxonomy":"post_tag","embeddable":true,"href":"https:\/\/www.letsportsrock.com\/index.php?rest_route=%2Fwp%2Fv2%2Ftags&post=48547"}],"curies":[{"name":"wp","href":"https:\/\/api.w.org\/{rel}","templated":true}]}}