{"id":48788,"date":"2025-06-20T12:56:19","date_gmt":"2025-06-20T12:56:19","guid":{"rendered":"https:\/\/www.letsportsrock.com\/?p=48788"},"modified":"2025-06-20T12:56:20","modified_gmt":"2025-06-20T12:56:20","slug":"ianis-avramescu-finalizeaza-transferul-la-cs-universitatea-craiova-incepe-un-nou-capitol-2","status":"publish","type":"post","link":"https:\/\/www.letsportsrock.com\/?p=48788","title":{"rendered":"Ianis Avr\u0103mescu finalizeaz\u0103 transferul la CS Universitatea Craiova: \u00cencepe un nou capitol&#8230;"},"content":{"rendered":"<div class=\"d79db4796efc26332eabfc3f5dafbc76\" data-index=\"1\" style=\"float: none; margin:10px 0 10px 0; text-align:center;\">\n<div class=\"hb-ad-inarticle\">\r\n    <div class=\"hb-ad-inner\"> \r\n    <div class=\"hbagency_cls\"  id=\"hbagency_space_111930\"><\/div><\/div> <\/div>\n<\/div>\n<p>Ianis Avr\u0103mescu finalizeaz\u0103 transferul la CS Universitatea Craiova: \u00cencepe un nou capitol&#8230;<\/p>\n<p>&nbsp;<\/p>\n<p>&nbsp;<\/p>\n<p>Ianis Avr\u0103mescu finalizeaz\u0103 transferul la CS Universitatea Craiova, marc\u00e2nd \u00eenceputul unui nou capitol important \u00een cariera sa. Mijloca\u0219ul de 22 de ani, cunoscut pentru viziunea sa de joc \u0219i determinarea din teren, vine cu ambi\u021bii mari \u00een B\u0103nie. Transferul s\u0103u a fost negociat \u00een ultimele s\u0103pt\u0103m\u00e2ni, iar oficializarea mut\u0103rii a fost anun\u021bat\u0103 ast\u0103zi de conducerea clubului oltean.<\/p>\n<p>Avr\u0103mescu a evoluat anterior la Chindia T\u00e2rgovi\u0219te, unde s-a remarcat prin evolu\u021bii solide, fiind unul dintre juc\u0103torii de baz\u0103 ai forma\u021biei d\u00e2mbovi\u021bene. La Universitatea Craiova, el va purta tricoul cu num\u0103rul 6 \u0219i se a\u0219teapt\u0103 s\u0103 aduc\u0103 un plus de consisten\u021b\u0103 la mijlocul terenului, \u00een special \u00een faza defensiv\u0103.<\/p>\n<p>\u201eEste o onoare pentru mine s\u0103 ajung la un club cu tradi\u021bie precum Universitatea Craiova. Sunt preg\u0103tit s\u0103 dau totul pentru aceast\u0103 echip\u0103 \u0219i pentru suporteri\u201d, a declarat Ianis la semnarea contractului.<\/p>\n<p>Transferul s\u0103u este v\u0103zut ca o mutare strategic\u0103 de c\u0103tre antrenorul echipei, care \u00ee\u0219i dore\u0219te \u00eent\u0103rirea lotului pentru sezonul viitor, \u00een care Craiova \u021binte\u0219te cu fermitate calificarea \u00een cupele europene. Suporterii a\u0219teapt\u0103 cu entuziasm debutul s\u0103u \u00een alb-albastru.<\/p>\n\n<div style=\"font-size: 0px; height: 0px; line-height: 0px; margin: 0; padding: 0; clear: both;\"><\/div>","protected":false},"excerpt":{"rendered":"<p>Ianis Avr\u0103mescu finalizeaz\u0103 transferul la CS Universitatea Craiova: \u00cencepe un nou capitol&#8230; &nbsp; &nbsp; Ianis Avr\u0103mescu finalizeaz\u0103 transferul la CS Universitatea Craiova, marc\u00e2nd \u00eenceputul unui nou capitol important \u00een cariera sa. Mijloca\u0219ul de 22 de ani, cunoscut pentru viziunea sa de joc \u0219i determinarea din teren, vine cu ambi\u021bii mari \u00een B\u0103nie. Transferul s\u0103u a [&hellip;]<\/p>\n","protected":false},"author":9,"featured_media":48789,"comment_status":"open","ping_status":"open","sticky":false,"template":"","format":"standard","meta":{"_jetpack_memberships_contains_paid_content":false,"footnotes":""},"categories":[1],"tags":[682],"class_list":["post-48788","post","type-post","status-publish","format-standard","has-post-thumbnail","hentry","category-uncategorized","tag-universitatea-craiova"],"yoast_head":"<!-- This site is optimized with the Yoast SEO plugin v27.4 - https:\/\/yoast.com\/product\/yoast-seo-wordpress\/ -->\n<title>Ianis Avr\u0103mescu finalizeaz\u0103 transferul la CS Universitatea Craiova: \u00cencepe un nou capitol...<\/title>\n<meta name=\"description\" content=\"Ianis Avr\u0103mescu finalizeaz\u0103 transferul la CS Universitatea Craiova: \u00cencepe un nou capitol...\" \/>\n<meta name=\"robots\" content=\"index, follow, max-snippet:-1, max-image-preview:large, max-video-preview:-1\" \/>\n<link rel=\"canonical\" href=\"https:\/\/www.letsportsrock.com\/?p=48788\" \/>\n<meta property=\"og:locale\" content=\"en_US\" \/>\n<meta property=\"og:type\" content=\"article\" \/>\n<meta property=\"og:title\" content=\"Ianis Avr\u0103mescu finalizeaz\u0103 transferul la CS Universitatea Craiova: \u00cencepe un nou capitol...\" \/>\n<meta property=\"og:description\" content=\"Ianis Avr\u0103mescu finalizeaz\u0103 transferul la CS Universitatea Craiova: \u00cencepe un nou capitol...\" \/>\n<meta property=\"og:url\" content=\"https:\/\/www.letsportsrock.com\/?p=48788\" \/>\n<meta property=\"og:site_name\" content=\"letsportsrock\" \/>\n<meta property=\"article:published_time\" content=\"2025-06-20T12:56:19+00:00\" \/>\n<meta property=\"article:modified_time\" content=\"2025-06-20T12:56:20+00:00\" \/>\n<meta property=\"og:image\" content=\"https:\/\/www.letsportsrock.com\/wp-content\/uploads\/2025\/06\/1750423655068.jpg\" \/>\n\t<meta property=\"og:image:width\" content=\"720\" \/>\n\t<meta property=\"og:image:height\" content=\"480\" \/>\n\t<meta property=\"og:image:type\" content=\"image\/jpeg\" \/>\n<meta name=\"author\" content=\"Paul Hembaor\" \/>\n<meta name=\"twitter:card\" content=\"summary_large_image\" \/>\n<meta name=\"twitter:label1\" content=\"Written by\" \/>\n\t<meta name=\"twitter:data1\" content=\"Paul Hembaor\" \/>\n\t<meta name=\"twitter:label2\" content=\"Est. reading time\" \/>\n\t<meta name=\"twitter:data2\" content=\"2 minutes\" \/>\n<script type=\"application\/ld+json\" class=\"yoast-schema-graph\">{\"@context\":\"https:\\\/\\\/schema.org\",\"@graph\":[{\"@type\":\"Article\",\"@id\":\"https:\\\/\\\/www.letsportsrock.com\\\/?p=48788#article\",\"isPartOf\":{\"@id\":\"https:\\\/\\\/www.letsportsrock.com\\\/?p=48788\"},\"author\":{\"name\":\"Paul Hembaor\",\"@id\":\"https:\\\/\\\/www.letsportsrock.com\\\/#\\\/schema\\\/person\\\/97aa0f336f5a3ca15a8ec7d78846f045\"},\"headline\":\"Ianis Avr\u0103mescu finalizeaz\u0103 transferul la CS Universitatea Craiova: \u00cencepe un nou capitol&#8230;\",\"datePublished\":\"2025-06-20T12:56:19+00:00\",\"dateModified\":\"2025-06-20T12:56:20+00:00\",\"mainEntityOfPage\":{\"@id\":\"https:\\\/\\\/www.letsportsrock.com\\\/?p=48788\"},\"wordCount\":234,\"commentCount\":0,\"image\":{\"@id\":\"https:\\\/\\\/www.letsportsrock.com\\\/?p=48788#primaryimage\"},\"thumbnailUrl\":\"https:\\\/\\\/www.letsportsrock.com\\\/wp-content\\\/uploads\\\/2025\\\/06\\\/1750423655068.jpg\",\"keywords\":[\"Universitatea Craiova\"],\"inLanguage\":\"en-US\",\"potentialAction\":[{\"@type\":\"CommentAction\",\"name\":\"Comment\",\"target\":[\"https:\\\/\\\/www.letsportsrock.com\\\/?p=48788#respond\"]}]},{\"@type\":\"WebPage\",\"@id\":\"https:\\\/\\\/www.letsportsrock.com\\\/?p=48788\",\"url\":\"https:\\\/\\\/www.letsportsrock.com\\\/?p=48788\",\"name\":\"Ianis Avr\u0103mescu finalizeaz\u0103 transferul la CS Universitatea Craiova: \u00cencepe un nou capitol...\",\"isPartOf\":{\"@id\":\"https:\\\/\\\/www.letsportsrock.com\\\/#website\"},\"primaryImageOfPage\":{\"@id\":\"https:\\\/\\\/www.letsportsrock.com\\\/?p=48788#primaryimage\"},\"image\":{\"@id\":\"https:\\\/\\\/www.letsportsrock.com\\\/?p=48788#primaryimage\"},\"thumbnailUrl\":\"https:\\\/\\\/www.letsportsrock.com\\\/wp-content\\\/uploads\\\/2025\\\/06\\\/1750423655068.jpg\",\"datePublished\":\"2025-06-20T12:56:19+00:00\",\"dateModified\":\"2025-06-20T12:56:20+00:00\",\"author\":{\"@id\":\"https:\\\/\\\/www.letsportsrock.com\\\/#\\\/schema\\\/person\\\/97aa0f336f5a3ca15a8ec7d78846f045\"},\"description\":\"Ianis Avr\u0103mescu finalizeaz\u0103 transferul la CS Universitatea Craiova: \u00cencepe un nou capitol...\",\"breadcrumb\":{\"@id\":\"https:\\\/\\\/www.letsportsrock.com\\\/?p=48788#breadcrumb\"},\"inLanguage\":\"en-US\",\"potentialAction\":[{\"@type\":\"ReadAction\",\"target\":[\"https:\\\/\\\/www.letsportsrock.com\\\/?p=48788\"]}]},{\"@type\":\"ImageObject\",\"inLanguage\":\"en-US\",\"@id\":\"https:\\\/\\\/www.letsportsrock.com\\\/?p=48788#primaryimage\",\"url\":\"https:\\\/\\\/www.letsportsrock.com\\\/wp-content\\\/uploads\\\/2025\\\/06\\\/1750423655068.jpg\",\"contentUrl\":\"https:\\\/\\\/www.letsportsrock.com\\\/wp-content\\\/uploads\\\/2025\\\/06\\\/1750423655068.jpg\",\"width\":720,\"height\":480},{\"@type\":\"BreadcrumbList\",\"@id\":\"https:\\\/\\\/www.letsportsrock.com\\\/?p=48788#breadcrumb\",\"itemListElement\":[{\"@type\":\"ListItem\",\"position\":1,\"name\":\"Home\",\"item\":\"https:\\\/\\\/www.letsportsrock.com\\\/\"},{\"@type\":\"ListItem\",\"position\":2,\"name\":\"Ianis Avr\u0103mescu finalizeaz\u0103 transferul la CS Universitatea Craiova: \u00cencepe un nou capitol&#8230;\"}]},{\"@type\":\"WebSite\",\"@id\":\"https:\\\/\\\/www.letsportsrock.com\\\/#website\",\"url\":\"https:\\\/\\\/www.letsportsrock.com\\\/\",\"name\":\"letsportsrock\",\"description\":\"Sport News and Updates\",\"potentialAction\":[{\"@type\":\"SearchAction\",\"target\":{\"@type\":\"EntryPoint\",\"urlTemplate\":\"https:\\\/\\\/www.letsportsrock.com\\\/?s={search_term_string}\"},\"query-input\":{\"@type\":\"PropertyValueSpecification\",\"valueRequired\":true,\"valueName\":\"search_term_string\"}}],\"inLanguage\":\"en-US\"},{\"@type\":\"Person\",\"@id\":\"https:\\\/\\\/www.letsportsrock.com\\\/#\\\/schema\\\/person\\\/97aa0f336f5a3ca15a8ec7d78846f045\",\"name\":\"Paul Hembaor\",\"image\":{\"@type\":\"ImageObject\",\"inLanguage\":\"en-US\",\"@id\":\"https:\\\/\\\/secure.gravatar.com\\\/avatar\\\/0574929a03c152e8ea7939c31311f9ea2fe2e06139cd71e2d6e698c217219d60?s=96&d=mm&r=g\",\"url\":\"https:\\\/\\\/secure.gravatar.com\\\/avatar\\\/0574929a03c152e8ea7939c31311f9ea2fe2e06139cd71e2d6e698c217219d60?s=96&d=mm&r=g\",\"contentUrl\":\"https:\\\/\\\/secure.gravatar.com\\\/avatar\\\/0574929a03c152e8ea7939c31311f9ea2fe2e06139cd71e2d6e698c217219d60?s=96&d=mm&r=g\",\"caption\":\"Paul Hembaor\"},\"sameAs\":[\"https:\\\/\\\/www.letsportsrock.com\\\/wp-admin\\\/\"],\"url\":\"https:\\\/\\\/www.letsportsrock.com\\\/?author=9\"}]}<\/script>\n<!-- \/ Yoast SEO plugin. -->","yoast_head_json":{"title":"Ianis Avr\u0103mescu finalizeaz\u0103 transferul la CS Universitatea Craiova: \u00cencepe un nou capitol...","description":"Ianis Avr\u0103mescu finalizeaz\u0103 transferul la CS Universitatea Craiova: \u00cencepe un nou capitol...","robots":{"index":"index","follow":"follow","max-snippet":"max-snippet:-1","max-image-preview":"max-image-preview:large","max-video-preview":"max-video-preview:-1"},"canonical":"https:\/\/www.letsportsrock.com\/?p=48788","og_locale":"en_US","og_type":"article","og_title":"Ianis Avr\u0103mescu finalizeaz\u0103 transferul la CS Universitatea Craiova: \u00cencepe un nou capitol...","og_description":"Ianis Avr\u0103mescu finalizeaz\u0103 transferul la CS Universitatea Craiova: \u00cencepe un nou capitol...","og_url":"https:\/\/www.letsportsrock.com\/?p=48788","og_site_name":"letsportsrock","article_published_time":"2025-06-20T12:56:19+00:00","article_modified_time":"2025-06-20T12:56:20+00:00","og_image":[{"width":720,"height":480,"url":"https:\/\/www.letsportsrock.com\/wp-content\/uploads\/2025\/06\/1750423655068.jpg","type":"image\/jpeg"}],"author":"Paul Hembaor","twitter_card":"summary_large_image","twitter_misc":{"Written by":"Paul Hembaor","Est. reading time":"2 minutes"},"schema":{"@context":"https:\/\/schema.org","@graph":[{"@type":"Article","@id":"https:\/\/www.letsportsrock.com\/?p=48788#article","isPartOf":{"@id":"https:\/\/www.letsportsrock.com\/?p=48788"},"author":{"name":"Paul Hembaor","@id":"https:\/\/www.letsportsrock.com\/#\/schema\/person\/97aa0f336f5a3ca15a8ec7d78846f045"},"headline":"Ianis Avr\u0103mescu finalizeaz\u0103 transferul la CS Universitatea Craiova: \u00cencepe un nou capitol&#8230;","datePublished":"2025-06-20T12:56:19+00:00","dateModified":"2025-06-20T12:56:20+00:00","mainEntityOfPage":{"@id":"https:\/\/www.letsportsrock.com\/?p=48788"},"wordCount":234,"commentCount":0,"image":{"@id":"https:\/\/www.letsportsrock.com\/?p=48788#primaryimage"},"thumbnailUrl":"https:\/\/www.letsportsrock.com\/wp-content\/uploads\/2025\/06\/1750423655068.jpg","keywords":["Universitatea Craiova"],"inLanguage":"en-US","potentialAction":[{"@type":"CommentAction","name":"Comment","target":["https:\/\/www.letsportsrock.com\/?p=48788#respond"]}]},{"@type":"WebPage","@id":"https:\/\/www.letsportsrock.com\/?p=48788","url":"https:\/\/www.letsportsrock.com\/?p=48788","name":"Ianis Avr\u0103mescu finalizeaz\u0103 transferul la CS Universitatea Craiova: \u00cencepe un nou capitol...","isPartOf":{"@id":"https:\/\/www.letsportsrock.com\/#website"},"primaryImageOfPage":{"@id":"https:\/\/www.letsportsrock.com\/?p=48788#primaryimage"},"image":{"@id":"https:\/\/www.letsportsrock.com\/?p=48788#primaryimage"},"thumbnailUrl":"https:\/\/www.letsportsrock.com\/wp-content\/uploads\/2025\/06\/1750423655068.jpg","datePublished":"2025-06-20T12:56:19+00:00","dateModified":"2025-06-20T12:56:20+00:00","author":{"@id":"https:\/\/www.letsportsrock.com\/#\/schema\/person\/97aa0f336f5a3ca15a8ec7d78846f045"},"description":"Ianis Avr\u0103mescu finalizeaz\u0103 transferul la CS Universitatea Craiova: \u00cencepe un nou capitol...","breadcrumb":{"@id":"https:\/\/www.letsportsrock.com\/?p=48788#breadcrumb"},"inLanguage":"en-US","potentialAction":[{"@type":"ReadAction","target":["https:\/\/www.letsportsrock.com\/?p=48788"]}]},{"@type":"ImageObject","inLanguage":"en-US","@id":"https:\/\/www.letsportsrock.com\/?p=48788#primaryimage","url":"https:\/\/www.letsportsrock.com\/wp-content\/uploads\/2025\/06\/1750423655068.jpg","contentUrl":"https:\/\/www.letsportsrock.com\/wp-content\/uploads\/2025\/06\/1750423655068.jpg","width":720,"height":480},{"@type":"BreadcrumbList","@id":"https:\/\/www.letsportsrock.com\/?p=48788#breadcrumb","itemListElement":[{"@type":"ListItem","position":1,"name":"Home","item":"https:\/\/www.letsportsrock.com\/"},{"@type":"ListItem","position":2,"name":"Ianis Avr\u0103mescu finalizeaz\u0103 transferul la CS Universitatea Craiova: \u00cencepe un nou capitol&#8230;"}]},{"@type":"WebSite","@id":"https:\/\/www.letsportsrock.com\/#website","url":"https:\/\/www.letsportsrock.com\/","name":"letsportsrock","description":"Sport News and Updates","potentialAction":[{"@type":"SearchAction","target":{"@type":"EntryPoint","urlTemplate":"https:\/\/www.letsportsrock.com\/?s={search_term_string}"},"query-input":{"@type":"PropertyValueSpecification","valueRequired":true,"valueName":"search_term_string"}}],"inLanguage":"en-US"},{"@type":"Person","@id":"https:\/\/www.letsportsrock.com\/#\/schema\/person\/97aa0f336f5a3ca15a8ec7d78846f045","name":"Paul Hembaor","image":{"@type":"ImageObject","inLanguage":"en-US","@id":"https:\/\/secure.gravatar.com\/avatar\/0574929a03c152e8ea7939c31311f9ea2fe2e06139cd71e2d6e698c217219d60?s=96&d=mm&r=g","url":"https:\/\/secure.gravatar.com\/avatar\/0574929a03c152e8ea7939c31311f9ea2fe2e06139cd71e2d6e698c217219d60?s=96&d=mm&r=g","contentUrl":"https:\/\/secure.gravatar.com\/avatar\/0574929a03c152e8ea7939c31311f9ea2fe2e06139cd71e2d6e698c217219d60?s=96&d=mm&r=g","caption":"Paul Hembaor"},"sameAs":["https:\/\/www.letsportsrock.com\/wp-admin\/"],"url":"https:\/\/www.letsportsrock.com\/?author=9"}]}},"jetpack_featured_media_url":"https:\/\/www.letsportsrock.com\/wp-content\/uploads\/2025\/06\/1750423655068.jpg","jetpack_sharing_enabled":true,"_links":{"self":[{"href":"https:\/\/www.letsportsrock.com\/index.php?rest_route=\/wp\/v2\/posts\/48788","targetHints":{"allow":["GET"]}}],"collection":[{"href":"https:\/\/www.letsportsrock.com\/index.php?rest_route=\/wp\/v2\/posts"}],"about":[{"href":"https:\/\/www.letsportsrock.com\/index.php?rest_route=\/wp\/v2\/types\/post"}],"author":[{"embeddable":true,"href":"https:\/\/www.letsportsrock.com\/index.php?rest_route=\/wp\/v2\/users\/9"}],"replies":[{"embeddable":true,"href":"https:\/\/www.letsportsrock.com\/index.php?rest_route=%2Fwp%2Fv2%2Fcomments&post=48788"}],"version-history":[{"count":1,"href":"https:\/\/www.letsportsrock.com\/index.php?rest_route=\/wp\/v2\/posts\/48788\/revisions"}],"predecessor-version":[{"id":48790,"href":"https:\/\/www.letsportsrock.com\/index.php?rest_route=\/wp\/v2\/posts\/48788\/revisions\/48790"}],"wp:featuredmedia":[{"embeddable":true,"href":"https:\/\/www.letsportsrock.com\/index.php?rest_route=\/wp\/v2\/media\/48789"}],"wp:attachment":[{"href":"https:\/\/www.letsportsrock.com\/index.php?rest_route=%2Fwp%2Fv2%2Fmedia&parent=48788"}],"wp:term":[{"taxonomy":"category","embeddable":true,"href":"https:\/\/www.letsportsrock.com\/index.php?rest_route=%2Fwp%2Fv2%2Fcategories&post=48788"},{"taxonomy":"post_tag","embeddable":true,"href":"https:\/\/www.letsportsrock.com\/index.php?rest_route=%2Fwp%2Fv2%2Ftags&post=48788"}],"curies":[{"name":"wp","href":"https:\/\/api.w.org\/{rel}","templated":true}]}}