{"id":49093,"date":"2025-06-21T08:54:00","date_gmt":"2025-06-21T08:54:00","guid":{"rendered":"https:\/\/www.letsportsrock.com\/?p=49093"},"modified":"2025-06-21T08:54:00","modified_gmt":"2025-06-21T08:54:00","slug":"oficial-primul-transfer-din-banie-samuel-teles-a-semnat-cu","status":"publish","type":"post","link":"https:\/\/www.letsportsrock.com\/?p=49093","title":{"rendered":"OFICIAL| Primul transfer din B\u0103nie! Samuel Teles a semnat cu &#8230;"},"content":{"rendered":"<div class=\"d79db4796efc26332eabfc3f5dafbc76\" data-index=\"1\" style=\"float: none; margin:10px 0 10px 0; text-align:center;\">\n<div class=\"hb-ad-inarticle\">\r\n    <div class=\"hb-ad-inner\"> \r\n    <div class=\"hbagency_cls\"  id=\"hbagency_space_111930\"><\/div><\/div> <\/div>\n<\/div>\n<p>OFICIAL| Primul transfer din B\u0103nie! Samuel Teles a semnat cu &#8230;<\/p>\n<p>&nbsp;<\/p>\n<p>Samuel Teles este, oficial, primul transfer al verii pentru Universitatea Craiova! \u26bd<\/p>\n<p><img loading=\"lazy\" decoding=\"async\" class=\"alignnone size-medium wp-image-49095\" src=\"https:\/\/www.letsportsrock.com\/wp-content\/uploads\/2025\/06\/images-2025-06-21T095255.332-300x225.jpeg\" alt=\"\" width=\"300\" height=\"225\" srcset=\"https:\/\/www.letsportsrock.com\/wp-content\/uploads\/2025\/06\/images-2025-06-21T095255.332-300x225.jpeg 300w, https:\/\/www.letsportsrock.com\/wp-content\/uploads\/2025\/06\/images-2025-06-21T095255.332.jpeg 480w\" sizes=\"auto, (max-width: 300px) 100vw, 300px\" \/><\/p>\n<p>\u00cen data de 19 mai 2025, clubul oltean a anun\u021bat faptul c\u0103 mijloca\u0219ul portughez \u00een v\u00e2rst\u0103 de 28 de ani, semnat liber de contract de la O\u021belul Gala\u021bi, va purta echipamentul alb-albastru \u00een urm\u0103torii doi ani, cu op\u021biune de prelungire pe \u00eenc\u0103 unul.<\/p>\n<p>&nbsp;<\/p>\n<p>\u00cen sezonul 2024\u201325, Teles a evoluat \u00een 39 de meciuri pentru O\u021belul Gala\u021bi, reu\u0219ind 4 goluri \u00een toate competi\u021biile.<\/p>\n<p>&nbsp;<\/p>\n<p>Contractul cu Universitatea Craiova va intra \u00een vigoare la 1 iulie 2025, valabil pentru doi ani \u0219i cu posibilitate de extindere.<\/p>\n<p>&nbsp;<\/p>\n<p>&nbsp;<\/p>\n<p>\u00cen plus, conform surselor Transfermarkt \u0219i Soccerway, aceast\u0103 mutare apare ca parte dintr-un free transfer, Teles urm\u00e2nd s\u0103 evolueze \u00een SuperLiga pentru Universitatea Craiova.<\/p>\n<p>&nbsp;<\/p>\n<p> Cine este Samuel Teles?<\/p>\n<p>&nbsp;<\/p>\n<p>Na\u021bionalitate: Portughez, n\u0103scut la 28 februarie 1997 \u00een Espinho.<\/p>\n<p>&nbsp;<\/p>\n<p>Post: Mijloca\u0219 central (poate juca \u0219i defensiv), cu o \u00een\u0103l\u021bime de 1,80 m.<\/p>\n<p>&nbsp;<\/p>\n<p>Carier\u0103: A evoluat la Sanjoanense, Le\u00e7a, Feirense \u0219i O\u021belul Gala\u021bi (din 1 iulie 2023 p\u00e2n\u0103 30 iunie 2025).<\/p>\n<p>&nbsp;<\/p>\n<p>Cota sa de pia\u021b\u0103 este estimat\u0103 \u00eentre \u20ac500.000 (Transfermarkt) \u0219i \u20ac100\u2013200\u202fk (conform FootballTransfers \u0219i ETV) .<\/p>\n<p>&nbsp;<\/p>\n<p>Ce \u00eenseamn\u0103 pentru Universitatea Craiova?<\/p>\n<p>&nbsp;<\/p>\n<p>Prezentat drept unul dintre primele mut\u0103ri strategice ale lui Mirel R\u0103doi: un mijloca\u0219 experimentat, capabil s\u0103 aduc\u0103 consisten\u021b\u0103 echipei.<\/p>\n<p>&nbsp;<\/p>\n<p>Vine dup\u0103 evolu\u021bii solide \u00een prima lig\u0103 rom\u00e2neasc\u0103, consolid\u00e2nd zona median\u0103 a \u201e\u0218tiin\u021bei\u201d.<\/p>\n<p>&nbsp;<\/p>\n<p>Dac\u0103 vrei, pot s\u0103-\u021bi ofer \u0219i date despre ceilal\u021bi fotbali\u0219ti care au semnat cu Craiova \u00een aceast\u0103 perioad\u0103, cum ar fi Mihnea R\u0103dulescu, David Maftei, Alexandru Cre\u021bu sau Tudor B\u0103lu\u021b\u0103. Spune-mi dac\u0103 e\u0219ti interesat!<\/p>\n\n<div style=\"font-size: 0px; height: 0px; line-height: 0px; margin: 0; padding: 0; clear: both;\"><\/div>","protected":false},"excerpt":{"rendered":"<p>OFICIAL| Primul transfer din B\u0103nie! Samuel Teles a semnat cu &#8230; &nbsp; Samuel Teles este, oficial, primul transfer al verii pentru Universitatea Craiova! \u26bd \u00cen data de 19 mai 2025, clubul oltean a anun\u021bat faptul c\u0103 mijloca\u0219ul portughez \u00een v\u00e2rst\u0103 de 28 de ani, semnat liber de contract de la O\u021belul Gala\u021bi, va purta echipamentul [&hellip;]<\/p>\n","protected":false},"author":15,"featured_media":49094,"comment_status":"open","ping_status":"open","sticky":false,"template":"","format":"standard","meta":{"_jetpack_memberships_contains_paid_content":false,"footnotes":""},"categories":[1],"tags":[640],"class_list":["post-49093","post","type-post","status-publish","format-standard","has-post-thumbnail","hentry","category-uncategorized","tag-fan-andrei-ivan"],"yoast_head":"<!-- This site is optimized with the Yoast SEO plugin v27.5 - https:\/\/yoast.com\/product\/yoast-seo-wordpress\/ -->\n<title>OFICIAL| Primul transfer din B\u0103nie! Samuel Teles a semnat cu ...<\/title>\n<meta name=\"description\" content=\"OFICIAL| Primul transfer din B\u0103nie! Samuel Teles a semnat cu ...\" \/>\n<meta name=\"robots\" content=\"index, follow, max-snippet:-1, max-image-preview:large, max-video-preview:-1\" \/>\n<link rel=\"canonical\" href=\"https:\/\/www.letsportsrock.com\/?p=49093\" \/>\n<meta property=\"og:locale\" content=\"en_US\" \/>\n<meta property=\"og:type\" content=\"article\" \/>\n<meta property=\"og:title\" content=\"OFICIAL| Primul transfer din B\u0103nie! Samuel Teles a semnat cu ...\" \/>\n<meta property=\"og:description\" content=\"OFICIAL| Primul transfer din B\u0103nie! Samuel Teles a semnat cu ...\" \/>\n<meta property=\"og:url\" content=\"https:\/\/www.letsportsrock.com\/?p=49093\" \/>\n<meta property=\"og:site_name\" content=\"letsportsrock\" \/>\n<meta property=\"article:published_time\" content=\"2025-06-21T08:54:00+00:00\" \/>\n<meta property=\"og:image\" content=\"https:\/\/www.letsportsrock.com\/wp-content\/uploads\/2025\/06\/NmJiYzFhZTUxZmQxZjU3NjczYTM0NGNlOTk3ZDgxZDY.thumb_.jpg\" \/>\n\t<meta property=\"og:image:width\" content=\"700\" \/>\n\t<meta property=\"og:image:height\" content=\"420\" \/>\n\t<meta property=\"og:image:type\" content=\"image\/jpeg\" \/>\n<meta name=\"author\" content=\"Amos Nabizo\" \/>\n<meta name=\"twitter:card\" content=\"summary_large_image\" \/>\n<meta name=\"twitter:label1\" content=\"Written by\" \/>\n\t<meta name=\"twitter:data1\" content=\"Amos Nabizo\" \/>\n\t<meta name=\"twitter:label2\" content=\"Est. reading time\" \/>\n\t<meta name=\"twitter:data2\" content=\"2 minutes\" \/>\n<script type=\"application\/ld+json\" class=\"yoast-schema-graph\">{\"@context\":\"https:\\\/\\\/schema.org\",\"@graph\":[{\"@type\":\"Article\",\"@id\":\"https:\\\/\\\/www.letsportsrock.com\\\/?p=49093#article\",\"isPartOf\":{\"@id\":\"https:\\\/\\\/www.letsportsrock.com\\\/?p=49093\"},\"author\":{\"name\":\"Amos Nabizo\",\"@id\":\"https:\\\/\\\/www.letsportsrock.com\\\/#\\\/schema\\\/person\\\/044479f72bdbd75f9523e745d3be6c30\"},\"headline\":\"OFICIAL| Primul transfer din B\u0103nie! Samuel Teles a semnat cu &#8230;\",\"datePublished\":\"2025-06-21T08:54:00+00:00\",\"mainEntityOfPage\":{\"@id\":\"https:\\\/\\\/www.letsportsrock.com\\\/?p=49093\"},\"wordCount\":302,\"commentCount\":0,\"image\":{\"@id\":\"https:\\\/\\\/www.letsportsrock.com\\\/?p=49093#primaryimage\"},\"thumbnailUrl\":\"https:\\\/\\\/www.letsportsrock.com\\\/wp-content\\\/uploads\\\/2025\\\/06\\\/NmJiYzFhZTUxZmQxZjU3NjczYTM0NGNlOTk3ZDgxZDY.thumb_.jpg\",\"keywords\":[\"Fan Andrei Ivan\"],\"inLanguage\":\"en-US\",\"potentialAction\":[{\"@type\":\"CommentAction\",\"name\":\"Comment\",\"target\":[\"https:\\\/\\\/www.letsportsrock.com\\\/?p=49093#respond\"]}]},{\"@type\":\"WebPage\",\"@id\":\"https:\\\/\\\/www.letsportsrock.com\\\/?p=49093\",\"url\":\"https:\\\/\\\/www.letsportsrock.com\\\/?p=49093\",\"name\":\"OFICIAL| Primul transfer din B\u0103nie! Samuel Teles a semnat cu ...\",\"isPartOf\":{\"@id\":\"https:\\\/\\\/www.letsportsrock.com\\\/#website\"},\"primaryImageOfPage\":{\"@id\":\"https:\\\/\\\/www.letsportsrock.com\\\/?p=49093#primaryimage\"},\"image\":{\"@id\":\"https:\\\/\\\/www.letsportsrock.com\\\/?p=49093#primaryimage\"},\"thumbnailUrl\":\"https:\\\/\\\/www.letsportsrock.com\\\/wp-content\\\/uploads\\\/2025\\\/06\\\/NmJiYzFhZTUxZmQxZjU3NjczYTM0NGNlOTk3ZDgxZDY.thumb_.jpg\",\"datePublished\":\"2025-06-21T08:54:00+00:00\",\"author\":{\"@id\":\"https:\\\/\\\/www.letsportsrock.com\\\/#\\\/schema\\\/person\\\/044479f72bdbd75f9523e745d3be6c30\"},\"description\":\"OFICIAL| Primul transfer din B\u0103nie! Samuel Teles a semnat cu ...\",\"breadcrumb\":{\"@id\":\"https:\\\/\\\/www.letsportsrock.com\\\/?p=49093#breadcrumb\"},\"inLanguage\":\"en-US\",\"potentialAction\":[{\"@type\":\"ReadAction\",\"target\":[\"https:\\\/\\\/www.letsportsrock.com\\\/?p=49093\"]}]},{\"@type\":\"ImageObject\",\"inLanguage\":\"en-US\",\"@id\":\"https:\\\/\\\/www.letsportsrock.com\\\/?p=49093#primaryimage\",\"url\":\"https:\\\/\\\/www.letsportsrock.com\\\/wp-content\\\/uploads\\\/2025\\\/06\\\/NmJiYzFhZTUxZmQxZjU3NjczYTM0NGNlOTk3ZDgxZDY.thumb_.jpg\",\"contentUrl\":\"https:\\\/\\\/www.letsportsrock.com\\\/wp-content\\\/uploads\\\/2025\\\/06\\\/NmJiYzFhZTUxZmQxZjU3NjczYTM0NGNlOTk3ZDgxZDY.thumb_.jpg\",\"width\":700,\"height\":420},{\"@type\":\"BreadcrumbList\",\"@id\":\"https:\\\/\\\/www.letsportsrock.com\\\/?p=49093#breadcrumb\",\"itemListElement\":[{\"@type\":\"ListItem\",\"position\":1,\"name\":\"Home\",\"item\":\"https:\\\/\\\/www.letsportsrock.com\\\/\"},{\"@type\":\"ListItem\",\"position\":2,\"name\":\"OFICIAL| Primul transfer din B\u0103nie! Samuel Teles a semnat cu &#8230;\"}]},{\"@type\":\"WebSite\",\"@id\":\"https:\\\/\\\/www.letsportsrock.com\\\/#website\",\"url\":\"https:\\\/\\\/www.letsportsrock.com\\\/\",\"name\":\"letsportsrock\",\"description\":\"Sport News and Updates\",\"potentialAction\":[{\"@type\":\"SearchAction\",\"target\":{\"@type\":\"EntryPoint\",\"urlTemplate\":\"https:\\\/\\\/www.letsportsrock.com\\\/?s={search_term_string}\"},\"query-input\":{\"@type\":\"PropertyValueSpecification\",\"valueRequired\":true,\"valueName\":\"search_term_string\"}}],\"inLanguage\":\"en-US\"},{\"@type\":\"Person\",\"@id\":\"https:\\\/\\\/www.letsportsrock.com\\\/#\\\/schema\\\/person\\\/044479f72bdbd75f9523e745d3be6c30\",\"name\":\"Amos Nabizo\",\"image\":{\"@type\":\"ImageObject\",\"inLanguage\":\"en-US\",\"@id\":\"https:\\\/\\\/secure.gravatar.com\\\/avatar\\\/d569857c07d3899c6ca842ffea32daa1672c05549833530fe37e68ae7b521ba4?s=96&d=mm&r=g\",\"url\":\"https:\\\/\\\/secure.gravatar.com\\\/avatar\\\/d569857c07d3899c6ca842ffea32daa1672c05549833530fe37e68ae7b521ba4?s=96&d=mm&r=g\",\"contentUrl\":\"https:\\\/\\\/secure.gravatar.com\\\/avatar\\\/d569857c07d3899c6ca842ffea32daa1672c05549833530fe37e68ae7b521ba4?s=96&d=mm&r=g\",\"caption\":\"Amos Nabizo\"},\"sameAs\":[\"https:\\\/\\\/www.letsportsrock.com\\\/wp-admin\\\/\"],\"url\":\"https:\\\/\\\/www.letsportsrock.com\\\/?author=15\"}]}<\/script>\n<!-- \/ Yoast SEO plugin. -->","yoast_head_json":{"title":"OFICIAL| Primul transfer din B\u0103nie! Samuel Teles a semnat cu ...","description":"OFICIAL| Primul transfer din B\u0103nie! Samuel Teles a semnat cu ...","robots":{"index":"index","follow":"follow","max-snippet":"max-snippet:-1","max-image-preview":"max-image-preview:large","max-video-preview":"max-video-preview:-1"},"canonical":"https:\/\/www.letsportsrock.com\/?p=49093","og_locale":"en_US","og_type":"article","og_title":"OFICIAL| Primul transfer din B\u0103nie! Samuel Teles a semnat cu ...","og_description":"OFICIAL| Primul transfer din B\u0103nie! Samuel Teles a semnat cu ...","og_url":"https:\/\/www.letsportsrock.com\/?p=49093","og_site_name":"letsportsrock","article_published_time":"2025-06-21T08:54:00+00:00","og_image":[{"width":700,"height":420,"url":"https:\/\/www.letsportsrock.com\/wp-content\/uploads\/2025\/06\/NmJiYzFhZTUxZmQxZjU3NjczYTM0NGNlOTk3ZDgxZDY.thumb_.jpg","type":"image\/jpeg"}],"author":"Amos Nabizo","twitter_card":"summary_large_image","twitter_misc":{"Written by":"Amos Nabizo","Est. reading time":"2 minutes"},"schema":{"@context":"https:\/\/schema.org","@graph":[{"@type":"Article","@id":"https:\/\/www.letsportsrock.com\/?p=49093#article","isPartOf":{"@id":"https:\/\/www.letsportsrock.com\/?p=49093"},"author":{"name":"Amos Nabizo","@id":"https:\/\/www.letsportsrock.com\/#\/schema\/person\/044479f72bdbd75f9523e745d3be6c30"},"headline":"OFICIAL| Primul transfer din B\u0103nie! Samuel Teles a semnat cu &#8230;","datePublished":"2025-06-21T08:54:00+00:00","mainEntityOfPage":{"@id":"https:\/\/www.letsportsrock.com\/?p=49093"},"wordCount":302,"commentCount":0,"image":{"@id":"https:\/\/www.letsportsrock.com\/?p=49093#primaryimage"},"thumbnailUrl":"https:\/\/www.letsportsrock.com\/wp-content\/uploads\/2025\/06\/NmJiYzFhZTUxZmQxZjU3NjczYTM0NGNlOTk3ZDgxZDY.thumb_.jpg","keywords":["Fan Andrei Ivan"],"inLanguage":"en-US","potentialAction":[{"@type":"CommentAction","name":"Comment","target":["https:\/\/www.letsportsrock.com\/?p=49093#respond"]}]},{"@type":"WebPage","@id":"https:\/\/www.letsportsrock.com\/?p=49093","url":"https:\/\/www.letsportsrock.com\/?p=49093","name":"OFICIAL| Primul transfer din B\u0103nie! Samuel Teles a semnat cu ...","isPartOf":{"@id":"https:\/\/www.letsportsrock.com\/#website"},"primaryImageOfPage":{"@id":"https:\/\/www.letsportsrock.com\/?p=49093#primaryimage"},"image":{"@id":"https:\/\/www.letsportsrock.com\/?p=49093#primaryimage"},"thumbnailUrl":"https:\/\/www.letsportsrock.com\/wp-content\/uploads\/2025\/06\/NmJiYzFhZTUxZmQxZjU3NjczYTM0NGNlOTk3ZDgxZDY.thumb_.jpg","datePublished":"2025-06-21T08:54:00+00:00","author":{"@id":"https:\/\/www.letsportsrock.com\/#\/schema\/person\/044479f72bdbd75f9523e745d3be6c30"},"description":"OFICIAL| Primul transfer din B\u0103nie! Samuel Teles a semnat cu ...","breadcrumb":{"@id":"https:\/\/www.letsportsrock.com\/?p=49093#breadcrumb"},"inLanguage":"en-US","potentialAction":[{"@type":"ReadAction","target":["https:\/\/www.letsportsrock.com\/?p=49093"]}]},{"@type":"ImageObject","inLanguage":"en-US","@id":"https:\/\/www.letsportsrock.com\/?p=49093#primaryimage","url":"https:\/\/www.letsportsrock.com\/wp-content\/uploads\/2025\/06\/NmJiYzFhZTUxZmQxZjU3NjczYTM0NGNlOTk3ZDgxZDY.thumb_.jpg","contentUrl":"https:\/\/www.letsportsrock.com\/wp-content\/uploads\/2025\/06\/NmJiYzFhZTUxZmQxZjU3NjczYTM0NGNlOTk3ZDgxZDY.thumb_.jpg","width":700,"height":420},{"@type":"BreadcrumbList","@id":"https:\/\/www.letsportsrock.com\/?p=49093#breadcrumb","itemListElement":[{"@type":"ListItem","position":1,"name":"Home","item":"https:\/\/www.letsportsrock.com\/"},{"@type":"ListItem","position":2,"name":"OFICIAL| Primul transfer din B\u0103nie! Samuel Teles a semnat cu &#8230;"}]},{"@type":"WebSite","@id":"https:\/\/www.letsportsrock.com\/#website","url":"https:\/\/www.letsportsrock.com\/","name":"letsportsrock","description":"Sport News and Updates","potentialAction":[{"@type":"SearchAction","target":{"@type":"EntryPoint","urlTemplate":"https:\/\/www.letsportsrock.com\/?s={search_term_string}"},"query-input":{"@type":"PropertyValueSpecification","valueRequired":true,"valueName":"search_term_string"}}],"inLanguage":"en-US"},{"@type":"Person","@id":"https:\/\/www.letsportsrock.com\/#\/schema\/person\/044479f72bdbd75f9523e745d3be6c30","name":"Amos Nabizo","image":{"@type":"ImageObject","inLanguage":"en-US","@id":"https:\/\/secure.gravatar.com\/avatar\/d569857c07d3899c6ca842ffea32daa1672c05549833530fe37e68ae7b521ba4?s=96&d=mm&r=g","url":"https:\/\/secure.gravatar.com\/avatar\/d569857c07d3899c6ca842ffea32daa1672c05549833530fe37e68ae7b521ba4?s=96&d=mm&r=g","contentUrl":"https:\/\/secure.gravatar.com\/avatar\/d569857c07d3899c6ca842ffea32daa1672c05549833530fe37e68ae7b521ba4?s=96&d=mm&r=g","caption":"Amos Nabizo"},"sameAs":["https:\/\/www.letsportsrock.com\/wp-admin\/"],"url":"https:\/\/www.letsportsrock.com\/?author=15"}]}},"jetpack_featured_media_url":"https:\/\/www.letsportsrock.com\/wp-content\/uploads\/2025\/06\/NmJiYzFhZTUxZmQxZjU3NjczYTM0NGNlOTk3ZDgxZDY.thumb_.jpg","jetpack_sharing_enabled":true,"_links":{"self":[{"href":"https:\/\/www.letsportsrock.com\/index.php?rest_route=\/wp\/v2\/posts\/49093","targetHints":{"allow":["GET"]}}],"collection":[{"href":"https:\/\/www.letsportsrock.com\/index.php?rest_route=\/wp\/v2\/posts"}],"about":[{"href":"https:\/\/www.letsportsrock.com\/index.php?rest_route=\/wp\/v2\/types\/post"}],"author":[{"embeddable":true,"href":"https:\/\/www.letsportsrock.com\/index.php?rest_route=\/wp\/v2\/users\/15"}],"replies":[{"embeddable":true,"href":"https:\/\/www.letsportsrock.com\/index.php?rest_route=%2Fwp%2Fv2%2Fcomments&post=49093"}],"version-history":[{"count":1,"href":"https:\/\/www.letsportsrock.com\/index.php?rest_route=\/wp\/v2\/posts\/49093\/revisions"}],"predecessor-version":[{"id":49096,"href":"https:\/\/www.letsportsrock.com\/index.php?rest_route=\/wp\/v2\/posts\/49093\/revisions\/49096"}],"wp:featuredmedia":[{"embeddable":true,"href":"https:\/\/www.letsportsrock.com\/index.php?rest_route=\/wp\/v2\/media\/49094"}],"wp:attachment":[{"href":"https:\/\/www.letsportsrock.com\/index.php?rest_route=%2Fwp%2Fv2%2Fmedia&parent=49093"}],"wp:term":[{"taxonomy":"category","embeddable":true,"href":"https:\/\/www.letsportsrock.com\/index.php?rest_route=%2Fwp%2Fv2%2Fcategories&post=49093"},{"taxonomy":"post_tag","embeddable":true,"href":"https:\/\/www.letsportsrock.com\/index.php?rest_route=%2Fwp%2Fv2%2Ftags&post=49093"}],"curies":[{"name":"wp","href":"https:\/\/api.w.org\/{rel}","templated":true}]}}