{"id":49099,"date":"2025-06-21T09:00:09","date_gmt":"2025-06-21T09:00:09","guid":{"rendered":"https:\/\/www.letsportsrock.com\/?p=49099"},"modified":"2025-06-21T09:00:09","modified_gmt":"2025-06-21T09:00:09","slug":"fotbal-universitatea-craiova-l-a-achizitionat-pe-portughezul","status":"publish","type":"post","link":"https:\/\/www.letsportsrock.com\/?p=49099","title":{"rendered":"Fotbal: Universitatea Craiova l-a achizi\u021bionat pe portughezul &#8230;"},"content":{"rendered":"<div class=\"d79db4796efc26332eabfc3f5dafbc76\" data-index=\"1\" style=\"float: none; margin:10px 0 10px 0; text-align:center;\">\n<div class=\"hb-ad-inarticle\">\r\n    <div class=\"hb-ad-inner\"> \r\n    <div class=\"hbagency_cls\"  id=\"hbagency_space_111930\"><\/div><\/div> <\/div>\n<\/div>\n<p>Fotbal: Universitatea Craiova l-a achizi\u021bionat pe portughezul &#8230;<\/p>\n<p>&nbsp;<\/p>\n<p>Universitatea Craiova \u0219i-a \u00eent\u0103rit echipa \u00een perspectiva sezonului viitor prin dou\u0103 mut\u0103ri importante, ambele viz\u00e2nd fotbali\u0219ti \u0219i speciali\u0219ti portughezi:<\/p>\n<p><img loading=\"lazy\" decoding=\"async\" class=\"alignnone size-medium wp-image-49105\" src=\"https:\/\/www.letsportsrock.com\/wp-content\/uploads\/2025\/06\/images-2025-06-21T095913.995-300x168.jpeg\" alt=\"\" width=\"300\" height=\"168\" srcset=\"https:\/\/www.letsportsrock.com\/wp-content\/uploads\/2025\/06\/images-2025-06-21T095913.995-300x168.jpeg 300w, https:\/\/www.letsportsrock.com\/wp-content\/uploads\/2025\/06\/images-2025-06-21T095913.995.jpeg 739w\" sizes=\"auto, (max-width: 300px) 100vw, 300px\" \/><\/p>\n<p>Samuel Teles, mijloca\u0219 central de 28 de ani, fost component al O\u021belului Gala\u021bi, a semnat cu Universitatea Craiova. A adunat 79 de meciuri \u00een Liga I \u0219i a venit liber de contract. Valoarea sa de pia\u021b\u0103 este estimat\u0103 la 500.000\u202f\u20ac (conform Transfermarkt), iar conform Playsport, va c\u00e2\u0219tiga peste 150.000\u202f\u20ac\/an plus bonus de semn\u0103tur\u0103 de 30.000\u202f\u20ac .<\/p>\n<p>&nbsp;<\/p>\n<p>Wikipedia a confirmat c\u0103 Teles \u0219i-a \u00eenceput oficial aventura \u00een B\u0103nie \u00een iunie 2025 .<\/p>\n<p>&nbsp;<\/p>\n<p>Mario Felgueiras, fost portar portughez la CFR Cluj, a fost adus ca manager sportiv \/ responsabil scouting pentru juc\u0103tori interna\u021bionali. Are 37 de ani, s-a retras \u00een 2019 \u0219i \u0219i-a \u00eenceput deja activitatea \u00een rolul nou .<\/p>\n<p>&nbsp;<\/p>\n<p>Stil de joc: mijloca\u0219 central cu prezen\u021b\u0103 constant\u0103, aport at\u00e2t defensiv c\u00e2t \u0219i ofensiv.<\/p>\n<p>&nbsp;<\/p>\n<p>Performan\u021b\u0103: 8 goluri \u0219i 3 pase decisive la O\u021belul; adaptabil \u0219i experimentat \u00een Liga I .<\/p>\n<p>&nbsp;<\/p>\n<p>Rol strategic: va \u00eent\u0103ri leg\u0103turile europene, \u00een special cu pia\u021ba portughez\u0103, \u0219i va ajuta la recrutare .<\/p>\n<p>&nbsp;<\/p>\n<p>Feedback pozitiv: Sorin C\u00e2r\u021bu a r\u0103mas impresionat de capacitatea sa de a identifica talente .<\/p>\n<p>&nbsp;<\/p>\n<p>Domeniu A\u0219tept\u0103ri pentru sezonul viitor<\/p>\n<p>&nbsp;<\/p>\n<p>Mijlocul terenului Consolidat \u00een plan defensiv \u0219i ofensiv<\/p>\n<p>Re\u021beaua de scouting Extindere \u00een Portugalia \u0219i poten\u021biale viitoare transferuri<\/p>\n<p>&nbsp;<\/p>\n<p>Pe scurt, mut\u0103rile \u00eei ofer\u0103 clubului oltean o combina\u021bie de experien\u021b\u0103 pe teren (Teles) \u0219i strategie \u00een spatele scenei (Felgueiras), preg\u0103tind un sezon competitiv. Dac\u0103 vrei detalii despre al\u021bi juc\u0103tori viza\u021bi, echip\u0103 sau analiza lotului, spune-mi! <\/p>\n\n<div style=\"font-size: 0px; height: 0px; line-height: 0px; margin: 0; padding: 0; clear: both;\"><\/div>","protected":false},"excerpt":{"rendered":"<p>Fotbal: Universitatea Craiova l-a achizi\u021bionat pe portughezul &#8230; &nbsp; Universitatea Craiova \u0219i-a \u00eent\u0103rit echipa \u00een perspectiva sezonului viitor prin dou\u0103 mut\u0103ri importante, ambele viz\u00e2nd fotbali\u0219ti \u0219i speciali\u0219ti portughezi: Samuel Teles, mijloca\u0219 central de 28 de ani, fost component al O\u021belului Gala\u021bi, a semnat cu Universitatea Craiova. A adunat 79 de meciuri \u00een Liga I \u0219i [&hellip;]<\/p>\n","protected":false},"author":15,"featured_media":49104,"comment_status":"open","ping_status":"open","sticky":false,"template":"","format":"standard","meta":{"_jetpack_memberships_contains_paid_content":false,"footnotes":""},"categories":[1],"tags":[640],"class_list":["post-49099","post","type-post","status-publish","format-standard","has-post-thumbnail","hentry","category-uncategorized","tag-fan-andrei-ivan"],"yoast_head":"<!-- This site is optimized with the Yoast SEO plugin v27.5 - https:\/\/yoast.com\/product\/yoast-seo-wordpress\/ -->\n<title>Fotbal: Universitatea Craiova l-a achizi\u021bionat pe portughezul ...<\/title>\n<meta name=\"description\" content=\"Fotbal: Universitatea Craiova l-a achizi\u021bionat pe portughezul ...\" \/>\n<meta name=\"robots\" content=\"index, follow, max-snippet:-1, max-image-preview:large, max-video-preview:-1\" \/>\n<link rel=\"canonical\" href=\"https:\/\/www.letsportsrock.com\/?p=49099\" \/>\n<meta property=\"og:locale\" content=\"en_US\" \/>\n<meta property=\"og:type\" content=\"article\" \/>\n<meta property=\"og:title\" content=\"Fotbal: Universitatea Craiova l-a achizi\u021bionat pe portughezul ...\" \/>\n<meta property=\"og:description\" content=\"Fotbal: Universitatea Craiova l-a achizi\u021bionat pe portughezul ...\" \/>\n<meta property=\"og:url\" content=\"https:\/\/www.letsportsrock.com\/?p=49099\" \/>\n<meta property=\"og:site_name\" content=\"letsportsrock\" \/>\n<meta property=\"article:published_time\" content=\"2025-06-21T09:00:09+00:00\" \/>\n<meta property=\"og:image\" content=\"https:\/\/www.letsportsrock.com\/wp-content\/uploads\/2025\/06\/images-2025-06-21T095900.285.jpeg\" \/>\n\t<meta property=\"og:image:width\" content=\"640\" \/>\n\t<meta property=\"og:image:height\" content=\"479\" \/>\n\t<meta property=\"og:image:type\" content=\"image\/jpeg\" \/>\n<meta name=\"author\" content=\"Amos Nabizo\" \/>\n<meta name=\"twitter:card\" content=\"summary_large_image\" \/>\n<meta name=\"twitter:label1\" content=\"Written by\" \/>\n\t<meta name=\"twitter:data1\" content=\"Amos Nabizo\" \/>\n\t<meta name=\"twitter:label2\" content=\"Est. reading time\" \/>\n\t<meta name=\"twitter:data2\" content=\"2 minutes\" \/>\n<script type=\"application\/ld+json\" class=\"yoast-schema-graph\">{\"@context\":\"https:\\\/\\\/schema.org\",\"@graph\":[{\"@type\":\"Article\",\"@id\":\"https:\\\/\\\/www.letsportsrock.com\\\/?p=49099#article\",\"isPartOf\":{\"@id\":\"https:\\\/\\\/www.letsportsrock.com\\\/?p=49099\"},\"author\":{\"name\":\"Amos Nabizo\",\"@id\":\"https:\\\/\\\/www.letsportsrock.com\\\/#\\\/schema\\\/person\\\/044479f72bdbd75f9523e745d3be6c30\"},\"headline\":\"Fotbal: Universitatea Craiova l-a achizi\u021bionat pe portughezul &#8230;\",\"datePublished\":\"2025-06-21T09:00:09+00:00\",\"mainEntityOfPage\":{\"@id\":\"https:\\\/\\\/www.letsportsrock.com\\\/?p=49099\"},\"wordCount\":289,\"commentCount\":0,\"image\":{\"@id\":\"https:\\\/\\\/www.letsportsrock.com\\\/?p=49099#primaryimage\"},\"thumbnailUrl\":\"https:\\\/\\\/www.letsportsrock.com\\\/wp-content\\\/uploads\\\/2025\\\/06\\\/images-2025-06-21T095900.285.jpeg\",\"keywords\":[\"Fan Andrei Ivan\"],\"inLanguage\":\"en-US\",\"potentialAction\":[{\"@type\":\"CommentAction\",\"name\":\"Comment\",\"target\":[\"https:\\\/\\\/www.letsportsrock.com\\\/?p=49099#respond\"]}]},{\"@type\":\"WebPage\",\"@id\":\"https:\\\/\\\/www.letsportsrock.com\\\/?p=49099\",\"url\":\"https:\\\/\\\/www.letsportsrock.com\\\/?p=49099\",\"name\":\"Fotbal: Universitatea Craiova l-a achizi\u021bionat pe portughezul ...\",\"isPartOf\":{\"@id\":\"https:\\\/\\\/www.letsportsrock.com\\\/#website\"},\"primaryImageOfPage\":{\"@id\":\"https:\\\/\\\/www.letsportsrock.com\\\/?p=49099#primaryimage\"},\"image\":{\"@id\":\"https:\\\/\\\/www.letsportsrock.com\\\/?p=49099#primaryimage\"},\"thumbnailUrl\":\"https:\\\/\\\/www.letsportsrock.com\\\/wp-content\\\/uploads\\\/2025\\\/06\\\/images-2025-06-21T095900.285.jpeg\",\"datePublished\":\"2025-06-21T09:00:09+00:00\",\"author\":{\"@id\":\"https:\\\/\\\/www.letsportsrock.com\\\/#\\\/schema\\\/person\\\/044479f72bdbd75f9523e745d3be6c30\"},\"description\":\"Fotbal: Universitatea Craiova l-a achizi\u021bionat pe portughezul ...\",\"breadcrumb\":{\"@id\":\"https:\\\/\\\/www.letsportsrock.com\\\/?p=49099#breadcrumb\"},\"inLanguage\":\"en-US\",\"potentialAction\":[{\"@type\":\"ReadAction\",\"target\":[\"https:\\\/\\\/www.letsportsrock.com\\\/?p=49099\"]}]},{\"@type\":\"ImageObject\",\"inLanguage\":\"en-US\",\"@id\":\"https:\\\/\\\/www.letsportsrock.com\\\/?p=49099#primaryimage\",\"url\":\"https:\\\/\\\/www.letsportsrock.com\\\/wp-content\\\/uploads\\\/2025\\\/06\\\/images-2025-06-21T095900.285.jpeg\",\"contentUrl\":\"https:\\\/\\\/www.letsportsrock.com\\\/wp-content\\\/uploads\\\/2025\\\/06\\\/images-2025-06-21T095900.285.jpeg\",\"width\":640,\"height\":479},{\"@type\":\"BreadcrumbList\",\"@id\":\"https:\\\/\\\/www.letsportsrock.com\\\/?p=49099#breadcrumb\",\"itemListElement\":[{\"@type\":\"ListItem\",\"position\":1,\"name\":\"Home\",\"item\":\"https:\\\/\\\/www.letsportsrock.com\\\/\"},{\"@type\":\"ListItem\",\"position\":2,\"name\":\"Fotbal: Universitatea Craiova l-a achizi\u021bionat pe portughezul &#8230;\"}]},{\"@type\":\"WebSite\",\"@id\":\"https:\\\/\\\/www.letsportsrock.com\\\/#website\",\"url\":\"https:\\\/\\\/www.letsportsrock.com\\\/\",\"name\":\"letsportsrock\",\"description\":\"Sport News and Updates\",\"potentialAction\":[{\"@type\":\"SearchAction\",\"target\":{\"@type\":\"EntryPoint\",\"urlTemplate\":\"https:\\\/\\\/www.letsportsrock.com\\\/?s={search_term_string}\"},\"query-input\":{\"@type\":\"PropertyValueSpecification\",\"valueRequired\":true,\"valueName\":\"search_term_string\"}}],\"inLanguage\":\"en-US\"},{\"@type\":\"Person\",\"@id\":\"https:\\\/\\\/www.letsportsrock.com\\\/#\\\/schema\\\/person\\\/044479f72bdbd75f9523e745d3be6c30\",\"name\":\"Amos Nabizo\",\"image\":{\"@type\":\"ImageObject\",\"inLanguage\":\"en-US\",\"@id\":\"https:\\\/\\\/secure.gravatar.com\\\/avatar\\\/d569857c07d3899c6ca842ffea32daa1672c05549833530fe37e68ae7b521ba4?s=96&d=mm&r=g\",\"url\":\"https:\\\/\\\/secure.gravatar.com\\\/avatar\\\/d569857c07d3899c6ca842ffea32daa1672c05549833530fe37e68ae7b521ba4?s=96&d=mm&r=g\",\"contentUrl\":\"https:\\\/\\\/secure.gravatar.com\\\/avatar\\\/d569857c07d3899c6ca842ffea32daa1672c05549833530fe37e68ae7b521ba4?s=96&d=mm&r=g\",\"caption\":\"Amos Nabizo\"},\"sameAs\":[\"https:\\\/\\\/www.letsportsrock.com\\\/wp-admin\\\/\"],\"url\":\"https:\\\/\\\/www.letsportsrock.com\\\/?author=15\"}]}<\/script>\n<!-- \/ Yoast SEO plugin. -->","yoast_head_json":{"title":"Fotbal: Universitatea Craiova l-a achizi\u021bionat pe portughezul ...","description":"Fotbal: Universitatea Craiova l-a achizi\u021bionat pe portughezul ...","robots":{"index":"index","follow":"follow","max-snippet":"max-snippet:-1","max-image-preview":"max-image-preview:large","max-video-preview":"max-video-preview:-1"},"canonical":"https:\/\/www.letsportsrock.com\/?p=49099","og_locale":"en_US","og_type":"article","og_title":"Fotbal: Universitatea Craiova l-a achizi\u021bionat pe portughezul ...","og_description":"Fotbal: Universitatea Craiova l-a achizi\u021bionat pe portughezul ...","og_url":"https:\/\/www.letsportsrock.com\/?p=49099","og_site_name":"letsportsrock","article_published_time":"2025-06-21T09:00:09+00:00","og_image":[{"width":640,"height":479,"url":"https:\/\/www.letsportsrock.com\/wp-content\/uploads\/2025\/06\/images-2025-06-21T095900.285.jpeg","type":"image\/jpeg"}],"author":"Amos Nabizo","twitter_card":"summary_large_image","twitter_misc":{"Written by":"Amos Nabizo","Est. reading time":"2 minutes"},"schema":{"@context":"https:\/\/schema.org","@graph":[{"@type":"Article","@id":"https:\/\/www.letsportsrock.com\/?p=49099#article","isPartOf":{"@id":"https:\/\/www.letsportsrock.com\/?p=49099"},"author":{"name":"Amos Nabizo","@id":"https:\/\/www.letsportsrock.com\/#\/schema\/person\/044479f72bdbd75f9523e745d3be6c30"},"headline":"Fotbal: Universitatea Craiova l-a achizi\u021bionat pe portughezul &#8230;","datePublished":"2025-06-21T09:00:09+00:00","mainEntityOfPage":{"@id":"https:\/\/www.letsportsrock.com\/?p=49099"},"wordCount":289,"commentCount":0,"image":{"@id":"https:\/\/www.letsportsrock.com\/?p=49099#primaryimage"},"thumbnailUrl":"https:\/\/www.letsportsrock.com\/wp-content\/uploads\/2025\/06\/images-2025-06-21T095900.285.jpeg","keywords":["Fan Andrei Ivan"],"inLanguage":"en-US","potentialAction":[{"@type":"CommentAction","name":"Comment","target":["https:\/\/www.letsportsrock.com\/?p=49099#respond"]}]},{"@type":"WebPage","@id":"https:\/\/www.letsportsrock.com\/?p=49099","url":"https:\/\/www.letsportsrock.com\/?p=49099","name":"Fotbal: Universitatea Craiova l-a achizi\u021bionat pe portughezul ...","isPartOf":{"@id":"https:\/\/www.letsportsrock.com\/#website"},"primaryImageOfPage":{"@id":"https:\/\/www.letsportsrock.com\/?p=49099#primaryimage"},"image":{"@id":"https:\/\/www.letsportsrock.com\/?p=49099#primaryimage"},"thumbnailUrl":"https:\/\/www.letsportsrock.com\/wp-content\/uploads\/2025\/06\/images-2025-06-21T095900.285.jpeg","datePublished":"2025-06-21T09:00:09+00:00","author":{"@id":"https:\/\/www.letsportsrock.com\/#\/schema\/person\/044479f72bdbd75f9523e745d3be6c30"},"description":"Fotbal: Universitatea Craiova l-a achizi\u021bionat pe portughezul ...","breadcrumb":{"@id":"https:\/\/www.letsportsrock.com\/?p=49099#breadcrumb"},"inLanguage":"en-US","potentialAction":[{"@type":"ReadAction","target":["https:\/\/www.letsportsrock.com\/?p=49099"]}]},{"@type":"ImageObject","inLanguage":"en-US","@id":"https:\/\/www.letsportsrock.com\/?p=49099#primaryimage","url":"https:\/\/www.letsportsrock.com\/wp-content\/uploads\/2025\/06\/images-2025-06-21T095900.285.jpeg","contentUrl":"https:\/\/www.letsportsrock.com\/wp-content\/uploads\/2025\/06\/images-2025-06-21T095900.285.jpeg","width":640,"height":479},{"@type":"BreadcrumbList","@id":"https:\/\/www.letsportsrock.com\/?p=49099#breadcrumb","itemListElement":[{"@type":"ListItem","position":1,"name":"Home","item":"https:\/\/www.letsportsrock.com\/"},{"@type":"ListItem","position":2,"name":"Fotbal: Universitatea Craiova l-a achizi\u021bionat pe portughezul &#8230;"}]},{"@type":"WebSite","@id":"https:\/\/www.letsportsrock.com\/#website","url":"https:\/\/www.letsportsrock.com\/","name":"letsportsrock","description":"Sport News and Updates","potentialAction":[{"@type":"SearchAction","target":{"@type":"EntryPoint","urlTemplate":"https:\/\/www.letsportsrock.com\/?s={search_term_string}"},"query-input":{"@type":"PropertyValueSpecification","valueRequired":true,"valueName":"search_term_string"}}],"inLanguage":"en-US"},{"@type":"Person","@id":"https:\/\/www.letsportsrock.com\/#\/schema\/person\/044479f72bdbd75f9523e745d3be6c30","name":"Amos Nabizo","image":{"@type":"ImageObject","inLanguage":"en-US","@id":"https:\/\/secure.gravatar.com\/avatar\/d569857c07d3899c6ca842ffea32daa1672c05549833530fe37e68ae7b521ba4?s=96&d=mm&r=g","url":"https:\/\/secure.gravatar.com\/avatar\/d569857c07d3899c6ca842ffea32daa1672c05549833530fe37e68ae7b521ba4?s=96&d=mm&r=g","contentUrl":"https:\/\/secure.gravatar.com\/avatar\/d569857c07d3899c6ca842ffea32daa1672c05549833530fe37e68ae7b521ba4?s=96&d=mm&r=g","caption":"Amos Nabizo"},"sameAs":["https:\/\/www.letsportsrock.com\/wp-admin\/"],"url":"https:\/\/www.letsportsrock.com\/?author=15"}]}},"jetpack_featured_media_url":"https:\/\/www.letsportsrock.com\/wp-content\/uploads\/2025\/06\/images-2025-06-21T095900.285.jpeg","jetpack_sharing_enabled":true,"_links":{"self":[{"href":"https:\/\/www.letsportsrock.com\/index.php?rest_route=\/wp\/v2\/posts\/49099","targetHints":{"allow":["GET"]}}],"collection":[{"href":"https:\/\/www.letsportsrock.com\/index.php?rest_route=\/wp\/v2\/posts"}],"about":[{"href":"https:\/\/www.letsportsrock.com\/index.php?rest_route=\/wp\/v2\/types\/post"}],"author":[{"embeddable":true,"href":"https:\/\/www.letsportsrock.com\/index.php?rest_route=\/wp\/v2\/users\/15"}],"replies":[{"embeddable":true,"href":"https:\/\/www.letsportsrock.com\/index.php?rest_route=%2Fwp%2Fv2%2Fcomments&post=49099"}],"version-history":[{"count":1,"href":"https:\/\/www.letsportsrock.com\/index.php?rest_route=\/wp\/v2\/posts\/49099\/revisions"}],"predecessor-version":[{"id":49107,"href":"https:\/\/www.letsportsrock.com\/index.php?rest_route=\/wp\/v2\/posts\/49099\/revisions\/49107"}],"wp:featuredmedia":[{"embeddable":true,"href":"https:\/\/www.letsportsrock.com\/index.php?rest_route=\/wp\/v2\/media\/49104"}],"wp:attachment":[{"href":"https:\/\/www.letsportsrock.com\/index.php?rest_route=%2Fwp%2Fv2%2Fmedia&parent=49099"}],"wp:term":[{"taxonomy":"category","embeddable":true,"href":"https:\/\/www.letsportsrock.com\/index.php?rest_route=%2Fwp%2Fv2%2Fcategories&post=49099"},{"taxonomy":"post_tag","embeddable":true,"href":"https:\/\/www.letsportsrock.com\/index.php?rest_route=%2Fwp%2Fv2%2Ftags&post=49099"}],"curies":[{"name":"wp","href":"https:\/\/api.w.org\/{rel}","templated":true}]}}