{"id":49262,"date":"2025-06-21T23:00:50","date_gmt":"2025-06-21T23:00:50","guid":{"rendered":"https:\/\/www.letsportsrock.com\/?p=49262"},"modified":"2025-06-21T23:00:50","modified_gmt":"2025-06-21T23:00:50","slug":"nu-i-pasa-lui-costel-galca-de-plecarea-lui-andrei-ivan-de-la-craiova","status":"publish","type":"post","link":"https:\/\/www.letsportsrock.com\/?p=49262","title":{"rendered":"Nu-i pas\u0103 lui Costel G\u00e2lc\u0103 de plecarea lui Andrei Ivan de la Craiova&#8230;."},"content":{"rendered":"<div class=\"d79db4796efc26332eabfc3f5dafbc76\" data-index=\"1\" style=\"float: none; margin:10px 0 10px 0; text-align:center;\">\n<div class=\"hb-ad-inarticle\">\r\n    <div class=\"hb-ad-inner\"> \r\n    <div class=\"hbagency_cls\"  id=\"hbagency_space_111930\"><\/div><\/div> <\/div>\n<\/div>\n<p>Nu-i pas\u0103 lui Costel G\u00e2lc\u0103 de plecarea lui Andrei Ivan de la Craiova&#8230;.<\/p>\n<p>&nbsp;<\/p>\n<p>Costel G\u00e2lc\u0103 a abordat desp\u0103r\u021birea lui Andrei Ivan de Universitatea Craiova cu deta\u0219are \u0219i optimism. La \u00eenceputul lui 2025, dup\u0103 ce Ivan (28 de ani) a fost \u00eemprumutat la Adanaspor (liga a II\u2011a din Turcia), G\u00e2lc\u0103 a declarat c\u0103 nu va suferi din lipsa sa \u2013 \u00een fond, \u201cera unul dintre cei trei juc\u0103tori care puteau pleca \u00een orice moment\u201d \u2013 \u0219i \u00eel felicit\u0103 pentru curajul de a accepta o nou\u0103 provocare .<\/p>\n<p><img loading=\"lazy\" decoding=\"async\" class=\"alignnone size-medium wp-image-49265\" src=\"https:\/\/www.letsportsrock.com\/wp-content\/uploads\/2025\/06\/images-2025-06-21T235956.882-300x180.jpeg\" alt=\"\" width=\"300\" height=\"180\" srcset=\"https:\/\/www.letsportsrock.com\/wp-content\/uploads\/2025\/06\/images-2025-06-21T235956.882-300x180.jpeg 300w, https:\/\/www.letsportsrock.com\/wp-content\/uploads\/2025\/06\/images-2025-06-21T235956.882.jpeg 700w\" sizes=\"auto, (max-width: 300px) 100vw, 300px\" \/><\/p>\n<p>Tehnicianul a subliniat c\u0103 decizia a fost la fel de mult a clubului, c\u00e2t \u0219i a fotbalistului, iar plecarea s-a f\u0103cut \u00een termenii cei mai buni. Chiar dac\u0103 Ivan nu a reu\u0219it s\u0103 marcheze \u00een cele 21 de meciuri din sezonul respectiv (dar a oferit dou\u0103 assist\u2011uri), G\u00e2lc\u0103 a precizat: \u201cNu este capricios, se antreneaz\u0103\u2026 sper s\u0103 fac\u0103 un campionat bun \u0219i s\u0103 revin\u0103 la forma care \u00eel consacrase\u201d .<\/p>\n<p>&nbsp;<\/p>\n<p>\u00cen concluzie, G\u00e2lc\u0103 nu doar c\u0103 \u201enu simte\u201d impactul plec\u0103rii lui Ivan, dar se arat\u0103 \u00eencurajat de oportunitatea juc\u0103torului de a-\u0219i redob\u00e2ndi \u00eencrederea \u0219i forma \u00een Turcia, cu speran\u021ba c\u0103 va reveni la Craiova mai puternic. Rela\u021bia dintre antrenor \u0219i atacant pare bazat\u0103 pe respect \u0219i \u00eencredere, iar G\u00e2lc\u0103 a \u00eencheiat cu un mesaj pozitiv, a\u0219tept\u00e2nd ca Ivan s\u0103 revin\u0103 \u201ela nivelul de dinainte\u201d .<\/p>\n<p>&nbsp;<\/p>\n<p>\u00cen esen\u021b\u0103, Costel G\u00e2lc\u0103 nu este afectat emo\u021bional de plecarea lui Andrei Ivan, o consider\u0103 un pas necesar pentru ambele p\u0103r\u021bi \u0219i r\u0103m\u00e2ne \u00eencrez\u0103tor \u00een revenirea acestuia la o form\u0103 de top.<\/p>\n\n<div style=\"font-size: 0px; height: 0px; line-height: 0px; margin: 0; padding: 0; clear: both;\"><\/div>","protected":false},"excerpt":{"rendered":"<p>Nu-i pas\u0103 lui Costel G\u00e2lc\u0103 de plecarea lui Andrei Ivan de la Craiova&#8230;. &nbsp; Costel G\u00e2lc\u0103 a abordat desp\u0103r\u021birea lui Andrei Ivan de Universitatea Craiova cu deta\u0219are \u0219i optimism. La \u00eenceputul lui 2025, dup\u0103 ce Ivan (28 de ani) a fost \u00eemprumutat la Adanaspor (liga a II\u2011a din Turcia), G\u00e2lc\u0103 a declarat c\u0103 nu va [&hellip;]<\/p>\n","protected":false},"author":15,"featured_media":49264,"comment_status":"open","ping_status":"open","sticky":false,"template":"","format":"standard","meta":{"_jetpack_memberships_contains_paid_content":false,"footnotes":""},"categories":[1],"tags":[640],"class_list":["post-49262","post","type-post","status-publish","format-standard","has-post-thumbnail","hentry","category-uncategorized","tag-fan-andrei-ivan"],"yoast_head":"<!-- This site is optimized with the Yoast SEO plugin v27.4 - https:\/\/yoast.com\/product\/yoast-seo-wordpress\/ -->\n<title>Nu-i pas\u0103 lui Costel G\u00e2lc\u0103 de plecarea lui Andrei Ivan de la Craiova....<\/title>\n<meta name=\"description\" content=\"Nu-i pas\u0103 lui Costel G\u00e2lc\u0103 de plecarea lui Andrei Ivan de la Craiova....\" \/>\n<meta name=\"robots\" content=\"index, follow, max-snippet:-1, max-image-preview:large, max-video-preview:-1\" \/>\n<link rel=\"canonical\" href=\"https:\/\/www.letsportsrock.com\/?p=49262\" \/>\n<meta property=\"og:locale\" content=\"en_US\" \/>\n<meta property=\"og:type\" content=\"article\" \/>\n<meta property=\"og:title\" content=\"Nu-i pas\u0103 lui Costel G\u00e2lc\u0103 de plecarea lui Andrei Ivan de la Craiova....\" \/>\n<meta property=\"og:description\" content=\"Nu-i pas\u0103 lui Costel G\u00e2lc\u0103 de plecarea lui Andrei Ivan de la Craiova....\" \/>\n<meta property=\"og:url\" content=\"https:\/\/www.letsportsrock.com\/?p=49262\" \/>\n<meta property=\"og:site_name\" content=\"letsportsrock\" \/>\n<meta property=\"article:published_time\" content=\"2025-06-21T23:00:50+00:00\" \/>\n<meta property=\"og:image\" content=\"https:\/\/www.letsportsrock.com\/wp-content\/uploads\/2025\/06\/images-2025-06-21T235944.723.jpeg\" \/>\n\t<meta property=\"og:image:width\" content=\"739\" \/>\n\t<meta property=\"og:image:height\" content=\"415\" \/>\n\t<meta property=\"og:image:type\" content=\"image\/jpeg\" \/>\n<meta name=\"author\" content=\"Amos Nabizo\" \/>\n<meta name=\"twitter:card\" content=\"summary_large_image\" \/>\n<meta name=\"twitter:label1\" content=\"Written by\" \/>\n\t<meta name=\"twitter:data1\" content=\"Amos Nabizo\" \/>\n\t<meta name=\"twitter:label2\" content=\"Est. reading time\" \/>\n\t<meta name=\"twitter:data2\" content=\"2 minutes\" \/>\n<script type=\"application\/ld+json\" class=\"yoast-schema-graph\">{\"@context\":\"https:\\\/\\\/schema.org\",\"@graph\":[{\"@type\":\"Article\",\"@id\":\"https:\\\/\\\/www.letsportsrock.com\\\/?p=49262#article\",\"isPartOf\":{\"@id\":\"https:\\\/\\\/www.letsportsrock.com\\\/?p=49262\"},\"author\":{\"name\":\"Amos Nabizo\",\"@id\":\"https:\\\/\\\/www.letsportsrock.com\\\/#\\\/schema\\\/person\\\/044479f72bdbd75f9523e745d3be6c30\"},\"headline\":\"Nu-i pas\u0103 lui Costel G\u00e2lc\u0103 de plecarea lui Andrei Ivan de la Craiova&#8230;.\",\"datePublished\":\"2025-06-21T23:00:50+00:00\",\"mainEntityOfPage\":{\"@id\":\"https:\\\/\\\/www.letsportsrock.com\\\/?p=49262\"},\"wordCount\":292,\"commentCount\":0,\"image\":{\"@id\":\"https:\\\/\\\/www.letsportsrock.com\\\/?p=49262#primaryimage\"},\"thumbnailUrl\":\"https:\\\/\\\/www.letsportsrock.com\\\/wp-content\\\/uploads\\\/2025\\\/06\\\/images-2025-06-21T235944.723.jpeg\",\"keywords\":[\"Fan Andrei Ivan\"],\"inLanguage\":\"en-US\",\"potentialAction\":[{\"@type\":\"CommentAction\",\"name\":\"Comment\",\"target\":[\"https:\\\/\\\/www.letsportsrock.com\\\/?p=49262#respond\"]}]},{\"@type\":\"WebPage\",\"@id\":\"https:\\\/\\\/www.letsportsrock.com\\\/?p=49262\",\"url\":\"https:\\\/\\\/www.letsportsrock.com\\\/?p=49262\",\"name\":\"Nu-i pas\u0103 lui Costel G\u00e2lc\u0103 de plecarea lui Andrei Ivan de la Craiova....\",\"isPartOf\":{\"@id\":\"https:\\\/\\\/www.letsportsrock.com\\\/#website\"},\"primaryImageOfPage\":{\"@id\":\"https:\\\/\\\/www.letsportsrock.com\\\/?p=49262#primaryimage\"},\"image\":{\"@id\":\"https:\\\/\\\/www.letsportsrock.com\\\/?p=49262#primaryimage\"},\"thumbnailUrl\":\"https:\\\/\\\/www.letsportsrock.com\\\/wp-content\\\/uploads\\\/2025\\\/06\\\/images-2025-06-21T235944.723.jpeg\",\"datePublished\":\"2025-06-21T23:00:50+00:00\",\"author\":{\"@id\":\"https:\\\/\\\/www.letsportsrock.com\\\/#\\\/schema\\\/person\\\/044479f72bdbd75f9523e745d3be6c30\"},\"description\":\"Nu-i pas\u0103 lui Costel G\u00e2lc\u0103 de plecarea lui Andrei Ivan de la Craiova....\",\"breadcrumb\":{\"@id\":\"https:\\\/\\\/www.letsportsrock.com\\\/?p=49262#breadcrumb\"},\"inLanguage\":\"en-US\",\"potentialAction\":[{\"@type\":\"ReadAction\",\"target\":[\"https:\\\/\\\/www.letsportsrock.com\\\/?p=49262\"]}]},{\"@type\":\"ImageObject\",\"inLanguage\":\"en-US\",\"@id\":\"https:\\\/\\\/www.letsportsrock.com\\\/?p=49262#primaryimage\",\"url\":\"https:\\\/\\\/www.letsportsrock.com\\\/wp-content\\\/uploads\\\/2025\\\/06\\\/images-2025-06-21T235944.723.jpeg\",\"contentUrl\":\"https:\\\/\\\/www.letsportsrock.com\\\/wp-content\\\/uploads\\\/2025\\\/06\\\/images-2025-06-21T235944.723.jpeg\",\"width\":739,\"height\":415},{\"@type\":\"BreadcrumbList\",\"@id\":\"https:\\\/\\\/www.letsportsrock.com\\\/?p=49262#breadcrumb\",\"itemListElement\":[{\"@type\":\"ListItem\",\"position\":1,\"name\":\"Home\",\"item\":\"https:\\\/\\\/www.letsportsrock.com\\\/\"},{\"@type\":\"ListItem\",\"position\":2,\"name\":\"Nu-i pas\u0103 lui Costel G\u00e2lc\u0103 de plecarea lui Andrei Ivan de la Craiova&#8230;.\"}]},{\"@type\":\"WebSite\",\"@id\":\"https:\\\/\\\/www.letsportsrock.com\\\/#website\",\"url\":\"https:\\\/\\\/www.letsportsrock.com\\\/\",\"name\":\"letsportsrock\",\"description\":\"Sport News and Updates\",\"potentialAction\":[{\"@type\":\"SearchAction\",\"target\":{\"@type\":\"EntryPoint\",\"urlTemplate\":\"https:\\\/\\\/www.letsportsrock.com\\\/?s={search_term_string}\"},\"query-input\":{\"@type\":\"PropertyValueSpecification\",\"valueRequired\":true,\"valueName\":\"search_term_string\"}}],\"inLanguage\":\"en-US\"},{\"@type\":\"Person\",\"@id\":\"https:\\\/\\\/www.letsportsrock.com\\\/#\\\/schema\\\/person\\\/044479f72bdbd75f9523e745d3be6c30\",\"name\":\"Amos Nabizo\",\"image\":{\"@type\":\"ImageObject\",\"inLanguage\":\"en-US\",\"@id\":\"https:\\\/\\\/secure.gravatar.com\\\/avatar\\\/d569857c07d3899c6ca842ffea32daa1672c05549833530fe37e68ae7b521ba4?s=96&d=mm&r=g\",\"url\":\"https:\\\/\\\/secure.gravatar.com\\\/avatar\\\/d569857c07d3899c6ca842ffea32daa1672c05549833530fe37e68ae7b521ba4?s=96&d=mm&r=g\",\"contentUrl\":\"https:\\\/\\\/secure.gravatar.com\\\/avatar\\\/d569857c07d3899c6ca842ffea32daa1672c05549833530fe37e68ae7b521ba4?s=96&d=mm&r=g\",\"caption\":\"Amos Nabizo\"},\"sameAs\":[\"https:\\\/\\\/www.letsportsrock.com\\\/wp-admin\\\/\"],\"url\":\"https:\\\/\\\/www.letsportsrock.com\\\/?author=15\"}]}<\/script>\n<!-- \/ Yoast SEO plugin. -->","yoast_head_json":{"title":"Nu-i pas\u0103 lui Costel G\u00e2lc\u0103 de plecarea lui Andrei Ivan de la Craiova....","description":"Nu-i pas\u0103 lui Costel G\u00e2lc\u0103 de plecarea lui Andrei Ivan de la Craiova....","robots":{"index":"index","follow":"follow","max-snippet":"max-snippet:-1","max-image-preview":"max-image-preview:large","max-video-preview":"max-video-preview:-1"},"canonical":"https:\/\/www.letsportsrock.com\/?p=49262","og_locale":"en_US","og_type":"article","og_title":"Nu-i pas\u0103 lui Costel G\u00e2lc\u0103 de plecarea lui Andrei Ivan de la Craiova....","og_description":"Nu-i pas\u0103 lui Costel G\u00e2lc\u0103 de plecarea lui Andrei Ivan de la Craiova....","og_url":"https:\/\/www.letsportsrock.com\/?p=49262","og_site_name":"letsportsrock","article_published_time":"2025-06-21T23:00:50+00:00","og_image":[{"width":739,"height":415,"url":"https:\/\/www.letsportsrock.com\/wp-content\/uploads\/2025\/06\/images-2025-06-21T235944.723.jpeg","type":"image\/jpeg"}],"author":"Amos Nabizo","twitter_card":"summary_large_image","twitter_misc":{"Written by":"Amos Nabizo","Est. reading time":"2 minutes"},"schema":{"@context":"https:\/\/schema.org","@graph":[{"@type":"Article","@id":"https:\/\/www.letsportsrock.com\/?p=49262#article","isPartOf":{"@id":"https:\/\/www.letsportsrock.com\/?p=49262"},"author":{"name":"Amos Nabizo","@id":"https:\/\/www.letsportsrock.com\/#\/schema\/person\/044479f72bdbd75f9523e745d3be6c30"},"headline":"Nu-i pas\u0103 lui Costel G\u00e2lc\u0103 de plecarea lui Andrei Ivan de la Craiova&#8230;.","datePublished":"2025-06-21T23:00:50+00:00","mainEntityOfPage":{"@id":"https:\/\/www.letsportsrock.com\/?p=49262"},"wordCount":292,"commentCount":0,"image":{"@id":"https:\/\/www.letsportsrock.com\/?p=49262#primaryimage"},"thumbnailUrl":"https:\/\/www.letsportsrock.com\/wp-content\/uploads\/2025\/06\/images-2025-06-21T235944.723.jpeg","keywords":["Fan Andrei Ivan"],"inLanguage":"en-US","potentialAction":[{"@type":"CommentAction","name":"Comment","target":["https:\/\/www.letsportsrock.com\/?p=49262#respond"]}]},{"@type":"WebPage","@id":"https:\/\/www.letsportsrock.com\/?p=49262","url":"https:\/\/www.letsportsrock.com\/?p=49262","name":"Nu-i pas\u0103 lui Costel G\u00e2lc\u0103 de plecarea lui Andrei Ivan de la Craiova....","isPartOf":{"@id":"https:\/\/www.letsportsrock.com\/#website"},"primaryImageOfPage":{"@id":"https:\/\/www.letsportsrock.com\/?p=49262#primaryimage"},"image":{"@id":"https:\/\/www.letsportsrock.com\/?p=49262#primaryimage"},"thumbnailUrl":"https:\/\/www.letsportsrock.com\/wp-content\/uploads\/2025\/06\/images-2025-06-21T235944.723.jpeg","datePublished":"2025-06-21T23:00:50+00:00","author":{"@id":"https:\/\/www.letsportsrock.com\/#\/schema\/person\/044479f72bdbd75f9523e745d3be6c30"},"description":"Nu-i pas\u0103 lui Costel G\u00e2lc\u0103 de plecarea lui Andrei Ivan de la Craiova....","breadcrumb":{"@id":"https:\/\/www.letsportsrock.com\/?p=49262#breadcrumb"},"inLanguage":"en-US","potentialAction":[{"@type":"ReadAction","target":["https:\/\/www.letsportsrock.com\/?p=49262"]}]},{"@type":"ImageObject","inLanguage":"en-US","@id":"https:\/\/www.letsportsrock.com\/?p=49262#primaryimage","url":"https:\/\/www.letsportsrock.com\/wp-content\/uploads\/2025\/06\/images-2025-06-21T235944.723.jpeg","contentUrl":"https:\/\/www.letsportsrock.com\/wp-content\/uploads\/2025\/06\/images-2025-06-21T235944.723.jpeg","width":739,"height":415},{"@type":"BreadcrumbList","@id":"https:\/\/www.letsportsrock.com\/?p=49262#breadcrumb","itemListElement":[{"@type":"ListItem","position":1,"name":"Home","item":"https:\/\/www.letsportsrock.com\/"},{"@type":"ListItem","position":2,"name":"Nu-i pas\u0103 lui Costel G\u00e2lc\u0103 de plecarea lui Andrei Ivan de la Craiova&#8230;."}]},{"@type":"WebSite","@id":"https:\/\/www.letsportsrock.com\/#website","url":"https:\/\/www.letsportsrock.com\/","name":"letsportsrock","description":"Sport News and Updates","potentialAction":[{"@type":"SearchAction","target":{"@type":"EntryPoint","urlTemplate":"https:\/\/www.letsportsrock.com\/?s={search_term_string}"},"query-input":{"@type":"PropertyValueSpecification","valueRequired":true,"valueName":"search_term_string"}}],"inLanguage":"en-US"},{"@type":"Person","@id":"https:\/\/www.letsportsrock.com\/#\/schema\/person\/044479f72bdbd75f9523e745d3be6c30","name":"Amos Nabizo","image":{"@type":"ImageObject","inLanguage":"en-US","@id":"https:\/\/secure.gravatar.com\/avatar\/d569857c07d3899c6ca842ffea32daa1672c05549833530fe37e68ae7b521ba4?s=96&d=mm&r=g","url":"https:\/\/secure.gravatar.com\/avatar\/d569857c07d3899c6ca842ffea32daa1672c05549833530fe37e68ae7b521ba4?s=96&d=mm&r=g","contentUrl":"https:\/\/secure.gravatar.com\/avatar\/d569857c07d3899c6ca842ffea32daa1672c05549833530fe37e68ae7b521ba4?s=96&d=mm&r=g","caption":"Amos Nabizo"},"sameAs":["https:\/\/www.letsportsrock.com\/wp-admin\/"],"url":"https:\/\/www.letsportsrock.com\/?author=15"}]}},"jetpack_featured_media_url":"https:\/\/www.letsportsrock.com\/wp-content\/uploads\/2025\/06\/images-2025-06-21T235944.723.jpeg","jetpack_sharing_enabled":true,"_links":{"self":[{"href":"https:\/\/www.letsportsrock.com\/index.php?rest_route=\/wp\/v2\/posts\/49262","targetHints":{"allow":["GET"]}}],"collection":[{"href":"https:\/\/www.letsportsrock.com\/index.php?rest_route=\/wp\/v2\/posts"}],"about":[{"href":"https:\/\/www.letsportsrock.com\/index.php?rest_route=\/wp\/v2\/types\/post"}],"author":[{"embeddable":true,"href":"https:\/\/www.letsportsrock.com\/index.php?rest_route=\/wp\/v2\/users\/15"}],"replies":[{"embeddable":true,"href":"https:\/\/www.letsportsrock.com\/index.php?rest_route=%2Fwp%2Fv2%2Fcomments&post=49262"}],"version-history":[{"count":1,"href":"https:\/\/www.letsportsrock.com\/index.php?rest_route=\/wp\/v2\/posts\/49262\/revisions"}],"predecessor-version":[{"id":49266,"href":"https:\/\/www.letsportsrock.com\/index.php?rest_route=\/wp\/v2\/posts\/49262\/revisions\/49266"}],"wp:featuredmedia":[{"embeddable":true,"href":"https:\/\/www.letsportsrock.com\/index.php?rest_route=\/wp\/v2\/media\/49264"}],"wp:attachment":[{"href":"https:\/\/www.letsportsrock.com\/index.php?rest_route=%2Fwp%2Fv2%2Fmedia&parent=49262"}],"wp:term":[{"taxonomy":"category","embeddable":true,"href":"https:\/\/www.letsportsrock.com\/index.php?rest_route=%2Fwp%2Fv2%2Fcategories&post=49262"},{"taxonomy":"post_tag","embeddable":true,"href":"https:\/\/www.letsportsrock.com\/index.php?rest_route=%2Fwp%2Fv2%2Ftags&post=49262"}],"curies":[{"name":"wp","href":"https:\/\/api.w.org\/{rel}","templated":true}]}}