{"id":50612,"date":"2025-06-26T21:33:49","date_gmt":"2025-06-26T21:33:49","guid":{"rendered":"https:\/\/www.letsportsrock.com\/?p=50612"},"modified":"2025-06-26T21:33:53","modified_gmt":"2025-06-26T21:33:53","slug":"mircea-rednic-prezentat-oficial-la-standard-liege-primele-cuvinte-ale-antrenorului-roman-la-revenirea-in-belgian","status":"publish","type":"post","link":"https:\/\/www.letsportsrock.com\/?p=50612","title":{"rendered":"Mircea Rednic, prezentat oficial la Standard Liege. Primele cuvinte ale antrenorului rom\u00e2n la revenirea \u00een Belgian&#8230;."},"content":{"rendered":"<div class=\"d79db4796efc26332eabfc3f5dafbc76\" data-index=\"1\" style=\"float: none; margin:10px 0 10px 0; text-align:center;\">\n<div class=\"hb-ad-inarticle\">\r\n    <div class=\"hb-ad-inner\"> \r\n    <div class=\"hbagency_cls\"  id=\"hbagency_space_111930\"><\/div><\/div> <\/div>\n<\/div>\n<p>Mircea Rednic, prezentat oficial la Standard Liege. Primele cuvinte ale antrenorului rom\u00e2n la revenirea \u00een Belgian&#8230;.<\/p>\n<p>&nbsp;<\/p>\n<p>Mircea Rednic a fost prezentat oficial ca antrenor principal al echipei Standard Li\u00e8ge, marc\u00e2nd astfel revenirea sa pe banca tehnic\u0103 a clubului belgian. Tehnicianul rom\u00e2n, care a mai antrenat forma\u021bia din Li\u00e8ge \u00een perioada 2012-2013, a fost primit cu entuziasm de conducere \u0219i suporteri.<\/p>\n<p><img loading=\"lazy\" decoding=\"async\" class=\"alignnone size-medium wp-image-50614\" src=\"https:\/\/www.letsportsrock.com\/wp-content\/uploads\/2025\/06\/YThmYzIwNDliNWZmNTcyYzM0YWZkY2U5MGVk.thumb_-300x180.jpg\" alt=\"\" width=\"300\" height=\"180\" srcset=\"https:\/\/www.letsportsrock.com\/wp-content\/uploads\/2025\/06\/YThmYzIwNDliNWZmNTcyYzM0YWZkY2U5MGVk.thumb_-300x180.jpg 300w, https:\/\/www.letsportsrock.com\/wp-content\/uploads\/2025\/06\/YThmYzIwNDliNWZmNTcyYzM0YWZkY2U5MGVk.thumb_.jpg 700w\" sizes=\"auto, (max-width: 300px) 100vw, 300px\" \/><\/p>\n<p>\u00cen cadrul conferin\u021bei de pres\u0103, Rednic a declarat: \u201eM\u0103 \u00eentorc cu mare pl\u0103cere la un club pe care \u00eel port \u00een suflet. Am amintiri frumoase aici \u0219i sunt hot\u0103r\u00e2t s\u0103 readuc Standardul acolo unde \u00eei este locul \u2014 \u00een fruntea fotbalului belgian.\u201d<\/p>\n<p>&nbsp;<\/p>\n<p>Rednic a subliniat c\u0103 obiectivul s\u0103u este calificarea \u00een cupele europene \u0219i reconstruirea unei echipe competitive, axat\u0103 pe disciplin\u0103, atitudine \u0219i un joc ofensiv. A anun\u021bat, de asemenea, c\u0103 va acorda \u00eencredere tinerilor juc\u0103tori din academie, dar \u0219i c\u0103 va aduce \u00eent\u0103riri acolo unde este nevoie.<\/p>\n<p>&nbsp;<\/p>\n<p>Revenirea sa este privit\u0103 ca un nou \u00eenceput pentru Standard, echip\u0103 care a avut un sezon fluctuant. Rednic promite profesionalism \u0219i pasiune, convins c\u0103 \u00eempreun\u0103 cu fani, juc\u0103tori \u0219i conducere, clubul poate reveni \u00een elita fotbalului belgian.<\/p>\n\n<div style=\"font-size: 0px; height: 0px; line-height: 0px; margin: 0; padding: 0; clear: both;\"><\/div>","protected":false},"excerpt":{"rendered":"<p>Mircea Rednic, prezentat oficial la Standard Liege. Primele cuvinte ale antrenorului rom\u00e2n la revenirea \u00een Belgian&#8230;. &nbsp; Mircea Rednic a fost prezentat oficial ca antrenor principal al echipei Standard Li\u00e8ge, marc\u00e2nd astfel revenirea sa pe banca tehnic\u0103 a clubului belgian. Tehnicianul rom\u00e2n, care a mai antrenat forma\u021bia din Li\u00e8ge \u00een perioada 2012-2013, a fost primit [&hellip;]<\/p>\n","protected":false},"author":15,"featured_media":50613,"comment_status":"open","ping_status":"open","sticky":false,"template":"","format":"standard","meta":{"_jetpack_memberships_contains_paid_content":false,"footnotes":""},"categories":[1],"tags":[640],"class_list":["post-50612","post","type-post","status-publish","format-standard","has-post-thumbnail","hentry","category-uncategorized","tag-fan-andrei-ivan"],"yoast_head":"<!-- This site is optimized with the Yoast SEO plugin v27.4 - https:\/\/yoast.com\/product\/yoast-seo-wordpress\/ -->\n<title>Mircea Rednic, prezentat oficial la Standard Liege. Primele cuvinte ale antrenorului rom\u00e2n la revenirea \u00een Belgian....<\/title>\n<meta name=\"description\" content=\"Mircea Rednic, prezentat oficial la Standard Liege. Primele cuvinte ale antrenorului rom\u00e2n la revenirea \u00een Belgian....\" \/>\n<meta name=\"robots\" content=\"index, follow, max-snippet:-1, max-image-preview:large, max-video-preview:-1\" \/>\n<link rel=\"canonical\" href=\"https:\/\/www.letsportsrock.com\/?p=50612\" \/>\n<meta property=\"og:locale\" content=\"en_US\" \/>\n<meta property=\"og:type\" content=\"article\" \/>\n<meta property=\"og:title\" content=\"Mircea Rednic, prezentat oficial la Standard Liege. Primele cuvinte ale antrenorului rom\u00e2n la revenirea \u00een Belgian....\" \/>\n<meta property=\"og:description\" content=\"Mircea Rednic, prezentat oficial la Standard Liege. Primele cuvinte ale antrenorului rom\u00e2n la revenirea \u00een Belgian....\" \/>\n<meta property=\"og:url\" content=\"https:\/\/www.letsportsrock.com\/?p=50612\" \/>\n<meta property=\"og:site_name\" content=\"letsportsrock\" \/>\n<meta property=\"article:published_time\" content=\"2025-06-26T21:33:49+00:00\" \/>\n<meta property=\"article:modified_time\" content=\"2025-06-26T21:33:53+00:00\" \/>\n<meta property=\"og:image\" content=\"https:\/\/www.letsportsrock.com\/wp-content\/uploads\/2025\/06\/images-66-4.jpeg\" \/>\n\t<meta property=\"og:image:width\" content=\"738\" \/>\n\t<meta property=\"og:image:height\" content=\"415\" \/>\n\t<meta property=\"og:image:type\" content=\"image\/jpeg\" \/>\n<meta name=\"author\" content=\"Amos Nabizo\" \/>\n<meta name=\"twitter:card\" content=\"summary_large_image\" \/>\n<meta name=\"twitter:label1\" content=\"Written by\" \/>\n\t<meta name=\"twitter:data1\" content=\"Amos Nabizo\" \/>\n\t<meta name=\"twitter:label2\" content=\"Est. reading time\" \/>\n\t<meta name=\"twitter:data2\" content=\"2 minutes\" \/>\n<script type=\"application\/ld+json\" class=\"yoast-schema-graph\">{\"@context\":\"https:\\\/\\\/schema.org\",\"@graph\":[{\"@type\":\"Article\",\"@id\":\"https:\\\/\\\/www.letsportsrock.com\\\/?p=50612#article\",\"isPartOf\":{\"@id\":\"https:\\\/\\\/www.letsportsrock.com\\\/?p=50612\"},\"author\":{\"name\":\"Amos Nabizo\",\"@id\":\"https:\\\/\\\/www.letsportsrock.com\\\/#\\\/schema\\\/person\\\/044479f72bdbd75f9523e745d3be6c30\"},\"headline\":\"Mircea Rednic, prezentat oficial la Standard Liege. Primele cuvinte ale antrenorului rom\u00e2n la revenirea \u00een Belgian&#8230;.\",\"datePublished\":\"2025-06-26T21:33:49+00:00\",\"dateModified\":\"2025-06-26T21:33:53+00:00\",\"mainEntityOfPage\":{\"@id\":\"https:\\\/\\\/www.letsportsrock.com\\\/?p=50612\"},\"wordCount\":219,\"commentCount\":0,\"image\":{\"@id\":\"https:\\\/\\\/www.letsportsrock.com\\\/?p=50612#primaryimage\"},\"thumbnailUrl\":\"https:\\\/\\\/www.letsportsrock.com\\\/wp-content\\\/uploads\\\/2025\\\/06\\\/images-66-4.jpeg\",\"keywords\":[\"Fan Andrei Ivan\"],\"inLanguage\":\"en-US\",\"potentialAction\":[{\"@type\":\"CommentAction\",\"name\":\"Comment\",\"target\":[\"https:\\\/\\\/www.letsportsrock.com\\\/?p=50612#respond\"]}]},{\"@type\":\"WebPage\",\"@id\":\"https:\\\/\\\/www.letsportsrock.com\\\/?p=50612\",\"url\":\"https:\\\/\\\/www.letsportsrock.com\\\/?p=50612\",\"name\":\"Mircea Rednic, prezentat oficial la Standard Liege. Primele cuvinte ale antrenorului rom\u00e2n la revenirea \u00een Belgian....\",\"isPartOf\":{\"@id\":\"https:\\\/\\\/www.letsportsrock.com\\\/#website\"},\"primaryImageOfPage\":{\"@id\":\"https:\\\/\\\/www.letsportsrock.com\\\/?p=50612#primaryimage\"},\"image\":{\"@id\":\"https:\\\/\\\/www.letsportsrock.com\\\/?p=50612#primaryimage\"},\"thumbnailUrl\":\"https:\\\/\\\/www.letsportsrock.com\\\/wp-content\\\/uploads\\\/2025\\\/06\\\/images-66-4.jpeg\",\"datePublished\":\"2025-06-26T21:33:49+00:00\",\"dateModified\":\"2025-06-26T21:33:53+00:00\",\"author\":{\"@id\":\"https:\\\/\\\/www.letsportsrock.com\\\/#\\\/schema\\\/person\\\/044479f72bdbd75f9523e745d3be6c30\"},\"description\":\"Mircea Rednic, prezentat oficial la Standard Liege. Primele cuvinte ale antrenorului rom\u00e2n la revenirea \u00een Belgian....\",\"breadcrumb\":{\"@id\":\"https:\\\/\\\/www.letsportsrock.com\\\/?p=50612#breadcrumb\"},\"inLanguage\":\"en-US\",\"potentialAction\":[{\"@type\":\"ReadAction\",\"target\":[\"https:\\\/\\\/www.letsportsrock.com\\\/?p=50612\"]}]},{\"@type\":\"ImageObject\",\"inLanguage\":\"en-US\",\"@id\":\"https:\\\/\\\/www.letsportsrock.com\\\/?p=50612#primaryimage\",\"url\":\"https:\\\/\\\/www.letsportsrock.com\\\/wp-content\\\/uploads\\\/2025\\\/06\\\/images-66-4.jpeg\",\"contentUrl\":\"https:\\\/\\\/www.letsportsrock.com\\\/wp-content\\\/uploads\\\/2025\\\/06\\\/images-66-4.jpeg\",\"width\":738,\"height\":415},{\"@type\":\"BreadcrumbList\",\"@id\":\"https:\\\/\\\/www.letsportsrock.com\\\/?p=50612#breadcrumb\",\"itemListElement\":[{\"@type\":\"ListItem\",\"position\":1,\"name\":\"Home\",\"item\":\"https:\\\/\\\/www.letsportsrock.com\\\/\"},{\"@type\":\"ListItem\",\"position\":2,\"name\":\"Mircea Rednic, prezentat oficial la Standard Liege. Primele cuvinte ale antrenorului rom\u00e2n la revenirea \u00een Belgian&#8230;.\"}]},{\"@type\":\"WebSite\",\"@id\":\"https:\\\/\\\/www.letsportsrock.com\\\/#website\",\"url\":\"https:\\\/\\\/www.letsportsrock.com\\\/\",\"name\":\"letsportsrock\",\"description\":\"Sport News and Updates\",\"potentialAction\":[{\"@type\":\"SearchAction\",\"target\":{\"@type\":\"EntryPoint\",\"urlTemplate\":\"https:\\\/\\\/www.letsportsrock.com\\\/?s={search_term_string}\"},\"query-input\":{\"@type\":\"PropertyValueSpecification\",\"valueRequired\":true,\"valueName\":\"search_term_string\"}}],\"inLanguage\":\"en-US\"},{\"@type\":\"Person\",\"@id\":\"https:\\\/\\\/www.letsportsrock.com\\\/#\\\/schema\\\/person\\\/044479f72bdbd75f9523e745d3be6c30\",\"name\":\"Amos Nabizo\",\"image\":{\"@type\":\"ImageObject\",\"inLanguage\":\"en-US\",\"@id\":\"https:\\\/\\\/secure.gravatar.com\\\/avatar\\\/d569857c07d3899c6ca842ffea32daa1672c05549833530fe37e68ae7b521ba4?s=96&d=mm&r=g\",\"url\":\"https:\\\/\\\/secure.gravatar.com\\\/avatar\\\/d569857c07d3899c6ca842ffea32daa1672c05549833530fe37e68ae7b521ba4?s=96&d=mm&r=g\",\"contentUrl\":\"https:\\\/\\\/secure.gravatar.com\\\/avatar\\\/d569857c07d3899c6ca842ffea32daa1672c05549833530fe37e68ae7b521ba4?s=96&d=mm&r=g\",\"caption\":\"Amos Nabizo\"},\"sameAs\":[\"https:\\\/\\\/www.letsportsrock.com\\\/wp-admin\\\/\"],\"url\":\"https:\\\/\\\/www.letsportsrock.com\\\/?author=15\"}]}<\/script>\n<!-- \/ Yoast SEO plugin. -->","yoast_head_json":{"title":"Mircea Rednic, prezentat oficial la Standard Liege. Primele cuvinte ale antrenorului rom\u00e2n la revenirea \u00een Belgian....","description":"Mircea Rednic, prezentat oficial la Standard Liege. Primele cuvinte ale antrenorului rom\u00e2n la revenirea \u00een Belgian....","robots":{"index":"index","follow":"follow","max-snippet":"max-snippet:-1","max-image-preview":"max-image-preview:large","max-video-preview":"max-video-preview:-1"},"canonical":"https:\/\/www.letsportsrock.com\/?p=50612","og_locale":"en_US","og_type":"article","og_title":"Mircea Rednic, prezentat oficial la Standard Liege. Primele cuvinte ale antrenorului rom\u00e2n la revenirea \u00een Belgian....","og_description":"Mircea Rednic, prezentat oficial la Standard Liege. Primele cuvinte ale antrenorului rom\u00e2n la revenirea \u00een Belgian....","og_url":"https:\/\/www.letsportsrock.com\/?p=50612","og_site_name":"letsportsrock","article_published_time":"2025-06-26T21:33:49+00:00","article_modified_time":"2025-06-26T21:33:53+00:00","og_image":[{"width":738,"height":415,"url":"https:\/\/www.letsportsrock.com\/wp-content\/uploads\/2025\/06\/images-66-4.jpeg","type":"image\/jpeg"}],"author":"Amos Nabizo","twitter_card":"summary_large_image","twitter_misc":{"Written by":"Amos Nabizo","Est. reading time":"2 minutes"},"schema":{"@context":"https:\/\/schema.org","@graph":[{"@type":"Article","@id":"https:\/\/www.letsportsrock.com\/?p=50612#article","isPartOf":{"@id":"https:\/\/www.letsportsrock.com\/?p=50612"},"author":{"name":"Amos Nabizo","@id":"https:\/\/www.letsportsrock.com\/#\/schema\/person\/044479f72bdbd75f9523e745d3be6c30"},"headline":"Mircea Rednic, prezentat oficial la Standard Liege. Primele cuvinte ale antrenorului rom\u00e2n la revenirea \u00een Belgian&#8230;.","datePublished":"2025-06-26T21:33:49+00:00","dateModified":"2025-06-26T21:33:53+00:00","mainEntityOfPage":{"@id":"https:\/\/www.letsportsrock.com\/?p=50612"},"wordCount":219,"commentCount":0,"image":{"@id":"https:\/\/www.letsportsrock.com\/?p=50612#primaryimage"},"thumbnailUrl":"https:\/\/www.letsportsrock.com\/wp-content\/uploads\/2025\/06\/images-66-4.jpeg","keywords":["Fan Andrei Ivan"],"inLanguage":"en-US","potentialAction":[{"@type":"CommentAction","name":"Comment","target":["https:\/\/www.letsportsrock.com\/?p=50612#respond"]}]},{"@type":"WebPage","@id":"https:\/\/www.letsportsrock.com\/?p=50612","url":"https:\/\/www.letsportsrock.com\/?p=50612","name":"Mircea Rednic, prezentat oficial la Standard Liege. Primele cuvinte ale antrenorului rom\u00e2n la revenirea \u00een Belgian....","isPartOf":{"@id":"https:\/\/www.letsportsrock.com\/#website"},"primaryImageOfPage":{"@id":"https:\/\/www.letsportsrock.com\/?p=50612#primaryimage"},"image":{"@id":"https:\/\/www.letsportsrock.com\/?p=50612#primaryimage"},"thumbnailUrl":"https:\/\/www.letsportsrock.com\/wp-content\/uploads\/2025\/06\/images-66-4.jpeg","datePublished":"2025-06-26T21:33:49+00:00","dateModified":"2025-06-26T21:33:53+00:00","author":{"@id":"https:\/\/www.letsportsrock.com\/#\/schema\/person\/044479f72bdbd75f9523e745d3be6c30"},"description":"Mircea Rednic, prezentat oficial la Standard Liege. Primele cuvinte ale antrenorului rom\u00e2n la revenirea \u00een Belgian....","breadcrumb":{"@id":"https:\/\/www.letsportsrock.com\/?p=50612#breadcrumb"},"inLanguage":"en-US","potentialAction":[{"@type":"ReadAction","target":["https:\/\/www.letsportsrock.com\/?p=50612"]}]},{"@type":"ImageObject","inLanguage":"en-US","@id":"https:\/\/www.letsportsrock.com\/?p=50612#primaryimage","url":"https:\/\/www.letsportsrock.com\/wp-content\/uploads\/2025\/06\/images-66-4.jpeg","contentUrl":"https:\/\/www.letsportsrock.com\/wp-content\/uploads\/2025\/06\/images-66-4.jpeg","width":738,"height":415},{"@type":"BreadcrumbList","@id":"https:\/\/www.letsportsrock.com\/?p=50612#breadcrumb","itemListElement":[{"@type":"ListItem","position":1,"name":"Home","item":"https:\/\/www.letsportsrock.com\/"},{"@type":"ListItem","position":2,"name":"Mircea Rednic, prezentat oficial la Standard Liege. Primele cuvinte ale antrenorului rom\u00e2n la revenirea \u00een Belgian&#8230;."}]},{"@type":"WebSite","@id":"https:\/\/www.letsportsrock.com\/#website","url":"https:\/\/www.letsportsrock.com\/","name":"letsportsrock","description":"Sport News and Updates","potentialAction":[{"@type":"SearchAction","target":{"@type":"EntryPoint","urlTemplate":"https:\/\/www.letsportsrock.com\/?s={search_term_string}"},"query-input":{"@type":"PropertyValueSpecification","valueRequired":true,"valueName":"search_term_string"}}],"inLanguage":"en-US"},{"@type":"Person","@id":"https:\/\/www.letsportsrock.com\/#\/schema\/person\/044479f72bdbd75f9523e745d3be6c30","name":"Amos Nabizo","image":{"@type":"ImageObject","inLanguage":"en-US","@id":"https:\/\/secure.gravatar.com\/avatar\/d569857c07d3899c6ca842ffea32daa1672c05549833530fe37e68ae7b521ba4?s=96&d=mm&r=g","url":"https:\/\/secure.gravatar.com\/avatar\/d569857c07d3899c6ca842ffea32daa1672c05549833530fe37e68ae7b521ba4?s=96&d=mm&r=g","contentUrl":"https:\/\/secure.gravatar.com\/avatar\/d569857c07d3899c6ca842ffea32daa1672c05549833530fe37e68ae7b521ba4?s=96&d=mm&r=g","caption":"Amos Nabizo"},"sameAs":["https:\/\/www.letsportsrock.com\/wp-admin\/"],"url":"https:\/\/www.letsportsrock.com\/?author=15"}]}},"jetpack_featured_media_url":"https:\/\/www.letsportsrock.com\/wp-content\/uploads\/2025\/06\/images-66-4.jpeg","jetpack_sharing_enabled":true,"_links":{"self":[{"href":"https:\/\/www.letsportsrock.com\/index.php?rest_route=\/wp\/v2\/posts\/50612","targetHints":{"allow":["GET"]}}],"collection":[{"href":"https:\/\/www.letsportsrock.com\/index.php?rest_route=\/wp\/v2\/posts"}],"about":[{"href":"https:\/\/www.letsportsrock.com\/index.php?rest_route=\/wp\/v2\/types\/post"}],"author":[{"embeddable":true,"href":"https:\/\/www.letsportsrock.com\/index.php?rest_route=\/wp\/v2\/users\/15"}],"replies":[{"embeddable":true,"href":"https:\/\/www.letsportsrock.com\/index.php?rest_route=%2Fwp%2Fv2%2Fcomments&post=50612"}],"version-history":[{"count":1,"href":"https:\/\/www.letsportsrock.com\/index.php?rest_route=\/wp\/v2\/posts\/50612\/revisions"}],"predecessor-version":[{"id":50615,"href":"https:\/\/www.letsportsrock.com\/index.php?rest_route=\/wp\/v2\/posts\/50612\/revisions\/50615"}],"wp:featuredmedia":[{"embeddable":true,"href":"https:\/\/www.letsportsrock.com\/index.php?rest_route=\/wp\/v2\/media\/50613"}],"wp:attachment":[{"href":"https:\/\/www.letsportsrock.com\/index.php?rest_route=%2Fwp%2Fv2%2Fmedia&parent=50612"}],"wp:term":[{"taxonomy":"category","embeddable":true,"href":"https:\/\/www.letsportsrock.com\/index.php?rest_route=%2Fwp%2Fv2%2Fcategories&post=50612"},{"taxonomy":"post_tag","embeddable":true,"href":"https:\/\/www.letsportsrock.com\/index.php?rest_route=%2Fwp%2Fv2%2Ftags&post=50612"}],"curies":[{"name":"wp","href":"https:\/\/api.w.org\/{rel}","templated":true}]}}