{"id":50711,"date":"2025-06-27T00:04:48","date_gmt":"2025-06-27T00:04:48","guid":{"rendered":"https:\/\/www.letsportsrock.com\/?p=50711"},"modified":"2025-06-27T00:04:48","modified_gmt":"2025-06-27T00:04:48","slug":"mihai-radut-da-vina-pe-adrian-mititelu-pentru-situatia-de-la-fcu-craiova-cred-ca-vorbesc-si-in-numele-colegilor","status":"publish","type":"post","link":"https:\/\/www.letsportsrock.com\/?p=50711","title":{"rendered":"Mihai R\u0103du\u021b d\u0103 vina pe Adrian Mititelu, pentru situa\u021bia de la FCU Craiova: \u201eCred c\u0103 vorbesc \u0219i \u00een numele colegilor\u201d&#8230;"},"content":{"rendered":"<div class=\"d79db4796efc26332eabfc3f5dafbc76\" data-index=\"1\" style=\"float: none; margin:10px 0 10px 0; text-align:center;\">\n<div class=\"hb-ad-inarticle\">\r\n    <div class=\"hb-ad-inner\"> \r\n    <div class=\"hbagency_cls\"  id=\"hbagency_space_111930\"><\/div><\/div> <\/div>\n<\/div>\n<p>Mihai R\u0103du\u021b d\u0103 vina pe Adrian Mititelu, pentru situa\u021bia de la FCU Craiova: \u201eCred c\u0103 vorbesc \u0219i \u00een numele colegilor\u201d&#8230;<\/p>\n<p>&nbsp;<\/p>\n<p>&nbsp;<\/p>\n<p>Mihai R\u0103du\u021b a lansat un mesaj ferm, \u00een care \u00eel indic\u0103 pe Adrian Mititelu drept principal responsabil pentru haosul de la FCU Craiova. Mijloca\u0219ul consider\u0103 c\u0103 lipsa de stabilitate \u0219i deciziile imprevizibile ale patronului au afectat grav atmosfera din vestiar \u0219i rezultatele echipei. \u201eCred c\u0103 vorbesc \u0219i \u00een numele colegilor mei c\u00e2nd spun c\u0103 e greu s\u0103 joci \u00eentr-un climat at\u00e2t de tensionat. Azi e un antrenor, m\u00e2ine altul. Azi e\u0219ti titular, m\u00e2ine afli din pres\u0103 c\u0103 ai fost dat afar\u0103\u201d, a declarat R\u0103du\u021b.<img loading=\"lazy\" decoding=\"async\" class=\"alignnone size-medium wp-image-50712\" src=\"https:\/\/www.letsportsrock.com\/wp-content\/uploads\/2025\/06\/images-2025-06-27T010320.121-300x180.jpeg\" alt=\"\" width=\"300\" height=\"180\" srcset=\"https:\/\/www.letsportsrock.com\/wp-content\/uploads\/2025\/06\/images-2025-06-27T010320.121-300x180.jpeg 300w, https:\/\/www.letsportsrock.com\/wp-content\/uploads\/2025\/06\/images-2025-06-27T010320.121.jpeg 700w\" sizes=\"auto, (max-width: 300px) 100vw, 300px\" \/><\/p>\n<p>Juc\u0103torul mai spune c\u0103 echipa are poten\u021bial, dar c\u0103 incertitudinea constant\u0103 le taie din \u00eencredere \u0219i concentrare. \u201eNu po\u021bi construi nimic f\u0103r\u0103 stabilitate. Suporterii merit\u0103 mai mult, iar noi, juc\u0103torii, vrem doar condi\u021bii normale de munc\u0103 \u0219i respect\u201d, a completat el.<\/p>\n<p>Declara\u021bia vine \u00eentr-un moment dificil pentru FCU Craiova, care se confrunt\u0103 cu rezultate slabe \u0219i o posibil\u0103 reconstruc\u021bie a lotului. Este pentru prima dat\u0103 c\u00e2nd un juc\u0103tor activ critic\u0103 public, \u00eentr-un mod at\u00e2t de direct, modul \u00een care clubul este condus. Reac\u021bia lui Adrian Mititelu este a\u0219teptat\u0103 cu interes de fani \u0219i anali\u0219ti.<\/p>\n\n<div style=\"font-size: 0px; height: 0px; line-height: 0px; margin: 0; padding: 0; clear: both;\"><\/div>","protected":false},"excerpt":{"rendered":"<p>Mihai R\u0103du\u021b d\u0103 vina pe Adrian Mititelu, pentru situa\u021bia de la FCU Craiova: \u201eCred c\u0103 vorbesc \u0219i \u00een numele colegilor\u201d&#8230; &nbsp; &nbsp; Mihai R\u0103du\u021b a lansat un mesaj ferm, \u00een care \u00eel indic\u0103 pe Adrian Mititelu drept principal responsabil pentru haosul de la FCU Craiova. Mijloca\u0219ul consider\u0103 c\u0103 lipsa de stabilitate \u0219i deciziile imprevizibile ale [&hellip;]<\/p>\n","protected":false},"author":9,"featured_media":50713,"comment_status":"open","ping_status":"open","sticky":false,"template":"","format":"standard","meta":{"_jetpack_memberships_contains_paid_content":false,"footnotes":""},"categories":[1],"tags":[682],"class_list":["post-50711","post","type-post","status-publish","format-standard","has-post-thumbnail","hentry","category-uncategorized","tag-universitatea-craiova"],"yoast_head":"<!-- This site is optimized with the Yoast SEO plugin v27.4 - https:\/\/yoast.com\/product\/yoast-seo-wordpress\/ -->\n<title>Mihai R\u0103du\u021b d\u0103 vina pe Adrian Mititelu, pentru situa\u021bia de la FCU Craiova: \u201eCred c\u0103 vorbesc \u0219i \u00een numele colegilor\u201d...<\/title>\n<meta name=\"description\" content=\"Mihai R\u0103du\u021b d\u0103 vina pe Adrian Mititelu, pentru situa\u021bia de la FCU Craiova: \u201eCred c\u0103 vorbesc \u0219i \u00een numele colegilor\u201d...\" \/>\n<meta name=\"robots\" content=\"index, follow, max-snippet:-1, max-image-preview:large, max-video-preview:-1\" \/>\n<link rel=\"canonical\" href=\"https:\/\/www.letsportsrock.com\/?p=50711\" \/>\n<meta property=\"og:locale\" content=\"en_US\" \/>\n<meta property=\"og:type\" content=\"article\" \/>\n<meta property=\"og:title\" content=\"Mihai R\u0103du\u021b d\u0103 vina pe Adrian Mititelu, pentru situa\u021bia de la FCU Craiova: \u201eCred c\u0103 vorbesc \u0219i \u00een numele colegilor\u201d...\" \/>\n<meta property=\"og:description\" content=\"Mihai R\u0103du\u021b d\u0103 vina pe Adrian Mititelu, pentru situa\u021bia de la FCU Craiova: \u201eCred c\u0103 vorbesc \u0219i \u00een numele colegilor\u201d...\" \/>\n<meta property=\"og:url\" content=\"https:\/\/www.letsportsrock.com\/?p=50711\" \/>\n<meta property=\"og:site_name\" content=\"letsportsrock\" \/>\n<meta property=\"article:published_time\" content=\"2025-06-27T00:04:48+00:00\" \/>\n<meta property=\"og:image\" content=\"https:\/\/www.letsportsrock.com\/wp-content\/uploads\/2025\/06\/images-2025-06-27T010312.543.jpeg\" \/>\n\t<meta property=\"og:image:width\" content=\"794\" \/>\n\t<meta property=\"og:image:height\" content=\"386\" \/>\n\t<meta property=\"og:image:type\" content=\"image\/jpeg\" \/>\n<meta name=\"author\" content=\"Paul Hembaor\" \/>\n<meta name=\"twitter:card\" content=\"summary_large_image\" \/>\n<meta name=\"twitter:label1\" content=\"Written by\" \/>\n\t<meta name=\"twitter:data1\" content=\"Paul Hembaor\" \/>\n\t<meta name=\"twitter:label2\" content=\"Est. reading time\" \/>\n\t<meta name=\"twitter:data2\" content=\"2 minutes\" \/>\n<script type=\"application\/ld+json\" class=\"yoast-schema-graph\">{\"@context\":\"https:\\\/\\\/schema.org\",\"@graph\":[{\"@type\":\"Article\",\"@id\":\"https:\\\/\\\/www.letsportsrock.com\\\/?p=50711#article\",\"isPartOf\":{\"@id\":\"https:\\\/\\\/www.letsportsrock.com\\\/?p=50711\"},\"author\":{\"name\":\"Paul Hembaor\",\"@id\":\"https:\\\/\\\/www.letsportsrock.com\\\/#\\\/schema\\\/person\\\/97aa0f336f5a3ca15a8ec7d78846f045\"},\"headline\":\"Mihai R\u0103du\u021b d\u0103 vina pe Adrian Mititelu, pentru situa\u021bia de la FCU Craiova: \u201eCred c\u0103 vorbesc \u0219i \u00een numele colegilor\u201d&#8230;\",\"datePublished\":\"2025-06-27T00:04:48+00:00\",\"mainEntityOfPage\":{\"@id\":\"https:\\\/\\\/www.letsportsrock.com\\\/?p=50711\"},\"wordCount\":246,\"commentCount\":0,\"image\":{\"@id\":\"https:\\\/\\\/www.letsportsrock.com\\\/?p=50711#primaryimage\"},\"thumbnailUrl\":\"https:\\\/\\\/www.letsportsrock.com\\\/wp-content\\\/uploads\\\/2025\\\/06\\\/images-2025-06-27T010312.543.jpeg\",\"keywords\":[\"Universitatea Craiova\"],\"inLanguage\":\"en-US\",\"potentialAction\":[{\"@type\":\"CommentAction\",\"name\":\"Comment\",\"target\":[\"https:\\\/\\\/www.letsportsrock.com\\\/?p=50711#respond\"]}]},{\"@type\":\"WebPage\",\"@id\":\"https:\\\/\\\/www.letsportsrock.com\\\/?p=50711\",\"url\":\"https:\\\/\\\/www.letsportsrock.com\\\/?p=50711\",\"name\":\"Mihai R\u0103du\u021b d\u0103 vina pe Adrian Mititelu, pentru situa\u021bia de la FCU Craiova: \u201eCred c\u0103 vorbesc \u0219i \u00een numele colegilor\u201d...\",\"isPartOf\":{\"@id\":\"https:\\\/\\\/www.letsportsrock.com\\\/#website\"},\"primaryImageOfPage\":{\"@id\":\"https:\\\/\\\/www.letsportsrock.com\\\/?p=50711#primaryimage\"},\"image\":{\"@id\":\"https:\\\/\\\/www.letsportsrock.com\\\/?p=50711#primaryimage\"},\"thumbnailUrl\":\"https:\\\/\\\/www.letsportsrock.com\\\/wp-content\\\/uploads\\\/2025\\\/06\\\/images-2025-06-27T010312.543.jpeg\",\"datePublished\":\"2025-06-27T00:04:48+00:00\",\"author\":{\"@id\":\"https:\\\/\\\/www.letsportsrock.com\\\/#\\\/schema\\\/person\\\/97aa0f336f5a3ca15a8ec7d78846f045\"},\"description\":\"Mihai R\u0103du\u021b d\u0103 vina pe Adrian Mititelu, pentru situa\u021bia de la FCU Craiova: \u201eCred c\u0103 vorbesc \u0219i \u00een numele colegilor\u201d...\",\"breadcrumb\":{\"@id\":\"https:\\\/\\\/www.letsportsrock.com\\\/?p=50711#breadcrumb\"},\"inLanguage\":\"en-US\",\"potentialAction\":[{\"@type\":\"ReadAction\",\"target\":[\"https:\\\/\\\/www.letsportsrock.com\\\/?p=50711\"]}]},{\"@type\":\"ImageObject\",\"inLanguage\":\"en-US\",\"@id\":\"https:\\\/\\\/www.letsportsrock.com\\\/?p=50711#primaryimage\",\"url\":\"https:\\\/\\\/www.letsportsrock.com\\\/wp-content\\\/uploads\\\/2025\\\/06\\\/images-2025-06-27T010312.543.jpeg\",\"contentUrl\":\"https:\\\/\\\/www.letsportsrock.com\\\/wp-content\\\/uploads\\\/2025\\\/06\\\/images-2025-06-27T010312.543.jpeg\",\"width\":794,\"height\":386},{\"@type\":\"BreadcrumbList\",\"@id\":\"https:\\\/\\\/www.letsportsrock.com\\\/?p=50711#breadcrumb\",\"itemListElement\":[{\"@type\":\"ListItem\",\"position\":1,\"name\":\"Home\",\"item\":\"https:\\\/\\\/www.letsportsrock.com\\\/\"},{\"@type\":\"ListItem\",\"position\":2,\"name\":\"Mihai R\u0103du\u021b d\u0103 vina pe Adrian Mititelu, pentru situa\u021bia de la FCU Craiova: \u201eCred c\u0103 vorbesc \u0219i \u00een numele colegilor\u201d&#8230;\"}]},{\"@type\":\"WebSite\",\"@id\":\"https:\\\/\\\/www.letsportsrock.com\\\/#website\",\"url\":\"https:\\\/\\\/www.letsportsrock.com\\\/\",\"name\":\"letsportsrock\",\"description\":\"Sport News and Updates\",\"potentialAction\":[{\"@type\":\"SearchAction\",\"target\":{\"@type\":\"EntryPoint\",\"urlTemplate\":\"https:\\\/\\\/www.letsportsrock.com\\\/?s={search_term_string}\"},\"query-input\":{\"@type\":\"PropertyValueSpecification\",\"valueRequired\":true,\"valueName\":\"search_term_string\"}}],\"inLanguage\":\"en-US\"},{\"@type\":\"Person\",\"@id\":\"https:\\\/\\\/www.letsportsrock.com\\\/#\\\/schema\\\/person\\\/97aa0f336f5a3ca15a8ec7d78846f045\",\"name\":\"Paul Hembaor\",\"image\":{\"@type\":\"ImageObject\",\"inLanguage\":\"en-US\",\"@id\":\"https:\\\/\\\/secure.gravatar.com\\\/avatar\\\/0574929a03c152e8ea7939c31311f9ea2fe2e06139cd71e2d6e698c217219d60?s=96&d=mm&r=g\",\"url\":\"https:\\\/\\\/secure.gravatar.com\\\/avatar\\\/0574929a03c152e8ea7939c31311f9ea2fe2e06139cd71e2d6e698c217219d60?s=96&d=mm&r=g\",\"contentUrl\":\"https:\\\/\\\/secure.gravatar.com\\\/avatar\\\/0574929a03c152e8ea7939c31311f9ea2fe2e06139cd71e2d6e698c217219d60?s=96&d=mm&r=g\",\"caption\":\"Paul Hembaor\"},\"sameAs\":[\"https:\\\/\\\/www.letsportsrock.com\\\/wp-admin\\\/\"],\"url\":\"https:\\\/\\\/www.letsportsrock.com\\\/?author=9\"}]}<\/script>\n<!-- \/ Yoast SEO plugin. -->","yoast_head_json":{"title":"Mihai R\u0103du\u021b d\u0103 vina pe Adrian Mititelu, pentru situa\u021bia de la FCU Craiova: \u201eCred c\u0103 vorbesc \u0219i \u00een numele colegilor\u201d...","description":"Mihai R\u0103du\u021b d\u0103 vina pe Adrian Mititelu, pentru situa\u021bia de la FCU Craiova: \u201eCred c\u0103 vorbesc \u0219i \u00een numele colegilor\u201d...","robots":{"index":"index","follow":"follow","max-snippet":"max-snippet:-1","max-image-preview":"max-image-preview:large","max-video-preview":"max-video-preview:-1"},"canonical":"https:\/\/www.letsportsrock.com\/?p=50711","og_locale":"en_US","og_type":"article","og_title":"Mihai R\u0103du\u021b d\u0103 vina pe Adrian Mititelu, pentru situa\u021bia de la FCU Craiova: \u201eCred c\u0103 vorbesc \u0219i \u00een numele colegilor\u201d...","og_description":"Mihai R\u0103du\u021b d\u0103 vina pe Adrian Mititelu, pentru situa\u021bia de la FCU Craiova: \u201eCred c\u0103 vorbesc \u0219i \u00een numele colegilor\u201d...","og_url":"https:\/\/www.letsportsrock.com\/?p=50711","og_site_name":"letsportsrock","article_published_time":"2025-06-27T00:04:48+00:00","og_image":[{"width":794,"height":386,"url":"https:\/\/www.letsportsrock.com\/wp-content\/uploads\/2025\/06\/images-2025-06-27T010312.543.jpeg","type":"image\/jpeg"}],"author":"Paul Hembaor","twitter_card":"summary_large_image","twitter_misc":{"Written by":"Paul Hembaor","Est. reading time":"2 minutes"},"schema":{"@context":"https:\/\/schema.org","@graph":[{"@type":"Article","@id":"https:\/\/www.letsportsrock.com\/?p=50711#article","isPartOf":{"@id":"https:\/\/www.letsportsrock.com\/?p=50711"},"author":{"name":"Paul Hembaor","@id":"https:\/\/www.letsportsrock.com\/#\/schema\/person\/97aa0f336f5a3ca15a8ec7d78846f045"},"headline":"Mihai R\u0103du\u021b d\u0103 vina pe Adrian Mititelu, pentru situa\u021bia de la FCU Craiova: \u201eCred c\u0103 vorbesc \u0219i \u00een numele colegilor\u201d&#8230;","datePublished":"2025-06-27T00:04:48+00:00","mainEntityOfPage":{"@id":"https:\/\/www.letsportsrock.com\/?p=50711"},"wordCount":246,"commentCount":0,"image":{"@id":"https:\/\/www.letsportsrock.com\/?p=50711#primaryimage"},"thumbnailUrl":"https:\/\/www.letsportsrock.com\/wp-content\/uploads\/2025\/06\/images-2025-06-27T010312.543.jpeg","keywords":["Universitatea Craiova"],"inLanguage":"en-US","potentialAction":[{"@type":"CommentAction","name":"Comment","target":["https:\/\/www.letsportsrock.com\/?p=50711#respond"]}]},{"@type":"WebPage","@id":"https:\/\/www.letsportsrock.com\/?p=50711","url":"https:\/\/www.letsportsrock.com\/?p=50711","name":"Mihai R\u0103du\u021b d\u0103 vina pe Adrian Mititelu, pentru situa\u021bia de la FCU Craiova: \u201eCred c\u0103 vorbesc \u0219i \u00een numele colegilor\u201d...","isPartOf":{"@id":"https:\/\/www.letsportsrock.com\/#website"},"primaryImageOfPage":{"@id":"https:\/\/www.letsportsrock.com\/?p=50711#primaryimage"},"image":{"@id":"https:\/\/www.letsportsrock.com\/?p=50711#primaryimage"},"thumbnailUrl":"https:\/\/www.letsportsrock.com\/wp-content\/uploads\/2025\/06\/images-2025-06-27T010312.543.jpeg","datePublished":"2025-06-27T00:04:48+00:00","author":{"@id":"https:\/\/www.letsportsrock.com\/#\/schema\/person\/97aa0f336f5a3ca15a8ec7d78846f045"},"description":"Mihai R\u0103du\u021b d\u0103 vina pe Adrian Mititelu, pentru situa\u021bia de la FCU Craiova: \u201eCred c\u0103 vorbesc \u0219i \u00een numele colegilor\u201d...","breadcrumb":{"@id":"https:\/\/www.letsportsrock.com\/?p=50711#breadcrumb"},"inLanguage":"en-US","potentialAction":[{"@type":"ReadAction","target":["https:\/\/www.letsportsrock.com\/?p=50711"]}]},{"@type":"ImageObject","inLanguage":"en-US","@id":"https:\/\/www.letsportsrock.com\/?p=50711#primaryimage","url":"https:\/\/www.letsportsrock.com\/wp-content\/uploads\/2025\/06\/images-2025-06-27T010312.543.jpeg","contentUrl":"https:\/\/www.letsportsrock.com\/wp-content\/uploads\/2025\/06\/images-2025-06-27T010312.543.jpeg","width":794,"height":386},{"@type":"BreadcrumbList","@id":"https:\/\/www.letsportsrock.com\/?p=50711#breadcrumb","itemListElement":[{"@type":"ListItem","position":1,"name":"Home","item":"https:\/\/www.letsportsrock.com\/"},{"@type":"ListItem","position":2,"name":"Mihai R\u0103du\u021b d\u0103 vina pe Adrian Mititelu, pentru situa\u021bia de la FCU Craiova: \u201eCred c\u0103 vorbesc \u0219i \u00een numele colegilor\u201d&#8230;"}]},{"@type":"WebSite","@id":"https:\/\/www.letsportsrock.com\/#website","url":"https:\/\/www.letsportsrock.com\/","name":"letsportsrock","description":"Sport News and Updates","potentialAction":[{"@type":"SearchAction","target":{"@type":"EntryPoint","urlTemplate":"https:\/\/www.letsportsrock.com\/?s={search_term_string}"},"query-input":{"@type":"PropertyValueSpecification","valueRequired":true,"valueName":"search_term_string"}}],"inLanguage":"en-US"},{"@type":"Person","@id":"https:\/\/www.letsportsrock.com\/#\/schema\/person\/97aa0f336f5a3ca15a8ec7d78846f045","name":"Paul Hembaor","image":{"@type":"ImageObject","inLanguage":"en-US","@id":"https:\/\/secure.gravatar.com\/avatar\/0574929a03c152e8ea7939c31311f9ea2fe2e06139cd71e2d6e698c217219d60?s=96&d=mm&r=g","url":"https:\/\/secure.gravatar.com\/avatar\/0574929a03c152e8ea7939c31311f9ea2fe2e06139cd71e2d6e698c217219d60?s=96&d=mm&r=g","contentUrl":"https:\/\/secure.gravatar.com\/avatar\/0574929a03c152e8ea7939c31311f9ea2fe2e06139cd71e2d6e698c217219d60?s=96&d=mm&r=g","caption":"Paul Hembaor"},"sameAs":["https:\/\/www.letsportsrock.com\/wp-admin\/"],"url":"https:\/\/www.letsportsrock.com\/?author=9"}]}},"jetpack_featured_media_url":"https:\/\/www.letsportsrock.com\/wp-content\/uploads\/2025\/06\/images-2025-06-27T010312.543.jpeg","jetpack_sharing_enabled":true,"_links":{"self":[{"href":"https:\/\/www.letsportsrock.com\/index.php?rest_route=\/wp\/v2\/posts\/50711","targetHints":{"allow":["GET"]}}],"collection":[{"href":"https:\/\/www.letsportsrock.com\/index.php?rest_route=\/wp\/v2\/posts"}],"about":[{"href":"https:\/\/www.letsportsrock.com\/index.php?rest_route=\/wp\/v2\/types\/post"}],"author":[{"embeddable":true,"href":"https:\/\/www.letsportsrock.com\/index.php?rest_route=\/wp\/v2\/users\/9"}],"replies":[{"embeddable":true,"href":"https:\/\/www.letsportsrock.com\/index.php?rest_route=%2Fwp%2Fv2%2Fcomments&post=50711"}],"version-history":[{"count":1,"href":"https:\/\/www.letsportsrock.com\/index.php?rest_route=\/wp\/v2\/posts\/50711\/revisions"}],"predecessor-version":[{"id":50714,"href":"https:\/\/www.letsportsrock.com\/index.php?rest_route=\/wp\/v2\/posts\/50711\/revisions\/50714"}],"wp:featuredmedia":[{"embeddable":true,"href":"https:\/\/www.letsportsrock.com\/index.php?rest_route=\/wp\/v2\/media\/50713"}],"wp:attachment":[{"href":"https:\/\/www.letsportsrock.com\/index.php?rest_route=%2Fwp%2Fv2%2Fmedia&parent=50711"}],"wp:term":[{"taxonomy":"category","embeddable":true,"href":"https:\/\/www.letsportsrock.com\/index.php?rest_route=%2Fwp%2Fv2%2Fcategories&post=50711"},{"taxonomy":"post_tag","embeddable":true,"href":"https:\/\/www.letsportsrock.com\/index.php?rest_route=%2Fwp%2Fv2%2Ftags&post=50711"}],"curies":[{"name":"wp","href":"https:\/\/api.w.org\/{rel}","templated":true}]}}