{"id":50955,"date":"2025-06-27T20:39:06","date_gmt":"2025-06-27T20:39:06","guid":{"rendered":"https:\/\/www.letsportsrock.com\/?p=50955"},"modified":"2025-06-27T20:39:06","modified_gmt":"2025-06-27T20:39:06","slug":"reactia-lui-razvan-burleanu-dupa-ce-universitatea-craiova-a-ratat","status":"publish","type":"post","link":"https:\/\/www.letsportsrock.com\/?p=50955","title":{"rendered":"Reac\u021bia lui R\u0103zvan Burleanu dup\u0103 ce Universitatea Craiova a ratat &#8230;"},"content":{"rendered":"<div class=\"d79db4796efc26332eabfc3f5dafbc76\" data-index=\"1\" style=\"float: none; margin:10px 0 10px 0; text-align:center;\">\n<div class=\"hb-ad-inarticle\">\r\n    <div class=\"hb-ad-inner\"> \r\n    <div class=\"hbagency_cls\"  id=\"hbagency_space_111930\"><\/div><\/div> <\/div>\n<\/div>\n<p>Reac\u021bia lui R\u0103zvan Burleanu dup\u0103 ce Universitatea Craiova a ratat &#8230;<\/p>\n<p>&nbsp;<\/p>\n<p>R\u0103zvan Burleanu, pre\u0219edintele Federa\u021biei Rom\u00e2ne de Fotbal, a comentat recent situa\u021bia \u00een care Universitatea\u202fCraiova nu a reu\u0219it s\u0103-l transfere pe Denis Alibec, care a ales \u00een cele din urm\u0103 FCSB, considerat \u201ctransferul verii\u201d. Iat\u0103 esen\u021ba reac\u021biei sale:<\/p>\n<p><img loading=\"lazy\" decoding=\"async\" class=\"alignnone size-medium wp-image-50957\" src=\"https:\/\/www.letsportsrock.com\/wp-content\/uploads\/2025\/06\/images-86-6-300x168.jpeg\" alt=\"\" width=\"300\" height=\"168\" srcset=\"https:\/\/www.letsportsrock.com\/wp-content\/uploads\/2025\/06\/images-86-6-300x168.jpeg 300w, https:\/\/www.letsportsrock.com\/wp-content\/uploads\/2025\/06\/images-86-6.jpeg 739w\" sizes=\"auto, (max-width: 300px) 100vw, 300px\" \/><\/p>\n<p>Burleanu a salutat decizia juc\u0103torului de a merge la FCSB, subliniind c\u0103 mutarea \u00eei va aduce un beneficiu \u0219i fotbalului rom\u00e2nesc \u00een ansamblu.<\/p>\n<p>&nbsp;<\/p>\n<p>El a spus c\u0103 aceast\u0103 evolu\u021bie reflect\u0103 o \u201eschimbare\u201d pozitiv\u0103 la nivelul fotbalului intern \u2013 eviden\u021biind c\u0103 nu toate aspectele depind de Craiova \u0219i c\u0103 pia\u021ba din Rom\u00e2nia evolueaz\u0103 \u00een direc\u021bia maturiz\u0103rii \u0219i diversific\u0103rii interesului c\u0103tre competi\u021bii precum Champions League .<\/p>\n<p>&nbsp;<\/p>\n<p>&nbsp;<\/p>\n<p>Pe scurt: Burleanu vede e\u0219ecul transferului drept un semnal c\u0103 fotbalul rom\u00e2nesc se opereaz\u0103, c\u0103 prioritatea juc\u0103torilor pentru performan\u021b\u0103 pe plan european este \u00een cre\u0219tere \u0219i c\u0103 pia\u021ba intern\u0103 cap\u0103t\u0103 un ritm s\u0103n\u0103tos.<\/p>\n\n<div style=\"font-size: 0px; height: 0px; line-height: 0px; margin: 0; padding: 0; clear: both;\"><\/div>","protected":false},"excerpt":{"rendered":"<p>Reac\u021bia lui R\u0103zvan Burleanu dup\u0103 ce Universitatea Craiova a ratat &#8230; &nbsp; R\u0103zvan Burleanu, pre\u0219edintele Federa\u021biei Rom\u00e2ne de Fotbal, a comentat recent situa\u021bia \u00een care Universitatea\u202fCraiova nu a reu\u0219it s\u0103-l transfere pe Denis Alibec, care a ales \u00een cele din urm\u0103 FCSB, considerat \u201ctransferul verii\u201d. Iat\u0103 esen\u021ba reac\u021biei sale: Burleanu a salutat decizia juc\u0103torului de [&hellip;]<\/p>\n","protected":false},"author":15,"featured_media":50956,"comment_status":"open","ping_status":"open","sticky":false,"template":"","format":"standard","meta":{"_jetpack_memberships_contains_paid_content":false,"footnotes":""},"categories":[1],"tags":[640],"class_list":["post-50955","post","type-post","status-publish","format-standard","has-post-thumbnail","hentry","category-uncategorized","tag-fan-andrei-ivan"],"yoast_head":"<!-- This site is optimized with the Yoast SEO plugin v27.4 - https:\/\/yoast.com\/product\/yoast-seo-wordpress\/ -->\n<title>Reac\u021bia lui R\u0103zvan Burleanu dup\u0103 ce Universitatea Craiova a ratat ...<\/title>\n<meta name=\"description\" content=\"Reac\u021bia lui R\u0103zvan Burleanu dup\u0103 ce Universitatea Craiova a ratat ...\" \/>\n<meta name=\"robots\" content=\"index, follow, max-snippet:-1, max-image-preview:large, max-video-preview:-1\" \/>\n<link rel=\"canonical\" href=\"https:\/\/www.letsportsrock.com\/?p=50955\" \/>\n<meta property=\"og:locale\" content=\"en_US\" \/>\n<meta property=\"og:type\" content=\"article\" \/>\n<meta property=\"og:title\" content=\"Reac\u021bia lui R\u0103zvan Burleanu dup\u0103 ce Universitatea Craiova a ratat ...\" \/>\n<meta property=\"og:description\" content=\"Reac\u021bia lui R\u0103zvan Burleanu dup\u0103 ce Universitatea Craiova a ratat ...\" \/>\n<meta property=\"og:url\" content=\"https:\/\/www.letsportsrock.com\/?p=50955\" \/>\n<meta property=\"og:site_name\" content=\"letsportsrock\" \/>\n<meta property=\"article:published_time\" content=\"2025-06-27T20:39:06+00:00\" \/>\n<meta property=\"og:image\" content=\"https:\/\/www.letsportsrock.com\/wp-content\/uploads\/2025\/06\/images-85-6.jpeg\" \/>\n\t<meta property=\"og:image:width\" content=\"768\" \/>\n\t<meta property=\"og:image:height\" content=\"399\" \/>\n\t<meta property=\"og:image:type\" content=\"image\/jpeg\" \/>\n<meta name=\"author\" content=\"Amos Nabizo\" \/>\n<meta name=\"twitter:card\" content=\"summary_large_image\" \/>\n<meta name=\"twitter:label1\" content=\"Written by\" \/>\n\t<meta name=\"twitter:data1\" content=\"Amos Nabizo\" \/>\n\t<meta name=\"twitter:label2\" content=\"Est. reading time\" \/>\n\t<meta name=\"twitter:data2\" content=\"2 minutes\" \/>\n<script type=\"application\/ld+json\" class=\"yoast-schema-graph\">{\"@context\":\"https:\\\/\\\/schema.org\",\"@graph\":[{\"@type\":\"Article\",\"@id\":\"https:\\\/\\\/www.letsportsrock.com\\\/?p=50955#article\",\"isPartOf\":{\"@id\":\"https:\\\/\\\/www.letsportsrock.com\\\/?p=50955\"},\"author\":{\"name\":\"Amos Nabizo\",\"@id\":\"https:\\\/\\\/www.letsportsrock.com\\\/#\\\/schema\\\/person\\\/044479f72bdbd75f9523e745d3be6c30\"},\"headline\":\"Reac\u021bia lui R\u0103zvan Burleanu dup\u0103 ce Universitatea Craiova a ratat &#8230;\",\"datePublished\":\"2025-06-27T20:39:06+00:00\",\"mainEntityOfPage\":{\"@id\":\"https:\\\/\\\/www.letsportsrock.com\\\/?p=50955\"},\"wordCount\":189,\"commentCount\":0,\"image\":{\"@id\":\"https:\\\/\\\/www.letsportsrock.com\\\/?p=50955#primaryimage\"},\"thumbnailUrl\":\"https:\\\/\\\/www.letsportsrock.com\\\/wp-content\\\/uploads\\\/2025\\\/06\\\/images-85-6.jpeg\",\"keywords\":[\"Fan Andrei Ivan\"],\"inLanguage\":\"en-US\",\"potentialAction\":[{\"@type\":\"CommentAction\",\"name\":\"Comment\",\"target\":[\"https:\\\/\\\/www.letsportsrock.com\\\/?p=50955#respond\"]}]},{\"@type\":\"WebPage\",\"@id\":\"https:\\\/\\\/www.letsportsrock.com\\\/?p=50955\",\"url\":\"https:\\\/\\\/www.letsportsrock.com\\\/?p=50955\",\"name\":\"Reac\u021bia lui R\u0103zvan Burleanu dup\u0103 ce Universitatea Craiova a ratat ...\",\"isPartOf\":{\"@id\":\"https:\\\/\\\/www.letsportsrock.com\\\/#website\"},\"primaryImageOfPage\":{\"@id\":\"https:\\\/\\\/www.letsportsrock.com\\\/?p=50955#primaryimage\"},\"image\":{\"@id\":\"https:\\\/\\\/www.letsportsrock.com\\\/?p=50955#primaryimage\"},\"thumbnailUrl\":\"https:\\\/\\\/www.letsportsrock.com\\\/wp-content\\\/uploads\\\/2025\\\/06\\\/images-85-6.jpeg\",\"datePublished\":\"2025-06-27T20:39:06+00:00\",\"author\":{\"@id\":\"https:\\\/\\\/www.letsportsrock.com\\\/#\\\/schema\\\/person\\\/044479f72bdbd75f9523e745d3be6c30\"},\"description\":\"Reac\u021bia lui R\u0103zvan Burleanu dup\u0103 ce Universitatea Craiova a ratat ...\",\"breadcrumb\":{\"@id\":\"https:\\\/\\\/www.letsportsrock.com\\\/?p=50955#breadcrumb\"},\"inLanguage\":\"en-US\",\"potentialAction\":[{\"@type\":\"ReadAction\",\"target\":[\"https:\\\/\\\/www.letsportsrock.com\\\/?p=50955\"]}]},{\"@type\":\"ImageObject\",\"inLanguage\":\"en-US\",\"@id\":\"https:\\\/\\\/www.letsportsrock.com\\\/?p=50955#primaryimage\",\"url\":\"https:\\\/\\\/www.letsportsrock.com\\\/wp-content\\\/uploads\\\/2025\\\/06\\\/images-85-6.jpeg\",\"contentUrl\":\"https:\\\/\\\/www.letsportsrock.com\\\/wp-content\\\/uploads\\\/2025\\\/06\\\/images-85-6.jpeg\",\"width\":768,\"height\":399},{\"@type\":\"BreadcrumbList\",\"@id\":\"https:\\\/\\\/www.letsportsrock.com\\\/?p=50955#breadcrumb\",\"itemListElement\":[{\"@type\":\"ListItem\",\"position\":1,\"name\":\"Home\",\"item\":\"https:\\\/\\\/www.letsportsrock.com\\\/\"},{\"@type\":\"ListItem\",\"position\":2,\"name\":\"Reac\u021bia lui R\u0103zvan Burleanu dup\u0103 ce Universitatea Craiova a ratat &#8230;\"}]},{\"@type\":\"WebSite\",\"@id\":\"https:\\\/\\\/www.letsportsrock.com\\\/#website\",\"url\":\"https:\\\/\\\/www.letsportsrock.com\\\/\",\"name\":\"letsportsrock\",\"description\":\"Sport News and Updates\",\"potentialAction\":[{\"@type\":\"SearchAction\",\"target\":{\"@type\":\"EntryPoint\",\"urlTemplate\":\"https:\\\/\\\/www.letsportsrock.com\\\/?s={search_term_string}\"},\"query-input\":{\"@type\":\"PropertyValueSpecification\",\"valueRequired\":true,\"valueName\":\"search_term_string\"}}],\"inLanguage\":\"en-US\"},{\"@type\":\"Person\",\"@id\":\"https:\\\/\\\/www.letsportsrock.com\\\/#\\\/schema\\\/person\\\/044479f72bdbd75f9523e745d3be6c30\",\"name\":\"Amos Nabizo\",\"image\":{\"@type\":\"ImageObject\",\"inLanguage\":\"en-US\",\"@id\":\"https:\\\/\\\/secure.gravatar.com\\\/avatar\\\/d569857c07d3899c6ca842ffea32daa1672c05549833530fe37e68ae7b521ba4?s=96&d=mm&r=g\",\"url\":\"https:\\\/\\\/secure.gravatar.com\\\/avatar\\\/d569857c07d3899c6ca842ffea32daa1672c05549833530fe37e68ae7b521ba4?s=96&d=mm&r=g\",\"contentUrl\":\"https:\\\/\\\/secure.gravatar.com\\\/avatar\\\/d569857c07d3899c6ca842ffea32daa1672c05549833530fe37e68ae7b521ba4?s=96&d=mm&r=g\",\"caption\":\"Amos Nabizo\"},\"sameAs\":[\"https:\\\/\\\/www.letsportsrock.com\\\/wp-admin\\\/\"],\"url\":\"https:\\\/\\\/www.letsportsrock.com\\\/?author=15\"}]}<\/script>\n<!-- \/ Yoast SEO plugin. -->","yoast_head_json":{"title":"Reac\u021bia lui R\u0103zvan Burleanu dup\u0103 ce Universitatea Craiova a ratat ...","description":"Reac\u021bia lui R\u0103zvan Burleanu dup\u0103 ce Universitatea Craiova a ratat ...","robots":{"index":"index","follow":"follow","max-snippet":"max-snippet:-1","max-image-preview":"max-image-preview:large","max-video-preview":"max-video-preview:-1"},"canonical":"https:\/\/www.letsportsrock.com\/?p=50955","og_locale":"en_US","og_type":"article","og_title":"Reac\u021bia lui R\u0103zvan Burleanu dup\u0103 ce Universitatea Craiova a ratat ...","og_description":"Reac\u021bia lui R\u0103zvan Burleanu dup\u0103 ce Universitatea Craiova a ratat ...","og_url":"https:\/\/www.letsportsrock.com\/?p=50955","og_site_name":"letsportsrock","article_published_time":"2025-06-27T20:39:06+00:00","og_image":[{"width":768,"height":399,"url":"https:\/\/www.letsportsrock.com\/wp-content\/uploads\/2025\/06\/images-85-6.jpeg","type":"image\/jpeg"}],"author":"Amos Nabizo","twitter_card":"summary_large_image","twitter_misc":{"Written by":"Amos Nabizo","Est. reading time":"2 minutes"},"schema":{"@context":"https:\/\/schema.org","@graph":[{"@type":"Article","@id":"https:\/\/www.letsportsrock.com\/?p=50955#article","isPartOf":{"@id":"https:\/\/www.letsportsrock.com\/?p=50955"},"author":{"name":"Amos Nabizo","@id":"https:\/\/www.letsportsrock.com\/#\/schema\/person\/044479f72bdbd75f9523e745d3be6c30"},"headline":"Reac\u021bia lui R\u0103zvan Burleanu dup\u0103 ce Universitatea Craiova a ratat &#8230;","datePublished":"2025-06-27T20:39:06+00:00","mainEntityOfPage":{"@id":"https:\/\/www.letsportsrock.com\/?p=50955"},"wordCount":189,"commentCount":0,"image":{"@id":"https:\/\/www.letsportsrock.com\/?p=50955#primaryimage"},"thumbnailUrl":"https:\/\/www.letsportsrock.com\/wp-content\/uploads\/2025\/06\/images-85-6.jpeg","keywords":["Fan Andrei Ivan"],"inLanguage":"en-US","potentialAction":[{"@type":"CommentAction","name":"Comment","target":["https:\/\/www.letsportsrock.com\/?p=50955#respond"]}]},{"@type":"WebPage","@id":"https:\/\/www.letsportsrock.com\/?p=50955","url":"https:\/\/www.letsportsrock.com\/?p=50955","name":"Reac\u021bia lui R\u0103zvan Burleanu dup\u0103 ce Universitatea Craiova a ratat ...","isPartOf":{"@id":"https:\/\/www.letsportsrock.com\/#website"},"primaryImageOfPage":{"@id":"https:\/\/www.letsportsrock.com\/?p=50955#primaryimage"},"image":{"@id":"https:\/\/www.letsportsrock.com\/?p=50955#primaryimage"},"thumbnailUrl":"https:\/\/www.letsportsrock.com\/wp-content\/uploads\/2025\/06\/images-85-6.jpeg","datePublished":"2025-06-27T20:39:06+00:00","author":{"@id":"https:\/\/www.letsportsrock.com\/#\/schema\/person\/044479f72bdbd75f9523e745d3be6c30"},"description":"Reac\u021bia lui R\u0103zvan Burleanu dup\u0103 ce Universitatea Craiova a ratat ...","breadcrumb":{"@id":"https:\/\/www.letsportsrock.com\/?p=50955#breadcrumb"},"inLanguage":"en-US","potentialAction":[{"@type":"ReadAction","target":["https:\/\/www.letsportsrock.com\/?p=50955"]}]},{"@type":"ImageObject","inLanguage":"en-US","@id":"https:\/\/www.letsportsrock.com\/?p=50955#primaryimage","url":"https:\/\/www.letsportsrock.com\/wp-content\/uploads\/2025\/06\/images-85-6.jpeg","contentUrl":"https:\/\/www.letsportsrock.com\/wp-content\/uploads\/2025\/06\/images-85-6.jpeg","width":768,"height":399},{"@type":"BreadcrumbList","@id":"https:\/\/www.letsportsrock.com\/?p=50955#breadcrumb","itemListElement":[{"@type":"ListItem","position":1,"name":"Home","item":"https:\/\/www.letsportsrock.com\/"},{"@type":"ListItem","position":2,"name":"Reac\u021bia lui R\u0103zvan Burleanu dup\u0103 ce Universitatea Craiova a ratat &#8230;"}]},{"@type":"WebSite","@id":"https:\/\/www.letsportsrock.com\/#website","url":"https:\/\/www.letsportsrock.com\/","name":"letsportsrock","description":"Sport News and Updates","potentialAction":[{"@type":"SearchAction","target":{"@type":"EntryPoint","urlTemplate":"https:\/\/www.letsportsrock.com\/?s={search_term_string}"},"query-input":{"@type":"PropertyValueSpecification","valueRequired":true,"valueName":"search_term_string"}}],"inLanguage":"en-US"},{"@type":"Person","@id":"https:\/\/www.letsportsrock.com\/#\/schema\/person\/044479f72bdbd75f9523e745d3be6c30","name":"Amos Nabizo","image":{"@type":"ImageObject","inLanguage":"en-US","@id":"https:\/\/secure.gravatar.com\/avatar\/d569857c07d3899c6ca842ffea32daa1672c05549833530fe37e68ae7b521ba4?s=96&d=mm&r=g","url":"https:\/\/secure.gravatar.com\/avatar\/d569857c07d3899c6ca842ffea32daa1672c05549833530fe37e68ae7b521ba4?s=96&d=mm&r=g","contentUrl":"https:\/\/secure.gravatar.com\/avatar\/d569857c07d3899c6ca842ffea32daa1672c05549833530fe37e68ae7b521ba4?s=96&d=mm&r=g","caption":"Amos Nabizo"},"sameAs":["https:\/\/www.letsportsrock.com\/wp-admin\/"],"url":"https:\/\/www.letsportsrock.com\/?author=15"}]}},"jetpack_featured_media_url":"https:\/\/www.letsportsrock.com\/wp-content\/uploads\/2025\/06\/images-85-6.jpeg","jetpack_sharing_enabled":true,"_links":{"self":[{"href":"https:\/\/www.letsportsrock.com\/index.php?rest_route=\/wp\/v2\/posts\/50955","targetHints":{"allow":["GET"]}}],"collection":[{"href":"https:\/\/www.letsportsrock.com\/index.php?rest_route=\/wp\/v2\/posts"}],"about":[{"href":"https:\/\/www.letsportsrock.com\/index.php?rest_route=\/wp\/v2\/types\/post"}],"author":[{"embeddable":true,"href":"https:\/\/www.letsportsrock.com\/index.php?rest_route=\/wp\/v2\/users\/15"}],"replies":[{"embeddable":true,"href":"https:\/\/www.letsportsrock.com\/index.php?rest_route=%2Fwp%2Fv2%2Fcomments&post=50955"}],"version-history":[{"count":1,"href":"https:\/\/www.letsportsrock.com\/index.php?rest_route=\/wp\/v2\/posts\/50955\/revisions"}],"predecessor-version":[{"id":50958,"href":"https:\/\/www.letsportsrock.com\/index.php?rest_route=\/wp\/v2\/posts\/50955\/revisions\/50958"}],"wp:featuredmedia":[{"embeddable":true,"href":"https:\/\/www.letsportsrock.com\/index.php?rest_route=\/wp\/v2\/media\/50956"}],"wp:attachment":[{"href":"https:\/\/www.letsportsrock.com\/index.php?rest_route=%2Fwp%2Fv2%2Fmedia&parent=50955"}],"wp:term":[{"taxonomy":"category","embeddable":true,"href":"https:\/\/www.letsportsrock.com\/index.php?rest_route=%2Fwp%2Fv2%2Fcategories&post=50955"},{"taxonomy":"post_tag","embeddable":true,"href":"https:\/\/www.letsportsrock.com\/index.php?rest_route=%2Fwp%2Fv2%2Ftags&post=50955"}],"curies":[{"name":"wp","href":"https:\/\/api.w.org\/{rel}","templated":true}]}}