{"id":51311,"date":"2025-06-29T00:54:11","date_gmt":"2025-06-29T00:54:11","guid":{"rendered":"https:\/\/www.letsportsrock.com\/?p=51311"},"modified":"2025-06-29T00:54:15","modified_gmt":"2025-06-29T00:54:15","slug":"radoi-a-anuntat-ce-jucatori-vrea-sa-transfere-la-universitatea-craiova","status":"publish","type":"post","link":"https:\/\/www.letsportsrock.com\/?p=51311","title":{"rendered":"R\u0103doi a anun\u021bat ce juc\u0103tori vrea s\u0103 transfere la Universitatea Craiova&#8230;."},"content":{"rendered":"<div class=\"d79db4796efc26332eabfc3f5dafbc76\" data-index=\"1\" style=\"float: none; margin:10px 0 10px 0; text-align:center;\">\n<div class=\"hb-ad-inarticle\">\r\n    <div class=\"hb-ad-inner\"> \r\n    <div class=\"hbagency_cls\"  id=\"hbagency_space_111930\"><\/div><\/div> <\/div>\n<\/div>\n<p>R\u0103doi a anun\u021bat ce juc\u0103tori vrea s\u0103 transfere la Universitatea Craiova&#8230;.<\/p>\n<p>&nbsp;<\/p>\n<p>Mirel\u202fR\u0103doi a prezentat clar direc\u021bia pe care o va urma Universitatea\u202fCraiova \u00een aceast\u0103 var\u0103, at\u00e2t \u00een privin\u021ba transferurilor de prim-plan, c\u00e2t \u0219i a tinerilor cu poten\u021bial:<\/p>\n<p><img loading=\"lazy\" decoding=\"async\" class=\"alignnone size-medium wp-image-51319\" src=\"https:\/\/www.letsportsrock.com\/wp-content\/uploads\/2025\/06\/images-2025-06-29T015310.675-300x158.jpeg\" alt=\"\" width=\"300\" height=\"158\" srcset=\"https:\/\/www.letsportsrock.com\/wp-content\/uploads\/2025\/06\/images-2025-06-29T015310.675-300x158.jpeg 300w, https:\/\/www.letsportsrock.com\/wp-content\/uploads\/2025\/06\/images-2025-06-29T015310.675.jpeg 763w\" sizes=\"auto, (max-width: 300px) 100vw, 300px\" \/><\/p>\n<p>Alexandru Cre\u021bu \u2013 mijloca\u0219 defensiv sau stoper, revenit dup\u0103 perioada petrecut\u0103 \u00een Arabia Saudit\u0103 (Al\u2011Wehda), cu care a fost v\u00e2ndut \u00een vara trecut\u0103 pentru 600.000\u202f\u20ac . Se dore\u0219te aducerea lui \u201egratis\u201d \u00een aceast\u0103 var\u0103.<\/p>\n<p>&nbsp;<\/p>\n<p>Tudor B\u0103lu\u021b\u0103 \u2013 mijloca\u0219 central aflat la Slask Wroclaw, iar Craiova \u00eencearc\u0103 \u00eenc\u0103 de iarn\u0103 s\u0103-l transfere; mai are un an de contract .<\/p>\n<p>&nbsp;<\/p>\n<p>Nikola Stevanovi\u0107 \u2013 funda\u0219 s\u00e2rb de la O\u021belul Gala\u021bi, transferat \u00een vara trecut\u0103 din Serbia; aflat pe lista principal\u0103 .<\/p>\n<p>&nbsp;<\/p>\n<p>Lucas Africo \u2013 funda\u0219 brazilian cu experien\u021b\u0103 \u00een Portugalia, aproape de semnare pentru a \u00eent\u0103ri defensiva .<\/p>\n<p>&nbsp;<\/p>\n<p>R\u0103doi subliniaz\u0103 importan\u021ba juc\u0103torilor *polivalen\u021bi \u0219i cu talie \u2013 funda\u0219i centrali masivi \u0219i mijloca\u0219i cu \u00een\u0103l\u021bime, schimb\u00e2nd filosofia de p\u00e2n\u0103 acum . Se caut\u0103 alternative la mijloca\u0219ii scunzi (Houri, Oshima, Anzor), pentru un lot mai echilibrat .<\/p>\n<p>&nbsp;<\/p>\n<p>David Matei (18 ani) \u2013 mijloca\u0219 central de la Steaua, achizi\u021bionat despre care se spune c\u0103 va costa \u00een jur de 100\u202f000\u202f\u20ac pentru a respecta regula U21 .<\/p>\n<p>&nbsp;<\/p>\n<p>Samuel Teles, Mihnea R\u0103dulescu \u0219i David Matei sunt deja \u00een drum spre B\u0103nie; Mihnea a sosit de la Petrolul pentru aproximativ 400\u202f000\u202f\u20ac + 15% la rev\u00e2nzare .<\/p>\n<p>&nbsp;<\/p>\n<p>\u00cen aceast\u0103 var\u0103, R\u0103doi vizeaz\u0103 \u00eent\u0103riri precum Cre\u021bu, B\u0103lu\u021b\u0103, Stevanovi\u0107 \u0219i Africo pentru a consolida defensiva \u0219i mijlocul. \u00cen paralel, investe\u0219te \u00een promisiuni tinere (Matei, Teles, R\u0103dulescu), dar subliniaz\u0103 c\u0103 fiecare transfer trebuie s\u0103 ofere versatilitate \u0219i s\u0103 acopere poate dou\u0103 pozi\u021bii. Se dore\u0219te explicit echilibru, for\u021b\u0103 fizic\u0103 \u0219i valoare polivalent\u0103 \u00een lot.<\/p>\n<p>&nbsp;<\/p>\n<p>Dac\u0103 vrei detalii despre unul dintre ace\u0219ti juc\u0103tori sau vrei o analiz\u0103 mai ad\u00e2nc\u0103 a impactului lor, spune-mi \u0219i facem!<\/p>\n\n<div style=\"font-size: 0px; height: 0px; line-height: 0px; margin: 0; padding: 0; clear: both;\"><\/div>","protected":false},"excerpt":{"rendered":"<p>R\u0103doi a anun\u021bat ce juc\u0103tori vrea s\u0103 transfere la Universitatea Craiova&#8230;. &nbsp; Mirel\u202fR\u0103doi a prezentat clar direc\u021bia pe care o va urma Universitatea\u202fCraiova \u00een aceast\u0103 var\u0103, at\u00e2t \u00een privin\u021ba transferurilor de prim-plan, c\u00e2t \u0219i a tinerilor cu poten\u021bial: Alexandru Cre\u021bu \u2013 mijloca\u0219 defensiv sau stoper, revenit dup\u0103 perioada petrecut\u0103 \u00een Arabia Saudit\u0103 (Al\u2011Wehda), cu care [&hellip;]<\/p>\n","protected":false},"author":15,"featured_media":51318,"comment_status":"open","ping_status":"open","sticky":false,"template":"","format":"standard","meta":{"_jetpack_memberships_contains_paid_content":false,"footnotes":""},"categories":[1],"tags":[640],"class_list":["post-51311","post","type-post","status-publish","format-standard","has-post-thumbnail","hentry","category-uncategorized","tag-fan-andrei-ivan"],"yoast_head":"<!-- This site is optimized with the Yoast SEO plugin v27.4 - https:\/\/yoast.com\/product\/yoast-seo-wordpress\/ -->\n<title>R\u0103doi a anun\u021bat ce juc\u0103tori vrea s\u0103 transfere la Universitatea Craiova....<\/title>\n<meta name=\"description\" content=\"R\u0103doi a anun\u021bat ce juc\u0103tori vrea s\u0103 transfere la Universitatea Craiova....\" \/>\n<meta name=\"robots\" content=\"index, follow, max-snippet:-1, max-image-preview:large, max-video-preview:-1\" \/>\n<link rel=\"canonical\" href=\"https:\/\/www.letsportsrock.com\/?p=51311\" \/>\n<meta property=\"og:locale\" content=\"en_US\" \/>\n<meta property=\"og:type\" content=\"article\" \/>\n<meta property=\"og:title\" content=\"R\u0103doi a anun\u021bat ce juc\u0103tori vrea s\u0103 transfere la Universitatea Craiova....\" \/>\n<meta property=\"og:description\" content=\"R\u0103doi a anun\u021bat ce juc\u0103tori vrea s\u0103 transfere la Universitatea Craiova....\" \/>\n<meta property=\"og:url\" content=\"https:\/\/www.letsportsrock.com\/?p=51311\" \/>\n<meta property=\"og:site_name\" content=\"letsportsrock\" \/>\n<meta property=\"article:published_time\" content=\"2025-06-29T00:54:11+00:00\" \/>\n<meta property=\"article:modified_time\" content=\"2025-06-29T00:54:15+00:00\" \/>\n<meta property=\"og:image\" content=\"https:\/\/www.letsportsrock.com\/wp-content\/uploads\/2025\/06\/images-2025-06-29T015254.073.jpeg\" \/>\n\t<meta property=\"og:image:width\" content=\"739\" \/>\n\t<meta property=\"og:image:height\" content=\"415\" \/>\n\t<meta property=\"og:image:type\" content=\"image\/jpeg\" \/>\n<meta name=\"author\" content=\"Amos Nabizo\" \/>\n<meta name=\"twitter:card\" content=\"summary_large_image\" \/>\n<meta name=\"twitter:label1\" content=\"Written by\" \/>\n\t<meta name=\"twitter:data1\" content=\"Amos Nabizo\" \/>\n\t<meta name=\"twitter:label2\" content=\"Est. reading time\" \/>\n\t<meta name=\"twitter:data2\" content=\"2 minutes\" \/>\n<script type=\"application\/ld+json\" class=\"yoast-schema-graph\">{\"@context\":\"https:\\\/\\\/schema.org\",\"@graph\":[{\"@type\":\"Article\",\"@id\":\"https:\\\/\\\/www.letsportsrock.com\\\/?p=51311#article\",\"isPartOf\":{\"@id\":\"https:\\\/\\\/www.letsportsrock.com\\\/?p=51311\"},\"author\":{\"name\":\"Amos Nabizo\",\"@id\":\"https:\\\/\\\/www.letsportsrock.com\\\/#\\\/schema\\\/person\\\/044479f72bdbd75f9523e745d3be6c30\"},\"headline\":\"R\u0103doi a anun\u021bat ce juc\u0103tori vrea s\u0103 transfere la Universitatea Craiova&#8230;.\",\"datePublished\":\"2025-06-29T00:54:11+00:00\",\"dateModified\":\"2025-06-29T00:54:15+00:00\",\"mainEntityOfPage\":{\"@id\":\"https:\\\/\\\/www.letsportsrock.com\\\/?p=51311\"},\"wordCount\":347,\"commentCount\":0,\"image\":{\"@id\":\"https:\\\/\\\/www.letsportsrock.com\\\/?p=51311#primaryimage\"},\"thumbnailUrl\":\"https:\\\/\\\/www.letsportsrock.com\\\/wp-content\\\/uploads\\\/2025\\\/06\\\/images-2025-06-29T015254.073.jpeg\",\"keywords\":[\"Fan Andrei Ivan\"],\"inLanguage\":\"en-US\",\"potentialAction\":[{\"@type\":\"CommentAction\",\"name\":\"Comment\",\"target\":[\"https:\\\/\\\/www.letsportsrock.com\\\/?p=51311#respond\"]}]},{\"@type\":\"WebPage\",\"@id\":\"https:\\\/\\\/www.letsportsrock.com\\\/?p=51311\",\"url\":\"https:\\\/\\\/www.letsportsrock.com\\\/?p=51311\",\"name\":\"R\u0103doi a anun\u021bat ce juc\u0103tori vrea s\u0103 transfere la Universitatea Craiova....\",\"isPartOf\":{\"@id\":\"https:\\\/\\\/www.letsportsrock.com\\\/#website\"},\"primaryImageOfPage\":{\"@id\":\"https:\\\/\\\/www.letsportsrock.com\\\/?p=51311#primaryimage\"},\"image\":{\"@id\":\"https:\\\/\\\/www.letsportsrock.com\\\/?p=51311#primaryimage\"},\"thumbnailUrl\":\"https:\\\/\\\/www.letsportsrock.com\\\/wp-content\\\/uploads\\\/2025\\\/06\\\/images-2025-06-29T015254.073.jpeg\",\"datePublished\":\"2025-06-29T00:54:11+00:00\",\"dateModified\":\"2025-06-29T00:54:15+00:00\",\"author\":{\"@id\":\"https:\\\/\\\/www.letsportsrock.com\\\/#\\\/schema\\\/person\\\/044479f72bdbd75f9523e745d3be6c30\"},\"description\":\"R\u0103doi a anun\u021bat ce juc\u0103tori vrea s\u0103 transfere la Universitatea Craiova....\",\"breadcrumb\":{\"@id\":\"https:\\\/\\\/www.letsportsrock.com\\\/?p=51311#breadcrumb\"},\"inLanguage\":\"en-US\",\"potentialAction\":[{\"@type\":\"ReadAction\",\"target\":[\"https:\\\/\\\/www.letsportsrock.com\\\/?p=51311\"]}]},{\"@type\":\"ImageObject\",\"inLanguage\":\"en-US\",\"@id\":\"https:\\\/\\\/www.letsportsrock.com\\\/?p=51311#primaryimage\",\"url\":\"https:\\\/\\\/www.letsportsrock.com\\\/wp-content\\\/uploads\\\/2025\\\/06\\\/images-2025-06-29T015254.073.jpeg\",\"contentUrl\":\"https:\\\/\\\/www.letsportsrock.com\\\/wp-content\\\/uploads\\\/2025\\\/06\\\/images-2025-06-29T015254.073.jpeg\",\"width\":739,\"height\":415},{\"@type\":\"BreadcrumbList\",\"@id\":\"https:\\\/\\\/www.letsportsrock.com\\\/?p=51311#breadcrumb\",\"itemListElement\":[{\"@type\":\"ListItem\",\"position\":1,\"name\":\"Home\",\"item\":\"https:\\\/\\\/www.letsportsrock.com\\\/\"},{\"@type\":\"ListItem\",\"position\":2,\"name\":\"R\u0103doi a anun\u021bat ce juc\u0103tori vrea s\u0103 transfere la Universitatea Craiova&#8230;.\"}]},{\"@type\":\"WebSite\",\"@id\":\"https:\\\/\\\/www.letsportsrock.com\\\/#website\",\"url\":\"https:\\\/\\\/www.letsportsrock.com\\\/\",\"name\":\"letsportsrock\",\"description\":\"Sport News and Updates\",\"potentialAction\":[{\"@type\":\"SearchAction\",\"target\":{\"@type\":\"EntryPoint\",\"urlTemplate\":\"https:\\\/\\\/www.letsportsrock.com\\\/?s={search_term_string}\"},\"query-input\":{\"@type\":\"PropertyValueSpecification\",\"valueRequired\":true,\"valueName\":\"search_term_string\"}}],\"inLanguage\":\"en-US\"},{\"@type\":\"Person\",\"@id\":\"https:\\\/\\\/www.letsportsrock.com\\\/#\\\/schema\\\/person\\\/044479f72bdbd75f9523e745d3be6c30\",\"name\":\"Amos Nabizo\",\"image\":{\"@type\":\"ImageObject\",\"inLanguage\":\"en-US\",\"@id\":\"https:\\\/\\\/secure.gravatar.com\\\/avatar\\\/d569857c07d3899c6ca842ffea32daa1672c05549833530fe37e68ae7b521ba4?s=96&d=mm&r=g\",\"url\":\"https:\\\/\\\/secure.gravatar.com\\\/avatar\\\/d569857c07d3899c6ca842ffea32daa1672c05549833530fe37e68ae7b521ba4?s=96&d=mm&r=g\",\"contentUrl\":\"https:\\\/\\\/secure.gravatar.com\\\/avatar\\\/d569857c07d3899c6ca842ffea32daa1672c05549833530fe37e68ae7b521ba4?s=96&d=mm&r=g\",\"caption\":\"Amos Nabizo\"},\"sameAs\":[\"https:\\\/\\\/www.letsportsrock.com\\\/wp-admin\\\/\"],\"url\":\"https:\\\/\\\/www.letsportsrock.com\\\/?author=15\"}]}<\/script>\n<!-- \/ Yoast SEO plugin. -->","yoast_head_json":{"title":"R\u0103doi a anun\u021bat ce juc\u0103tori vrea s\u0103 transfere la Universitatea Craiova....","description":"R\u0103doi a anun\u021bat ce juc\u0103tori vrea s\u0103 transfere la Universitatea Craiova....","robots":{"index":"index","follow":"follow","max-snippet":"max-snippet:-1","max-image-preview":"max-image-preview:large","max-video-preview":"max-video-preview:-1"},"canonical":"https:\/\/www.letsportsrock.com\/?p=51311","og_locale":"en_US","og_type":"article","og_title":"R\u0103doi a anun\u021bat ce juc\u0103tori vrea s\u0103 transfere la Universitatea Craiova....","og_description":"R\u0103doi a anun\u021bat ce juc\u0103tori vrea s\u0103 transfere la Universitatea Craiova....","og_url":"https:\/\/www.letsportsrock.com\/?p=51311","og_site_name":"letsportsrock","article_published_time":"2025-06-29T00:54:11+00:00","article_modified_time":"2025-06-29T00:54:15+00:00","og_image":[{"width":739,"height":415,"url":"https:\/\/www.letsportsrock.com\/wp-content\/uploads\/2025\/06\/images-2025-06-29T015254.073.jpeg","type":"image\/jpeg"}],"author":"Amos Nabizo","twitter_card":"summary_large_image","twitter_misc":{"Written by":"Amos Nabizo","Est. reading time":"2 minutes"},"schema":{"@context":"https:\/\/schema.org","@graph":[{"@type":"Article","@id":"https:\/\/www.letsportsrock.com\/?p=51311#article","isPartOf":{"@id":"https:\/\/www.letsportsrock.com\/?p=51311"},"author":{"name":"Amos Nabizo","@id":"https:\/\/www.letsportsrock.com\/#\/schema\/person\/044479f72bdbd75f9523e745d3be6c30"},"headline":"R\u0103doi a anun\u021bat ce juc\u0103tori vrea s\u0103 transfere la Universitatea Craiova&#8230;.","datePublished":"2025-06-29T00:54:11+00:00","dateModified":"2025-06-29T00:54:15+00:00","mainEntityOfPage":{"@id":"https:\/\/www.letsportsrock.com\/?p=51311"},"wordCount":347,"commentCount":0,"image":{"@id":"https:\/\/www.letsportsrock.com\/?p=51311#primaryimage"},"thumbnailUrl":"https:\/\/www.letsportsrock.com\/wp-content\/uploads\/2025\/06\/images-2025-06-29T015254.073.jpeg","keywords":["Fan Andrei Ivan"],"inLanguage":"en-US","potentialAction":[{"@type":"CommentAction","name":"Comment","target":["https:\/\/www.letsportsrock.com\/?p=51311#respond"]}]},{"@type":"WebPage","@id":"https:\/\/www.letsportsrock.com\/?p=51311","url":"https:\/\/www.letsportsrock.com\/?p=51311","name":"R\u0103doi a anun\u021bat ce juc\u0103tori vrea s\u0103 transfere la Universitatea Craiova....","isPartOf":{"@id":"https:\/\/www.letsportsrock.com\/#website"},"primaryImageOfPage":{"@id":"https:\/\/www.letsportsrock.com\/?p=51311#primaryimage"},"image":{"@id":"https:\/\/www.letsportsrock.com\/?p=51311#primaryimage"},"thumbnailUrl":"https:\/\/www.letsportsrock.com\/wp-content\/uploads\/2025\/06\/images-2025-06-29T015254.073.jpeg","datePublished":"2025-06-29T00:54:11+00:00","dateModified":"2025-06-29T00:54:15+00:00","author":{"@id":"https:\/\/www.letsportsrock.com\/#\/schema\/person\/044479f72bdbd75f9523e745d3be6c30"},"description":"R\u0103doi a anun\u021bat ce juc\u0103tori vrea s\u0103 transfere la Universitatea Craiova....","breadcrumb":{"@id":"https:\/\/www.letsportsrock.com\/?p=51311#breadcrumb"},"inLanguage":"en-US","potentialAction":[{"@type":"ReadAction","target":["https:\/\/www.letsportsrock.com\/?p=51311"]}]},{"@type":"ImageObject","inLanguage":"en-US","@id":"https:\/\/www.letsportsrock.com\/?p=51311#primaryimage","url":"https:\/\/www.letsportsrock.com\/wp-content\/uploads\/2025\/06\/images-2025-06-29T015254.073.jpeg","contentUrl":"https:\/\/www.letsportsrock.com\/wp-content\/uploads\/2025\/06\/images-2025-06-29T015254.073.jpeg","width":739,"height":415},{"@type":"BreadcrumbList","@id":"https:\/\/www.letsportsrock.com\/?p=51311#breadcrumb","itemListElement":[{"@type":"ListItem","position":1,"name":"Home","item":"https:\/\/www.letsportsrock.com\/"},{"@type":"ListItem","position":2,"name":"R\u0103doi a anun\u021bat ce juc\u0103tori vrea s\u0103 transfere la Universitatea Craiova&#8230;."}]},{"@type":"WebSite","@id":"https:\/\/www.letsportsrock.com\/#website","url":"https:\/\/www.letsportsrock.com\/","name":"letsportsrock","description":"Sport News and Updates","potentialAction":[{"@type":"SearchAction","target":{"@type":"EntryPoint","urlTemplate":"https:\/\/www.letsportsrock.com\/?s={search_term_string}"},"query-input":{"@type":"PropertyValueSpecification","valueRequired":true,"valueName":"search_term_string"}}],"inLanguage":"en-US"},{"@type":"Person","@id":"https:\/\/www.letsportsrock.com\/#\/schema\/person\/044479f72bdbd75f9523e745d3be6c30","name":"Amos Nabizo","image":{"@type":"ImageObject","inLanguage":"en-US","@id":"https:\/\/secure.gravatar.com\/avatar\/d569857c07d3899c6ca842ffea32daa1672c05549833530fe37e68ae7b521ba4?s=96&d=mm&r=g","url":"https:\/\/secure.gravatar.com\/avatar\/d569857c07d3899c6ca842ffea32daa1672c05549833530fe37e68ae7b521ba4?s=96&d=mm&r=g","contentUrl":"https:\/\/secure.gravatar.com\/avatar\/d569857c07d3899c6ca842ffea32daa1672c05549833530fe37e68ae7b521ba4?s=96&d=mm&r=g","caption":"Amos Nabizo"},"sameAs":["https:\/\/www.letsportsrock.com\/wp-admin\/"],"url":"https:\/\/www.letsportsrock.com\/?author=15"}]}},"jetpack_featured_media_url":"https:\/\/www.letsportsrock.com\/wp-content\/uploads\/2025\/06\/images-2025-06-29T015254.073.jpeg","jetpack_sharing_enabled":true,"_links":{"self":[{"href":"https:\/\/www.letsportsrock.com\/index.php?rest_route=\/wp\/v2\/posts\/51311","targetHints":{"allow":["GET"]}}],"collection":[{"href":"https:\/\/www.letsportsrock.com\/index.php?rest_route=\/wp\/v2\/posts"}],"about":[{"href":"https:\/\/www.letsportsrock.com\/index.php?rest_route=\/wp\/v2\/types\/post"}],"author":[{"embeddable":true,"href":"https:\/\/www.letsportsrock.com\/index.php?rest_route=\/wp\/v2\/users\/15"}],"replies":[{"embeddable":true,"href":"https:\/\/www.letsportsrock.com\/index.php?rest_route=%2Fwp%2Fv2%2Fcomments&post=51311"}],"version-history":[{"count":1,"href":"https:\/\/www.letsportsrock.com\/index.php?rest_route=\/wp\/v2\/posts\/51311\/revisions"}],"predecessor-version":[{"id":51320,"href":"https:\/\/www.letsportsrock.com\/index.php?rest_route=\/wp\/v2\/posts\/51311\/revisions\/51320"}],"wp:featuredmedia":[{"embeddable":true,"href":"https:\/\/www.letsportsrock.com\/index.php?rest_route=\/wp\/v2\/media\/51318"}],"wp:attachment":[{"href":"https:\/\/www.letsportsrock.com\/index.php?rest_route=%2Fwp%2Fv2%2Fmedia&parent=51311"}],"wp:term":[{"taxonomy":"category","embeddable":true,"href":"https:\/\/www.letsportsrock.com\/index.php?rest_route=%2Fwp%2Fv2%2Fcategories&post=51311"},{"taxonomy":"post_tag","embeddable":true,"href":"https:\/\/www.letsportsrock.com\/index.php?rest_route=%2Fwp%2Fv2%2Ftags&post=51311"}],"curies":[{"name":"wp","href":"https:\/\/api.w.org\/{rel}","templated":true}]}}