{"id":51359,"date":"2025-06-29T03:31:07","date_gmt":"2025-06-29T03:31:07","guid":{"rendered":"https:\/\/www.letsportsrock.com\/?p=51359"},"modified":"2025-06-29T03:31:07","modified_gmt":"2025-06-29T03:31:07","slug":"stire-socanta-trei-jucatori-de-la-cfr-cluj-au-luat-o-decizie-proasta-citeste-mai-mult","status":"publish","type":"post","link":"https:\/\/www.letsportsrock.com\/?p=51359","title":{"rendered":"\u0218TIRE \u0218OCANT\u0102: Trei juc\u0103tori de la CFR Cluj au luat o decizie proast\u0103\u2026 cite\u0219te mai mult"},"content":{"rendered":"<div class=\"d79db4796efc26332eabfc3f5dafbc76\" data-index=\"1\" style=\"float: none; margin:10px 0 10px 0; text-align:center;\">\n<div class=\"hb-ad-inarticle\">\r\n    <div class=\"hb-ad-inner\"> \r\n    <div class=\"hbagency_cls\"  id=\"hbagency_space_111930\"><\/div><\/div> <\/div>\n<\/div>\n<p>**\u0218TIRE \u0218OCANT\u0102: Trei juc\u0103tori de la CFR Cluj au luat o decizie proast\u0103\u2026**<\/p>\n<p>&nbsp;<\/p>\n<p>\u00centr-un eveniment nea\u0219teptat care a zguduit vestiarul echipei CFR Cluj, trei juc\u0103tori importan\u021bi au fost implica\u021bi \u00eentr-o situa\u021bie controversat\u0103. Potrivit unor surse apropiate clubului, ace\u0219tia ar fi \u00eenc\u0103lcat regulamentul intern al echipei prin participarea la o petrecere privat\u0103, organizat\u0103 \u00een afara programului \u0219i f\u0103r\u0103 acordul conducerii tehnice.<\/p>\n<p>&nbsp;<\/p>\n<p>Incidentul a avut loc \u00een cursul nop\u021bii trecute, cu doar c\u00e2teva zile \u00eenaintea unui meci crucial din Superliga. Se pare c\u0103 juc\u0103torii au r\u0103mas p\u00e2n\u0103 t\u00e2rziu, iar comportamentul lor a fost considerat iresponsabil, mai ales \u00een contextul \u00een care echipa se afl\u0103 \u00eentr-o lupt\u0103 str\u00e2ns\u0103 pentru calificarea \u00een cupele europene.<\/p>\n<p>&nbsp;<\/p>\n<p>Oficialii clubului au reac\u021bionat rapid, anun\u021b\u00e2nd o anchet\u0103 intern\u0103 \u0219i posibile sanc\u021biuni. \u201cEste inacceptabil ca astfel de fapte s\u0103 afecteze imaginea clubului \u0219i preg\u0103tirea echipei,\u201d a declarat un reprezentant al conducerii.<\/p>\n<p>&nbsp;<\/p>\n<p>Fanii sunt revolta\u021bi pe re\u021belele sociale, iar presiunea public\u0103 ar putea for\u021ba conducerea s\u0103 ia m\u0103suri drastice. R\u0103m\u00e2ne de v\u0103zut dac\u0103 aceast\u0103 decizie proast\u0103 va avea consecin\u021be pe termen lung pentru cariera celor trei j<\/p>\n<p>uc\u0103tori.<\/p>\n\n<div style=\"font-size: 0px; height: 0px; line-height: 0px; margin: 0; padding: 0; clear: both;\"><\/div>","protected":false},"excerpt":{"rendered":"<p>**\u0218TIRE \u0218OCANT\u0102: Trei juc\u0103tori de la CFR Cluj au luat o decizie proast\u0103\u2026** &nbsp; \u00centr-un eveniment nea\u0219teptat care a zguduit vestiarul echipei CFR Cluj, trei juc\u0103tori importan\u021bi au fost implica\u021bi \u00eentr-o situa\u021bie controversat\u0103. Potrivit unor surse apropiate clubului, ace\u0219tia ar fi \u00eenc\u0103lcat regulamentul intern al echipei prin participarea la o petrecere privat\u0103, organizat\u0103 \u00een afara [&hellip;]<\/p>\n","protected":false},"author":1,"featured_media":51360,"comment_status":"open","ping_status":"open","sticky":false,"template":"","format":"standard","meta":{"_jetpack_memberships_contains_paid_content":false,"footnotes":""},"categories":[1],"tags":[],"class_list":["post-51359","post","type-post","status-publish","format-standard","has-post-thumbnail","hentry","category-uncategorized"],"yoast_head":"<!-- This site is optimized with the Yoast SEO plugin v27.4 - https:\/\/yoast.com\/product\/yoast-seo-wordpress\/ -->\n<title>\u0218TIRE \u0218OCANT\u0102: Trei juc\u0103tori de la CFR Cluj au luat o decizie proast\u0103\u2026 cite\u0219te mai mult<\/title>\n<meta name=\"description\" content=\"\u0218TIRE \u0218OCANT\u0102: Trei juc\u0103tori de la CFR Cluj au luat o decizie proast\u0103\u2026 cite\u0219te mai mult\" \/>\n<meta name=\"robots\" content=\"index, follow, max-snippet:-1, max-image-preview:large, max-video-preview:-1\" \/>\n<link rel=\"canonical\" href=\"https:\/\/www.letsportsrock.com\/?p=51359\" \/>\n<meta property=\"og:locale\" content=\"en_US\" \/>\n<meta property=\"og:type\" content=\"article\" \/>\n<meta property=\"og:title\" content=\"\u0218TIRE \u0218OCANT\u0102: Trei juc\u0103tori de la CFR Cluj au luat o decizie proast\u0103\u2026 cite\u0219te mai mult\" \/>\n<meta property=\"og:description\" content=\"\u0218TIRE \u0218OCANT\u0102: Trei juc\u0103tori de la CFR Cluj au luat o decizie proast\u0103\u2026 cite\u0219te mai mult\" \/>\n<meta property=\"og:url\" content=\"https:\/\/www.letsportsrock.com\/?p=51359\" \/>\n<meta property=\"og:site_name\" content=\"letsportsrock\" \/>\n<meta property=\"article:published_time\" content=\"2025-06-29T03:31:07+00:00\" \/>\n<meta property=\"og:image\" content=\"https:\/\/www.letsportsrock.com\/wp-content\/uploads\/2025\/06\/images-25-11.jpeg\" \/>\n\t<meta property=\"og:image:width\" content=\"739\" \/>\n\t<meta property=\"og:image:height\" content=\"415\" \/>\n\t<meta property=\"og:image:type\" content=\"image\/jpeg\" \/>\n<meta name=\"author\" content=\"letsportsrock\" \/>\n<meta name=\"twitter:card\" content=\"summary_large_image\" \/>\n<meta name=\"twitter:label1\" content=\"Written by\" \/>\n\t<meta name=\"twitter:data1\" content=\"letsportsrock\" \/>\n\t<meta name=\"twitter:label2\" content=\"Est. reading time\" \/>\n\t<meta name=\"twitter:data2\" content=\"1 minute\" \/>\n<script type=\"application\/ld+json\" class=\"yoast-schema-graph\">{\"@context\":\"https:\\\/\\\/schema.org\",\"@graph\":[{\"@type\":\"Article\",\"@id\":\"https:\\\/\\\/www.letsportsrock.com\\\/?p=51359#article\",\"isPartOf\":{\"@id\":\"https:\\\/\\\/www.letsportsrock.com\\\/?p=51359\"},\"author\":{\"name\":\"letsportsrock\",\"@id\":\"https:\\\/\\\/www.letsportsrock.com\\\/#\\\/schema\\\/person\\\/a454ac24e58b214ddd97e4b5afb0bf01\"},\"headline\":\"\u0218TIRE \u0218OCANT\u0102: Trei juc\u0103tori de la CFR Cluj au luat o decizie proast\u0103\u2026 cite\u0219te mai mult\",\"datePublished\":\"2025-06-29T03:31:07+00:00\",\"mainEntityOfPage\":{\"@id\":\"https:\\\/\\\/www.letsportsrock.com\\\/?p=51359\"},\"wordCount\":228,\"commentCount\":0,\"image\":{\"@id\":\"https:\\\/\\\/www.letsportsrock.com\\\/?p=51359#primaryimage\"},\"thumbnailUrl\":\"https:\\\/\\\/www.letsportsrock.com\\\/wp-content\\\/uploads\\\/2025\\\/06\\\/images-25-11.jpeg\",\"inLanguage\":\"en-US\",\"potentialAction\":[{\"@type\":\"CommentAction\",\"name\":\"Comment\",\"target\":[\"https:\\\/\\\/www.letsportsrock.com\\\/?p=51359#respond\"]}]},{\"@type\":\"WebPage\",\"@id\":\"https:\\\/\\\/www.letsportsrock.com\\\/?p=51359\",\"url\":\"https:\\\/\\\/www.letsportsrock.com\\\/?p=51359\",\"name\":\"\u0218TIRE \u0218OCANT\u0102: Trei juc\u0103tori de la CFR Cluj au luat o decizie proast\u0103\u2026 cite\u0219te mai mult\",\"isPartOf\":{\"@id\":\"https:\\\/\\\/www.letsportsrock.com\\\/#website\"},\"primaryImageOfPage\":{\"@id\":\"https:\\\/\\\/www.letsportsrock.com\\\/?p=51359#primaryimage\"},\"image\":{\"@id\":\"https:\\\/\\\/www.letsportsrock.com\\\/?p=51359#primaryimage\"},\"thumbnailUrl\":\"https:\\\/\\\/www.letsportsrock.com\\\/wp-content\\\/uploads\\\/2025\\\/06\\\/images-25-11.jpeg\",\"datePublished\":\"2025-06-29T03:31:07+00:00\",\"author\":{\"@id\":\"https:\\\/\\\/www.letsportsrock.com\\\/#\\\/schema\\\/person\\\/a454ac24e58b214ddd97e4b5afb0bf01\"},\"description\":\"\u0218TIRE \u0218OCANT\u0102: Trei juc\u0103tori de la CFR Cluj au luat o decizie proast\u0103\u2026 cite\u0219te mai mult\",\"breadcrumb\":{\"@id\":\"https:\\\/\\\/www.letsportsrock.com\\\/?p=51359#breadcrumb\"},\"inLanguage\":\"en-US\",\"potentialAction\":[{\"@type\":\"ReadAction\",\"target\":[\"https:\\\/\\\/www.letsportsrock.com\\\/?p=51359\"]}]},{\"@type\":\"ImageObject\",\"inLanguage\":\"en-US\",\"@id\":\"https:\\\/\\\/www.letsportsrock.com\\\/?p=51359#primaryimage\",\"url\":\"https:\\\/\\\/www.letsportsrock.com\\\/wp-content\\\/uploads\\\/2025\\\/06\\\/images-25-11.jpeg\",\"contentUrl\":\"https:\\\/\\\/www.letsportsrock.com\\\/wp-content\\\/uploads\\\/2025\\\/06\\\/images-25-11.jpeg\",\"width\":739,\"height\":415},{\"@type\":\"BreadcrumbList\",\"@id\":\"https:\\\/\\\/www.letsportsrock.com\\\/?p=51359#breadcrumb\",\"itemListElement\":[{\"@type\":\"ListItem\",\"position\":1,\"name\":\"Home\",\"item\":\"https:\\\/\\\/www.letsportsrock.com\\\/\"},{\"@type\":\"ListItem\",\"position\":2,\"name\":\"\u0218TIRE \u0218OCANT\u0102: Trei juc\u0103tori de la CFR Cluj au luat o decizie proast\u0103\u2026 cite\u0219te mai mult\"}]},{\"@type\":\"WebSite\",\"@id\":\"https:\\\/\\\/www.letsportsrock.com\\\/#website\",\"url\":\"https:\\\/\\\/www.letsportsrock.com\\\/\",\"name\":\"letsportsrock\",\"description\":\"Sport News and Updates\",\"potentialAction\":[{\"@type\":\"SearchAction\",\"target\":{\"@type\":\"EntryPoint\",\"urlTemplate\":\"https:\\\/\\\/www.letsportsrock.com\\\/?s={search_term_string}\"},\"query-input\":{\"@type\":\"PropertyValueSpecification\",\"valueRequired\":true,\"valueName\":\"search_term_string\"}}],\"inLanguage\":\"en-US\"},{\"@type\":\"Person\",\"@id\":\"https:\\\/\\\/www.letsportsrock.com\\\/#\\\/schema\\\/person\\\/a454ac24e58b214ddd97e4b5afb0bf01\",\"name\":\"letsportsrock\",\"image\":{\"@type\":\"ImageObject\",\"inLanguage\":\"en-US\",\"@id\":\"https:\\\/\\\/secure.gravatar.com\\\/avatar\\\/f8ef950cbb7574c0bc874094b8d307659bfe2d7aa4a9d26fa6917eff010748f9?s=96&d=mm&r=g\",\"url\":\"https:\\\/\\\/secure.gravatar.com\\\/avatar\\\/f8ef950cbb7574c0bc874094b8d307659bfe2d7aa4a9d26fa6917eff010748f9?s=96&d=mm&r=g\",\"contentUrl\":\"https:\\\/\\\/secure.gravatar.com\\\/avatar\\\/f8ef950cbb7574c0bc874094b8d307659bfe2d7aa4a9d26fa6917eff010748f9?s=96&d=mm&r=g\",\"caption\":\"letsportsrock\"},\"sameAs\":[\"https:\\\/\\\/www.letsportsrock.com\"],\"url\":\"https:\\\/\\\/www.letsportsrock.com\\\/?author=1\"}]}<\/script>\n<!-- \/ Yoast SEO plugin. -->","yoast_head_json":{"title":"\u0218TIRE \u0218OCANT\u0102: Trei juc\u0103tori de la CFR Cluj au luat o decizie proast\u0103\u2026 cite\u0219te mai mult","description":"\u0218TIRE \u0218OCANT\u0102: Trei juc\u0103tori de la CFR Cluj au luat o decizie proast\u0103\u2026 cite\u0219te mai mult","robots":{"index":"index","follow":"follow","max-snippet":"max-snippet:-1","max-image-preview":"max-image-preview:large","max-video-preview":"max-video-preview:-1"},"canonical":"https:\/\/www.letsportsrock.com\/?p=51359","og_locale":"en_US","og_type":"article","og_title":"\u0218TIRE \u0218OCANT\u0102: Trei juc\u0103tori de la CFR Cluj au luat o decizie proast\u0103\u2026 cite\u0219te mai mult","og_description":"\u0218TIRE \u0218OCANT\u0102: Trei juc\u0103tori de la CFR Cluj au luat o decizie proast\u0103\u2026 cite\u0219te mai mult","og_url":"https:\/\/www.letsportsrock.com\/?p=51359","og_site_name":"letsportsrock","article_published_time":"2025-06-29T03:31:07+00:00","og_image":[{"width":739,"height":415,"url":"https:\/\/www.letsportsrock.com\/wp-content\/uploads\/2025\/06\/images-25-11.jpeg","type":"image\/jpeg"}],"author":"letsportsrock","twitter_card":"summary_large_image","twitter_misc":{"Written by":"letsportsrock","Est. reading time":"1 minute"},"schema":{"@context":"https:\/\/schema.org","@graph":[{"@type":"Article","@id":"https:\/\/www.letsportsrock.com\/?p=51359#article","isPartOf":{"@id":"https:\/\/www.letsportsrock.com\/?p=51359"},"author":{"name":"letsportsrock","@id":"https:\/\/www.letsportsrock.com\/#\/schema\/person\/a454ac24e58b214ddd97e4b5afb0bf01"},"headline":"\u0218TIRE \u0218OCANT\u0102: Trei juc\u0103tori de la CFR Cluj au luat o decizie proast\u0103\u2026 cite\u0219te mai mult","datePublished":"2025-06-29T03:31:07+00:00","mainEntityOfPage":{"@id":"https:\/\/www.letsportsrock.com\/?p=51359"},"wordCount":228,"commentCount":0,"image":{"@id":"https:\/\/www.letsportsrock.com\/?p=51359#primaryimage"},"thumbnailUrl":"https:\/\/www.letsportsrock.com\/wp-content\/uploads\/2025\/06\/images-25-11.jpeg","inLanguage":"en-US","potentialAction":[{"@type":"CommentAction","name":"Comment","target":["https:\/\/www.letsportsrock.com\/?p=51359#respond"]}]},{"@type":"WebPage","@id":"https:\/\/www.letsportsrock.com\/?p=51359","url":"https:\/\/www.letsportsrock.com\/?p=51359","name":"\u0218TIRE \u0218OCANT\u0102: Trei juc\u0103tori de la CFR Cluj au luat o decizie proast\u0103\u2026 cite\u0219te mai mult","isPartOf":{"@id":"https:\/\/www.letsportsrock.com\/#website"},"primaryImageOfPage":{"@id":"https:\/\/www.letsportsrock.com\/?p=51359#primaryimage"},"image":{"@id":"https:\/\/www.letsportsrock.com\/?p=51359#primaryimage"},"thumbnailUrl":"https:\/\/www.letsportsrock.com\/wp-content\/uploads\/2025\/06\/images-25-11.jpeg","datePublished":"2025-06-29T03:31:07+00:00","author":{"@id":"https:\/\/www.letsportsrock.com\/#\/schema\/person\/a454ac24e58b214ddd97e4b5afb0bf01"},"description":"\u0218TIRE \u0218OCANT\u0102: Trei juc\u0103tori de la CFR Cluj au luat o decizie proast\u0103\u2026 cite\u0219te mai mult","breadcrumb":{"@id":"https:\/\/www.letsportsrock.com\/?p=51359#breadcrumb"},"inLanguage":"en-US","potentialAction":[{"@type":"ReadAction","target":["https:\/\/www.letsportsrock.com\/?p=51359"]}]},{"@type":"ImageObject","inLanguage":"en-US","@id":"https:\/\/www.letsportsrock.com\/?p=51359#primaryimage","url":"https:\/\/www.letsportsrock.com\/wp-content\/uploads\/2025\/06\/images-25-11.jpeg","contentUrl":"https:\/\/www.letsportsrock.com\/wp-content\/uploads\/2025\/06\/images-25-11.jpeg","width":739,"height":415},{"@type":"BreadcrumbList","@id":"https:\/\/www.letsportsrock.com\/?p=51359#breadcrumb","itemListElement":[{"@type":"ListItem","position":1,"name":"Home","item":"https:\/\/www.letsportsrock.com\/"},{"@type":"ListItem","position":2,"name":"\u0218TIRE \u0218OCANT\u0102: Trei juc\u0103tori de la CFR Cluj au luat o decizie proast\u0103\u2026 cite\u0219te mai mult"}]},{"@type":"WebSite","@id":"https:\/\/www.letsportsrock.com\/#website","url":"https:\/\/www.letsportsrock.com\/","name":"letsportsrock","description":"Sport News and Updates","potentialAction":[{"@type":"SearchAction","target":{"@type":"EntryPoint","urlTemplate":"https:\/\/www.letsportsrock.com\/?s={search_term_string}"},"query-input":{"@type":"PropertyValueSpecification","valueRequired":true,"valueName":"search_term_string"}}],"inLanguage":"en-US"},{"@type":"Person","@id":"https:\/\/www.letsportsrock.com\/#\/schema\/person\/a454ac24e58b214ddd97e4b5afb0bf01","name":"letsportsrock","image":{"@type":"ImageObject","inLanguage":"en-US","@id":"https:\/\/secure.gravatar.com\/avatar\/f8ef950cbb7574c0bc874094b8d307659bfe2d7aa4a9d26fa6917eff010748f9?s=96&d=mm&r=g","url":"https:\/\/secure.gravatar.com\/avatar\/f8ef950cbb7574c0bc874094b8d307659bfe2d7aa4a9d26fa6917eff010748f9?s=96&d=mm&r=g","contentUrl":"https:\/\/secure.gravatar.com\/avatar\/f8ef950cbb7574c0bc874094b8d307659bfe2d7aa4a9d26fa6917eff010748f9?s=96&d=mm&r=g","caption":"letsportsrock"},"sameAs":["https:\/\/www.letsportsrock.com"],"url":"https:\/\/www.letsportsrock.com\/?author=1"}]}},"jetpack_featured_media_url":"https:\/\/www.letsportsrock.com\/wp-content\/uploads\/2025\/06\/images-25-11.jpeg","jetpack_sharing_enabled":true,"_links":{"self":[{"href":"https:\/\/www.letsportsrock.com\/index.php?rest_route=\/wp\/v2\/posts\/51359","targetHints":{"allow":["GET"]}}],"collection":[{"href":"https:\/\/www.letsportsrock.com\/index.php?rest_route=\/wp\/v2\/posts"}],"about":[{"href":"https:\/\/www.letsportsrock.com\/index.php?rest_route=\/wp\/v2\/types\/post"}],"author":[{"embeddable":true,"href":"https:\/\/www.letsportsrock.com\/index.php?rest_route=\/wp\/v2\/users\/1"}],"replies":[{"embeddable":true,"href":"https:\/\/www.letsportsrock.com\/index.php?rest_route=%2Fwp%2Fv2%2Fcomments&post=51359"}],"version-history":[{"count":1,"href":"https:\/\/www.letsportsrock.com\/index.php?rest_route=\/wp\/v2\/posts\/51359\/revisions"}],"predecessor-version":[{"id":51361,"href":"https:\/\/www.letsportsrock.com\/index.php?rest_route=\/wp\/v2\/posts\/51359\/revisions\/51361"}],"wp:featuredmedia":[{"embeddable":true,"href":"https:\/\/www.letsportsrock.com\/index.php?rest_route=\/wp\/v2\/media\/51360"}],"wp:attachment":[{"href":"https:\/\/www.letsportsrock.com\/index.php?rest_route=%2Fwp%2Fv2%2Fmedia&parent=51359"}],"wp:term":[{"taxonomy":"category","embeddable":true,"href":"https:\/\/www.letsportsrock.com\/index.php?rest_route=%2Fwp%2Fv2%2Fcategories&post=51359"},{"taxonomy":"post_tag","embeddable":true,"href":"https:\/\/www.letsportsrock.com\/index.php?rest_route=%2Fwp%2Fv2%2Ftags&post=51359"}],"curies":[{"name":"wp","href":"https:\/\/api.w.org\/{rel}","templated":true}]}}