{"id":51473,"date":"2025-06-29T18:04:18","date_gmt":"2025-06-29T18:04:18","guid":{"rendered":"https:\/\/www.letsportsrock.com\/?p=51473"},"modified":"2025-06-29T18:04:18","modified_gmt":"2025-06-29T18:04:18","slug":"este-gata-nicusor-bancu-a-declarat-oficial-ca-nu-mai-8","status":"publish","type":"post","link":"https:\/\/www.letsportsrock.com\/?p=51473","title":{"rendered":"Este gata! Nicu\u0219or Bancu a declarat oficial c\u0103 nu mai&#8230;.."},"content":{"rendered":"<div class=\"d79db4796efc26332eabfc3f5dafbc76\" data-index=\"1\" style=\"float: none; margin:10px 0 10px 0; text-align:center;\">\n<div class=\"hb-ad-inarticle\">\r\n    <div class=\"hb-ad-inner\"> \r\n    <div class=\"hbagency_cls\"  id=\"hbagency_space_111930\"><\/div><\/div> <\/div>\n<\/div>\n<p>Este gata! Nicu\u0219or Bancu a declarat oficial c\u0103 nu mai&#8230;..<\/p>\n<p>&nbsp;<\/p>\n<p>Dup\u0103 ani de munc\u0103, d\u0103ruire \u0219i sacrificii pe terenul de fotbal, c\u0103pitanul Universit\u0103\u021bii Craiova, Nicu\u0219or Bancu, a anun\u021bat oficial c\u0103 nu va mai continua la echipa na\u021bional\u0103 a Rom\u00e2niei. Decizia a fost comunicat\u0103 \u00eentr-o conferin\u021b\u0103 de pres\u0103 emo\u021bionant\u0103, \u00een care funda\u0219ul st\u00e2nga a vorbit deschis despre motivele care au stat la baza acestei hot\u0103r\u00e2ri.<\/p>\n<p><img loading=\"lazy\" decoding=\"async\" class=\"alignnone size-medium wp-image-51475\" src=\"https:\/\/www.letsportsrock.com\/wp-content\/uploads\/2025\/06\/images-2025-06-29T190319.459-300x168.jpeg\" alt=\"\" width=\"300\" height=\"168\" srcset=\"https:\/\/www.letsportsrock.com\/wp-content\/uploads\/2025\/06\/images-2025-06-29T190319.459-300x168.jpeg 300w, https:\/\/www.letsportsrock.com\/wp-content\/uploads\/2025\/06\/images-2025-06-29T190319.459.jpeg 740w\" sizes=\"auto, (max-width: 300px) 100vw, 300px\" \/><\/p>\n<p>\u201eEste momentul s\u0103 las locul altora. Am dat tot ce am avut mai bun pentru tricolor \u0219i sunt m\u00e2ndru de fiecare minut petrecut \u00een echipamentul na\u021bionalei. A fost o onoare \u0219i o responsabilitate imens\u0103\u201d, a declarat Bancu, cu lacrimi \u00een ochi.<\/p>\n<p>&nbsp;<\/p>\n<p>De\u0219i retragerea sa vine \u00eentr-un moment \u00een care Rom\u00e2nia se preg\u0103te\u0219te pentru o nou\u0103 campanie de calificare, Bancu consider\u0103 c\u0103 este timpul s\u0103 se concentreze exclusiv pe cariera de club \u0219i pe via\u021ba personal\u0103.<\/p>\n<p>&nbsp;<\/p>\n<p>Fanii \u0219i colegii de echip\u0103 au reac\u021bionat imediat cu mesaje de sus\u021binere \u0219i recuno\u0219tin\u021b\u0103 pentru parcursul s\u0103u impresionant. De\u0219i nu va mai juca sub culorile na\u021bionalei, Nicu\u0219or Bancu r\u0103m\u00e2ne un simbol al profesionalismului \u0219i al devotamentului \u00een fotbalul rom\u00e2nesc.<\/p>\n\n<div style=\"font-size: 0px; height: 0px; line-height: 0px; margin: 0; padding: 0; clear: both;\"><\/div>","protected":false},"excerpt":{"rendered":"<p>Este gata! Nicu\u0219or Bancu a declarat oficial c\u0103 nu mai&#8230;.. &nbsp; Dup\u0103 ani de munc\u0103, d\u0103ruire \u0219i sacrificii pe terenul de fotbal, c\u0103pitanul Universit\u0103\u021bii Craiova, Nicu\u0219or Bancu, a anun\u021bat oficial c\u0103 nu va mai continua la echipa na\u021bional\u0103 a Rom\u00e2niei. Decizia a fost comunicat\u0103 \u00eentr-o conferin\u021b\u0103 de pres\u0103 emo\u021bionant\u0103, \u00een care funda\u0219ul st\u00e2nga a vorbit [&hellip;]<\/p>\n","protected":false},"author":15,"featured_media":51474,"comment_status":"open","ping_status":"open","sticky":false,"template":"","format":"standard","meta":{"_jetpack_memberships_contains_paid_content":false,"footnotes":""},"categories":[1],"tags":[640],"class_list":["post-51473","post","type-post","status-publish","format-standard","has-post-thumbnail","hentry","category-uncategorized","tag-fan-andrei-ivan"],"yoast_head":"<!-- This site is optimized with the Yoast SEO plugin v27.4 - https:\/\/yoast.com\/product\/yoast-seo-wordpress\/ -->\n<title>Este gata! Nicu\u0219or Bancu a declarat oficial c\u0103 nu mai.....<\/title>\n<meta name=\"description\" content=\"Este gata! Nicu\u0219or Bancu a declarat oficial c\u0103 nu mai.....\" \/>\n<meta name=\"robots\" content=\"index, follow, max-snippet:-1, max-image-preview:large, max-video-preview:-1\" \/>\n<link rel=\"canonical\" href=\"https:\/\/www.letsportsrock.com\/?p=51473\" \/>\n<meta property=\"og:locale\" content=\"en_US\" \/>\n<meta property=\"og:type\" content=\"article\" \/>\n<meta property=\"og:title\" content=\"Este gata! Nicu\u0219or Bancu a declarat oficial c\u0103 nu mai.....\" \/>\n<meta property=\"og:description\" content=\"Este gata! Nicu\u0219or Bancu a declarat oficial c\u0103 nu mai.....\" \/>\n<meta property=\"og:url\" content=\"https:\/\/www.letsportsrock.com\/?p=51473\" \/>\n<meta property=\"og:site_name\" content=\"letsportsrock\" \/>\n<meta property=\"article:published_time\" content=\"2025-06-29T18:04:18+00:00\" \/>\n<meta property=\"og:image\" content=\"https:\/\/www.letsportsrock.com\/wp-content\/uploads\/2025\/06\/images-2025-06-29T190302.141.jpeg\" \/>\n\t<meta property=\"og:image:width\" content=\"739\" \/>\n\t<meta property=\"og:image:height\" content=\"415\" \/>\n\t<meta property=\"og:image:type\" content=\"image\/jpeg\" \/>\n<meta name=\"author\" content=\"Amos Nabizo\" \/>\n<meta name=\"twitter:card\" content=\"summary_large_image\" \/>\n<meta name=\"twitter:label1\" content=\"Written by\" \/>\n\t<meta name=\"twitter:data1\" content=\"Amos Nabizo\" \/>\n\t<meta name=\"twitter:label2\" content=\"Est. reading time\" \/>\n\t<meta name=\"twitter:data2\" content=\"2 minutes\" \/>\n<script type=\"application\/ld+json\" class=\"yoast-schema-graph\">{\"@context\":\"https:\\\/\\\/schema.org\",\"@graph\":[{\"@type\":\"Article\",\"@id\":\"https:\\\/\\\/www.letsportsrock.com\\\/?p=51473#article\",\"isPartOf\":{\"@id\":\"https:\\\/\\\/www.letsportsrock.com\\\/?p=51473\"},\"author\":{\"name\":\"Amos Nabizo\",\"@id\":\"https:\\\/\\\/www.letsportsrock.com\\\/#\\\/schema\\\/person\\\/044479f72bdbd75f9523e745d3be6c30\"},\"headline\":\"Este gata! Nicu\u0219or Bancu a declarat oficial c\u0103 nu mai&#8230;..\",\"datePublished\":\"2025-06-29T18:04:18+00:00\",\"mainEntityOfPage\":{\"@id\":\"https:\\\/\\\/www.letsportsrock.com\\\/?p=51473\"},\"wordCount\":222,\"commentCount\":0,\"image\":{\"@id\":\"https:\\\/\\\/www.letsportsrock.com\\\/?p=51473#primaryimage\"},\"thumbnailUrl\":\"https:\\\/\\\/www.letsportsrock.com\\\/wp-content\\\/uploads\\\/2025\\\/06\\\/images-2025-06-29T190302.141.jpeg\",\"keywords\":[\"Fan Andrei Ivan\"],\"inLanguage\":\"en-US\",\"potentialAction\":[{\"@type\":\"CommentAction\",\"name\":\"Comment\",\"target\":[\"https:\\\/\\\/www.letsportsrock.com\\\/?p=51473#respond\"]}]},{\"@type\":\"WebPage\",\"@id\":\"https:\\\/\\\/www.letsportsrock.com\\\/?p=51473\",\"url\":\"https:\\\/\\\/www.letsportsrock.com\\\/?p=51473\",\"name\":\"Este gata! Nicu\u0219or Bancu a declarat oficial c\u0103 nu mai.....\",\"isPartOf\":{\"@id\":\"https:\\\/\\\/www.letsportsrock.com\\\/#website\"},\"primaryImageOfPage\":{\"@id\":\"https:\\\/\\\/www.letsportsrock.com\\\/?p=51473#primaryimage\"},\"image\":{\"@id\":\"https:\\\/\\\/www.letsportsrock.com\\\/?p=51473#primaryimage\"},\"thumbnailUrl\":\"https:\\\/\\\/www.letsportsrock.com\\\/wp-content\\\/uploads\\\/2025\\\/06\\\/images-2025-06-29T190302.141.jpeg\",\"datePublished\":\"2025-06-29T18:04:18+00:00\",\"author\":{\"@id\":\"https:\\\/\\\/www.letsportsrock.com\\\/#\\\/schema\\\/person\\\/044479f72bdbd75f9523e745d3be6c30\"},\"description\":\"Este gata! Nicu\u0219or Bancu a declarat oficial c\u0103 nu mai.....\",\"breadcrumb\":{\"@id\":\"https:\\\/\\\/www.letsportsrock.com\\\/?p=51473#breadcrumb\"},\"inLanguage\":\"en-US\",\"potentialAction\":[{\"@type\":\"ReadAction\",\"target\":[\"https:\\\/\\\/www.letsportsrock.com\\\/?p=51473\"]}]},{\"@type\":\"ImageObject\",\"inLanguage\":\"en-US\",\"@id\":\"https:\\\/\\\/www.letsportsrock.com\\\/?p=51473#primaryimage\",\"url\":\"https:\\\/\\\/www.letsportsrock.com\\\/wp-content\\\/uploads\\\/2025\\\/06\\\/images-2025-06-29T190302.141.jpeg\",\"contentUrl\":\"https:\\\/\\\/www.letsportsrock.com\\\/wp-content\\\/uploads\\\/2025\\\/06\\\/images-2025-06-29T190302.141.jpeg\",\"width\":739,\"height\":415},{\"@type\":\"BreadcrumbList\",\"@id\":\"https:\\\/\\\/www.letsportsrock.com\\\/?p=51473#breadcrumb\",\"itemListElement\":[{\"@type\":\"ListItem\",\"position\":1,\"name\":\"Home\",\"item\":\"https:\\\/\\\/www.letsportsrock.com\\\/\"},{\"@type\":\"ListItem\",\"position\":2,\"name\":\"Este gata! Nicu\u0219or Bancu a declarat oficial c\u0103 nu mai&#8230;..\"}]},{\"@type\":\"WebSite\",\"@id\":\"https:\\\/\\\/www.letsportsrock.com\\\/#website\",\"url\":\"https:\\\/\\\/www.letsportsrock.com\\\/\",\"name\":\"letsportsrock\",\"description\":\"Sport News and Updates\",\"potentialAction\":[{\"@type\":\"SearchAction\",\"target\":{\"@type\":\"EntryPoint\",\"urlTemplate\":\"https:\\\/\\\/www.letsportsrock.com\\\/?s={search_term_string}\"},\"query-input\":{\"@type\":\"PropertyValueSpecification\",\"valueRequired\":true,\"valueName\":\"search_term_string\"}}],\"inLanguage\":\"en-US\"},{\"@type\":\"Person\",\"@id\":\"https:\\\/\\\/www.letsportsrock.com\\\/#\\\/schema\\\/person\\\/044479f72bdbd75f9523e745d3be6c30\",\"name\":\"Amos Nabizo\",\"image\":{\"@type\":\"ImageObject\",\"inLanguage\":\"en-US\",\"@id\":\"https:\\\/\\\/secure.gravatar.com\\\/avatar\\\/d569857c07d3899c6ca842ffea32daa1672c05549833530fe37e68ae7b521ba4?s=96&d=mm&r=g\",\"url\":\"https:\\\/\\\/secure.gravatar.com\\\/avatar\\\/d569857c07d3899c6ca842ffea32daa1672c05549833530fe37e68ae7b521ba4?s=96&d=mm&r=g\",\"contentUrl\":\"https:\\\/\\\/secure.gravatar.com\\\/avatar\\\/d569857c07d3899c6ca842ffea32daa1672c05549833530fe37e68ae7b521ba4?s=96&d=mm&r=g\",\"caption\":\"Amos Nabizo\"},\"sameAs\":[\"https:\\\/\\\/www.letsportsrock.com\\\/wp-admin\\\/\"],\"url\":\"https:\\\/\\\/www.letsportsrock.com\\\/?author=15\"}]}<\/script>\n<!-- \/ Yoast SEO plugin. -->","yoast_head_json":{"title":"Este gata! Nicu\u0219or Bancu a declarat oficial c\u0103 nu mai.....","description":"Este gata! Nicu\u0219or Bancu a declarat oficial c\u0103 nu mai.....","robots":{"index":"index","follow":"follow","max-snippet":"max-snippet:-1","max-image-preview":"max-image-preview:large","max-video-preview":"max-video-preview:-1"},"canonical":"https:\/\/www.letsportsrock.com\/?p=51473","og_locale":"en_US","og_type":"article","og_title":"Este gata! Nicu\u0219or Bancu a declarat oficial c\u0103 nu mai.....","og_description":"Este gata! Nicu\u0219or Bancu a declarat oficial c\u0103 nu mai.....","og_url":"https:\/\/www.letsportsrock.com\/?p=51473","og_site_name":"letsportsrock","article_published_time":"2025-06-29T18:04:18+00:00","og_image":[{"width":739,"height":415,"url":"https:\/\/www.letsportsrock.com\/wp-content\/uploads\/2025\/06\/images-2025-06-29T190302.141.jpeg","type":"image\/jpeg"}],"author":"Amos Nabizo","twitter_card":"summary_large_image","twitter_misc":{"Written by":"Amos Nabizo","Est. reading time":"2 minutes"},"schema":{"@context":"https:\/\/schema.org","@graph":[{"@type":"Article","@id":"https:\/\/www.letsportsrock.com\/?p=51473#article","isPartOf":{"@id":"https:\/\/www.letsportsrock.com\/?p=51473"},"author":{"name":"Amos Nabizo","@id":"https:\/\/www.letsportsrock.com\/#\/schema\/person\/044479f72bdbd75f9523e745d3be6c30"},"headline":"Este gata! Nicu\u0219or Bancu a declarat oficial c\u0103 nu mai&#8230;..","datePublished":"2025-06-29T18:04:18+00:00","mainEntityOfPage":{"@id":"https:\/\/www.letsportsrock.com\/?p=51473"},"wordCount":222,"commentCount":0,"image":{"@id":"https:\/\/www.letsportsrock.com\/?p=51473#primaryimage"},"thumbnailUrl":"https:\/\/www.letsportsrock.com\/wp-content\/uploads\/2025\/06\/images-2025-06-29T190302.141.jpeg","keywords":["Fan Andrei Ivan"],"inLanguage":"en-US","potentialAction":[{"@type":"CommentAction","name":"Comment","target":["https:\/\/www.letsportsrock.com\/?p=51473#respond"]}]},{"@type":"WebPage","@id":"https:\/\/www.letsportsrock.com\/?p=51473","url":"https:\/\/www.letsportsrock.com\/?p=51473","name":"Este gata! Nicu\u0219or Bancu a declarat oficial c\u0103 nu mai.....","isPartOf":{"@id":"https:\/\/www.letsportsrock.com\/#website"},"primaryImageOfPage":{"@id":"https:\/\/www.letsportsrock.com\/?p=51473#primaryimage"},"image":{"@id":"https:\/\/www.letsportsrock.com\/?p=51473#primaryimage"},"thumbnailUrl":"https:\/\/www.letsportsrock.com\/wp-content\/uploads\/2025\/06\/images-2025-06-29T190302.141.jpeg","datePublished":"2025-06-29T18:04:18+00:00","author":{"@id":"https:\/\/www.letsportsrock.com\/#\/schema\/person\/044479f72bdbd75f9523e745d3be6c30"},"description":"Este gata! Nicu\u0219or Bancu a declarat oficial c\u0103 nu mai.....","breadcrumb":{"@id":"https:\/\/www.letsportsrock.com\/?p=51473#breadcrumb"},"inLanguage":"en-US","potentialAction":[{"@type":"ReadAction","target":["https:\/\/www.letsportsrock.com\/?p=51473"]}]},{"@type":"ImageObject","inLanguage":"en-US","@id":"https:\/\/www.letsportsrock.com\/?p=51473#primaryimage","url":"https:\/\/www.letsportsrock.com\/wp-content\/uploads\/2025\/06\/images-2025-06-29T190302.141.jpeg","contentUrl":"https:\/\/www.letsportsrock.com\/wp-content\/uploads\/2025\/06\/images-2025-06-29T190302.141.jpeg","width":739,"height":415},{"@type":"BreadcrumbList","@id":"https:\/\/www.letsportsrock.com\/?p=51473#breadcrumb","itemListElement":[{"@type":"ListItem","position":1,"name":"Home","item":"https:\/\/www.letsportsrock.com\/"},{"@type":"ListItem","position":2,"name":"Este gata! Nicu\u0219or Bancu a declarat oficial c\u0103 nu mai&#8230;.."}]},{"@type":"WebSite","@id":"https:\/\/www.letsportsrock.com\/#website","url":"https:\/\/www.letsportsrock.com\/","name":"letsportsrock","description":"Sport News and Updates","potentialAction":[{"@type":"SearchAction","target":{"@type":"EntryPoint","urlTemplate":"https:\/\/www.letsportsrock.com\/?s={search_term_string}"},"query-input":{"@type":"PropertyValueSpecification","valueRequired":true,"valueName":"search_term_string"}}],"inLanguage":"en-US"},{"@type":"Person","@id":"https:\/\/www.letsportsrock.com\/#\/schema\/person\/044479f72bdbd75f9523e745d3be6c30","name":"Amos Nabizo","image":{"@type":"ImageObject","inLanguage":"en-US","@id":"https:\/\/secure.gravatar.com\/avatar\/d569857c07d3899c6ca842ffea32daa1672c05549833530fe37e68ae7b521ba4?s=96&d=mm&r=g","url":"https:\/\/secure.gravatar.com\/avatar\/d569857c07d3899c6ca842ffea32daa1672c05549833530fe37e68ae7b521ba4?s=96&d=mm&r=g","contentUrl":"https:\/\/secure.gravatar.com\/avatar\/d569857c07d3899c6ca842ffea32daa1672c05549833530fe37e68ae7b521ba4?s=96&d=mm&r=g","caption":"Amos Nabizo"},"sameAs":["https:\/\/www.letsportsrock.com\/wp-admin\/"],"url":"https:\/\/www.letsportsrock.com\/?author=15"}]}},"jetpack_featured_media_url":"https:\/\/www.letsportsrock.com\/wp-content\/uploads\/2025\/06\/images-2025-06-29T190302.141.jpeg","jetpack_sharing_enabled":true,"_links":{"self":[{"href":"https:\/\/www.letsportsrock.com\/index.php?rest_route=\/wp\/v2\/posts\/51473","targetHints":{"allow":["GET"]}}],"collection":[{"href":"https:\/\/www.letsportsrock.com\/index.php?rest_route=\/wp\/v2\/posts"}],"about":[{"href":"https:\/\/www.letsportsrock.com\/index.php?rest_route=\/wp\/v2\/types\/post"}],"author":[{"embeddable":true,"href":"https:\/\/www.letsportsrock.com\/index.php?rest_route=\/wp\/v2\/users\/15"}],"replies":[{"embeddable":true,"href":"https:\/\/www.letsportsrock.com\/index.php?rest_route=%2Fwp%2Fv2%2Fcomments&post=51473"}],"version-history":[{"count":1,"href":"https:\/\/www.letsportsrock.com\/index.php?rest_route=\/wp\/v2\/posts\/51473\/revisions"}],"predecessor-version":[{"id":51476,"href":"https:\/\/www.letsportsrock.com\/index.php?rest_route=\/wp\/v2\/posts\/51473\/revisions\/51476"}],"wp:featuredmedia":[{"embeddable":true,"href":"https:\/\/www.letsportsrock.com\/index.php?rest_route=\/wp\/v2\/media\/51474"}],"wp:attachment":[{"href":"https:\/\/www.letsportsrock.com\/index.php?rest_route=%2Fwp%2Fv2%2Fmedia&parent=51473"}],"wp:term":[{"taxonomy":"category","embeddable":true,"href":"https:\/\/www.letsportsrock.com\/index.php?rest_route=%2Fwp%2Fv2%2Fcategories&post=51473"},{"taxonomy":"post_tag","embeddable":true,"href":"https:\/\/www.letsportsrock.com\/index.php?rest_route=%2Fwp%2Fv2%2Ftags&post=51473"}],"curies":[{"name":"wp","href":"https:\/\/api.w.org\/{rel}","templated":true}]}}