{"id":51490,"date":"2025-06-29T18:33:46","date_gmt":"2025-06-29T18:33:46","guid":{"rendered":"https:\/\/www.letsportsrock.com\/?p=51490"},"modified":"2025-06-29T18:33:46","modified_gmt":"2025-06-29T18:33:46","slug":"dupa-o-cearta-cu-directorul-general-antrenorul-principal-al-universitatii-craiova-a-anuntat-ca-va-parasi-echipa-citeste-mai-mult","status":"publish","type":"post","link":"https:\/\/www.letsportsrock.com\/?p=51490","title":{"rendered":"Dup\u0103 o ceart\u0103 cu directorul general, antrenorul principal al Universit\u0103\u021bii Craiova a anun\u021bat c\u0103 va p\u0103r\u0103si echipa\u2026. cite\u0219te mai mult"},"content":{"rendered":"<div class=\"d79db4796efc26332eabfc3f5dafbc76\" data-index=\"1\" style=\"float: none; margin:10px 0 10px 0; text-align:center;\">\n<div class=\"hb-ad-inarticle\">\r\n    <div class=\"hb-ad-inner\"> \r\n    <div class=\"hbagency_cls\"  id=\"hbagency_space_111930\"><\/div><\/div> <\/div>\n<\/div>\n<p>Mai jos ai un rezumat \u00een limba rom\u00e2n\u0103, de aproximativ 200 de cuvinte, despre demisia antrenorului Universit\u0103\u021bii Craiova dup\u0103 o ceart\u0103 cu directorul general:<\/p>\n<p>&nbsp;<\/p>\n<p>&#8212;<\/p>\n<p>&nbsp;<\/p>\n<p>Universitatea Craiova a r\u0103mas recent f\u0103r\u0103 antrenorul principal, dup\u0103 ce Constantin G\u00e2lc\u0103 \u2013 numit \u00een aprilie 2024 \u2013 a decis s\u0103 rezilieze de comun acord contractul cu clubul. Decizia survine \u00een contextul unor rezultate fluctuan\u00adte: dup\u0103 remiza 1\u20111 cu Dinamo \u0219i \u00eenfr\u00e2ngerea 0\u20111 \u00een fa\u021ba Rapidului, conducerea, \u00een frunte cu directorul general, ar fi avut un schimb de replici aprin\u00adse cu G\u00e2lc\u0103. Surse apropiate clubului sugereaz\u0103 c\u0103, \u00een urma acestei dispute, antrenorul \u0219i stafful s\u0103u (secunzii Uzunea \u0219i Matei, al\u0103turi de preparatorul fizic Prun\u0103) ar fi ajuns la concluzia c\u0103 cel mai bun pas este desp\u0103r\u021birea amiabil\u0103 ([agerpres.ro][1]).<\/p>\n<p>&nbsp;<\/p>\n<p>Pe pagina oficial\u0103 de Facebook, clubul a confirmat revenirea la o colaborare amiabil\u0103, subliniind faptul c\u0103 nu au existat tensiuni majore, doar o incompatibilitate de viziune \u00eentre echip\u0103 \u0219i stafful tehnic . Situa\u021bia a creat un vid la nivelul staffului, iar obiectivul oltenilor\u2014locul \u00een play-off-ul Superligii\u2014devine vital.<\/p>\n<p>&nbsp;<\/p>\n<p>\u00cen doar c\u00e2teva ore dup\u0103 plecarea lui G\u00e2lc\u0103, clubul a anun\u021bat numirea lui Mirel R\u0103doi, fost selec\u021bioner \u0219i antrenor al echipei \u00een 2022. Acesta a semnat un contract pe un an \u0219i jum\u0103tate \u0219i urmeaz\u0103 s\u0103 debuteze cu partida \u00eempotriva Politehnicii Ia\u0219i ([eurosport.ro][2]).<\/p>\n<p>&nbsp;<\/p>\n<p>&#8212;<\/p>\n<p>&nbsp;<\/p>\n<p>Dac\u0103 vrei \u0219i detalii despre viitorul staff tehnic sau reac\u021biile publice, spune-mi \u0219i \u00ee\u021bi pot aduce complet\u0103ri!<\/p>\n<p>&nbsp;<\/p>\n\n<div style=\"font-size: 0px; height: 0px; line-height: 0px; margin: 0; padding: 0; clear: both;\"><\/div>","protected":false},"excerpt":{"rendered":"<p>Mai jos ai un rezumat \u00een limba rom\u00e2n\u0103, de aproximativ 200 de cuvinte, despre demisia antrenorului Universit\u0103\u021bii Craiova dup\u0103 o ceart\u0103 cu directorul general: &nbsp; &#8212; &nbsp; Universitatea Craiova a r\u0103mas recent f\u0103r\u0103 antrenorul principal, dup\u0103 ce Constantin G\u00e2lc\u0103 \u2013 numit \u00een aprilie 2024 \u2013 a decis s\u0103 rezilieze de comun acord contractul cu clubul. [&hellip;]<\/p>\n","protected":false},"author":1,"featured_media":51491,"comment_status":"open","ping_status":"open","sticky":false,"template":"","format":"standard","meta":{"_jetpack_memberships_contains_paid_content":false,"footnotes":""},"categories":[1],"tags":[],"class_list":["post-51490","post","type-post","status-publish","format-standard","has-post-thumbnail","hentry","category-uncategorized"],"yoast_head":"<!-- This site is optimized with the Yoast SEO plugin v27.4 - https:\/\/yoast.com\/product\/yoast-seo-wordpress\/ -->\n<title>Dup\u0103 o ceart\u0103 cu directorul general, antrenorul principal al Universit\u0103\u021bii Craiova a anun\u021bat c\u0103 va p\u0103r\u0103si echipa\u2026. cite\u0219te mai mult<\/title>\n<meta name=\"description\" content=\"Dup\u0103 o ceart\u0103 cu directorul general, antrenorul principal al Universit\u0103\u021bii Craiova a anun\u021bat c\u0103 va p\u0103r\u0103si echipa\u2026. cite\u0219te mai mult\" \/>\n<meta name=\"robots\" content=\"index, follow, max-snippet:-1, max-image-preview:large, max-video-preview:-1\" \/>\n<link rel=\"canonical\" href=\"https:\/\/www.letsportsrock.com\/?p=51490\" \/>\n<meta property=\"og:locale\" content=\"en_US\" \/>\n<meta property=\"og:type\" content=\"article\" \/>\n<meta property=\"og:title\" content=\"Dup\u0103 o ceart\u0103 cu directorul general, antrenorul principal al Universit\u0103\u021bii Craiova a anun\u021bat c\u0103 va p\u0103r\u0103si echipa\u2026. cite\u0219te mai mult\" \/>\n<meta property=\"og:description\" content=\"Dup\u0103 o ceart\u0103 cu directorul general, antrenorul principal al Universit\u0103\u021bii Craiova a anun\u021bat c\u0103 va p\u0103r\u0103si echipa\u2026. cite\u0219te mai mult\" \/>\n<meta property=\"og:url\" content=\"https:\/\/www.letsportsrock.com\/?p=51490\" \/>\n<meta property=\"og:site_name\" content=\"letsportsrock\" \/>\n<meta property=\"article:published_time\" content=\"2025-06-29T18:33:46+00:00\" \/>\n<meta property=\"og:image\" content=\"https:\/\/www.letsportsrock.com\/wp-content\/uploads\/2025\/06\/images-51-6.jpeg\" \/>\n\t<meta property=\"og:image:width\" content=\"709\" \/>\n\t<meta property=\"og:image:height\" content=\"433\" \/>\n\t<meta property=\"og:image:type\" content=\"image\/jpeg\" \/>\n<meta name=\"author\" content=\"letsportsrock\" \/>\n<meta name=\"twitter:card\" content=\"summary_large_image\" \/>\n<meta name=\"twitter:label1\" content=\"Written by\" \/>\n\t<meta name=\"twitter:data1\" content=\"letsportsrock\" \/>\n\t<meta name=\"twitter:label2\" content=\"Est. reading time\" \/>\n\t<meta name=\"twitter:data2\" content=\"2 minutes\" \/>\n<script type=\"application\/ld+json\" class=\"yoast-schema-graph\">{\"@context\":\"https:\\\/\\\/schema.org\",\"@graph\":[{\"@type\":\"Article\",\"@id\":\"https:\\\/\\\/www.letsportsrock.com\\\/?p=51490#article\",\"isPartOf\":{\"@id\":\"https:\\\/\\\/www.letsportsrock.com\\\/?p=51490\"},\"author\":{\"name\":\"letsportsrock\",\"@id\":\"https:\\\/\\\/www.letsportsrock.com\\\/#\\\/schema\\\/person\\\/a454ac24e58b214ddd97e4b5afb0bf01\"},\"headline\":\"Dup\u0103 o ceart\u0103 cu directorul general, antrenorul principal al Universit\u0103\u021bii Craiova a anun\u021bat c\u0103 va p\u0103r\u0103si echipa\u2026. cite\u0219te mai mult\",\"datePublished\":\"2025-06-29T18:33:46+00:00\",\"mainEntityOfPage\":{\"@id\":\"https:\\\/\\\/www.letsportsrock.com\\\/?p=51490\"},\"wordCount\":283,\"commentCount\":0,\"image\":{\"@id\":\"https:\\\/\\\/www.letsportsrock.com\\\/?p=51490#primaryimage\"},\"thumbnailUrl\":\"https:\\\/\\\/www.letsportsrock.com\\\/wp-content\\\/uploads\\\/2025\\\/06\\\/images-51-6.jpeg\",\"inLanguage\":\"en-US\",\"potentialAction\":[{\"@type\":\"CommentAction\",\"name\":\"Comment\",\"target\":[\"https:\\\/\\\/www.letsportsrock.com\\\/?p=51490#respond\"]}]},{\"@type\":\"WebPage\",\"@id\":\"https:\\\/\\\/www.letsportsrock.com\\\/?p=51490\",\"url\":\"https:\\\/\\\/www.letsportsrock.com\\\/?p=51490\",\"name\":\"Dup\u0103 o ceart\u0103 cu directorul general, antrenorul principal al Universit\u0103\u021bii Craiova a anun\u021bat c\u0103 va p\u0103r\u0103si echipa\u2026. cite\u0219te mai mult\",\"isPartOf\":{\"@id\":\"https:\\\/\\\/www.letsportsrock.com\\\/#website\"},\"primaryImageOfPage\":{\"@id\":\"https:\\\/\\\/www.letsportsrock.com\\\/?p=51490#primaryimage\"},\"image\":{\"@id\":\"https:\\\/\\\/www.letsportsrock.com\\\/?p=51490#primaryimage\"},\"thumbnailUrl\":\"https:\\\/\\\/www.letsportsrock.com\\\/wp-content\\\/uploads\\\/2025\\\/06\\\/images-51-6.jpeg\",\"datePublished\":\"2025-06-29T18:33:46+00:00\",\"author\":{\"@id\":\"https:\\\/\\\/www.letsportsrock.com\\\/#\\\/schema\\\/person\\\/a454ac24e58b214ddd97e4b5afb0bf01\"},\"description\":\"Dup\u0103 o ceart\u0103 cu directorul general, antrenorul principal al Universit\u0103\u021bii Craiova a anun\u021bat c\u0103 va p\u0103r\u0103si echipa\u2026. cite\u0219te mai mult\",\"breadcrumb\":{\"@id\":\"https:\\\/\\\/www.letsportsrock.com\\\/?p=51490#breadcrumb\"},\"inLanguage\":\"en-US\",\"potentialAction\":[{\"@type\":\"ReadAction\",\"target\":[\"https:\\\/\\\/www.letsportsrock.com\\\/?p=51490\"]}]},{\"@type\":\"ImageObject\",\"inLanguage\":\"en-US\",\"@id\":\"https:\\\/\\\/www.letsportsrock.com\\\/?p=51490#primaryimage\",\"url\":\"https:\\\/\\\/www.letsportsrock.com\\\/wp-content\\\/uploads\\\/2025\\\/06\\\/images-51-6.jpeg\",\"contentUrl\":\"https:\\\/\\\/www.letsportsrock.com\\\/wp-content\\\/uploads\\\/2025\\\/06\\\/images-51-6.jpeg\",\"width\":709,\"height\":433},{\"@type\":\"BreadcrumbList\",\"@id\":\"https:\\\/\\\/www.letsportsrock.com\\\/?p=51490#breadcrumb\",\"itemListElement\":[{\"@type\":\"ListItem\",\"position\":1,\"name\":\"Home\",\"item\":\"https:\\\/\\\/www.letsportsrock.com\\\/\"},{\"@type\":\"ListItem\",\"position\":2,\"name\":\"Dup\u0103 o ceart\u0103 cu directorul general, antrenorul principal al Universit\u0103\u021bii Craiova a anun\u021bat c\u0103 va p\u0103r\u0103si echipa\u2026. cite\u0219te mai mult\"}]},{\"@type\":\"WebSite\",\"@id\":\"https:\\\/\\\/www.letsportsrock.com\\\/#website\",\"url\":\"https:\\\/\\\/www.letsportsrock.com\\\/\",\"name\":\"letsportsrock\",\"description\":\"Sport News and Updates\",\"potentialAction\":[{\"@type\":\"SearchAction\",\"target\":{\"@type\":\"EntryPoint\",\"urlTemplate\":\"https:\\\/\\\/www.letsportsrock.com\\\/?s={search_term_string}\"},\"query-input\":{\"@type\":\"PropertyValueSpecification\",\"valueRequired\":true,\"valueName\":\"search_term_string\"}}],\"inLanguage\":\"en-US\"},{\"@type\":\"Person\",\"@id\":\"https:\\\/\\\/www.letsportsrock.com\\\/#\\\/schema\\\/person\\\/a454ac24e58b214ddd97e4b5afb0bf01\",\"name\":\"letsportsrock\",\"image\":{\"@type\":\"ImageObject\",\"inLanguage\":\"en-US\",\"@id\":\"https:\\\/\\\/secure.gravatar.com\\\/avatar\\\/f8ef950cbb7574c0bc874094b8d307659bfe2d7aa4a9d26fa6917eff010748f9?s=96&d=mm&r=g\",\"url\":\"https:\\\/\\\/secure.gravatar.com\\\/avatar\\\/f8ef950cbb7574c0bc874094b8d307659bfe2d7aa4a9d26fa6917eff010748f9?s=96&d=mm&r=g\",\"contentUrl\":\"https:\\\/\\\/secure.gravatar.com\\\/avatar\\\/f8ef950cbb7574c0bc874094b8d307659bfe2d7aa4a9d26fa6917eff010748f9?s=96&d=mm&r=g\",\"caption\":\"letsportsrock\"},\"sameAs\":[\"https:\\\/\\\/www.letsportsrock.com\"],\"url\":\"https:\\\/\\\/www.letsportsrock.com\\\/?author=1\"}]}<\/script>\n<!-- \/ Yoast SEO plugin. -->","yoast_head_json":{"title":"Dup\u0103 o ceart\u0103 cu directorul general, antrenorul principal al Universit\u0103\u021bii Craiova a anun\u021bat c\u0103 va p\u0103r\u0103si echipa\u2026. cite\u0219te mai mult","description":"Dup\u0103 o ceart\u0103 cu directorul general, antrenorul principal al Universit\u0103\u021bii Craiova a anun\u021bat c\u0103 va p\u0103r\u0103si echipa\u2026. cite\u0219te mai mult","robots":{"index":"index","follow":"follow","max-snippet":"max-snippet:-1","max-image-preview":"max-image-preview:large","max-video-preview":"max-video-preview:-1"},"canonical":"https:\/\/www.letsportsrock.com\/?p=51490","og_locale":"en_US","og_type":"article","og_title":"Dup\u0103 o ceart\u0103 cu directorul general, antrenorul principal al Universit\u0103\u021bii Craiova a anun\u021bat c\u0103 va p\u0103r\u0103si echipa\u2026. cite\u0219te mai mult","og_description":"Dup\u0103 o ceart\u0103 cu directorul general, antrenorul principal al Universit\u0103\u021bii Craiova a anun\u021bat c\u0103 va p\u0103r\u0103si echipa\u2026. cite\u0219te mai mult","og_url":"https:\/\/www.letsportsrock.com\/?p=51490","og_site_name":"letsportsrock","article_published_time":"2025-06-29T18:33:46+00:00","og_image":[{"width":709,"height":433,"url":"https:\/\/www.letsportsrock.com\/wp-content\/uploads\/2025\/06\/images-51-6.jpeg","type":"image\/jpeg"}],"author":"letsportsrock","twitter_card":"summary_large_image","twitter_misc":{"Written by":"letsportsrock","Est. reading time":"2 minutes"},"schema":{"@context":"https:\/\/schema.org","@graph":[{"@type":"Article","@id":"https:\/\/www.letsportsrock.com\/?p=51490#article","isPartOf":{"@id":"https:\/\/www.letsportsrock.com\/?p=51490"},"author":{"name":"letsportsrock","@id":"https:\/\/www.letsportsrock.com\/#\/schema\/person\/a454ac24e58b214ddd97e4b5afb0bf01"},"headline":"Dup\u0103 o ceart\u0103 cu directorul general, antrenorul principal al Universit\u0103\u021bii Craiova a anun\u021bat c\u0103 va p\u0103r\u0103si echipa\u2026. cite\u0219te mai mult","datePublished":"2025-06-29T18:33:46+00:00","mainEntityOfPage":{"@id":"https:\/\/www.letsportsrock.com\/?p=51490"},"wordCount":283,"commentCount":0,"image":{"@id":"https:\/\/www.letsportsrock.com\/?p=51490#primaryimage"},"thumbnailUrl":"https:\/\/www.letsportsrock.com\/wp-content\/uploads\/2025\/06\/images-51-6.jpeg","inLanguage":"en-US","potentialAction":[{"@type":"CommentAction","name":"Comment","target":["https:\/\/www.letsportsrock.com\/?p=51490#respond"]}]},{"@type":"WebPage","@id":"https:\/\/www.letsportsrock.com\/?p=51490","url":"https:\/\/www.letsportsrock.com\/?p=51490","name":"Dup\u0103 o ceart\u0103 cu directorul general, antrenorul principal al Universit\u0103\u021bii Craiova a anun\u021bat c\u0103 va p\u0103r\u0103si echipa\u2026. cite\u0219te mai mult","isPartOf":{"@id":"https:\/\/www.letsportsrock.com\/#website"},"primaryImageOfPage":{"@id":"https:\/\/www.letsportsrock.com\/?p=51490#primaryimage"},"image":{"@id":"https:\/\/www.letsportsrock.com\/?p=51490#primaryimage"},"thumbnailUrl":"https:\/\/www.letsportsrock.com\/wp-content\/uploads\/2025\/06\/images-51-6.jpeg","datePublished":"2025-06-29T18:33:46+00:00","author":{"@id":"https:\/\/www.letsportsrock.com\/#\/schema\/person\/a454ac24e58b214ddd97e4b5afb0bf01"},"description":"Dup\u0103 o ceart\u0103 cu directorul general, antrenorul principal al Universit\u0103\u021bii Craiova a anun\u021bat c\u0103 va p\u0103r\u0103si echipa\u2026. cite\u0219te mai mult","breadcrumb":{"@id":"https:\/\/www.letsportsrock.com\/?p=51490#breadcrumb"},"inLanguage":"en-US","potentialAction":[{"@type":"ReadAction","target":["https:\/\/www.letsportsrock.com\/?p=51490"]}]},{"@type":"ImageObject","inLanguage":"en-US","@id":"https:\/\/www.letsportsrock.com\/?p=51490#primaryimage","url":"https:\/\/www.letsportsrock.com\/wp-content\/uploads\/2025\/06\/images-51-6.jpeg","contentUrl":"https:\/\/www.letsportsrock.com\/wp-content\/uploads\/2025\/06\/images-51-6.jpeg","width":709,"height":433},{"@type":"BreadcrumbList","@id":"https:\/\/www.letsportsrock.com\/?p=51490#breadcrumb","itemListElement":[{"@type":"ListItem","position":1,"name":"Home","item":"https:\/\/www.letsportsrock.com\/"},{"@type":"ListItem","position":2,"name":"Dup\u0103 o ceart\u0103 cu directorul general, antrenorul principal al Universit\u0103\u021bii Craiova a anun\u021bat c\u0103 va p\u0103r\u0103si echipa\u2026. cite\u0219te mai mult"}]},{"@type":"WebSite","@id":"https:\/\/www.letsportsrock.com\/#website","url":"https:\/\/www.letsportsrock.com\/","name":"letsportsrock","description":"Sport News and Updates","potentialAction":[{"@type":"SearchAction","target":{"@type":"EntryPoint","urlTemplate":"https:\/\/www.letsportsrock.com\/?s={search_term_string}"},"query-input":{"@type":"PropertyValueSpecification","valueRequired":true,"valueName":"search_term_string"}}],"inLanguage":"en-US"},{"@type":"Person","@id":"https:\/\/www.letsportsrock.com\/#\/schema\/person\/a454ac24e58b214ddd97e4b5afb0bf01","name":"letsportsrock","image":{"@type":"ImageObject","inLanguage":"en-US","@id":"https:\/\/secure.gravatar.com\/avatar\/f8ef950cbb7574c0bc874094b8d307659bfe2d7aa4a9d26fa6917eff010748f9?s=96&d=mm&r=g","url":"https:\/\/secure.gravatar.com\/avatar\/f8ef950cbb7574c0bc874094b8d307659bfe2d7aa4a9d26fa6917eff010748f9?s=96&d=mm&r=g","contentUrl":"https:\/\/secure.gravatar.com\/avatar\/f8ef950cbb7574c0bc874094b8d307659bfe2d7aa4a9d26fa6917eff010748f9?s=96&d=mm&r=g","caption":"letsportsrock"},"sameAs":["https:\/\/www.letsportsrock.com"],"url":"https:\/\/www.letsportsrock.com\/?author=1"}]}},"jetpack_featured_media_url":"https:\/\/www.letsportsrock.com\/wp-content\/uploads\/2025\/06\/images-51-6.jpeg","jetpack_sharing_enabled":true,"_links":{"self":[{"href":"https:\/\/www.letsportsrock.com\/index.php?rest_route=\/wp\/v2\/posts\/51490","targetHints":{"allow":["GET"]}}],"collection":[{"href":"https:\/\/www.letsportsrock.com\/index.php?rest_route=\/wp\/v2\/posts"}],"about":[{"href":"https:\/\/www.letsportsrock.com\/index.php?rest_route=\/wp\/v2\/types\/post"}],"author":[{"embeddable":true,"href":"https:\/\/www.letsportsrock.com\/index.php?rest_route=\/wp\/v2\/users\/1"}],"replies":[{"embeddable":true,"href":"https:\/\/www.letsportsrock.com\/index.php?rest_route=%2Fwp%2Fv2%2Fcomments&post=51490"}],"version-history":[{"count":1,"href":"https:\/\/www.letsportsrock.com\/index.php?rest_route=\/wp\/v2\/posts\/51490\/revisions"}],"predecessor-version":[{"id":51493,"href":"https:\/\/www.letsportsrock.com\/index.php?rest_route=\/wp\/v2\/posts\/51490\/revisions\/51493"}],"wp:featuredmedia":[{"embeddable":true,"href":"https:\/\/www.letsportsrock.com\/index.php?rest_route=\/wp\/v2\/media\/51491"}],"wp:attachment":[{"href":"https:\/\/www.letsportsrock.com\/index.php?rest_route=%2Fwp%2Fv2%2Fmedia&parent=51490"}],"wp:term":[{"taxonomy":"category","embeddable":true,"href":"https:\/\/www.letsportsrock.com\/index.php?rest_route=%2Fwp%2Fv2%2Fcategories&post=51490"},{"taxonomy":"post_tag","embeddable":true,"href":"https:\/\/www.letsportsrock.com\/index.php?rest_route=%2Fwp%2Fv2%2Ftags&post=51490"}],"curies":[{"name":"wp","href":"https:\/\/api.w.org\/{rel}","templated":true}]}}