{"id":51903,"date":"2025-06-30T23:22:05","date_gmt":"2025-06-30T23:22:05","guid":{"rendered":"https:\/\/www.letsportsrock.com\/?p=51903"},"modified":"2025-06-30T23:22:05","modified_gmt":"2025-06-30T23:22:05","slug":"prima-%e2%80%bcmirel-radoi-nu-s-a-abtinut-dupa-ce-mircea-lucescu-a","status":"publish","type":"post","link":"https:\/\/www.letsportsrock.com\/?p=51903","title":{"rendered":"Prima &#8211; \u203cMirel R\u0103doi nu s-a ab\u0163inut dup\u0103 ce Mircea Lucescu a &#8230;"},"content":{"rendered":"<div class=\"d79db4796efc26332eabfc3f5dafbc76\" data-index=\"1\" style=\"float: none; margin:10px 0 10px 0; text-align:center;\">\n<div class=\"hb-ad-inarticle\">\r\n    <div class=\"hb-ad-inner\"> \r\n    <div class=\"hbagency_cls\"  id=\"hbagency_space_111930\"><\/div><\/div> <\/div>\n<\/div>\n<p>Prima &#8211; \u203cMirel R\u0103doi nu s-a ab\u0163inut dup\u0103 ce Mircea Lucescu a &#8230;<\/p>\n<p>&nbsp;<\/p>\n<p>Iat\u0103 mai multe detalii despre declara\u021biile lui Mirel R\u0103doi referitoare la Mircea Lucescu \u0219i situa\u021bia echipei na\u021bionale:<\/p>\n<p><img loading=\"lazy\" decoding=\"async\" class=\"alignnone size-medium wp-image-51905\" src=\"https:\/\/www.letsportsrock.com\/wp-content\/uploads\/2025\/06\/images-2025-07-01T002107.639-300x200.jpeg\" alt=\"\" width=\"300\" height=\"200\" srcset=\"https:\/\/www.letsportsrock.com\/wp-content\/uploads\/2025\/06\/images-2025-07-01T002107.639-300x200.jpeg 300w, https:\/\/www.letsportsrock.com\/wp-content\/uploads\/2025\/06\/images-2025-07-01T002107.639.jpeg 678w\" sizes=\"auto, (max-width: 300px) 100vw, 300px\" \/><\/p>\n<p>1. Dorin\u021b\u0103 de sinceritate<\/p>\n<p>C\u00e2nd a fost \u00eentrebat dac\u0103 na\u021bionala lui Lucescu are \u0219anse s\u0103 ajung\u0103 la Cupa Mondial\u0103 2026, R\u0103doi a r\u0103spuns f\u0103r\u0103 ocoli\u0219uri:<\/p>\n<p>&nbsp;<\/p>\n<p>&gt; \u201eNu cred c\u0103 suntem capabili s\u0103 ne calific\u0103m. Dac\u0103 o vom face, nu ar fi dec\u00e2t o alt\u0103 minune pe care ar face-o Mircea Lucescu\u2026\u201d<\/p>\n<p>&nbsp;<\/p>\n<p>2. Critic\u0103 la nivelul campionatului intern<\/p>\n<p>La conferin\u021ba de pres\u0103 dup\u0103 remiza Craiova\u2013CFR Cluj (2\u20132), R\u0103doi a tras un semnal de alarm\u0103 pentru fotbalul rom\u00e2nesc:<\/p>\n<p>&nbsp;<\/p>\n<p>&gt; \u201eDomnule Mircea Lucescu, nu ave\u021bi cum s\u0103 duce\u021bi echipa la Mondial dac\u0103 noi, \u00een continuare, practic\u0103m fotbalul \u0103sta\u2026 Noi nu avem cu ce s\u0103 ajut\u0103m echipa na\u021bional\u0103.\u201d<\/p>\n<p>&nbsp;<\/p>\n<p>3. F\u0103r\u0103 polemici inutile<\/p>\n<p>Totu\u0219i, R\u0103doi a fost clar c\u0103 nu vrea o disput\u0103 mediatic\u0103 cu Lucescu:<\/p>\n<p>&nbsp;<\/p>\n<p>&gt; \u201eEu nu am competen\u021ba s\u0103-i ofer ceva lui Mircea Lucescu\u2026 Trebuie s\u0103 fim aproape de echipa na\u021bional\u0103.\u201d<\/p>\n<p>&nbsp;<\/p>\n<p>Mircea Lucescu a prezentat o list\u0103 preliminar\u0103 cu juc\u0103torii din str\u0103in\u0103tate pentru meciurile cu Austria \u0219i Cipru, din preliminariile Mondialului 2026 .<\/p>\n<p>&nbsp;<\/p>\n<p>\u00cen luna mai, Rom\u00e2nia s-a aflat \u00een grup\u0103 cu Bosnia, San Marino, Austria \u0219i Cipru; a pierdut cu Bosnia \u0219i a c\u00e2\u0219tigat cu San Marino<\/p>\n<p>&nbsp;<\/p>\n<p>R\u0103doi nu a precupe\u021bit critici \u0219i a fost tran\u0219ant:<\/p>\n<p>&nbsp;<\/p>\n<p>Pesimist privind \u0219ansele actuale de calificare.<\/p>\n<p>&nbsp;<\/p>\n<p>Frustat de stilul de joc \u0219i mentalitatea din fotbalul rom\u00e2nesc intern.<\/p>\n<p>&nbsp;<\/p>\n<p>Respectuos, evit\u00e2nd s\u0103 critique personal forma lui Lucescu \u0219i subliniind c\u0103 nu are competen\u021ba s\u0103 ofere solu\u021bii la nivelul selec\u021bionerului.<\/p>\n<p>&nbsp;<\/p>\n<p>Dac\u0103 vrei, pot c\u0103uta reac\u021bia lui Lucescu sau analiza impactului asupra lotului. Spune-mi dac\u0103 te intereseaz\u0103 un anumit aspect!<\/p>\n\n<div style=\"font-size: 0px; height: 0px; line-height: 0px; margin: 0; padding: 0; clear: both;\"><\/div>","protected":false},"excerpt":{"rendered":"<p>Prima &#8211; \u203cMirel R\u0103doi nu s-a ab\u0163inut dup\u0103 ce Mircea Lucescu a &#8230; &nbsp; Iat\u0103 mai multe detalii despre declara\u021biile lui Mirel R\u0103doi referitoare la Mircea Lucescu \u0219i situa\u021bia echipei na\u021bionale: 1. Dorin\u021b\u0103 de sinceritate C\u00e2nd a fost \u00eentrebat dac\u0103 na\u021bionala lui Lucescu are \u0219anse s\u0103 ajung\u0103 la Cupa Mondial\u0103 2026, R\u0103doi a r\u0103spuns f\u0103r\u0103 [&hellip;]<\/p>\n","protected":false},"author":15,"featured_media":51904,"comment_status":"open","ping_status":"open","sticky":false,"template":"","format":"standard","meta":{"_jetpack_memberships_contains_paid_content":false,"footnotes":""},"categories":[1],"tags":[640],"class_list":["post-51903","post","type-post","status-publish","format-standard","has-post-thumbnail","hentry","category-uncategorized","tag-fan-andrei-ivan"],"yoast_head":"<!-- This site is optimized with the Yoast SEO plugin v27.5 - https:\/\/yoast.com\/product\/yoast-seo-wordpress\/ -->\n<title>Prima - \u203cMirel R\u0103doi nu s-a ab\u0163inut dup\u0103 ce Mircea Lucescu a ... - letsportsrock<\/title>\n<meta name=\"robots\" content=\"index, follow, max-snippet:-1, max-image-preview:large, max-video-preview:-1\" \/>\n<link rel=\"canonical\" href=\"https:\/\/www.letsportsrock.com\/?p=51903\" \/>\n<meta property=\"og:locale\" content=\"en_US\" \/>\n<meta property=\"og:type\" content=\"article\" \/>\n<meta property=\"og:title\" content=\"Prima - \u203cMirel R\u0103doi nu s-a ab\u0163inut dup\u0103 ce Mircea Lucescu a ... - letsportsrock\" \/>\n<meta property=\"og:description\" content=\"Prima &#8211; \u203cMirel R\u0103doi nu s-a ab\u0163inut dup\u0103 ce Mircea Lucescu a &#8230; &nbsp; Iat\u0103 mai multe detalii despre declara\u021biile lui Mirel R\u0103doi referitoare la Mircea Lucescu \u0219i situa\u021bia echipei na\u021bionale: 1. Dorin\u021b\u0103 de sinceritate C\u00e2nd a fost \u00eentrebat dac\u0103 na\u021bionala lui Lucescu are \u0219anse s\u0103 ajung\u0103 la Cupa Mondial\u0103 2026, R\u0103doi a r\u0103spuns f\u0103r\u0103 [&hellip;]\" \/>\n<meta property=\"og:url\" content=\"https:\/\/www.letsportsrock.com\/?p=51903\" \/>\n<meta property=\"og:site_name\" content=\"letsportsrock\" \/>\n<meta property=\"article:published_time\" content=\"2025-06-30T23:22:05+00:00\" \/>\n<meta property=\"og:image\" content=\"https:\/\/www.letsportsrock.com\/wp-content\/uploads\/2025\/06\/profimedia-0911157314.jpg\" \/>\n\t<meta property=\"og:image:width\" content=\"436\" \/>\n\t<meta property=\"og:image:height\" content=\"290\" \/>\n\t<meta property=\"og:image:type\" content=\"image\/jpeg\" \/>\n<meta name=\"author\" content=\"Amos Nabizo\" \/>\n<meta name=\"twitter:card\" content=\"summary_large_image\" \/>\n<meta name=\"twitter:label1\" content=\"Written by\" \/>\n\t<meta name=\"twitter:data1\" content=\"Amos Nabizo\" \/>\n\t<meta name=\"twitter:label2\" content=\"Est. reading time\" \/>\n\t<meta name=\"twitter:data2\" content=\"2 minutes\" \/>\n<script type=\"application\/ld+json\" class=\"yoast-schema-graph\">{\"@context\":\"https:\\\/\\\/schema.org\",\"@graph\":[{\"@type\":\"Article\",\"@id\":\"https:\\\/\\\/www.letsportsrock.com\\\/?p=51903#article\",\"isPartOf\":{\"@id\":\"https:\\\/\\\/www.letsportsrock.com\\\/?p=51903\"},\"author\":{\"name\":\"Amos Nabizo\",\"@id\":\"https:\\\/\\\/www.letsportsrock.com\\\/#\\\/schema\\\/person\\\/044479f72bdbd75f9523e745d3be6c30\"},\"headline\":\"Prima &#8211; \u203cMirel R\u0103doi nu s-a ab\u0163inut dup\u0103 ce Mircea Lucescu a &#8230;\",\"datePublished\":\"2025-06-30T23:22:05+00:00\",\"mainEntityOfPage\":{\"@id\":\"https:\\\/\\\/www.letsportsrock.com\\\/?p=51903\"},\"wordCount\":344,\"commentCount\":0,\"image\":{\"@id\":\"https:\\\/\\\/www.letsportsrock.com\\\/?p=51903#primaryimage\"},\"thumbnailUrl\":\"https:\\\/\\\/www.letsportsrock.com\\\/wp-content\\\/uploads\\\/2025\\\/06\\\/profimedia-0911157314.jpg\",\"keywords\":[\"Fan Andrei Ivan\"],\"inLanguage\":\"en-US\",\"potentialAction\":[{\"@type\":\"CommentAction\",\"name\":\"Comment\",\"target\":[\"https:\\\/\\\/www.letsportsrock.com\\\/?p=51903#respond\"]}]},{\"@type\":\"WebPage\",\"@id\":\"https:\\\/\\\/www.letsportsrock.com\\\/?p=51903\",\"url\":\"https:\\\/\\\/www.letsportsrock.com\\\/?p=51903\",\"name\":\"Prima - \u203cMirel R\u0103doi nu s-a ab\u0163inut dup\u0103 ce Mircea Lucescu a ... - letsportsrock\",\"isPartOf\":{\"@id\":\"https:\\\/\\\/www.letsportsrock.com\\\/#website\"},\"primaryImageOfPage\":{\"@id\":\"https:\\\/\\\/www.letsportsrock.com\\\/?p=51903#primaryimage\"},\"image\":{\"@id\":\"https:\\\/\\\/www.letsportsrock.com\\\/?p=51903#primaryimage\"},\"thumbnailUrl\":\"https:\\\/\\\/www.letsportsrock.com\\\/wp-content\\\/uploads\\\/2025\\\/06\\\/profimedia-0911157314.jpg\",\"datePublished\":\"2025-06-30T23:22:05+00:00\",\"author\":{\"@id\":\"https:\\\/\\\/www.letsportsrock.com\\\/#\\\/schema\\\/person\\\/044479f72bdbd75f9523e745d3be6c30\"},\"breadcrumb\":{\"@id\":\"https:\\\/\\\/www.letsportsrock.com\\\/?p=51903#breadcrumb\"},\"inLanguage\":\"en-US\",\"potentialAction\":[{\"@type\":\"ReadAction\",\"target\":[\"https:\\\/\\\/www.letsportsrock.com\\\/?p=51903\"]}]},{\"@type\":\"ImageObject\",\"inLanguage\":\"en-US\",\"@id\":\"https:\\\/\\\/www.letsportsrock.com\\\/?p=51903#primaryimage\",\"url\":\"https:\\\/\\\/www.letsportsrock.com\\\/wp-content\\\/uploads\\\/2025\\\/06\\\/profimedia-0911157314.jpg\",\"contentUrl\":\"https:\\\/\\\/www.letsportsrock.com\\\/wp-content\\\/uploads\\\/2025\\\/06\\\/profimedia-0911157314.jpg\",\"width\":436,\"height\":290,\"caption\":\"Virgil Andrei IVAN participates in the match between Universitatea Cluj and Universitatea Craiova at Cluj Arena Stadium in Cluj, Romania, on September 22, 2024 Universitatea Cluj v Universitatea Craiova - Romanian Superliga, Cluj-Napoca - 22 Sep 2024,Image: 911157314, License: Rights-managed, Restrictions: , Model Release: no\"},{\"@type\":\"BreadcrumbList\",\"@id\":\"https:\\\/\\\/www.letsportsrock.com\\\/?p=51903#breadcrumb\",\"itemListElement\":[{\"@type\":\"ListItem\",\"position\":1,\"name\":\"Home\",\"item\":\"https:\\\/\\\/www.letsportsrock.com\\\/\"},{\"@type\":\"ListItem\",\"position\":2,\"name\":\"Prima &#8211; \u203cMirel R\u0103doi nu s-a ab\u0163inut dup\u0103 ce Mircea Lucescu a &#8230;\"}]},{\"@type\":\"WebSite\",\"@id\":\"https:\\\/\\\/www.letsportsrock.com\\\/#website\",\"url\":\"https:\\\/\\\/www.letsportsrock.com\\\/\",\"name\":\"letsportsrock\",\"description\":\"Sport News and Updates\",\"potentialAction\":[{\"@type\":\"SearchAction\",\"target\":{\"@type\":\"EntryPoint\",\"urlTemplate\":\"https:\\\/\\\/www.letsportsrock.com\\\/?s={search_term_string}\"},\"query-input\":{\"@type\":\"PropertyValueSpecification\",\"valueRequired\":true,\"valueName\":\"search_term_string\"}}],\"inLanguage\":\"en-US\"},{\"@type\":\"Person\",\"@id\":\"https:\\\/\\\/www.letsportsrock.com\\\/#\\\/schema\\\/person\\\/044479f72bdbd75f9523e745d3be6c30\",\"name\":\"Amos Nabizo\",\"image\":{\"@type\":\"ImageObject\",\"inLanguage\":\"en-US\",\"@id\":\"https:\\\/\\\/secure.gravatar.com\\\/avatar\\\/d569857c07d3899c6ca842ffea32daa1672c05549833530fe37e68ae7b521ba4?s=96&d=mm&r=g\",\"url\":\"https:\\\/\\\/secure.gravatar.com\\\/avatar\\\/d569857c07d3899c6ca842ffea32daa1672c05549833530fe37e68ae7b521ba4?s=96&d=mm&r=g\",\"contentUrl\":\"https:\\\/\\\/secure.gravatar.com\\\/avatar\\\/d569857c07d3899c6ca842ffea32daa1672c05549833530fe37e68ae7b521ba4?s=96&d=mm&r=g\",\"caption\":\"Amos Nabizo\"},\"sameAs\":[\"https:\\\/\\\/www.letsportsrock.com\\\/wp-admin\\\/\"],\"url\":\"https:\\\/\\\/www.letsportsrock.com\\\/?author=15\"}]}<\/script>\n<!-- \/ Yoast SEO plugin. -->","yoast_head_json":{"title":"Prima - \u203cMirel R\u0103doi nu s-a ab\u0163inut dup\u0103 ce Mircea Lucescu a ... - letsportsrock","robots":{"index":"index","follow":"follow","max-snippet":"max-snippet:-1","max-image-preview":"max-image-preview:large","max-video-preview":"max-video-preview:-1"},"canonical":"https:\/\/www.letsportsrock.com\/?p=51903","og_locale":"en_US","og_type":"article","og_title":"Prima - \u203cMirel R\u0103doi nu s-a ab\u0163inut dup\u0103 ce Mircea Lucescu a ... - letsportsrock","og_description":"Prima &#8211; \u203cMirel R\u0103doi nu s-a ab\u0163inut dup\u0103 ce Mircea Lucescu a &#8230; &nbsp; Iat\u0103 mai multe detalii despre declara\u021biile lui Mirel R\u0103doi referitoare la Mircea Lucescu \u0219i situa\u021bia echipei na\u021bionale: 1. Dorin\u021b\u0103 de sinceritate C\u00e2nd a fost \u00eentrebat dac\u0103 na\u021bionala lui Lucescu are \u0219anse s\u0103 ajung\u0103 la Cupa Mondial\u0103 2026, R\u0103doi a r\u0103spuns f\u0103r\u0103 [&hellip;]","og_url":"https:\/\/www.letsportsrock.com\/?p=51903","og_site_name":"letsportsrock","article_published_time":"2025-06-30T23:22:05+00:00","og_image":[{"width":436,"height":290,"url":"https:\/\/www.letsportsrock.com\/wp-content\/uploads\/2025\/06\/profimedia-0911157314.jpg","type":"image\/jpeg"}],"author":"Amos Nabizo","twitter_card":"summary_large_image","twitter_misc":{"Written by":"Amos Nabizo","Est. reading time":"2 minutes"},"schema":{"@context":"https:\/\/schema.org","@graph":[{"@type":"Article","@id":"https:\/\/www.letsportsrock.com\/?p=51903#article","isPartOf":{"@id":"https:\/\/www.letsportsrock.com\/?p=51903"},"author":{"name":"Amos Nabizo","@id":"https:\/\/www.letsportsrock.com\/#\/schema\/person\/044479f72bdbd75f9523e745d3be6c30"},"headline":"Prima &#8211; \u203cMirel R\u0103doi nu s-a ab\u0163inut dup\u0103 ce Mircea Lucescu a &#8230;","datePublished":"2025-06-30T23:22:05+00:00","mainEntityOfPage":{"@id":"https:\/\/www.letsportsrock.com\/?p=51903"},"wordCount":344,"commentCount":0,"image":{"@id":"https:\/\/www.letsportsrock.com\/?p=51903#primaryimage"},"thumbnailUrl":"https:\/\/www.letsportsrock.com\/wp-content\/uploads\/2025\/06\/profimedia-0911157314.jpg","keywords":["Fan Andrei Ivan"],"inLanguage":"en-US","potentialAction":[{"@type":"CommentAction","name":"Comment","target":["https:\/\/www.letsportsrock.com\/?p=51903#respond"]}]},{"@type":"WebPage","@id":"https:\/\/www.letsportsrock.com\/?p=51903","url":"https:\/\/www.letsportsrock.com\/?p=51903","name":"Prima - \u203cMirel R\u0103doi nu s-a ab\u0163inut dup\u0103 ce Mircea Lucescu a ... - letsportsrock","isPartOf":{"@id":"https:\/\/www.letsportsrock.com\/#website"},"primaryImageOfPage":{"@id":"https:\/\/www.letsportsrock.com\/?p=51903#primaryimage"},"image":{"@id":"https:\/\/www.letsportsrock.com\/?p=51903#primaryimage"},"thumbnailUrl":"https:\/\/www.letsportsrock.com\/wp-content\/uploads\/2025\/06\/profimedia-0911157314.jpg","datePublished":"2025-06-30T23:22:05+00:00","author":{"@id":"https:\/\/www.letsportsrock.com\/#\/schema\/person\/044479f72bdbd75f9523e745d3be6c30"},"breadcrumb":{"@id":"https:\/\/www.letsportsrock.com\/?p=51903#breadcrumb"},"inLanguage":"en-US","potentialAction":[{"@type":"ReadAction","target":["https:\/\/www.letsportsrock.com\/?p=51903"]}]},{"@type":"ImageObject","inLanguage":"en-US","@id":"https:\/\/www.letsportsrock.com\/?p=51903#primaryimage","url":"https:\/\/www.letsportsrock.com\/wp-content\/uploads\/2025\/06\/profimedia-0911157314.jpg","contentUrl":"https:\/\/www.letsportsrock.com\/wp-content\/uploads\/2025\/06\/profimedia-0911157314.jpg","width":436,"height":290,"caption":"Virgil Andrei IVAN participates in the match between Universitatea Cluj and Universitatea Craiova at Cluj Arena Stadium in Cluj, Romania, on September 22, 2024 Universitatea Cluj v Universitatea Craiova - Romanian Superliga, Cluj-Napoca - 22 Sep 2024,Image: 911157314, License: Rights-managed, Restrictions: , Model Release: no"},{"@type":"BreadcrumbList","@id":"https:\/\/www.letsportsrock.com\/?p=51903#breadcrumb","itemListElement":[{"@type":"ListItem","position":1,"name":"Home","item":"https:\/\/www.letsportsrock.com\/"},{"@type":"ListItem","position":2,"name":"Prima &#8211; \u203cMirel R\u0103doi nu s-a ab\u0163inut dup\u0103 ce Mircea Lucescu a &#8230;"}]},{"@type":"WebSite","@id":"https:\/\/www.letsportsrock.com\/#website","url":"https:\/\/www.letsportsrock.com\/","name":"letsportsrock","description":"Sport News and Updates","potentialAction":[{"@type":"SearchAction","target":{"@type":"EntryPoint","urlTemplate":"https:\/\/www.letsportsrock.com\/?s={search_term_string}"},"query-input":{"@type":"PropertyValueSpecification","valueRequired":true,"valueName":"search_term_string"}}],"inLanguage":"en-US"},{"@type":"Person","@id":"https:\/\/www.letsportsrock.com\/#\/schema\/person\/044479f72bdbd75f9523e745d3be6c30","name":"Amos Nabizo","image":{"@type":"ImageObject","inLanguage":"en-US","@id":"https:\/\/secure.gravatar.com\/avatar\/d569857c07d3899c6ca842ffea32daa1672c05549833530fe37e68ae7b521ba4?s=96&d=mm&r=g","url":"https:\/\/secure.gravatar.com\/avatar\/d569857c07d3899c6ca842ffea32daa1672c05549833530fe37e68ae7b521ba4?s=96&d=mm&r=g","contentUrl":"https:\/\/secure.gravatar.com\/avatar\/d569857c07d3899c6ca842ffea32daa1672c05549833530fe37e68ae7b521ba4?s=96&d=mm&r=g","caption":"Amos Nabizo"},"sameAs":["https:\/\/www.letsportsrock.com\/wp-admin\/"],"url":"https:\/\/www.letsportsrock.com\/?author=15"}]}},"jetpack_featured_media_url":"https:\/\/www.letsportsrock.com\/wp-content\/uploads\/2025\/06\/profimedia-0911157314.jpg","jetpack_sharing_enabled":true,"_links":{"self":[{"href":"https:\/\/www.letsportsrock.com\/index.php?rest_route=\/wp\/v2\/posts\/51903","targetHints":{"allow":["GET"]}}],"collection":[{"href":"https:\/\/www.letsportsrock.com\/index.php?rest_route=\/wp\/v2\/posts"}],"about":[{"href":"https:\/\/www.letsportsrock.com\/index.php?rest_route=\/wp\/v2\/types\/post"}],"author":[{"embeddable":true,"href":"https:\/\/www.letsportsrock.com\/index.php?rest_route=\/wp\/v2\/users\/15"}],"replies":[{"embeddable":true,"href":"https:\/\/www.letsportsrock.com\/index.php?rest_route=%2Fwp%2Fv2%2Fcomments&post=51903"}],"version-history":[{"count":1,"href":"https:\/\/www.letsportsrock.com\/index.php?rest_route=\/wp\/v2\/posts\/51903\/revisions"}],"predecessor-version":[{"id":51906,"href":"https:\/\/www.letsportsrock.com\/index.php?rest_route=\/wp\/v2\/posts\/51903\/revisions\/51906"}],"wp:featuredmedia":[{"embeddable":true,"href":"https:\/\/www.letsportsrock.com\/index.php?rest_route=\/wp\/v2\/media\/51904"}],"wp:attachment":[{"href":"https:\/\/www.letsportsrock.com\/index.php?rest_route=%2Fwp%2Fv2%2Fmedia&parent=51903"}],"wp:term":[{"taxonomy":"category","embeddable":true,"href":"https:\/\/www.letsportsrock.com\/index.php?rest_route=%2Fwp%2Fv2%2Fcategories&post=51903"},{"taxonomy":"post_tag","embeddable":true,"href":"https:\/\/www.letsportsrock.com\/index.php?rest_route=%2Fwp%2Fv2%2Ftags&post=51903"}],"curies":[{"name":"wp","href":"https:\/\/api.w.org\/{rel}","templated":true}]}}