{"id":52331,"date":"2025-07-03T05:14:15","date_gmt":"2025-07-03T05:14:15","guid":{"rendered":"https:\/\/www.letsportsrock.com\/?p=52331"},"modified":"2025-07-03T05:14:15","modified_gmt":"2025-07-03T05:14:15","slug":"soc-in-liga-1-cfr-istii-face-un-transfer-de-ultima-ora-care-ii-va-lasa-pe-toti-fara-cuvinte","status":"publish","type":"post","link":"https:\/\/www.letsportsrock.com\/?p=52331","title":{"rendered":"\u0218oc \u00een Liga 1! CFR I\u0218TII face un transfer de ultim\u0103 or\u0103 care \u00eei va l\u0103sa pe to\u021bi f\u0103r\u0103 cuvinte&#8230;"},"content":{"rendered":"<div class=\"d79db4796efc26332eabfc3f5dafbc76\" data-index=\"1\" style=\"float: none; margin:10px 0 10px 0; text-align:center;\">\n<div class=\"hb-ad-inarticle\">\r\n    <div class=\"hb-ad-inner\"> \r\n    <div class=\"hbagency_cls\"  id=\"hbagency_space_111930\"><\/div><\/div> <\/div>\n<\/div>\n<p>\u0218oc \u00een Liga 1! CFR I\u0218TII face un transfer de ultim\u0103 or\u0103 care \u00eei va l\u0103sa pe to\u021bi f\u0103r\u0103 cuvinte&#8230;<\/p>\n<p>&nbsp;<\/p>\n<p>\u00centr-o mi\u0219care spectaculoas\u0103 ce zguduie fotbalul rom\u00e2nesc, CFR I\u0218TII a anun\u021bat \u00een mod oficial transferul interna\u021bionalului argentinian <em>Lucas Villalba<\/em>, fost funda\u0219 al echipei Independiente \u0219i o prezen\u021b\u0103 constant\u0103 \u00een na\u021bionala U23 a Argentinei. Transferul a fost finalizat \u00een ultimele minute ale perioadei de mercato, \u00eentr-un secret total care a luat prin surprindere presa sportiv\u0103 \u0219i fanii deopotriv\u0103.<\/p>\n<p><img loading=\"lazy\" decoding=\"async\" class=\"alignnone size-medium wp-image-52368\" src=\"https:\/\/www.letsportsrock.com\/wp-content\/uploads\/2025\/07\/images-14-240x300.jpeg\" alt=\"\" width=\"240\" height=\"300\" srcset=\"https:\/\/www.letsportsrock.com\/wp-content\/uploads\/2025\/07\/images-14-240x300.jpeg 240w, https:\/\/www.letsportsrock.com\/wp-content\/uploads\/2025\/07\/images-14.jpeg 495w\" sizes=\"auto, (max-width: 240px) 100vw, 240px\" \/><\/p>\n<p>Conform surselor apropiate clubului, mutarea a fost posibil\u0103 datorit\u0103 unei colabor\u0103ri strategice cu un grup de investitori str\u0103ini care au dorit s\u0103 propulseze echipa \u00een topul Ligii 1. Cu o viziune clar\u0103 \u0219i un proiect ambi\u021bios, CFR I\u0218TII demonstreaz\u0103 c\u0103 nu este doar o apari\u021bie meteoric\u0103, ci un club care vrea s\u0103 joace un rol important \u00een fotbalul rom\u00e2nesc.<\/p>\n<p>Antrenorul principal a declarat c\u0103 Villalba va aduce experien\u021b\u0103, vitez\u0103 \u0219i agresivitate \u00een defensiv\u0103, iar debutul s\u0103u ar putea avea loc chiar \u00een derby-ul cu FCSB. Fanii a\u0219teapt\u0103 cu sufletul la gur\u0103 s\u0103-l vad\u0103 \u00een ac\u021biune.<\/p>\n\n<div style=\"font-size: 0px; height: 0px; line-height: 0px; margin: 0; padding: 0; clear: both;\"><\/div>","protected":false},"excerpt":{"rendered":"<p>\u0218oc \u00een Liga 1! CFR I\u0218TII face un transfer de ultim\u0103 or\u0103 care \u00eei va l\u0103sa pe to\u021bi f\u0103r\u0103 cuvinte&#8230; &nbsp; \u00centr-o mi\u0219care spectaculoas\u0103 ce zguduie fotbalul rom\u00e2nesc, CFR I\u0218TII a anun\u021bat \u00een mod oficial transferul interna\u021bionalului argentinian Lucas Villalba, fost funda\u0219 al echipei Independiente \u0219i o prezen\u021b\u0103 constant\u0103 \u00een na\u021bionala U23 a Argentinei. Transferul [&hellip;]<\/p>\n","protected":false},"author":15,"featured_media":52355,"comment_status":"open","ping_status":"open","sticky":false,"template":"","format":"standard","meta":{"_jetpack_memberships_contains_paid_content":false,"footnotes":""},"categories":[1],"tags":[666],"class_list":["post-52331","post","type-post","status-publish","format-standard","has-post-thumbnail","hentry","category-uncategorized","tag-cfr-istii"],"yoast_head":"<!-- This site is optimized with the Yoast SEO plugin v27.4 - https:\/\/yoast.com\/product\/yoast-seo-wordpress\/ -->\n<title>\u0218oc \u00een Liga 1! CFR I\u0218TII face un transfer de ultim\u0103 or\u0103 care \u00eei va l\u0103sa pe to\u021bi f\u0103r\u0103 cuvinte...<\/title>\n<meta name=\"description\" content=\"\u0218oc \u00een Liga 1! CFR I\u0218TII face un transfer de ultim\u0103 or\u0103 care \u00eei va l\u0103sa pe to\u021bi f\u0103r\u0103 cuvinte...\" \/>\n<meta name=\"robots\" content=\"index, follow, max-snippet:-1, max-image-preview:large, max-video-preview:-1\" \/>\n<link rel=\"canonical\" href=\"https:\/\/www.letsportsrock.com\/?p=52331\" \/>\n<meta property=\"og:locale\" content=\"en_US\" \/>\n<meta property=\"og:type\" content=\"article\" \/>\n<meta property=\"og:title\" content=\"\u0218oc \u00een Liga 1! CFR I\u0218TII face un transfer de ultim\u0103 or\u0103 care \u00eei va l\u0103sa pe to\u021bi f\u0103r\u0103 cuvinte...\" \/>\n<meta property=\"og:description\" content=\"\u0218oc \u00een Liga 1! CFR I\u0218TII face un transfer de ultim\u0103 or\u0103 care \u00eei va l\u0103sa pe to\u021bi f\u0103r\u0103 cuvinte...\" \/>\n<meta property=\"og:url\" content=\"https:\/\/www.letsportsrock.com\/?p=52331\" \/>\n<meta property=\"og:site_name\" content=\"letsportsrock\" \/>\n<meta property=\"article:published_time\" content=\"2025-07-03T05:14:15+00:00\" \/>\n<meta property=\"og:image\" content=\"https:\/\/www.letsportsrock.com\/wp-content\/uploads\/2025\/07\/file_000000006a1861f9aa6a4e4a0ab7219c-3-683x1024.png\" \/>\n\t<meta property=\"og:image:width\" content=\"683\" \/>\n\t<meta property=\"og:image:height\" content=\"1024\" \/>\n\t<meta property=\"og:image:type\" content=\"image\/png\" \/>\n<meta name=\"author\" content=\"Amos Nabizo\" \/>\n<meta name=\"twitter:card\" content=\"summary_large_image\" \/>\n<meta name=\"twitter:label1\" content=\"Written by\" \/>\n\t<meta name=\"twitter:data1\" content=\"Amos Nabizo\" \/>\n\t<meta name=\"twitter:label2\" content=\"Est. reading time\" \/>\n\t<meta name=\"twitter:data2\" content=\"2 minutes\" \/>\n<script type=\"application\/ld+json\" class=\"yoast-schema-graph\">{\"@context\":\"https:\\\/\\\/schema.org\",\"@graph\":[{\"@type\":\"Article\",\"@id\":\"https:\\\/\\\/www.letsportsrock.com\\\/?p=52331#article\",\"isPartOf\":{\"@id\":\"https:\\\/\\\/www.letsportsrock.com\\\/?p=52331\"},\"author\":{\"name\":\"Amos Nabizo\",\"@id\":\"https:\\\/\\\/www.letsportsrock.com\\\/#\\\/schema\\\/person\\\/044479f72bdbd75f9523e745d3be6c30\"},\"headline\":\"\u0218oc \u00een Liga 1! CFR I\u0218TII face un transfer de ultim\u0103 or\u0103 care \u00eei va l\u0103sa pe to\u021bi f\u0103r\u0103 cuvinte&#8230;\",\"datePublished\":\"2025-07-03T05:14:15+00:00\",\"mainEntityOfPage\":{\"@id\":\"https:\\\/\\\/www.letsportsrock.com\\\/?p=52331\"},\"wordCount\":214,\"commentCount\":0,\"image\":{\"@id\":\"https:\\\/\\\/www.letsportsrock.com\\\/?p=52331#primaryimage\"},\"thumbnailUrl\":\"https:\\\/\\\/www.letsportsrock.com\\\/wp-content\\\/uploads\\\/2025\\\/07\\\/file_000000006a1861f9aa6a4e4a0ab7219c-3.png\",\"keywords\":[\"CFR I\u0218TII\"],\"inLanguage\":\"en-US\",\"potentialAction\":[{\"@type\":\"CommentAction\",\"name\":\"Comment\",\"target\":[\"https:\\\/\\\/www.letsportsrock.com\\\/?p=52331#respond\"]}]},{\"@type\":\"WebPage\",\"@id\":\"https:\\\/\\\/www.letsportsrock.com\\\/?p=52331\",\"url\":\"https:\\\/\\\/www.letsportsrock.com\\\/?p=52331\",\"name\":\"\u0218oc \u00een Liga 1! CFR I\u0218TII face un transfer de ultim\u0103 or\u0103 care \u00eei va l\u0103sa pe to\u021bi f\u0103r\u0103 cuvinte...\",\"isPartOf\":{\"@id\":\"https:\\\/\\\/www.letsportsrock.com\\\/#website\"},\"primaryImageOfPage\":{\"@id\":\"https:\\\/\\\/www.letsportsrock.com\\\/?p=52331#primaryimage\"},\"image\":{\"@id\":\"https:\\\/\\\/www.letsportsrock.com\\\/?p=52331#primaryimage\"},\"thumbnailUrl\":\"https:\\\/\\\/www.letsportsrock.com\\\/wp-content\\\/uploads\\\/2025\\\/07\\\/file_000000006a1861f9aa6a4e4a0ab7219c-3.png\",\"datePublished\":\"2025-07-03T05:14:15+00:00\",\"author\":{\"@id\":\"https:\\\/\\\/www.letsportsrock.com\\\/#\\\/schema\\\/person\\\/044479f72bdbd75f9523e745d3be6c30\"},\"description\":\"\u0218oc \u00een Liga 1! CFR I\u0218TII face un transfer de ultim\u0103 or\u0103 care \u00eei va l\u0103sa pe to\u021bi f\u0103r\u0103 cuvinte...\",\"breadcrumb\":{\"@id\":\"https:\\\/\\\/www.letsportsrock.com\\\/?p=52331#breadcrumb\"},\"inLanguage\":\"en-US\",\"potentialAction\":[{\"@type\":\"ReadAction\",\"target\":[\"https:\\\/\\\/www.letsportsrock.com\\\/?p=52331\"]}]},{\"@type\":\"ImageObject\",\"inLanguage\":\"en-US\",\"@id\":\"https:\\\/\\\/www.letsportsrock.com\\\/?p=52331#primaryimage\",\"url\":\"https:\\\/\\\/www.letsportsrock.com\\\/wp-content\\\/uploads\\\/2025\\\/07\\\/file_000000006a1861f9aa6a4e4a0ab7219c-3.png\",\"contentUrl\":\"https:\\\/\\\/www.letsportsrock.com\\\/wp-content\\\/uploads\\\/2025\\\/07\\\/file_000000006a1861f9aa6a4e4a0ab7219c-3.png\",\"width\":1024,\"height\":1536},{\"@type\":\"BreadcrumbList\",\"@id\":\"https:\\\/\\\/www.letsportsrock.com\\\/?p=52331#breadcrumb\",\"itemListElement\":[{\"@type\":\"ListItem\",\"position\":1,\"name\":\"Home\",\"item\":\"https:\\\/\\\/www.letsportsrock.com\\\/\"},{\"@type\":\"ListItem\",\"position\":2,\"name\":\"\u0218oc \u00een Liga 1! CFR I\u0218TII face un transfer de ultim\u0103 or\u0103 care \u00eei va l\u0103sa pe to\u021bi f\u0103r\u0103 cuvinte&#8230;\"}]},{\"@type\":\"WebSite\",\"@id\":\"https:\\\/\\\/www.letsportsrock.com\\\/#website\",\"url\":\"https:\\\/\\\/www.letsportsrock.com\\\/\",\"name\":\"letsportsrock\",\"description\":\"Sport News and Updates\",\"potentialAction\":[{\"@type\":\"SearchAction\",\"target\":{\"@type\":\"EntryPoint\",\"urlTemplate\":\"https:\\\/\\\/www.letsportsrock.com\\\/?s={search_term_string}\"},\"query-input\":{\"@type\":\"PropertyValueSpecification\",\"valueRequired\":true,\"valueName\":\"search_term_string\"}}],\"inLanguage\":\"en-US\"},{\"@type\":\"Person\",\"@id\":\"https:\\\/\\\/www.letsportsrock.com\\\/#\\\/schema\\\/person\\\/044479f72bdbd75f9523e745d3be6c30\",\"name\":\"Amos Nabizo\",\"image\":{\"@type\":\"ImageObject\",\"inLanguage\":\"en-US\",\"@id\":\"https:\\\/\\\/secure.gravatar.com\\\/avatar\\\/d569857c07d3899c6ca842ffea32daa1672c05549833530fe37e68ae7b521ba4?s=96&d=mm&r=g\",\"url\":\"https:\\\/\\\/secure.gravatar.com\\\/avatar\\\/d569857c07d3899c6ca842ffea32daa1672c05549833530fe37e68ae7b521ba4?s=96&d=mm&r=g\",\"contentUrl\":\"https:\\\/\\\/secure.gravatar.com\\\/avatar\\\/d569857c07d3899c6ca842ffea32daa1672c05549833530fe37e68ae7b521ba4?s=96&d=mm&r=g\",\"caption\":\"Amos Nabizo\"},\"sameAs\":[\"https:\\\/\\\/www.letsportsrock.com\\\/wp-admin\\\/\"],\"url\":\"https:\\\/\\\/www.letsportsrock.com\\\/?author=15\"}]}<\/script>\n<!-- \/ Yoast SEO plugin. -->","yoast_head_json":{"title":"\u0218oc \u00een Liga 1! CFR I\u0218TII face un transfer de ultim\u0103 or\u0103 care \u00eei va l\u0103sa pe to\u021bi f\u0103r\u0103 cuvinte...","description":"\u0218oc \u00een Liga 1! CFR I\u0218TII face un transfer de ultim\u0103 or\u0103 care \u00eei va l\u0103sa pe to\u021bi f\u0103r\u0103 cuvinte...","robots":{"index":"index","follow":"follow","max-snippet":"max-snippet:-1","max-image-preview":"max-image-preview:large","max-video-preview":"max-video-preview:-1"},"canonical":"https:\/\/www.letsportsrock.com\/?p=52331","og_locale":"en_US","og_type":"article","og_title":"\u0218oc \u00een Liga 1! CFR I\u0218TII face un transfer de ultim\u0103 or\u0103 care \u00eei va l\u0103sa pe to\u021bi f\u0103r\u0103 cuvinte...","og_description":"\u0218oc \u00een Liga 1! CFR I\u0218TII face un transfer de ultim\u0103 or\u0103 care \u00eei va l\u0103sa pe to\u021bi f\u0103r\u0103 cuvinte...","og_url":"https:\/\/www.letsportsrock.com\/?p=52331","og_site_name":"letsportsrock","article_published_time":"2025-07-03T05:14:15+00:00","og_image":[{"width":683,"height":1024,"url":"https:\/\/www.letsportsrock.com\/wp-content\/uploads\/2025\/07\/file_000000006a1861f9aa6a4e4a0ab7219c-3-683x1024.png","type":"image\/png"}],"author":"Amos Nabizo","twitter_card":"summary_large_image","twitter_misc":{"Written by":"Amos Nabizo","Est. reading time":"2 minutes"},"schema":{"@context":"https:\/\/schema.org","@graph":[{"@type":"Article","@id":"https:\/\/www.letsportsrock.com\/?p=52331#article","isPartOf":{"@id":"https:\/\/www.letsportsrock.com\/?p=52331"},"author":{"name":"Amos Nabizo","@id":"https:\/\/www.letsportsrock.com\/#\/schema\/person\/044479f72bdbd75f9523e745d3be6c30"},"headline":"\u0218oc \u00een Liga 1! CFR I\u0218TII face un transfer de ultim\u0103 or\u0103 care \u00eei va l\u0103sa pe to\u021bi f\u0103r\u0103 cuvinte&#8230;","datePublished":"2025-07-03T05:14:15+00:00","mainEntityOfPage":{"@id":"https:\/\/www.letsportsrock.com\/?p=52331"},"wordCount":214,"commentCount":0,"image":{"@id":"https:\/\/www.letsportsrock.com\/?p=52331#primaryimage"},"thumbnailUrl":"https:\/\/www.letsportsrock.com\/wp-content\/uploads\/2025\/07\/file_000000006a1861f9aa6a4e4a0ab7219c-3.png","keywords":["CFR I\u0218TII"],"inLanguage":"en-US","potentialAction":[{"@type":"CommentAction","name":"Comment","target":["https:\/\/www.letsportsrock.com\/?p=52331#respond"]}]},{"@type":"WebPage","@id":"https:\/\/www.letsportsrock.com\/?p=52331","url":"https:\/\/www.letsportsrock.com\/?p=52331","name":"\u0218oc \u00een Liga 1! CFR I\u0218TII face un transfer de ultim\u0103 or\u0103 care \u00eei va l\u0103sa pe to\u021bi f\u0103r\u0103 cuvinte...","isPartOf":{"@id":"https:\/\/www.letsportsrock.com\/#website"},"primaryImageOfPage":{"@id":"https:\/\/www.letsportsrock.com\/?p=52331#primaryimage"},"image":{"@id":"https:\/\/www.letsportsrock.com\/?p=52331#primaryimage"},"thumbnailUrl":"https:\/\/www.letsportsrock.com\/wp-content\/uploads\/2025\/07\/file_000000006a1861f9aa6a4e4a0ab7219c-3.png","datePublished":"2025-07-03T05:14:15+00:00","author":{"@id":"https:\/\/www.letsportsrock.com\/#\/schema\/person\/044479f72bdbd75f9523e745d3be6c30"},"description":"\u0218oc \u00een Liga 1! CFR I\u0218TII face un transfer de ultim\u0103 or\u0103 care \u00eei va l\u0103sa pe to\u021bi f\u0103r\u0103 cuvinte...","breadcrumb":{"@id":"https:\/\/www.letsportsrock.com\/?p=52331#breadcrumb"},"inLanguage":"en-US","potentialAction":[{"@type":"ReadAction","target":["https:\/\/www.letsportsrock.com\/?p=52331"]}]},{"@type":"ImageObject","inLanguage":"en-US","@id":"https:\/\/www.letsportsrock.com\/?p=52331#primaryimage","url":"https:\/\/www.letsportsrock.com\/wp-content\/uploads\/2025\/07\/file_000000006a1861f9aa6a4e4a0ab7219c-3.png","contentUrl":"https:\/\/www.letsportsrock.com\/wp-content\/uploads\/2025\/07\/file_000000006a1861f9aa6a4e4a0ab7219c-3.png","width":1024,"height":1536},{"@type":"BreadcrumbList","@id":"https:\/\/www.letsportsrock.com\/?p=52331#breadcrumb","itemListElement":[{"@type":"ListItem","position":1,"name":"Home","item":"https:\/\/www.letsportsrock.com\/"},{"@type":"ListItem","position":2,"name":"\u0218oc \u00een Liga 1! CFR I\u0218TII face un transfer de ultim\u0103 or\u0103 care \u00eei va l\u0103sa pe to\u021bi f\u0103r\u0103 cuvinte&#8230;"}]},{"@type":"WebSite","@id":"https:\/\/www.letsportsrock.com\/#website","url":"https:\/\/www.letsportsrock.com\/","name":"letsportsrock","description":"Sport News and Updates","potentialAction":[{"@type":"SearchAction","target":{"@type":"EntryPoint","urlTemplate":"https:\/\/www.letsportsrock.com\/?s={search_term_string}"},"query-input":{"@type":"PropertyValueSpecification","valueRequired":true,"valueName":"search_term_string"}}],"inLanguage":"en-US"},{"@type":"Person","@id":"https:\/\/www.letsportsrock.com\/#\/schema\/person\/044479f72bdbd75f9523e745d3be6c30","name":"Amos Nabizo","image":{"@type":"ImageObject","inLanguage":"en-US","@id":"https:\/\/secure.gravatar.com\/avatar\/d569857c07d3899c6ca842ffea32daa1672c05549833530fe37e68ae7b521ba4?s=96&d=mm&r=g","url":"https:\/\/secure.gravatar.com\/avatar\/d569857c07d3899c6ca842ffea32daa1672c05549833530fe37e68ae7b521ba4?s=96&d=mm&r=g","contentUrl":"https:\/\/secure.gravatar.com\/avatar\/d569857c07d3899c6ca842ffea32daa1672c05549833530fe37e68ae7b521ba4?s=96&d=mm&r=g","caption":"Amos Nabizo"},"sameAs":["https:\/\/www.letsportsrock.com\/wp-admin\/"],"url":"https:\/\/www.letsportsrock.com\/?author=15"}]}},"jetpack_featured_media_url":"https:\/\/www.letsportsrock.com\/wp-content\/uploads\/2025\/07\/file_000000006a1861f9aa6a4e4a0ab7219c-3.png","jetpack_sharing_enabled":true,"_links":{"self":[{"href":"https:\/\/www.letsportsrock.com\/index.php?rest_route=\/wp\/v2\/posts\/52331","targetHints":{"allow":["GET"]}}],"collection":[{"href":"https:\/\/www.letsportsrock.com\/index.php?rest_route=\/wp\/v2\/posts"}],"about":[{"href":"https:\/\/www.letsportsrock.com\/index.php?rest_route=\/wp\/v2\/types\/post"}],"author":[{"embeddable":true,"href":"https:\/\/www.letsportsrock.com\/index.php?rest_route=\/wp\/v2\/users\/15"}],"replies":[{"embeddable":true,"href":"https:\/\/www.letsportsrock.com\/index.php?rest_route=%2Fwp%2Fv2%2Fcomments&post=52331"}],"version-history":[{"count":1,"href":"https:\/\/www.letsportsrock.com\/index.php?rest_route=\/wp\/v2\/posts\/52331\/revisions"}],"predecessor-version":[{"id":52369,"href":"https:\/\/www.letsportsrock.com\/index.php?rest_route=\/wp\/v2\/posts\/52331\/revisions\/52369"}],"wp:featuredmedia":[{"embeddable":true,"href":"https:\/\/www.letsportsrock.com\/index.php?rest_route=\/wp\/v2\/media\/52355"}],"wp:attachment":[{"href":"https:\/\/www.letsportsrock.com\/index.php?rest_route=%2Fwp%2Fv2%2Fmedia&parent=52331"}],"wp:term":[{"taxonomy":"category","embeddable":true,"href":"https:\/\/www.letsportsrock.com\/index.php?rest_route=%2Fwp%2Fv2%2Fcategories&post=52331"},{"taxonomy":"post_tag","embeddable":true,"href":"https:\/\/www.letsportsrock.com\/index.php?rest_route=%2Fwp%2Fv2%2Ftags&post=52331"}],"curies":[{"name":"wp","href":"https:\/\/api.w.org\/{rel}","templated":true}]}}