{"id":52988,"date":"2025-07-05T12:17:25","date_gmt":"2025-07-05T12:17:25","guid":{"rendered":"https:\/\/www.letsportsrock.com\/?p=52988"},"modified":"2025-07-05T12:17:25","modified_gmt":"2025-07-05T12:17:25","slug":"paradela-si-carlos-mora-au-facut-craiova-celebra-in-costa-rica-un","status":"publish","type":"post","link":"https:\/\/www.letsportsrock.com\/?p=52988","title":{"rendered":"Paradela \u0219i Carlos Mora au f\u0103cut Craiova celebr\u0103 \u00een Costa Rica! Un &#8230;"},"content":{"rendered":"<div class=\"d79db4796efc26332eabfc3f5dafbc76\" data-index=\"1\" style=\"float: none; margin:10px 0 10px 0; text-align:center;\">\n<div class=\"hb-ad-inarticle\">\r\n    <div class=\"hb-ad-inner\"> \r\n    <div class=\"hbagency_cls\"  id=\"hbagency_space_111930\"><\/div><\/div> <\/div>\n<\/div>\n<p>Paradela \u0219i Carlos Mora au f\u0103cut Craiova celebr\u0103 \u00een Costa Rica! Un &#8230;<\/p>\n<p>&nbsp;<\/p>\n<p>Luis Paradela \u0219i Carlos Mora, noile achizi\u021bii ale Universit\u0103\u021bii Craiova, au atras aten\u021bia presei din Costa Rica, transform\u00e2nd clubul rom\u00e2nesc \u00eentr-un nume tot mai cunoscut \u00een America Central\u0103. Transferurile celor doi juc\u0103tori au fost considerate &#8220;lovituri de propor\u021bii&#8221; \u00een \u021bara natal\u0103, fanii costaricani urm\u0103rind acum cu interes meciurile echipei din B\u0103nie.<\/p>\n<p><img loading=\"lazy\" decoding=\"async\" class=\"alignnone size-medium wp-image-52990\" src=\"https:\/\/www.letsportsrock.com\/wp-content\/uploads\/2025\/07\/image-291x300.webp\" alt=\"\" width=\"291\" height=\"300\" srcset=\"https:\/\/www.letsportsrock.com\/wp-content\/uploads\/2025\/07\/image-291x300.webp 291w, https:\/\/www.letsportsrock.com\/wp-content\/uploads\/2025\/07\/image-768x792.webp 768w, https:\/\/www.letsportsrock.com\/wp-content\/uploads\/2025\/07\/image.webp 904w\" sizes=\"auto, (max-width: 291px) 100vw, 291px\" \/><\/p>\n<p>At\u00e2t Paradela, cunoscut pentru tehnica sa \u0219i experien\u021ba din na\u021bionala Cubei, c\u00e2t \u0219i Mora, unul dintre cei mai promi\u021b\u0103tori juc\u0103tori ai na\u021bionalei din Costa Rica, au fost prezenta\u021bi ca ambasadori ai fotbalului central-american \u00een Europa de Est. Publica\u021bii importante precum La Naci\u00f3n sau TD M\u00e1s au relatat cu entuziasm despre pasul lor \u00een fotbalul european, eviden\u021biind faptul c\u0103 Universitatea Craiova ofer\u0103 o platform\u0103 ideal\u0103 pentru afirmare la nivel interna\u021bional.<\/p>\n<p>&nbsp;<\/p>\n<p>Fanii costaricani au \u00eenceput deja s\u0103 interac\u021bioneze cu paginile oficiale ale clubului rom\u00e2n pe re\u021belele sociale, iar meciurile Craiovei sunt tot mai urm\u0103rite \u00een Costa Rica. Astfel, transferurile lui Paradela \u0219i Mora nu doar c\u0103 \u00eent\u0103resc lotul oltenilor, dar \u0219i extind vizibilitatea clubului la nivel global.<\/p>\n\n<div style=\"font-size: 0px; height: 0px; line-height: 0px; margin: 0; padding: 0; clear: both;\"><\/div>","protected":false},"excerpt":{"rendered":"<p>Paradela \u0219i Carlos Mora au f\u0103cut Craiova celebr\u0103 \u00een Costa Rica! Un &#8230; &nbsp; Luis Paradela \u0219i Carlos Mora, noile achizi\u021bii ale Universit\u0103\u021bii Craiova, au atras aten\u021bia presei din Costa Rica, transform\u00e2nd clubul rom\u00e2nesc \u00eentr-un nume tot mai cunoscut \u00een America Central\u0103. Transferurile celor doi juc\u0103tori au fost considerate &#8220;lovituri de propor\u021bii&#8221; \u00een \u021bara natal\u0103, [&hellip;]<\/p>\n","protected":false},"author":15,"featured_media":52989,"comment_status":"open","ping_status":"open","sticky":false,"template":"","format":"standard","meta":{"_jetpack_memberships_contains_paid_content":false,"footnotes":""},"categories":[1],"tags":[640],"class_list":["post-52988","post","type-post","status-publish","format-standard","has-post-thumbnail","hentry","category-uncategorized","tag-fan-andrei-ivan"],"yoast_head":"<!-- This site is optimized with the Yoast SEO plugin v27.4 - https:\/\/yoast.com\/product\/yoast-seo-wordpress\/ -->\n<title>Paradela \u0219i Carlos Mora au f\u0103cut Craiova celebr\u0103 \u00een Costa Rica! Un ...<\/title>\n<meta name=\"description\" content=\"Paradela \u0219i Carlos Mora au f\u0103cut Craiova celebr\u0103 \u00een Costa Rica! Un ...\" \/>\n<meta name=\"robots\" content=\"index, follow, max-snippet:-1, max-image-preview:large, max-video-preview:-1\" \/>\n<link rel=\"canonical\" href=\"https:\/\/www.letsportsrock.com\/?p=52988\" \/>\n<meta property=\"og:locale\" content=\"en_US\" \/>\n<meta property=\"og:type\" content=\"article\" \/>\n<meta property=\"og:title\" content=\"Paradela \u0219i Carlos Mora au f\u0103cut Craiova celebr\u0103 \u00een Costa Rica! Un ...\" \/>\n<meta property=\"og:description\" content=\"Paradela \u0219i Carlos Mora au f\u0103cut Craiova celebr\u0103 \u00een Costa Rica! Un ...\" \/>\n<meta property=\"og:url\" content=\"https:\/\/www.letsportsrock.com\/?p=52988\" \/>\n<meta property=\"og:site_name\" content=\"letsportsrock\" \/>\n<meta property=\"article:published_time\" content=\"2025-07-05T12:17:25+00:00\" \/>\n<meta property=\"og:image\" content=\"https:\/\/www.letsportsrock.com\/wp-content\/uploads\/2025\/07\/craiova-celebra-costa-rica.jpg\" \/>\n\t<meta property=\"og:image:width\" content=\"1200\" \/>\n\t<meta property=\"og:image:height\" content=\"675\" \/>\n\t<meta property=\"og:image:type\" content=\"image\/jpeg\" \/>\n<meta name=\"author\" content=\"Amos Nabizo\" \/>\n<meta name=\"twitter:card\" content=\"summary_large_image\" \/>\n<meta name=\"twitter:label1\" content=\"Written by\" \/>\n\t<meta name=\"twitter:data1\" content=\"Amos Nabizo\" \/>\n\t<meta name=\"twitter:label2\" content=\"Est. reading time\" \/>\n\t<meta name=\"twitter:data2\" content=\"2 minutes\" \/>\n<script type=\"application\/ld+json\" class=\"yoast-schema-graph\">{\"@context\":\"https:\\\/\\\/schema.org\",\"@graph\":[{\"@type\":\"Article\",\"@id\":\"https:\\\/\\\/www.letsportsrock.com\\\/?p=52988#article\",\"isPartOf\":{\"@id\":\"https:\\\/\\\/www.letsportsrock.com\\\/?p=52988\"},\"author\":{\"name\":\"Amos Nabizo\",\"@id\":\"https:\\\/\\\/www.letsportsrock.com\\\/#\\\/schema\\\/person\\\/044479f72bdbd75f9523e745d3be6c30\"},\"headline\":\"Paradela \u0219i Carlos Mora au f\u0103cut Craiova celebr\u0103 \u00een Costa Rica! Un &#8230;\",\"datePublished\":\"2025-07-05T12:17:25+00:00\",\"mainEntityOfPage\":{\"@id\":\"https:\\\/\\\/www.letsportsrock.com\\\/?p=52988\"},\"wordCount\":221,\"commentCount\":0,\"image\":{\"@id\":\"https:\\\/\\\/www.letsportsrock.com\\\/?p=52988#primaryimage\"},\"thumbnailUrl\":\"https:\\\/\\\/www.letsportsrock.com\\\/wp-content\\\/uploads\\\/2025\\\/07\\\/craiova-celebra-costa-rica.jpg\",\"keywords\":[\"Fan Andrei Ivan\"],\"inLanguage\":\"en-US\",\"potentialAction\":[{\"@type\":\"CommentAction\",\"name\":\"Comment\",\"target\":[\"https:\\\/\\\/www.letsportsrock.com\\\/?p=52988#respond\"]}]},{\"@type\":\"WebPage\",\"@id\":\"https:\\\/\\\/www.letsportsrock.com\\\/?p=52988\",\"url\":\"https:\\\/\\\/www.letsportsrock.com\\\/?p=52988\",\"name\":\"Paradela \u0219i Carlos Mora au f\u0103cut Craiova celebr\u0103 \u00een Costa Rica! Un ...\",\"isPartOf\":{\"@id\":\"https:\\\/\\\/www.letsportsrock.com\\\/#website\"},\"primaryImageOfPage\":{\"@id\":\"https:\\\/\\\/www.letsportsrock.com\\\/?p=52988#primaryimage\"},\"image\":{\"@id\":\"https:\\\/\\\/www.letsportsrock.com\\\/?p=52988#primaryimage\"},\"thumbnailUrl\":\"https:\\\/\\\/www.letsportsrock.com\\\/wp-content\\\/uploads\\\/2025\\\/07\\\/craiova-celebra-costa-rica.jpg\",\"datePublished\":\"2025-07-05T12:17:25+00:00\",\"author\":{\"@id\":\"https:\\\/\\\/www.letsportsrock.com\\\/#\\\/schema\\\/person\\\/044479f72bdbd75f9523e745d3be6c30\"},\"description\":\"Paradela \u0219i Carlos Mora au f\u0103cut Craiova celebr\u0103 \u00een Costa Rica! Un ...\",\"breadcrumb\":{\"@id\":\"https:\\\/\\\/www.letsportsrock.com\\\/?p=52988#breadcrumb\"},\"inLanguage\":\"en-US\",\"potentialAction\":[{\"@type\":\"ReadAction\",\"target\":[\"https:\\\/\\\/www.letsportsrock.com\\\/?p=52988\"]}]},{\"@type\":\"ImageObject\",\"inLanguage\":\"en-US\",\"@id\":\"https:\\\/\\\/www.letsportsrock.com\\\/?p=52988#primaryimage\",\"url\":\"https:\\\/\\\/www.letsportsrock.com\\\/wp-content\\\/uploads\\\/2025\\\/07\\\/craiova-celebra-costa-rica.jpg\",\"contentUrl\":\"https:\\\/\\\/www.letsportsrock.com\\\/wp-content\\\/uploads\\\/2025\\\/07\\\/craiova-celebra-costa-rica.jpg\",\"width\":1200,\"height\":675},{\"@type\":\"BreadcrumbList\",\"@id\":\"https:\\\/\\\/www.letsportsrock.com\\\/?p=52988#breadcrumb\",\"itemListElement\":[{\"@type\":\"ListItem\",\"position\":1,\"name\":\"Home\",\"item\":\"https:\\\/\\\/www.letsportsrock.com\\\/\"},{\"@type\":\"ListItem\",\"position\":2,\"name\":\"Paradela \u0219i Carlos Mora au f\u0103cut Craiova celebr\u0103 \u00een Costa Rica! Un &#8230;\"}]},{\"@type\":\"WebSite\",\"@id\":\"https:\\\/\\\/www.letsportsrock.com\\\/#website\",\"url\":\"https:\\\/\\\/www.letsportsrock.com\\\/\",\"name\":\"letsportsrock\",\"description\":\"Sport News and Updates\",\"potentialAction\":[{\"@type\":\"SearchAction\",\"target\":{\"@type\":\"EntryPoint\",\"urlTemplate\":\"https:\\\/\\\/www.letsportsrock.com\\\/?s={search_term_string}\"},\"query-input\":{\"@type\":\"PropertyValueSpecification\",\"valueRequired\":true,\"valueName\":\"search_term_string\"}}],\"inLanguage\":\"en-US\"},{\"@type\":\"Person\",\"@id\":\"https:\\\/\\\/www.letsportsrock.com\\\/#\\\/schema\\\/person\\\/044479f72bdbd75f9523e745d3be6c30\",\"name\":\"Amos Nabizo\",\"image\":{\"@type\":\"ImageObject\",\"inLanguage\":\"en-US\",\"@id\":\"https:\\\/\\\/secure.gravatar.com\\\/avatar\\\/d569857c07d3899c6ca842ffea32daa1672c05549833530fe37e68ae7b521ba4?s=96&d=mm&r=g\",\"url\":\"https:\\\/\\\/secure.gravatar.com\\\/avatar\\\/d569857c07d3899c6ca842ffea32daa1672c05549833530fe37e68ae7b521ba4?s=96&d=mm&r=g\",\"contentUrl\":\"https:\\\/\\\/secure.gravatar.com\\\/avatar\\\/d569857c07d3899c6ca842ffea32daa1672c05549833530fe37e68ae7b521ba4?s=96&d=mm&r=g\",\"caption\":\"Amos Nabizo\"},\"sameAs\":[\"https:\\\/\\\/www.letsportsrock.com\\\/wp-admin\\\/\"],\"url\":\"https:\\\/\\\/www.letsportsrock.com\\\/?author=15\"}]}<\/script>\n<!-- \/ Yoast SEO plugin. -->","yoast_head_json":{"title":"Paradela \u0219i Carlos Mora au f\u0103cut Craiova celebr\u0103 \u00een Costa Rica! Un ...","description":"Paradela \u0219i Carlos Mora au f\u0103cut Craiova celebr\u0103 \u00een Costa Rica! Un ...","robots":{"index":"index","follow":"follow","max-snippet":"max-snippet:-1","max-image-preview":"max-image-preview:large","max-video-preview":"max-video-preview:-1"},"canonical":"https:\/\/www.letsportsrock.com\/?p=52988","og_locale":"en_US","og_type":"article","og_title":"Paradela \u0219i Carlos Mora au f\u0103cut Craiova celebr\u0103 \u00een Costa Rica! Un ...","og_description":"Paradela \u0219i Carlos Mora au f\u0103cut Craiova celebr\u0103 \u00een Costa Rica! Un ...","og_url":"https:\/\/www.letsportsrock.com\/?p=52988","og_site_name":"letsportsrock","article_published_time":"2025-07-05T12:17:25+00:00","og_image":[{"width":1200,"height":675,"url":"https:\/\/www.letsportsrock.com\/wp-content\/uploads\/2025\/07\/craiova-celebra-costa-rica.jpg","type":"image\/jpeg"}],"author":"Amos Nabizo","twitter_card":"summary_large_image","twitter_misc":{"Written by":"Amos Nabizo","Est. reading time":"2 minutes"},"schema":{"@context":"https:\/\/schema.org","@graph":[{"@type":"Article","@id":"https:\/\/www.letsportsrock.com\/?p=52988#article","isPartOf":{"@id":"https:\/\/www.letsportsrock.com\/?p=52988"},"author":{"name":"Amos Nabizo","@id":"https:\/\/www.letsportsrock.com\/#\/schema\/person\/044479f72bdbd75f9523e745d3be6c30"},"headline":"Paradela \u0219i Carlos Mora au f\u0103cut Craiova celebr\u0103 \u00een Costa Rica! Un &#8230;","datePublished":"2025-07-05T12:17:25+00:00","mainEntityOfPage":{"@id":"https:\/\/www.letsportsrock.com\/?p=52988"},"wordCount":221,"commentCount":0,"image":{"@id":"https:\/\/www.letsportsrock.com\/?p=52988#primaryimage"},"thumbnailUrl":"https:\/\/www.letsportsrock.com\/wp-content\/uploads\/2025\/07\/craiova-celebra-costa-rica.jpg","keywords":["Fan Andrei Ivan"],"inLanguage":"en-US","potentialAction":[{"@type":"CommentAction","name":"Comment","target":["https:\/\/www.letsportsrock.com\/?p=52988#respond"]}]},{"@type":"WebPage","@id":"https:\/\/www.letsportsrock.com\/?p=52988","url":"https:\/\/www.letsportsrock.com\/?p=52988","name":"Paradela \u0219i Carlos Mora au f\u0103cut Craiova celebr\u0103 \u00een Costa Rica! Un ...","isPartOf":{"@id":"https:\/\/www.letsportsrock.com\/#website"},"primaryImageOfPage":{"@id":"https:\/\/www.letsportsrock.com\/?p=52988#primaryimage"},"image":{"@id":"https:\/\/www.letsportsrock.com\/?p=52988#primaryimage"},"thumbnailUrl":"https:\/\/www.letsportsrock.com\/wp-content\/uploads\/2025\/07\/craiova-celebra-costa-rica.jpg","datePublished":"2025-07-05T12:17:25+00:00","author":{"@id":"https:\/\/www.letsportsrock.com\/#\/schema\/person\/044479f72bdbd75f9523e745d3be6c30"},"description":"Paradela \u0219i Carlos Mora au f\u0103cut Craiova celebr\u0103 \u00een Costa Rica! Un ...","breadcrumb":{"@id":"https:\/\/www.letsportsrock.com\/?p=52988#breadcrumb"},"inLanguage":"en-US","potentialAction":[{"@type":"ReadAction","target":["https:\/\/www.letsportsrock.com\/?p=52988"]}]},{"@type":"ImageObject","inLanguage":"en-US","@id":"https:\/\/www.letsportsrock.com\/?p=52988#primaryimage","url":"https:\/\/www.letsportsrock.com\/wp-content\/uploads\/2025\/07\/craiova-celebra-costa-rica.jpg","contentUrl":"https:\/\/www.letsportsrock.com\/wp-content\/uploads\/2025\/07\/craiova-celebra-costa-rica.jpg","width":1200,"height":675},{"@type":"BreadcrumbList","@id":"https:\/\/www.letsportsrock.com\/?p=52988#breadcrumb","itemListElement":[{"@type":"ListItem","position":1,"name":"Home","item":"https:\/\/www.letsportsrock.com\/"},{"@type":"ListItem","position":2,"name":"Paradela \u0219i Carlos Mora au f\u0103cut Craiova celebr\u0103 \u00een Costa Rica! Un &#8230;"}]},{"@type":"WebSite","@id":"https:\/\/www.letsportsrock.com\/#website","url":"https:\/\/www.letsportsrock.com\/","name":"letsportsrock","description":"Sport News and Updates","potentialAction":[{"@type":"SearchAction","target":{"@type":"EntryPoint","urlTemplate":"https:\/\/www.letsportsrock.com\/?s={search_term_string}"},"query-input":{"@type":"PropertyValueSpecification","valueRequired":true,"valueName":"search_term_string"}}],"inLanguage":"en-US"},{"@type":"Person","@id":"https:\/\/www.letsportsrock.com\/#\/schema\/person\/044479f72bdbd75f9523e745d3be6c30","name":"Amos Nabizo","image":{"@type":"ImageObject","inLanguage":"en-US","@id":"https:\/\/secure.gravatar.com\/avatar\/d569857c07d3899c6ca842ffea32daa1672c05549833530fe37e68ae7b521ba4?s=96&d=mm&r=g","url":"https:\/\/secure.gravatar.com\/avatar\/d569857c07d3899c6ca842ffea32daa1672c05549833530fe37e68ae7b521ba4?s=96&d=mm&r=g","contentUrl":"https:\/\/secure.gravatar.com\/avatar\/d569857c07d3899c6ca842ffea32daa1672c05549833530fe37e68ae7b521ba4?s=96&d=mm&r=g","caption":"Amos Nabizo"},"sameAs":["https:\/\/www.letsportsrock.com\/wp-admin\/"],"url":"https:\/\/www.letsportsrock.com\/?author=15"}]}},"jetpack_featured_media_url":"https:\/\/www.letsportsrock.com\/wp-content\/uploads\/2025\/07\/craiova-celebra-costa-rica.jpg","jetpack_sharing_enabled":true,"_links":{"self":[{"href":"https:\/\/www.letsportsrock.com\/index.php?rest_route=\/wp\/v2\/posts\/52988","targetHints":{"allow":["GET"]}}],"collection":[{"href":"https:\/\/www.letsportsrock.com\/index.php?rest_route=\/wp\/v2\/posts"}],"about":[{"href":"https:\/\/www.letsportsrock.com\/index.php?rest_route=\/wp\/v2\/types\/post"}],"author":[{"embeddable":true,"href":"https:\/\/www.letsportsrock.com\/index.php?rest_route=\/wp\/v2\/users\/15"}],"replies":[{"embeddable":true,"href":"https:\/\/www.letsportsrock.com\/index.php?rest_route=%2Fwp%2Fv2%2Fcomments&post=52988"}],"version-history":[{"count":1,"href":"https:\/\/www.letsportsrock.com\/index.php?rest_route=\/wp\/v2\/posts\/52988\/revisions"}],"predecessor-version":[{"id":52991,"href":"https:\/\/www.letsportsrock.com\/index.php?rest_route=\/wp\/v2\/posts\/52988\/revisions\/52991"}],"wp:featuredmedia":[{"embeddable":true,"href":"https:\/\/www.letsportsrock.com\/index.php?rest_route=\/wp\/v2\/media\/52989"}],"wp:attachment":[{"href":"https:\/\/www.letsportsrock.com\/index.php?rest_route=%2Fwp%2Fv2%2Fmedia&parent=52988"}],"wp:term":[{"taxonomy":"category","embeddable":true,"href":"https:\/\/www.letsportsrock.com\/index.php?rest_route=%2Fwp%2Fv2%2Fcategories&post=52988"},{"taxonomy":"post_tag","embeddable":true,"href":"https:\/\/www.letsportsrock.com\/index.php?rest_route=%2Fwp%2Fv2%2Ftags&post=52988"}],"curies":[{"name":"wp","href":"https:\/\/api.w.org\/{rel}","templated":true}]}}