{"id":53871,"date":"2025-07-10T21:51:09","date_gmt":"2025-07-10T21:51:09","guid":{"rendered":"https:\/\/www.letsportsrock.com\/?p=53871"},"modified":"2025-07-10T21:51:44","modified_gmt":"2025-07-10T21:51:44","slug":"stiri-de-ultima-ora-starul-fc-rapid-bucuresti-confirma-ca-vrea-sa-se-intoarca","status":"publish","type":"post","link":"https:\/\/www.letsportsrock.com\/?p=53871","title":{"rendered":"\u0218tiri de ultim\u0103 or\u0103: Starul FC Rapid Bucure\u0219ti confirm\u0103 c\u0103 vrea s\u0103 se \u00eentoarc\u0103&#8230;."},"content":{"rendered":"<div class=\"d79db4796efc26332eabfc3f5dafbc76\" data-index=\"1\" style=\"float: none; margin:10px 0 10px 0; text-align:center;\">\n<div class=\"hb-ad-inarticle\">\r\n    <div class=\"hb-ad-inner\"> \r\n    <div class=\"hbagency_cls\"  id=\"hbagency_space_111930\"><\/div><\/div> <\/div>\n<\/div>\n<p>Nu am g\u0103sit \u0219tiri actuale care s\u0103 confirme c\u0103 un star de la FC Rapid Bucure\u0219ti a declarat oficial c\u0103 vrea s\u0103 se \u00eentoarc\u0103. Sursele recente se refer\u0103 preponderent la discu\u021bii de mercato, sanc\u021biuni disciplinare sau alte subiecte interne din club, dar f\u0103r\u0103 nicio declara\u021bie de acest gen ([hotnews.ro][1]).<\/p>\n<p>&nbsp;<\/p>\n<p>Dac\u0103 ai un nume precis al juc\u0103torului sau ai un link la o declara\u021bie specific\u0103, trimite-mi, te rog, ca s\u0103 pot investiga mai exact. Altfel, pare c\u0103 subiectul nu este acoperit \u00een actualitatea de p\u00e2n\u0103 acum.<\/p>\n<p>&nbsp;<\/p>\n<p>Te pot ajuta cu alte informa\u021bii despre transferuri la Rapid sau alte nout\u0103\u021bi din Liga I. Ce zici?<\/p>\n<p>&nbsp;<\/p>\n<p>&nbsp;<\/p>\n\n<div style=\"font-size: 0px; height: 0px; line-height: 0px; margin: 0; padding: 0; clear: both;\"><\/div>","protected":false},"excerpt":{"rendered":"<p>Nu am g\u0103sit \u0219tiri actuale care s\u0103 confirme c\u0103 un star de la FC Rapid Bucure\u0219ti a declarat oficial c\u0103 vrea s\u0103 se \u00eentoarc\u0103. Sursele recente se refer\u0103 preponderent la discu\u021bii de mercato, sanc\u021biuni disciplinare sau alte subiecte interne din club, dar f\u0103r\u0103 nicio declara\u021bie de acest gen ([hotnews.ro][1]). &nbsp; Dac\u0103 ai un nume precis [&hellip;]<\/p>\n","protected":false},"author":1,"featured_media":53873,"comment_status":"open","ping_status":"open","sticky":false,"template":"","format":"standard","meta":{"_jetpack_memberships_contains_paid_content":false,"footnotes":""},"categories":[1],"tags":[],"class_list":["post-53871","post","type-post","status-publish","format-standard","has-post-thumbnail","hentry","category-uncategorized"],"yoast_head":"<!-- This site is optimized with the Yoast SEO plugin v27.4 - https:\/\/yoast.com\/product\/yoast-seo-wordpress\/ -->\n<title>\u0218tiri de ultim\u0103 or\u0103: Starul FC Rapid Bucure\u0219ti confirm\u0103 c\u0103 vrea s\u0103 se \u00eentoarc\u0103....<\/title>\n<meta name=\"description\" content=\"\u0218tiri de ultim\u0103 or\u0103: Starul FC Rapid Bucure\u0219ti confirm\u0103 c\u0103 vrea s\u0103 se \u00eentoarc\u0103...............................\" \/>\n<meta name=\"robots\" content=\"index, follow, max-snippet:-1, max-image-preview:large, max-video-preview:-1\" \/>\n<link rel=\"canonical\" href=\"https:\/\/www.letsportsrock.com\/?p=53871\" \/>\n<meta property=\"og:locale\" content=\"en_US\" \/>\n<meta property=\"og:type\" content=\"article\" \/>\n<meta property=\"og:title\" content=\"\u0218tiri de ultim\u0103 or\u0103: Starul FC Rapid Bucure\u0219ti confirm\u0103 c\u0103 vrea s\u0103 se \u00eentoarc\u0103....\" \/>\n<meta property=\"og:description\" content=\"\u0218tiri de ultim\u0103 or\u0103: Starul FC Rapid Bucure\u0219ti confirm\u0103 c\u0103 vrea s\u0103 se \u00eentoarc\u0103...............................\" \/>\n<meta property=\"og:url\" content=\"https:\/\/www.letsportsrock.com\/?p=53871\" \/>\n<meta property=\"og:site_name\" content=\"letsportsrock\" \/>\n<meta property=\"article:published_time\" content=\"2025-07-10T21:51:09+00:00\" \/>\n<meta property=\"article:modified_time\" content=\"2025-07-10T21:51:44+00:00\" \/>\n<meta property=\"og:image\" content=\"https:\/\/www.letsportsrock.com\/wp-content\/uploads\/2025\/07\/images-2025-07-10T225026.905.jpeg\" \/>\n\t<meta property=\"og:image:width\" content=\"700\" \/>\n\t<meta property=\"og:image:height\" content=\"420\" \/>\n\t<meta property=\"og:image:type\" content=\"image\/jpeg\" \/>\n<meta name=\"author\" content=\"letsportsrock\" \/>\n<meta name=\"twitter:card\" content=\"summary_large_image\" \/>\n<meta name=\"twitter:label1\" content=\"Written by\" \/>\n\t<meta name=\"twitter:data1\" content=\"letsportsrock\" \/>\n\t<meta name=\"twitter:label2\" content=\"Est. reading time\" \/>\n\t<meta name=\"twitter:data2\" content=\"1 minute\" \/>\n<script type=\"application\/ld+json\" class=\"yoast-schema-graph\">{\"@context\":\"https:\\\/\\\/schema.org\",\"@graph\":[{\"@type\":\"Article\",\"@id\":\"https:\\\/\\\/www.letsportsrock.com\\\/?p=53871#article\",\"isPartOf\":{\"@id\":\"https:\\\/\\\/www.letsportsrock.com\\\/?p=53871\"},\"author\":{\"name\":\"letsportsrock\",\"@id\":\"https:\\\/\\\/www.letsportsrock.com\\\/#\\\/schema\\\/person\\\/a454ac24e58b214ddd97e4b5afb0bf01\"},\"headline\":\"\u0218tiri de ultim\u0103 or\u0103: Starul FC Rapid Bucure\u0219ti confirm\u0103 c\u0103 vrea s\u0103 se \u00eentoarc\u0103&#8230;.\",\"datePublished\":\"2025-07-10T21:51:09+00:00\",\"dateModified\":\"2025-07-10T21:51:44+00:00\",\"mainEntityOfPage\":{\"@id\":\"https:\\\/\\\/www.letsportsrock.com\\\/?p=53871\"},\"wordCount\":134,\"commentCount\":0,\"image\":{\"@id\":\"https:\\\/\\\/www.letsportsrock.com\\\/?p=53871#primaryimage\"},\"thumbnailUrl\":\"https:\\\/\\\/www.letsportsrock.com\\\/wp-content\\\/uploads\\\/2025\\\/07\\\/images-2025-07-10T225026.905.jpeg\",\"inLanguage\":\"en-US\",\"potentialAction\":[{\"@type\":\"CommentAction\",\"name\":\"Comment\",\"target\":[\"https:\\\/\\\/www.letsportsrock.com\\\/?p=53871#respond\"]}]},{\"@type\":\"WebPage\",\"@id\":\"https:\\\/\\\/www.letsportsrock.com\\\/?p=53871\",\"url\":\"https:\\\/\\\/www.letsportsrock.com\\\/?p=53871\",\"name\":\"\u0218tiri de ultim\u0103 or\u0103: Starul FC Rapid Bucure\u0219ti confirm\u0103 c\u0103 vrea s\u0103 se \u00eentoarc\u0103....\",\"isPartOf\":{\"@id\":\"https:\\\/\\\/www.letsportsrock.com\\\/#website\"},\"primaryImageOfPage\":{\"@id\":\"https:\\\/\\\/www.letsportsrock.com\\\/?p=53871#primaryimage\"},\"image\":{\"@id\":\"https:\\\/\\\/www.letsportsrock.com\\\/?p=53871#primaryimage\"},\"thumbnailUrl\":\"https:\\\/\\\/www.letsportsrock.com\\\/wp-content\\\/uploads\\\/2025\\\/07\\\/images-2025-07-10T225026.905.jpeg\",\"datePublished\":\"2025-07-10T21:51:09+00:00\",\"dateModified\":\"2025-07-10T21:51:44+00:00\",\"author\":{\"@id\":\"https:\\\/\\\/www.letsportsrock.com\\\/#\\\/schema\\\/person\\\/a454ac24e58b214ddd97e4b5afb0bf01\"},\"description\":\"\u0218tiri de ultim\u0103 or\u0103: Starul FC Rapid Bucure\u0219ti confirm\u0103 c\u0103 vrea s\u0103 se \u00eentoarc\u0103...............................\",\"breadcrumb\":{\"@id\":\"https:\\\/\\\/www.letsportsrock.com\\\/?p=53871#breadcrumb\"},\"inLanguage\":\"en-US\",\"potentialAction\":[{\"@type\":\"ReadAction\",\"target\":[\"https:\\\/\\\/www.letsportsrock.com\\\/?p=53871\"]}]},{\"@type\":\"ImageObject\",\"inLanguage\":\"en-US\",\"@id\":\"https:\\\/\\\/www.letsportsrock.com\\\/?p=53871#primaryimage\",\"url\":\"https:\\\/\\\/www.letsportsrock.com\\\/wp-content\\\/uploads\\\/2025\\\/07\\\/images-2025-07-10T225026.905.jpeg\",\"contentUrl\":\"https:\\\/\\\/www.letsportsrock.com\\\/wp-content\\\/uploads\\\/2025\\\/07\\\/images-2025-07-10T225026.905.jpeg\",\"width\":700,\"height\":420},{\"@type\":\"BreadcrumbList\",\"@id\":\"https:\\\/\\\/www.letsportsrock.com\\\/?p=53871#breadcrumb\",\"itemListElement\":[{\"@type\":\"ListItem\",\"position\":1,\"name\":\"Home\",\"item\":\"https:\\\/\\\/www.letsportsrock.com\\\/\"},{\"@type\":\"ListItem\",\"position\":2,\"name\":\"\u0218tiri de ultim\u0103 or\u0103: Starul FC Rapid Bucure\u0219ti confirm\u0103 c\u0103 vrea s\u0103 se \u00eentoarc\u0103&#8230;.\"}]},{\"@type\":\"WebSite\",\"@id\":\"https:\\\/\\\/www.letsportsrock.com\\\/#website\",\"url\":\"https:\\\/\\\/www.letsportsrock.com\\\/\",\"name\":\"letsportsrock\",\"description\":\"Sport News and Updates\",\"potentialAction\":[{\"@type\":\"SearchAction\",\"target\":{\"@type\":\"EntryPoint\",\"urlTemplate\":\"https:\\\/\\\/www.letsportsrock.com\\\/?s={search_term_string}\"},\"query-input\":{\"@type\":\"PropertyValueSpecification\",\"valueRequired\":true,\"valueName\":\"search_term_string\"}}],\"inLanguage\":\"en-US\"},{\"@type\":\"Person\",\"@id\":\"https:\\\/\\\/www.letsportsrock.com\\\/#\\\/schema\\\/person\\\/a454ac24e58b214ddd97e4b5afb0bf01\",\"name\":\"letsportsrock\",\"image\":{\"@type\":\"ImageObject\",\"inLanguage\":\"en-US\",\"@id\":\"https:\\\/\\\/secure.gravatar.com\\\/avatar\\\/f8ef950cbb7574c0bc874094b8d307659bfe2d7aa4a9d26fa6917eff010748f9?s=96&d=mm&r=g\",\"url\":\"https:\\\/\\\/secure.gravatar.com\\\/avatar\\\/f8ef950cbb7574c0bc874094b8d307659bfe2d7aa4a9d26fa6917eff010748f9?s=96&d=mm&r=g\",\"contentUrl\":\"https:\\\/\\\/secure.gravatar.com\\\/avatar\\\/f8ef950cbb7574c0bc874094b8d307659bfe2d7aa4a9d26fa6917eff010748f9?s=96&d=mm&r=g\",\"caption\":\"letsportsrock\"},\"sameAs\":[\"https:\\\/\\\/www.letsportsrock.com\"],\"url\":\"https:\\\/\\\/www.letsportsrock.com\\\/?author=1\"}]}<\/script>\n<!-- \/ Yoast SEO plugin. -->","yoast_head_json":{"title":"\u0218tiri de ultim\u0103 or\u0103: Starul FC Rapid Bucure\u0219ti confirm\u0103 c\u0103 vrea s\u0103 se \u00eentoarc\u0103....","description":"\u0218tiri de ultim\u0103 or\u0103: Starul FC Rapid Bucure\u0219ti confirm\u0103 c\u0103 vrea s\u0103 se \u00eentoarc\u0103...............................","robots":{"index":"index","follow":"follow","max-snippet":"max-snippet:-1","max-image-preview":"max-image-preview:large","max-video-preview":"max-video-preview:-1"},"canonical":"https:\/\/www.letsportsrock.com\/?p=53871","og_locale":"en_US","og_type":"article","og_title":"\u0218tiri de ultim\u0103 or\u0103: Starul FC Rapid Bucure\u0219ti confirm\u0103 c\u0103 vrea s\u0103 se \u00eentoarc\u0103....","og_description":"\u0218tiri de ultim\u0103 or\u0103: Starul FC Rapid Bucure\u0219ti confirm\u0103 c\u0103 vrea s\u0103 se \u00eentoarc\u0103...............................","og_url":"https:\/\/www.letsportsrock.com\/?p=53871","og_site_name":"letsportsrock","article_published_time":"2025-07-10T21:51:09+00:00","article_modified_time":"2025-07-10T21:51:44+00:00","og_image":[{"width":700,"height":420,"url":"https:\/\/www.letsportsrock.com\/wp-content\/uploads\/2025\/07\/images-2025-07-10T225026.905.jpeg","type":"image\/jpeg"}],"author":"letsportsrock","twitter_card":"summary_large_image","twitter_misc":{"Written by":"letsportsrock","Est. reading time":"1 minute"},"schema":{"@context":"https:\/\/schema.org","@graph":[{"@type":"Article","@id":"https:\/\/www.letsportsrock.com\/?p=53871#article","isPartOf":{"@id":"https:\/\/www.letsportsrock.com\/?p=53871"},"author":{"name":"letsportsrock","@id":"https:\/\/www.letsportsrock.com\/#\/schema\/person\/a454ac24e58b214ddd97e4b5afb0bf01"},"headline":"\u0218tiri de ultim\u0103 or\u0103: Starul FC Rapid Bucure\u0219ti confirm\u0103 c\u0103 vrea s\u0103 se \u00eentoarc\u0103&#8230;.","datePublished":"2025-07-10T21:51:09+00:00","dateModified":"2025-07-10T21:51:44+00:00","mainEntityOfPage":{"@id":"https:\/\/www.letsportsrock.com\/?p=53871"},"wordCount":134,"commentCount":0,"image":{"@id":"https:\/\/www.letsportsrock.com\/?p=53871#primaryimage"},"thumbnailUrl":"https:\/\/www.letsportsrock.com\/wp-content\/uploads\/2025\/07\/images-2025-07-10T225026.905.jpeg","inLanguage":"en-US","potentialAction":[{"@type":"CommentAction","name":"Comment","target":["https:\/\/www.letsportsrock.com\/?p=53871#respond"]}]},{"@type":"WebPage","@id":"https:\/\/www.letsportsrock.com\/?p=53871","url":"https:\/\/www.letsportsrock.com\/?p=53871","name":"\u0218tiri de ultim\u0103 or\u0103: Starul FC Rapid Bucure\u0219ti confirm\u0103 c\u0103 vrea s\u0103 se \u00eentoarc\u0103....","isPartOf":{"@id":"https:\/\/www.letsportsrock.com\/#website"},"primaryImageOfPage":{"@id":"https:\/\/www.letsportsrock.com\/?p=53871#primaryimage"},"image":{"@id":"https:\/\/www.letsportsrock.com\/?p=53871#primaryimage"},"thumbnailUrl":"https:\/\/www.letsportsrock.com\/wp-content\/uploads\/2025\/07\/images-2025-07-10T225026.905.jpeg","datePublished":"2025-07-10T21:51:09+00:00","dateModified":"2025-07-10T21:51:44+00:00","author":{"@id":"https:\/\/www.letsportsrock.com\/#\/schema\/person\/a454ac24e58b214ddd97e4b5afb0bf01"},"description":"\u0218tiri de ultim\u0103 or\u0103: Starul FC Rapid Bucure\u0219ti confirm\u0103 c\u0103 vrea s\u0103 se \u00eentoarc\u0103...............................","breadcrumb":{"@id":"https:\/\/www.letsportsrock.com\/?p=53871#breadcrumb"},"inLanguage":"en-US","potentialAction":[{"@type":"ReadAction","target":["https:\/\/www.letsportsrock.com\/?p=53871"]}]},{"@type":"ImageObject","inLanguage":"en-US","@id":"https:\/\/www.letsportsrock.com\/?p=53871#primaryimage","url":"https:\/\/www.letsportsrock.com\/wp-content\/uploads\/2025\/07\/images-2025-07-10T225026.905.jpeg","contentUrl":"https:\/\/www.letsportsrock.com\/wp-content\/uploads\/2025\/07\/images-2025-07-10T225026.905.jpeg","width":700,"height":420},{"@type":"BreadcrumbList","@id":"https:\/\/www.letsportsrock.com\/?p=53871#breadcrumb","itemListElement":[{"@type":"ListItem","position":1,"name":"Home","item":"https:\/\/www.letsportsrock.com\/"},{"@type":"ListItem","position":2,"name":"\u0218tiri de ultim\u0103 or\u0103: Starul FC Rapid Bucure\u0219ti confirm\u0103 c\u0103 vrea s\u0103 se \u00eentoarc\u0103&#8230;."}]},{"@type":"WebSite","@id":"https:\/\/www.letsportsrock.com\/#website","url":"https:\/\/www.letsportsrock.com\/","name":"letsportsrock","description":"Sport News and Updates","potentialAction":[{"@type":"SearchAction","target":{"@type":"EntryPoint","urlTemplate":"https:\/\/www.letsportsrock.com\/?s={search_term_string}"},"query-input":{"@type":"PropertyValueSpecification","valueRequired":true,"valueName":"search_term_string"}}],"inLanguage":"en-US"},{"@type":"Person","@id":"https:\/\/www.letsportsrock.com\/#\/schema\/person\/a454ac24e58b214ddd97e4b5afb0bf01","name":"letsportsrock","image":{"@type":"ImageObject","inLanguage":"en-US","@id":"https:\/\/secure.gravatar.com\/avatar\/f8ef950cbb7574c0bc874094b8d307659bfe2d7aa4a9d26fa6917eff010748f9?s=96&d=mm&r=g","url":"https:\/\/secure.gravatar.com\/avatar\/f8ef950cbb7574c0bc874094b8d307659bfe2d7aa4a9d26fa6917eff010748f9?s=96&d=mm&r=g","contentUrl":"https:\/\/secure.gravatar.com\/avatar\/f8ef950cbb7574c0bc874094b8d307659bfe2d7aa4a9d26fa6917eff010748f9?s=96&d=mm&r=g","caption":"letsportsrock"},"sameAs":["https:\/\/www.letsportsrock.com"],"url":"https:\/\/www.letsportsrock.com\/?author=1"}]}},"jetpack_featured_media_url":"https:\/\/www.letsportsrock.com\/wp-content\/uploads\/2025\/07\/images-2025-07-10T225026.905.jpeg","jetpack_sharing_enabled":true,"_links":{"self":[{"href":"https:\/\/www.letsportsrock.com\/index.php?rest_route=\/wp\/v2\/posts\/53871","targetHints":{"allow":["GET"]}}],"collection":[{"href":"https:\/\/www.letsportsrock.com\/index.php?rest_route=\/wp\/v2\/posts"}],"about":[{"href":"https:\/\/www.letsportsrock.com\/index.php?rest_route=\/wp\/v2\/types\/post"}],"author":[{"embeddable":true,"href":"https:\/\/www.letsportsrock.com\/index.php?rest_route=\/wp\/v2\/users\/1"}],"replies":[{"embeddable":true,"href":"https:\/\/www.letsportsrock.com\/index.php?rest_route=%2Fwp%2Fv2%2Fcomments&post=53871"}],"version-history":[{"count":1,"href":"https:\/\/www.letsportsrock.com\/index.php?rest_route=\/wp\/v2\/posts\/53871\/revisions"}],"predecessor-version":[{"id":53874,"href":"https:\/\/www.letsportsrock.com\/index.php?rest_route=\/wp\/v2\/posts\/53871\/revisions\/53874"}],"wp:featuredmedia":[{"embeddable":true,"href":"https:\/\/www.letsportsrock.com\/index.php?rest_route=\/wp\/v2\/media\/53873"}],"wp:attachment":[{"href":"https:\/\/www.letsportsrock.com\/index.php?rest_route=%2Fwp%2Fv2%2Fmedia&parent=53871"}],"wp:term":[{"taxonomy":"category","embeddable":true,"href":"https:\/\/www.letsportsrock.com\/index.php?rest_route=%2Fwp%2Fv2%2Fcategories&post=53871"},{"taxonomy":"post_tag","embeddable":true,"href":"https:\/\/www.letsportsrock.com\/index.php?rest_route=%2Fwp%2Fv2%2Ftags&post=53871"}],"curies":[{"name":"wp","href":"https:\/\/api.w.org\/{rel}","templated":true}]}}