{"id":54475,"date":"2025-07-14T23:12:47","date_gmt":"2025-07-14T23:12:47","guid":{"rendered":"https:\/\/www.letsportsrock.com\/?p=54475"},"modified":"2025-07-14T23:12:47","modified_gmt":"2025-07-14T23:12:47","slug":"oficial-andrei-ivan-a-semnat-cu-rapid-viena-planuri-mari-pentru","status":"publish","type":"post","link":"https:\/\/www.letsportsrock.com\/?p=54475","title":{"rendered":"OFICIAL | Andrei Ivan a semnat cu Rapid Viena! Planuri mari pentru &#8230;"},"content":{"rendered":"<div class=\"d79db4796efc26332eabfc3f5dafbc76\" data-index=\"1\" style=\"float: none; margin:10px 0 10px 0; text-align:center;\">\n<div class=\"hb-ad-inarticle\">\r\n    <div class=\"hb-ad-inner\"> \r\n    <div class=\"hbagency_cls\"  id=\"hbagency_space_111930\"><\/div><\/div> <\/div>\n<\/div>\n<p>OFICIAL | Andrei Ivan a semnat cu Rapid Viena! Planuri mari pentru &#8230;<\/p>\n<p>&nbsp;<\/p>\n<p>Transfer spectaculos \u00een fotbalul rom\u00e2nesc: Andrei Ivan a fost prezentat oficial la Rapid Viena, forma\u021bie din prima lig\u0103 austriac\u0103. Atacantul de 27 de ani a semnat un contract valabil pe 3 ani, dup\u0103 desp\u0103r\u021birea de Universitatea Craiova, unde a fost una dintre figurile emblematice ale ultimelor sezoane.<\/p>\n<p><img loading=\"lazy\" decoding=\"async\" class=\"alignnone size-medium wp-image-54477\" src=\"https:\/\/www.letsportsrock.com\/wp-content\/uploads\/2025\/07\/images-2025-07-15T001036.750-300x300.jpeg\" alt=\"\" width=\"300\" height=\"300\" srcset=\"https:\/\/www.letsportsrock.com\/wp-content\/uploads\/2025\/07\/images-2025-07-15T001036.750-300x300.jpeg 300w, https:\/\/www.letsportsrock.com\/wp-content\/uploads\/2025\/07\/images-2025-07-15T001036.750-150x150.jpeg 150w, https:\/\/www.letsportsrock.com\/wp-content\/uploads\/2025\/07\/images-2025-07-15T001036.750.jpeg 535w\" sizes=\"auto, (max-width: 300px) 100vw, 300px\" \/><\/p>\n<p>Potrivit presei austriece, Rapid l-a urm\u0103rit pe Ivan \u00eenc\u0103 din prim\u0103vara acestui an \u0219i a profitat de situa\u021bia tensionat\u0103 de la Craiova pentru a-l aduce pe v\u00e2rful rom\u00e2n f\u0103r\u0103 s\u0103 pl\u0103teasc\u0103 o sum\u0103 de transfer. \u00cen Austria, Ivan este v\u0103zut ca o pies\u0103 important\u0103 \u00een ofensiva echipei, cu planuri clare de a ajuta clubul s\u0103 revin\u0103 \u00een cupele europene.<\/p>\n<p>&nbsp;<\/p>\n<p>\u201eE o nou\u0103 provocare pentru mine, vreau s\u0103 demonstrez c\u0103 pot face diferen\u021ba \u0219i \u00een afara Rom\u00e2niei\u201d, a declarat Ivan la prezentare. Rapid Viena mizeaz\u0103 pe viteza \u0219i execu\u021biile sale pentru a revitaliza compartimentul ofensiv \u00een sezonul 2025\/2026.<\/p>\n\n<div style=\"font-size: 0px; height: 0px; line-height: 0px; margin: 0; padding: 0; clear: both;\"><\/div>","protected":false},"excerpt":{"rendered":"<p>OFICIAL | Andrei Ivan a semnat cu Rapid Viena! Planuri mari pentru &#8230; &nbsp; Transfer spectaculos \u00een fotbalul rom\u00e2nesc: Andrei Ivan a fost prezentat oficial la Rapid Viena, forma\u021bie din prima lig\u0103 austriac\u0103. Atacantul de 27 de ani a semnat un contract valabil pe 3 ani, dup\u0103 desp\u0103r\u021birea de Universitatea Craiova, unde a fost una [&hellip;]<\/p>\n","protected":false},"author":15,"featured_media":54476,"comment_status":"open","ping_status":"open","sticky":false,"template":"","format":"standard","meta":{"_jetpack_memberships_contains_paid_content":false,"footnotes":""},"categories":[1],"tags":[640],"class_list":["post-54475","post","type-post","status-publish","format-standard","has-post-thumbnail","hentry","category-uncategorized","tag-fan-andrei-ivan"],"yoast_head":"<!-- This site is optimized with the Yoast SEO plugin v27.4 - https:\/\/yoast.com\/product\/yoast-seo-wordpress\/ -->\n<title>OFICIAL | Andrei Ivan a semnat cu Rapid Viena! Planuri mari pentru ...<\/title>\n<meta name=\"description\" content=\"OFICIAL | Andrei Ivan a semnat cu Rapid Viena! Planuri mari pentru ...\" \/>\n<meta name=\"robots\" content=\"index, follow, max-snippet:-1, max-image-preview:large, max-video-preview:-1\" \/>\n<link rel=\"canonical\" href=\"https:\/\/www.letsportsrock.com\/?p=54475\" \/>\n<meta property=\"og:locale\" content=\"en_US\" \/>\n<meta property=\"og:type\" content=\"article\" \/>\n<meta property=\"og:title\" content=\"OFICIAL | Andrei Ivan a semnat cu Rapid Viena! Planuri mari pentru ...\" \/>\n<meta property=\"og:description\" content=\"OFICIAL | Andrei Ivan a semnat cu Rapid Viena! Planuri mari pentru ...\" \/>\n<meta property=\"og:url\" content=\"https:\/\/www.letsportsrock.com\/?p=54475\" \/>\n<meta property=\"og:site_name\" content=\"letsportsrock\" \/>\n<meta property=\"article:published_time\" content=\"2025-07-14T23:12:47+00:00\" \/>\n<meta property=\"og:image\" content=\"https:\/\/www.letsportsrock.com\/wp-content\/uploads\/2025\/07\/Jmg9NjMwJmhhc2g9ZGI0MWNiNGM1NTBiYzlmOTM4OTkwNmY0ZjU5YWU0YWI.thumb_.jpg\" \/>\n\t<meta property=\"og:image:width\" content=\"1200\" \/>\n\t<meta property=\"og:image:height\" content=\"630\" \/>\n\t<meta property=\"og:image:type\" content=\"image\/jpeg\" \/>\n<meta name=\"author\" content=\"Amos Nabizo\" \/>\n<meta name=\"twitter:card\" content=\"summary_large_image\" \/>\n<meta name=\"twitter:label1\" content=\"Written by\" \/>\n\t<meta name=\"twitter:data1\" content=\"Amos Nabizo\" \/>\n\t<meta name=\"twitter:label2\" content=\"Est. reading time\" \/>\n\t<meta name=\"twitter:data2\" content=\"2 minutes\" \/>\n<script type=\"application\/ld+json\" class=\"yoast-schema-graph\">{\"@context\":\"https:\\\/\\\/schema.org\",\"@graph\":[{\"@type\":\"Article\",\"@id\":\"https:\\\/\\\/www.letsportsrock.com\\\/?p=54475#article\",\"isPartOf\":{\"@id\":\"https:\\\/\\\/www.letsportsrock.com\\\/?p=54475\"},\"author\":{\"name\":\"Amos Nabizo\",\"@id\":\"https:\\\/\\\/www.letsportsrock.com\\\/#\\\/schema\\\/person\\\/044479f72bdbd75f9523e745d3be6c30\"},\"headline\":\"OFICIAL | Andrei Ivan a semnat cu Rapid Viena! Planuri mari pentru &#8230;\",\"datePublished\":\"2025-07-14T23:12:47+00:00\",\"mainEntityOfPage\":{\"@id\":\"https:\\\/\\\/www.letsportsrock.com\\\/?p=54475\"},\"wordCount\":180,\"commentCount\":0,\"image\":{\"@id\":\"https:\\\/\\\/www.letsportsrock.com\\\/?p=54475#primaryimage\"},\"thumbnailUrl\":\"https:\\\/\\\/www.letsportsrock.com\\\/wp-content\\\/uploads\\\/2025\\\/07\\\/Jmg9NjMwJmhhc2g9ZGI0MWNiNGM1NTBiYzlmOTM4OTkwNmY0ZjU5YWU0YWI.thumb_.jpg\",\"keywords\":[\"Fan Andrei Ivan\"],\"inLanguage\":\"en-US\",\"potentialAction\":[{\"@type\":\"CommentAction\",\"name\":\"Comment\",\"target\":[\"https:\\\/\\\/www.letsportsrock.com\\\/?p=54475#respond\"]}]},{\"@type\":\"WebPage\",\"@id\":\"https:\\\/\\\/www.letsportsrock.com\\\/?p=54475\",\"url\":\"https:\\\/\\\/www.letsportsrock.com\\\/?p=54475\",\"name\":\"OFICIAL | Andrei Ivan a semnat cu Rapid Viena! Planuri mari pentru ...\",\"isPartOf\":{\"@id\":\"https:\\\/\\\/www.letsportsrock.com\\\/#website\"},\"primaryImageOfPage\":{\"@id\":\"https:\\\/\\\/www.letsportsrock.com\\\/?p=54475#primaryimage\"},\"image\":{\"@id\":\"https:\\\/\\\/www.letsportsrock.com\\\/?p=54475#primaryimage\"},\"thumbnailUrl\":\"https:\\\/\\\/www.letsportsrock.com\\\/wp-content\\\/uploads\\\/2025\\\/07\\\/Jmg9NjMwJmhhc2g9ZGI0MWNiNGM1NTBiYzlmOTM4OTkwNmY0ZjU5YWU0YWI.thumb_.jpg\",\"datePublished\":\"2025-07-14T23:12:47+00:00\",\"author\":{\"@id\":\"https:\\\/\\\/www.letsportsrock.com\\\/#\\\/schema\\\/person\\\/044479f72bdbd75f9523e745d3be6c30\"},\"description\":\"OFICIAL | Andrei Ivan a semnat cu Rapid Viena! Planuri mari pentru ...\",\"breadcrumb\":{\"@id\":\"https:\\\/\\\/www.letsportsrock.com\\\/?p=54475#breadcrumb\"},\"inLanguage\":\"en-US\",\"potentialAction\":[{\"@type\":\"ReadAction\",\"target\":[\"https:\\\/\\\/www.letsportsrock.com\\\/?p=54475\"]}]},{\"@type\":\"ImageObject\",\"inLanguage\":\"en-US\",\"@id\":\"https:\\\/\\\/www.letsportsrock.com\\\/?p=54475#primaryimage\",\"url\":\"https:\\\/\\\/www.letsportsrock.com\\\/wp-content\\\/uploads\\\/2025\\\/07\\\/Jmg9NjMwJmhhc2g9ZGI0MWNiNGM1NTBiYzlmOTM4OTkwNmY0ZjU5YWU0YWI.thumb_.jpg\",\"contentUrl\":\"https:\\\/\\\/www.letsportsrock.com\\\/wp-content\\\/uploads\\\/2025\\\/07\\\/Jmg9NjMwJmhhc2g9ZGI0MWNiNGM1NTBiYzlmOTM4OTkwNmY0ZjU5YWU0YWI.thumb_.jpg\",\"width\":1200,\"height\":630},{\"@type\":\"BreadcrumbList\",\"@id\":\"https:\\\/\\\/www.letsportsrock.com\\\/?p=54475#breadcrumb\",\"itemListElement\":[{\"@type\":\"ListItem\",\"position\":1,\"name\":\"Home\",\"item\":\"https:\\\/\\\/www.letsportsrock.com\\\/\"},{\"@type\":\"ListItem\",\"position\":2,\"name\":\"OFICIAL | Andrei Ivan a semnat cu Rapid Viena! Planuri mari pentru &#8230;\"}]},{\"@type\":\"WebSite\",\"@id\":\"https:\\\/\\\/www.letsportsrock.com\\\/#website\",\"url\":\"https:\\\/\\\/www.letsportsrock.com\\\/\",\"name\":\"letsportsrock\",\"description\":\"Sport News and Updates\",\"potentialAction\":[{\"@type\":\"SearchAction\",\"target\":{\"@type\":\"EntryPoint\",\"urlTemplate\":\"https:\\\/\\\/www.letsportsrock.com\\\/?s={search_term_string}\"},\"query-input\":{\"@type\":\"PropertyValueSpecification\",\"valueRequired\":true,\"valueName\":\"search_term_string\"}}],\"inLanguage\":\"en-US\"},{\"@type\":\"Person\",\"@id\":\"https:\\\/\\\/www.letsportsrock.com\\\/#\\\/schema\\\/person\\\/044479f72bdbd75f9523e745d3be6c30\",\"name\":\"Amos Nabizo\",\"image\":{\"@type\":\"ImageObject\",\"inLanguage\":\"en-US\",\"@id\":\"https:\\\/\\\/secure.gravatar.com\\\/avatar\\\/d569857c07d3899c6ca842ffea32daa1672c05549833530fe37e68ae7b521ba4?s=96&d=mm&r=g\",\"url\":\"https:\\\/\\\/secure.gravatar.com\\\/avatar\\\/d569857c07d3899c6ca842ffea32daa1672c05549833530fe37e68ae7b521ba4?s=96&d=mm&r=g\",\"contentUrl\":\"https:\\\/\\\/secure.gravatar.com\\\/avatar\\\/d569857c07d3899c6ca842ffea32daa1672c05549833530fe37e68ae7b521ba4?s=96&d=mm&r=g\",\"caption\":\"Amos Nabizo\"},\"sameAs\":[\"https:\\\/\\\/www.letsportsrock.com\\\/wp-admin\\\/\"],\"url\":\"https:\\\/\\\/www.letsportsrock.com\\\/?author=15\"}]}<\/script>\n<!-- \/ Yoast SEO plugin. -->","yoast_head_json":{"title":"OFICIAL | Andrei Ivan a semnat cu Rapid Viena! Planuri mari pentru ...","description":"OFICIAL | Andrei Ivan a semnat cu Rapid Viena! Planuri mari pentru ...","robots":{"index":"index","follow":"follow","max-snippet":"max-snippet:-1","max-image-preview":"max-image-preview:large","max-video-preview":"max-video-preview:-1"},"canonical":"https:\/\/www.letsportsrock.com\/?p=54475","og_locale":"en_US","og_type":"article","og_title":"OFICIAL | Andrei Ivan a semnat cu Rapid Viena! Planuri mari pentru ...","og_description":"OFICIAL | Andrei Ivan a semnat cu Rapid Viena! Planuri mari pentru ...","og_url":"https:\/\/www.letsportsrock.com\/?p=54475","og_site_name":"letsportsrock","article_published_time":"2025-07-14T23:12:47+00:00","og_image":[{"width":1200,"height":630,"url":"https:\/\/www.letsportsrock.com\/wp-content\/uploads\/2025\/07\/Jmg9NjMwJmhhc2g9ZGI0MWNiNGM1NTBiYzlmOTM4OTkwNmY0ZjU5YWU0YWI.thumb_.jpg","type":"image\/jpeg"}],"author":"Amos Nabizo","twitter_card":"summary_large_image","twitter_misc":{"Written by":"Amos Nabizo","Est. reading time":"2 minutes"},"schema":{"@context":"https:\/\/schema.org","@graph":[{"@type":"Article","@id":"https:\/\/www.letsportsrock.com\/?p=54475#article","isPartOf":{"@id":"https:\/\/www.letsportsrock.com\/?p=54475"},"author":{"name":"Amos Nabizo","@id":"https:\/\/www.letsportsrock.com\/#\/schema\/person\/044479f72bdbd75f9523e745d3be6c30"},"headline":"OFICIAL | Andrei Ivan a semnat cu Rapid Viena! Planuri mari pentru &#8230;","datePublished":"2025-07-14T23:12:47+00:00","mainEntityOfPage":{"@id":"https:\/\/www.letsportsrock.com\/?p=54475"},"wordCount":180,"commentCount":0,"image":{"@id":"https:\/\/www.letsportsrock.com\/?p=54475#primaryimage"},"thumbnailUrl":"https:\/\/www.letsportsrock.com\/wp-content\/uploads\/2025\/07\/Jmg9NjMwJmhhc2g9ZGI0MWNiNGM1NTBiYzlmOTM4OTkwNmY0ZjU5YWU0YWI.thumb_.jpg","keywords":["Fan Andrei Ivan"],"inLanguage":"en-US","potentialAction":[{"@type":"CommentAction","name":"Comment","target":["https:\/\/www.letsportsrock.com\/?p=54475#respond"]}]},{"@type":"WebPage","@id":"https:\/\/www.letsportsrock.com\/?p=54475","url":"https:\/\/www.letsportsrock.com\/?p=54475","name":"OFICIAL | Andrei Ivan a semnat cu Rapid Viena! Planuri mari pentru ...","isPartOf":{"@id":"https:\/\/www.letsportsrock.com\/#website"},"primaryImageOfPage":{"@id":"https:\/\/www.letsportsrock.com\/?p=54475#primaryimage"},"image":{"@id":"https:\/\/www.letsportsrock.com\/?p=54475#primaryimage"},"thumbnailUrl":"https:\/\/www.letsportsrock.com\/wp-content\/uploads\/2025\/07\/Jmg9NjMwJmhhc2g9ZGI0MWNiNGM1NTBiYzlmOTM4OTkwNmY0ZjU5YWU0YWI.thumb_.jpg","datePublished":"2025-07-14T23:12:47+00:00","author":{"@id":"https:\/\/www.letsportsrock.com\/#\/schema\/person\/044479f72bdbd75f9523e745d3be6c30"},"description":"OFICIAL | Andrei Ivan a semnat cu Rapid Viena! Planuri mari pentru ...","breadcrumb":{"@id":"https:\/\/www.letsportsrock.com\/?p=54475#breadcrumb"},"inLanguage":"en-US","potentialAction":[{"@type":"ReadAction","target":["https:\/\/www.letsportsrock.com\/?p=54475"]}]},{"@type":"ImageObject","inLanguage":"en-US","@id":"https:\/\/www.letsportsrock.com\/?p=54475#primaryimage","url":"https:\/\/www.letsportsrock.com\/wp-content\/uploads\/2025\/07\/Jmg9NjMwJmhhc2g9ZGI0MWNiNGM1NTBiYzlmOTM4OTkwNmY0ZjU5YWU0YWI.thumb_.jpg","contentUrl":"https:\/\/www.letsportsrock.com\/wp-content\/uploads\/2025\/07\/Jmg9NjMwJmhhc2g9ZGI0MWNiNGM1NTBiYzlmOTM4OTkwNmY0ZjU5YWU0YWI.thumb_.jpg","width":1200,"height":630},{"@type":"BreadcrumbList","@id":"https:\/\/www.letsportsrock.com\/?p=54475#breadcrumb","itemListElement":[{"@type":"ListItem","position":1,"name":"Home","item":"https:\/\/www.letsportsrock.com\/"},{"@type":"ListItem","position":2,"name":"OFICIAL | Andrei Ivan a semnat cu Rapid Viena! Planuri mari pentru &#8230;"}]},{"@type":"WebSite","@id":"https:\/\/www.letsportsrock.com\/#website","url":"https:\/\/www.letsportsrock.com\/","name":"letsportsrock","description":"Sport News and Updates","potentialAction":[{"@type":"SearchAction","target":{"@type":"EntryPoint","urlTemplate":"https:\/\/www.letsportsrock.com\/?s={search_term_string}"},"query-input":{"@type":"PropertyValueSpecification","valueRequired":true,"valueName":"search_term_string"}}],"inLanguage":"en-US"},{"@type":"Person","@id":"https:\/\/www.letsportsrock.com\/#\/schema\/person\/044479f72bdbd75f9523e745d3be6c30","name":"Amos Nabizo","image":{"@type":"ImageObject","inLanguage":"en-US","@id":"https:\/\/secure.gravatar.com\/avatar\/d569857c07d3899c6ca842ffea32daa1672c05549833530fe37e68ae7b521ba4?s=96&d=mm&r=g","url":"https:\/\/secure.gravatar.com\/avatar\/d569857c07d3899c6ca842ffea32daa1672c05549833530fe37e68ae7b521ba4?s=96&d=mm&r=g","contentUrl":"https:\/\/secure.gravatar.com\/avatar\/d569857c07d3899c6ca842ffea32daa1672c05549833530fe37e68ae7b521ba4?s=96&d=mm&r=g","caption":"Amos Nabizo"},"sameAs":["https:\/\/www.letsportsrock.com\/wp-admin\/"],"url":"https:\/\/www.letsportsrock.com\/?author=15"}]}},"jetpack_featured_media_url":"https:\/\/www.letsportsrock.com\/wp-content\/uploads\/2025\/07\/Jmg9NjMwJmhhc2g9ZGI0MWNiNGM1NTBiYzlmOTM4OTkwNmY0ZjU5YWU0YWI.thumb_.jpg","jetpack_sharing_enabled":true,"_links":{"self":[{"href":"https:\/\/www.letsportsrock.com\/index.php?rest_route=\/wp\/v2\/posts\/54475","targetHints":{"allow":["GET"]}}],"collection":[{"href":"https:\/\/www.letsportsrock.com\/index.php?rest_route=\/wp\/v2\/posts"}],"about":[{"href":"https:\/\/www.letsportsrock.com\/index.php?rest_route=\/wp\/v2\/types\/post"}],"author":[{"embeddable":true,"href":"https:\/\/www.letsportsrock.com\/index.php?rest_route=\/wp\/v2\/users\/15"}],"replies":[{"embeddable":true,"href":"https:\/\/www.letsportsrock.com\/index.php?rest_route=%2Fwp%2Fv2%2Fcomments&post=54475"}],"version-history":[{"count":1,"href":"https:\/\/www.letsportsrock.com\/index.php?rest_route=\/wp\/v2\/posts\/54475\/revisions"}],"predecessor-version":[{"id":54478,"href":"https:\/\/www.letsportsrock.com\/index.php?rest_route=\/wp\/v2\/posts\/54475\/revisions\/54478"}],"wp:featuredmedia":[{"embeddable":true,"href":"https:\/\/www.letsportsrock.com\/index.php?rest_route=\/wp\/v2\/media\/54476"}],"wp:attachment":[{"href":"https:\/\/www.letsportsrock.com\/index.php?rest_route=%2Fwp%2Fv2%2Fmedia&parent=54475"}],"wp:term":[{"taxonomy":"category","embeddable":true,"href":"https:\/\/www.letsportsrock.com\/index.php?rest_route=%2Fwp%2Fv2%2Fcategories&post=54475"},{"taxonomy":"post_tag","embeddable":true,"href":"https:\/\/www.letsportsrock.com\/index.php?rest_route=%2Fwp%2Fv2%2Ftags&post=54475"}],"curies":[{"name":"wp","href":"https:\/\/api.w.org\/{rel}","templated":true}]}}