{"id":54526,"date":"2025-07-15T00:24:18","date_gmt":"2025-07-15T00:24:18","guid":{"rendered":"https:\/\/www.letsportsrock.com\/?p=54526"},"modified":"2025-07-15T00:24:19","modified_gmt":"2025-07-15T00:24:19","slug":"starul-echipei-universitatea-craiova-a-declarat-ca-si-a-incheiat-cariera-din-cauza","status":"publish","type":"post","link":"https:\/\/www.letsportsrock.com\/?p=54526","title":{"rendered":"Starul echipei Universitatea Craiova a declarat c\u0103 \u0219i-a \u00eencheiat cariera din cauza\u2026\u2026"},"content":{"rendered":"<div class=\"d79db4796efc26332eabfc3f5dafbc76\" data-index=\"1\" style=\"float: none; margin:10px 0 10px 0; text-align:center;\">\n<div class=\"hb-ad-inarticle\">\r\n    <div class=\"hb-ad-inner\"> \r\n    <div class=\"hbagency_cls\"  id=\"hbagency_space_111930\"><\/div><\/div> <\/div>\n<\/div>\n<p>**Starul echipei Universitatea Craiova \u0219i-a \u00eencheiat cariera: \u201eA fost o decizie grea, dar necesar\u0103\u201d**<\/p>\n<p>&nbsp;<\/p>\n<p>Un moment trist pentru fanii Universit\u0103\u021bii Craiova: unul dintre cei mai aprecia\u021bi \u0219i iubi\u021bi juc\u0103tori ai echipei a anun\u021bat oficial c\u0103 \u00ee\u0219i \u00eencheie cariera de fotbalist profesionist. Decizia a venit ca urmare a unor probleme medicale persistente, care l-au for\u021bat s\u0103 se retrag\u0103 mai devreme dec\u00e2t \u0219i-ar fi dorit.<\/p>\n<p>&nbsp;<\/p>\n<p>\u201eA fost o decizie extrem de grea, dar necesar\u0103. Am tras c\u00e2t am putut, am \u00eencercat toate variantele de tratament, dar corpul meu nu mai poate face fa\u021b\u0103 la acest nivel. Le mul\u021bumesc tuturor \u2013 clubului, colegilor, antrenorilor \u0219i, mai ales, suporterilor \u2013 pentru sprijinul necondi\u021bionat de-a lungul carierei mele\u201d, a declarat juc\u0103torul \u00eentr-o conferin\u021b\u0103 de pres\u0103 emo\u021bionant\u0103.<\/p>\n<p>&nbsp;<\/p>\n<p>Fotbalistul a fost un pilon important al echipei \u00een ultimii ani, contribuind decisiv la performan\u021bele Craiovei \u00een campionat \u0219i \u00een cupele europene. Retragerea sa las\u0103 un gol important \u00een vestiar \u0219i pe teren, dar oficialii clubului au anun\u021bat c\u0103 u\u0219a \u00eei r\u0103m\u00e2ne deschis\u0103 pentru un rol viitor \u00een cadrul staff-ului tehnic.<\/p>\n<p>&nbsp;<\/p>\n<p>Fanii au reac\u021bionat emo\u021bionat pe re\u021belele sociale, mul\u021bumindu-i pentru toate momentele de<\/p>\n<p>glorie.<\/p>\n\n<div style=\"font-size: 0px; height: 0px; line-height: 0px; margin: 0; padding: 0; clear: both;\"><\/div>","protected":false},"excerpt":{"rendered":"<p>**Starul echipei Universitatea Craiova \u0219i-a \u00eencheiat cariera: \u201eA fost o decizie grea, dar necesar\u0103\u201d** &nbsp; Un moment trist pentru fanii Universit\u0103\u021bii Craiova: unul dintre cei mai aprecia\u021bi \u0219i iubi\u021bi juc\u0103tori ai echipei a anun\u021bat oficial c\u0103 \u00ee\u0219i \u00eencheie cariera de fotbalist profesionist. Decizia a venit ca urmare a unor probleme medicale persistente, care l-au for\u021bat [&hellip;]<\/p>\n","protected":false},"author":1,"featured_media":54527,"comment_status":"open","ping_status":"open","sticky":false,"template":"","format":"standard","meta":{"_jetpack_memberships_contains_paid_content":false,"footnotes":""},"categories":[1],"tags":[],"class_list":["post-54526","post","type-post","status-publish","format-standard","has-post-thumbnail","hentry","category-uncategorized"],"yoast_head":"<!-- This site is optimized with the Yoast SEO plugin v27.4 - https:\/\/yoast.com\/product\/yoast-seo-wordpress\/ -->\n<title>Starul echipei Universitatea Craiova a declarat c\u0103 \u0219i-a \u00eencheiat ca<\/title>\n<meta name=\"description\" content=\"Starul echipei Universitatea Craiova a declarat c\u0103 \u0219i-a \u00eencheiat cariera din cauza\u2026\u2026.......................\" \/>\n<meta name=\"robots\" content=\"index, follow, max-snippet:-1, max-image-preview:large, max-video-preview:-1\" \/>\n<link rel=\"canonical\" href=\"https:\/\/www.letsportsrock.com\/?p=54526\" \/>\n<meta property=\"og:locale\" content=\"en_US\" \/>\n<meta property=\"og:type\" content=\"article\" \/>\n<meta property=\"og:title\" content=\"Starul echipei Universitatea Craiova a declarat c\u0103 \u0219i-a \u00eencheiat ca\" \/>\n<meta property=\"og:description\" content=\"Starul echipei Universitatea Craiova a declarat c\u0103 \u0219i-a \u00eencheiat cariera din cauza\u2026\u2026.......................\" \/>\n<meta property=\"og:url\" content=\"https:\/\/www.letsportsrock.com\/?p=54526\" \/>\n<meta property=\"og:site_name\" content=\"letsportsrock\" \/>\n<meta property=\"article:published_time\" content=\"2025-07-15T00:24:18+00:00\" \/>\n<meta property=\"article:modified_time\" content=\"2025-07-15T00:24:19+00:00\" \/>\n<meta property=\"og:image\" content=\"https:\/\/www.letsportsrock.com\/wp-content\/uploads\/2025\/07\/images-6-6.jpeg\" \/>\n\t<meta property=\"og:image:width\" content=\"500\" \/>\n\t<meta property=\"og:image:height\" content=\"280\" \/>\n\t<meta property=\"og:image:type\" content=\"image\/jpeg\" \/>\n<meta name=\"author\" content=\"letsportsrock\" \/>\n<meta name=\"twitter:card\" content=\"summary_large_image\" \/>\n<meta name=\"twitter:label1\" content=\"Written by\" \/>\n\t<meta name=\"twitter:data1\" content=\"letsportsrock\" \/>\n\t<meta name=\"twitter:label2\" content=\"Est. reading time\" \/>\n\t<meta name=\"twitter:data2\" content=\"2 minutes\" \/>\n<script type=\"application\/ld+json\" class=\"yoast-schema-graph\">{\"@context\":\"https:\\\/\\\/schema.org\",\"@graph\":[{\"@type\":\"Article\",\"@id\":\"https:\\\/\\\/www.letsportsrock.com\\\/?p=54526#article\",\"isPartOf\":{\"@id\":\"https:\\\/\\\/www.letsportsrock.com\\\/?p=54526\"},\"author\":{\"name\":\"letsportsrock\",\"@id\":\"https:\\\/\\\/www.letsportsrock.com\\\/#\\\/schema\\\/person\\\/a454ac24e58b214ddd97e4b5afb0bf01\"},\"headline\":\"Starul echipei Universitatea Craiova a declarat c\u0103 \u0219i-a \u00eencheiat cariera din cauza\u2026\u2026\",\"datePublished\":\"2025-07-15T00:24:18+00:00\",\"dateModified\":\"2025-07-15T00:24:19+00:00\",\"mainEntityOfPage\":{\"@id\":\"https:\\\/\\\/www.letsportsrock.com\\\/?p=54526\"},\"wordCount\":220,\"commentCount\":0,\"image\":{\"@id\":\"https:\\\/\\\/www.letsportsrock.com\\\/?p=54526#primaryimage\"},\"thumbnailUrl\":\"https:\\\/\\\/www.letsportsrock.com\\\/wp-content\\\/uploads\\\/2025\\\/07\\\/images-6-6.jpeg\",\"inLanguage\":\"en-US\",\"potentialAction\":[{\"@type\":\"CommentAction\",\"name\":\"Comment\",\"target\":[\"https:\\\/\\\/www.letsportsrock.com\\\/?p=54526#respond\"]}]},{\"@type\":\"WebPage\",\"@id\":\"https:\\\/\\\/www.letsportsrock.com\\\/?p=54526\",\"url\":\"https:\\\/\\\/www.letsportsrock.com\\\/?p=54526\",\"name\":\"Starul echipei Universitatea Craiova a declarat c\u0103 \u0219i-a \u00eencheiat ca\",\"isPartOf\":{\"@id\":\"https:\\\/\\\/www.letsportsrock.com\\\/#website\"},\"primaryImageOfPage\":{\"@id\":\"https:\\\/\\\/www.letsportsrock.com\\\/?p=54526#primaryimage\"},\"image\":{\"@id\":\"https:\\\/\\\/www.letsportsrock.com\\\/?p=54526#primaryimage\"},\"thumbnailUrl\":\"https:\\\/\\\/www.letsportsrock.com\\\/wp-content\\\/uploads\\\/2025\\\/07\\\/images-6-6.jpeg\",\"datePublished\":\"2025-07-15T00:24:18+00:00\",\"dateModified\":\"2025-07-15T00:24:19+00:00\",\"author\":{\"@id\":\"https:\\\/\\\/www.letsportsrock.com\\\/#\\\/schema\\\/person\\\/a454ac24e58b214ddd97e4b5afb0bf01\"},\"description\":\"Starul echipei Universitatea Craiova a declarat c\u0103 \u0219i-a \u00eencheiat cariera din cauza\u2026\u2026.......................\",\"breadcrumb\":{\"@id\":\"https:\\\/\\\/www.letsportsrock.com\\\/?p=54526#breadcrumb\"},\"inLanguage\":\"en-US\",\"potentialAction\":[{\"@type\":\"ReadAction\",\"target\":[\"https:\\\/\\\/www.letsportsrock.com\\\/?p=54526\"]}]},{\"@type\":\"ImageObject\",\"inLanguage\":\"en-US\",\"@id\":\"https:\\\/\\\/www.letsportsrock.com\\\/?p=54526#primaryimage\",\"url\":\"https:\\\/\\\/www.letsportsrock.com\\\/wp-content\\\/uploads\\\/2025\\\/07\\\/images-6-6.jpeg\",\"contentUrl\":\"https:\\\/\\\/www.letsportsrock.com\\\/wp-content\\\/uploads\\\/2025\\\/07\\\/images-6-6.jpeg\",\"width\":500,\"height\":280},{\"@type\":\"BreadcrumbList\",\"@id\":\"https:\\\/\\\/www.letsportsrock.com\\\/?p=54526#breadcrumb\",\"itemListElement\":[{\"@type\":\"ListItem\",\"position\":1,\"name\":\"Home\",\"item\":\"https:\\\/\\\/www.letsportsrock.com\\\/\"},{\"@type\":\"ListItem\",\"position\":2,\"name\":\"Starul echipei Universitatea Craiova a declarat c\u0103 \u0219i-a \u00eencheiat cariera din cauza\u2026\u2026\"}]},{\"@type\":\"WebSite\",\"@id\":\"https:\\\/\\\/www.letsportsrock.com\\\/#website\",\"url\":\"https:\\\/\\\/www.letsportsrock.com\\\/\",\"name\":\"letsportsrock\",\"description\":\"Sport News and Updates\",\"potentialAction\":[{\"@type\":\"SearchAction\",\"target\":{\"@type\":\"EntryPoint\",\"urlTemplate\":\"https:\\\/\\\/www.letsportsrock.com\\\/?s={search_term_string}\"},\"query-input\":{\"@type\":\"PropertyValueSpecification\",\"valueRequired\":true,\"valueName\":\"search_term_string\"}}],\"inLanguage\":\"en-US\"},{\"@type\":\"Person\",\"@id\":\"https:\\\/\\\/www.letsportsrock.com\\\/#\\\/schema\\\/person\\\/a454ac24e58b214ddd97e4b5afb0bf01\",\"name\":\"letsportsrock\",\"image\":{\"@type\":\"ImageObject\",\"inLanguage\":\"en-US\",\"@id\":\"https:\\\/\\\/secure.gravatar.com\\\/avatar\\\/f8ef950cbb7574c0bc874094b8d307659bfe2d7aa4a9d26fa6917eff010748f9?s=96&d=mm&r=g\",\"url\":\"https:\\\/\\\/secure.gravatar.com\\\/avatar\\\/f8ef950cbb7574c0bc874094b8d307659bfe2d7aa4a9d26fa6917eff010748f9?s=96&d=mm&r=g\",\"contentUrl\":\"https:\\\/\\\/secure.gravatar.com\\\/avatar\\\/f8ef950cbb7574c0bc874094b8d307659bfe2d7aa4a9d26fa6917eff010748f9?s=96&d=mm&r=g\",\"caption\":\"letsportsrock\"},\"sameAs\":[\"https:\\\/\\\/www.letsportsrock.com\"],\"url\":\"https:\\\/\\\/www.letsportsrock.com\\\/?author=1\"}]}<\/script>\n<!-- \/ Yoast SEO plugin. -->","yoast_head_json":{"title":"Starul echipei Universitatea Craiova a declarat c\u0103 \u0219i-a \u00eencheiat ca","description":"Starul echipei Universitatea Craiova a declarat c\u0103 \u0219i-a \u00eencheiat cariera din cauza\u2026\u2026.......................","robots":{"index":"index","follow":"follow","max-snippet":"max-snippet:-1","max-image-preview":"max-image-preview:large","max-video-preview":"max-video-preview:-1"},"canonical":"https:\/\/www.letsportsrock.com\/?p=54526","og_locale":"en_US","og_type":"article","og_title":"Starul echipei Universitatea Craiova a declarat c\u0103 \u0219i-a \u00eencheiat ca","og_description":"Starul echipei Universitatea Craiova a declarat c\u0103 \u0219i-a \u00eencheiat cariera din cauza\u2026\u2026.......................","og_url":"https:\/\/www.letsportsrock.com\/?p=54526","og_site_name":"letsportsrock","article_published_time":"2025-07-15T00:24:18+00:00","article_modified_time":"2025-07-15T00:24:19+00:00","og_image":[{"width":500,"height":280,"url":"https:\/\/www.letsportsrock.com\/wp-content\/uploads\/2025\/07\/images-6-6.jpeg","type":"image\/jpeg"}],"author":"letsportsrock","twitter_card":"summary_large_image","twitter_misc":{"Written by":"letsportsrock","Est. reading time":"2 minutes"},"schema":{"@context":"https:\/\/schema.org","@graph":[{"@type":"Article","@id":"https:\/\/www.letsportsrock.com\/?p=54526#article","isPartOf":{"@id":"https:\/\/www.letsportsrock.com\/?p=54526"},"author":{"name":"letsportsrock","@id":"https:\/\/www.letsportsrock.com\/#\/schema\/person\/a454ac24e58b214ddd97e4b5afb0bf01"},"headline":"Starul echipei Universitatea Craiova a declarat c\u0103 \u0219i-a \u00eencheiat cariera din cauza\u2026\u2026","datePublished":"2025-07-15T00:24:18+00:00","dateModified":"2025-07-15T00:24:19+00:00","mainEntityOfPage":{"@id":"https:\/\/www.letsportsrock.com\/?p=54526"},"wordCount":220,"commentCount":0,"image":{"@id":"https:\/\/www.letsportsrock.com\/?p=54526#primaryimage"},"thumbnailUrl":"https:\/\/www.letsportsrock.com\/wp-content\/uploads\/2025\/07\/images-6-6.jpeg","inLanguage":"en-US","potentialAction":[{"@type":"CommentAction","name":"Comment","target":["https:\/\/www.letsportsrock.com\/?p=54526#respond"]}]},{"@type":"WebPage","@id":"https:\/\/www.letsportsrock.com\/?p=54526","url":"https:\/\/www.letsportsrock.com\/?p=54526","name":"Starul echipei Universitatea Craiova a declarat c\u0103 \u0219i-a \u00eencheiat ca","isPartOf":{"@id":"https:\/\/www.letsportsrock.com\/#website"},"primaryImageOfPage":{"@id":"https:\/\/www.letsportsrock.com\/?p=54526#primaryimage"},"image":{"@id":"https:\/\/www.letsportsrock.com\/?p=54526#primaryimage"},"thumbnailUrl":"https:\/\/www.letsportsrock.com\/wp-content\/uploads\/2025\/07\/images-6-6.jpeg","datePublished":"2025-07-15T00:24:18+00:00","dateModified":"2025-07-15T00:24:19+00:00","author":{"@id":"https:\/\/www.letsportsrock.com\/#\/schema\/person\/a454ac24e58b214ddd97e4b5afb0bf01"},"description":"Starul echipei Universitatea Craiova a declarat c\u0103 \u0219i-a \u00eencheiat cariera din cauza\u2026\u2026.......................","breadcrumb":{"@id":"https:\/\/www.letsportsrock.com\/?p=54526#breadcrumb"},"inLanguage":"en-US","potentialAction":[{"@type":"ReadAction","target":["https:\/\/www.letsportsrock.com\/?p=54526"]}]},{"@type":"ImageObject","inLanguage":"en-US","@id":"https:\/\/www.letsportsrock.com\/?p=54526#primaryimage","url":"https:\/\/www.letsportsrock.com\/wp-content\/uploads\/2025\/07\/images-6-6.jpeg","contentUrl":"https:\/\/www.letsportsrock.com\/wp-content\/uploads\/2025\/07\/images-6-6.jpeg","width":500,"height":280},{"@type":"BreadcrumbList","@id":"https:\/\/www.letsportsrock.com\/?p=54526#breadcrumb","itemListElement":[{"@type":"ListItem","position":1,"name":"Home","item":"https:\/\/www.letsportsrock.com\/"},{"@type":"ListItem","position":2,"name":"Starul echipei Universitatea Craiova a declarat c\u0103 \u0219i-a \u00eencheiat cariera din cauza\u2026\u2026"}]},{"@type":"WebSite","@id":"https:\/\/www.letsportsrock.com\/#website","url":"https:\/\/www.letsportsrock.com\/","name":"letsportsrock","description":"Sport News and Updates","potentialAction":[{"@type":"SearchAction","target":{"@type":"EntryPoint","urlTemplate":"https:\/\/www.letsportsrock.com\/?s={search_term_string}"},"query-input":{"@type":"PropertyValueSpecification","valueRequired":true,"valueName":"search_term_string"}}],"inLanguage":"en-US"},{"@type":"Person","@id":"https:\/\/www.letsportsrock.com\/#\/schema\/person\/a454ac24e58b214ddd97e4b5afb0bf01","name":"letsportsrock","image":{"@type":"ImageObject","inLanguage":"en-US","@id":"https:\/\/secure.gravatar.com\/avatar\/f8ef950cbb7574c0bc874094b8d307659bfe2d7aa4a9d26fa6917eff010748f9?s=96&d=mm&r=g","url":"https:\/\/secure.gravatar.com\/avatar\/f8ef950cbb7574c0bc874094b8d307659bfe2d7aa4a9d26fa6917eff010748f9?s=96&d=mm&r=g","contentUrl":"https:\/\/secure.gravatar.com\/avatar\/f8ef950cbb7574c0bc874094b8d307659bfe2d7aa4a9d26fa6917eff010748f9?s=96&d=mm&r=g","caption":"letsportsrock"},"sameAs":["https:\/\/www.letsportsrock.com"],"url":"https:\/\/www.letsportsrock.com\/?author=1"}]}},"jetpack_featured_media_url":"https:\/\/www.letsportsrock.com\/wp-content\/uploads\/2025\/07\/images-6-6.jpeg","jetpack_sharing_enabled":true,"_links":{"self":[{"href":"https:\/\/www.letsportsrock.com\/index.php?rest_route=\/wp\/v2\/posts\/54526","targetHints":{"allow":["GET"]}}],"collection":[{"href":"https:\/\/www.letsportsrock.com\/index.php?rest_route=\/wp\/v2\/posts"}],"about":[{"href":"https:\/\/www.letsportsrock.com\/index.php?rest_route=\/wp\/v2\/types\/post"}],"author":[{"embeddable":true,"href":"https:\/\/www.letsportsrock.com\/index.php?rest_route=\/wp\/v2\/users\/1"}],"replies":[{"embeddable":true,"href":"https:\/\/www.letsportsrock.com\/index.php?rest_route=%2Fwp%2Fv2%2Fcomments&post=54526"}],"version-history":[{"count":1,"href":"https:\/\/www.letsportsrock.com\/index.php?rest_route=\/wp\/v2\/posts\/54526\/revisions"}],"predecessor-version":[{"id":54528,"href":"https:\/\/www.letsportsrock.com\/index.php?rest_route=\/wp\/v2\/posts\/54526\/revisions\/54528"}],"wp:featuredmedia":[{"embeddable":true,"href":"https:\/\/www.letsportsrock.com\/index.php?rest_route=\/wp\/v2\/media\/54527"}],"wp:attachment":[{"href":"https:\/\/www.letsportsrock.com\/index.php?rest_route=%2Fwp%2Fv2%2Fmedia&parent=54526"}],"wp:term":[{"taxonomy":"category","embeddable":true,"href":"https:\/\/www.letsportsrock.com\/index.php?rest_route=%2Fwp%2Fv2%2Fcategories&post=54526"},{"taxonomy":"post_tag","embeddable":true,"href":"https:\/\/www.letsportsrock.com\/index.php?rest_route=%2Fwp%2Fv2%2Ftags&post=54526"}],"curies":[{"name":"wp","href":"https:\/\/api.w.org\/{rel}","templated":true}]}}