{"id":54888,"date":"2025-07-16T12:48:08","date_gmt":"2025-07-16T12:48:08","guid":{"rendered":"https:\/\/www.letsportsrock.com\/?p=54888"},"modified":"2025-07-16T12:48:08","modified_gmt":"2025-07-16T12:48:08","slug":"s-a-inchis-gica-hagi-anunt-categoric-despre-viitorul-lui-ianis-hagi-sa-nu-uitati-lucrul-asta","status":"publish","type":"post","link":"https:\/\/www.letsportsrock.com\/?p=54888","title":{"rendered":"\u201cS-a \u00eenchis!\u201d Gic\u0103 Hagi, anun\u0163 categoric despre viitorul lui Ianis Hagi: \u201cS\u0103 nu uita\u0163i lucrul \u0103sta\u201d&#8230;."},"content":{"rendered":"<div class=\"d79db4796efc26332eabfc3f5dafbc76\" data-index=\"1\" style=\"float: none; margin:10px 0 10px 0; text-align:center;\">\n<div class=\"hb-ad-inarticle\">\r\n    <div class=\"hb-ad-inner\"> \r\n    <div class=\"hbagency_cls\"  id=\"hbagency_space_111930\"><\/div><\/div> <\/div>\n<\/div>\n<p>\u201eS-a \u00eenchis!\u201d Gic\u0103 Hagi, anun\u0163 categoric despre viitorul lui Ianis Hagi: \u201eS\u0103 nu uita\u0163i lucrul \u0103sta\u201d&#8230;<\/p>\n<p>&nbsp;<\/p>\n<p>Gic\u0103 Hagi a transmis un mesaj clar \u0219i tran\u0219ant \u00een ceea ce prive\u0219te viitorul fiului s\u0103u, Ianis Hagi. \u00centrebat despre situa\u021bia mijloca\u0219ului rom\u00e2n, \u201eRegele\u201d a declarat f\u0103r\u0103 echivoc: \u201eSubiectul Ianis s-a \u00eenchis. Nu mai vorbim despre el. El \u0219tie ce are de f\u0103cut. Are calitate, are caracter \u0219i va merge acolo unde este dorit \u0219i respectat.\u201d<\/p>\n<p><img loading=\"lazy\" decoding=\"async\" class=\"alignnone size-full wp-image-54890\" src=\"https:\/\/www.letsportsrock.com\/wp-content\/uploads\/2025\/07\/images-2025-07-16T134311.931.jpeg\" alt=\"\" width=\"290\" height=\"174\" \/><\/p>\n<p>\u00cen acela\u0219i timp, Hagi senior a subliniat c\u0103 nu va mai comenta deciziile selec\u021bionerului Edi Iord\u0103nescu privind convoc\u0103rile la echipa na\u021bional\u0103: \u201e\u00centreba\u021bi-l pe el. Eu nu mai r\u0103spund. S\u0103 nu uita\u021bi un lucru: Ianis va demonstra, indiferent de ce spun al\u021bii.\u201d<\/p>\n<p>&nbsp;<\/p>\n<p>Declara\u021bia vine \u00een contextul \u00een care Ianis a avut un sezon complicat, cu pu\u021bine minute la club \u0219i absen\u021ba de la EURO 2024. Cu toate acestea, Gic\u0103 Hagi este convins c\u0103 fiul s\u0103u \u00ee\u0219i va relansa cariera cur\u00e2nd \u0219i c\u0103 are \u00eenc\u0103 multe de ar\u0103tat \u00een fotbalul european.<\/p>\n\n<div style=\"font-size: 0px; height: 0px; line-height: 0px; margin: 0; padding: 0; clear: both;\"><\/div>","protected":false},"excerpt":{"rendered":"<p>\u201eS-a \u00eenchis!\u201d Gic\u0103 Hagi, anun\u0163 categoric despre viitorul lui Ianis Hagi: \u201eS\u0103 nu uita\u0163i lucrul \u0103sta\u201d&#8230; &nbsp; Gic\u0103 Hagi a transmis un mesaj clar \u0219i tran\u0219ant \u00een ceea ce prive\u0219te viitorul fiului s\u0103u, Ianis Hagi. \u00centrebat despre situa\u021bia mijloca\u0219ului rom\u00e2n, \u201eRegele\u201d a declarat f\u0103r\u0103 echivoc: \u201eSubiectul Ianis s-a \u00eenchis. Nu mai vorbim despre el. El [&hellip;]<\/p>\n","protected":false},"author":15,"featured_media":54889,"comment_status":"open","ping_status":"open","sticky":false,"template":"","format":"standard","meta":{"_jetpack_memberships_contains_paid_content":false,"footnotes":""},"categories":[1],"tags":[264],"class_list":["post-54888","post","type-post","status-publish","format-standard","has-post-thumbnail","hentry","category-uncategorized","tag-fcsb"],"yoast_head":"<!-- This site is optimized with the Yoast SEO plugin v27.4 - https:\/\/yoast.com\/product\/yoast-seo-wordpress\/ -->\n<title>\u201eS-a \u00eenchis!\u201d Gic\u0103 Hagi, anun\u0163 categoric despre viitorul lui Ianis Hagi: \u201eS\u0103 nu uita\u0163i lucrul \u0103sta\u201d...<\/title>\n<meta name=\"description\" content=\"\u201eS-a \u00eenchis!\u201d Gic\u0103 Hagi, anun\u0163 categoric despre viitorul lui Ianis Hagi: \u201eS\u0103 nu uita\u0163i lucrul \u0103sta\u201d...\" \/>\n<meta name=\"robots\" content=\"index, follow, max-snippet:-1, max-image-preview:large, max-video-preview:-1\" \/>\n<link rel=\"canonical\" href=\"https:\/\/www.letsportsrock.com\/?p=54888\" \/>\n<meta property=\"og:locale\" content=\"en_US\" \/>\n<meta property=\"og:type\" content=\"article\" \/>\n<meta property=\"og:title\" content=\"\u201eS-a \u00eenchis!\u201d Gic\u0103 Hagi, anun\u0163 categoric despre viitorul lui Ianis Hagi: \u201eS\u0103 nu uita\u0163i lucrul \u0103sta\u201d...\" \/>\n<meta property=\"og:description\" content=\"\u201eS-a \u00eenchis!\u201d Gic\u0103 Hagi, anun\u0163 categoric despre viitorul lui Ianis Hagi: \u201eS\u0103 nu uita\u0163i lucrul \u0103sta\u201d...\" \/>\n<meta property=\"og:url\" content=\"https:\/\/www.letsportsrock.com\/?p=54888\" \/>\n<meta property=\"og:site_name\" content=\"letsportsrock\" \/>\n<meta property=\"article:published_time\" content=\"2025-07-16T12:48:08+00:00\" \/>\n<meta property=\"og:image\" content=\"https:\/\/www.letsportsrock.com\/wp-content\/uploads\/2025\/07\/images-2025-07-16T134226.218.jpeg\" \/>\n\t<meta property=\"og:image:width\" content=\"725\" \/>\n\t<meta property=\"og:image:height\" content=\"423\" \/>\n\t<meta property=\"og:image:type\" content=\"image\/jpeg\" \/>\n<meta name=\"author\" content=\"Amos Nabizo\" \/>\n<meta name=\"twitter:card\" content=\"summary_large_image\" \/>\n<meta name=\"twitter:label1\" content=\"Written by\" \/>\n\t<meta name=\"twitter:data1\" content=\"Amos Nabizo\" \/>\n\t<meta name=\"twitter:label2\" content=\"Est. reading time\" \/>\n\t<meta name=\"twitter:data2\" content=\"2 minutes\" \/>\n<script type=\"application\/ld+json\" class=\"yoast-schema-graph\">{\"@context\":\"https:\\\/\\\/schema.org\",\"@graph\":[{\"@type\":\"Article\",\"@id\":\"https:\\\/\\\/www.letsportsrock.com\\\/?p=54888#article\",\"isPartOf\":{\"@id\":\"https:\\\/\\\/www.letsportsrock.com\\\/?p=54888\"},\"author\":{\"name\":\"Amos Nabizo\",\"@id\":\"https:\\\/\\\/www.letsportsrock.com\\\/#\\\/schema\\\/person\\\/044479f72bdbd75f9523e745d3be6c30\"},\"headline\":\"\u201cS-a \u00eenchis!\u201d Gic\u0103 Hagi, anun\u0163 categoric despre viitorul lui Ianis Hagi: \u201cS\u0103 nu uita\u0163i lucrul \u0103sta\u201d&#8230;.\",\"datePublished\":\"2025-07-16T12:48:08+00:00\",\"mainEntityOfPage\":{\"@id\":\"https:\\\/\\\/www.letsportsrock.com\\\/?p=54888\"},\"wordCount\":203,\"commentCount\":0,\"image\":{\"@id\":\"https:\\\/\\\/www.letsportsrock.com\\\/?p=54888#primaryimage\"},\"thumbnailUrl\":\"https:\\\/\\\/www.letsportsrock.com\\\/wp-content\\\/uploads\\\/2025\\\/07\\\/images-2025-07-16T134226.218.jpeg\",\"keywords\":[\"FCSB\"],\"inLanguage\":\"en-US\",\"potentialAction\":[{\"@type\":\"CommentAction\",\"name\":\"Comment\",\"target\":[\"https:\\\/\\\/www.letsportsrock.com\\\/?p=54888#respond\"]}]},{\"@type\":\"WebPage\",\"@id\":\"https:\\\/\\\/www.letsportsrock.com\\\/?p=54888\",\"url\":\"https:\\\/\\\/www.letsportsrock.com\\\/?p=54888\",\"name\":\"\u201eS-a \u00eenchis!\u201d Gic\u0103 Hagi, anun\u0163 categoric despre viitorul lui Ianis Hagi: \u201eS\u0103 nu uita\u0163i lucrul \u0103sta\u201d...\",\"isPartOf\":{\"@id\":\"https:\\\/\\\/www.letsportsrock.com\\\/#website\"},\"primaryImageOfPage\":{\"@id\":\"https:\\\/\\\/www.letsportsrock.com\\\/?p=54888#primaryimage\"},\"image\":{\"@id\":\"https:\\\/\\\/www.letsportsrock.com\\\/?p=54888#primaryimage\"},\"thumbnailUrl\":\"https:\\\/\\\/www.letsportsrock.com\\\/wp-content\\\/uploads\\\/2025\\\/07\\\/images-2025-07-16T134226.218.jpeg\",\"datePublished\":\"2025-07-16T12:48:08+00:00\",\"author\":{\"@id\":\"https:\\\/\\\/www.letsportsrock.com\\\/#\\\/schema\\\/person\\\/044479f72bdbd75f9523e745d3be6c30\"},\"description\":\"\u201eS-a \u00eenchis!\u201d Gic\u0103 Hagi, anun\u0163 categoric despre viitorul lui Ianis Hagi: \u201eS\u0103 nu uita\u0163i lucrul \u0103sta\u201d...\",\"breadcrumb\":{\"@id\":\"https:\\\/\\\/www.letsportsrock.com\\\/?p=54888#breadcrumb\"},\"inLanguage\":\"en-US\",\"potentialAction\":[{\"@type\":\"ReadAction\",\"target\":[\"https:\\\/\\\/www.letsportsrock.com\\\/?p=54888\"]}]},{\"@type\":\"ImageObject\",\"inLanguage\":\"en-US\",\"@id\":\"https:\\\/\\\/www.letsportsrock.com\\\/?p=54888#primaryimage\",\"url\":\"https:\\\/\\\/www.letsportsrock.com\\\/wp-content\\\/uploads\\\/2025\\\/07\\\/images-2025-07-16T134226.218.jpeg\",\"contentUrl\":\"https:\\\/\\\/www.letsportsrock.com\\\/wp-content\\\/uploads\\\/2025\\\/07\\\/images-2025-07-16T134226.218.jpeg\",\"width\":725,\"height\":423},{\"@type\":\"BreadcrumbList\",\"@id\":\"https:\\\/\\\/www.letsportsrock.com\\\/?p=54888#breadcrumb\",\"itemListElement\":[{\"@type\":\"ListItem\",\"position\":1,\"name\":\"Home\",\"item\":\"https:\\\/\\\/www.letsportsrock.com\\\/\"},{\"@type\":\"ListItem\",\"position\":2,\"name\":\"\u201cS-a \u00eenchis!\u201d Gic\u0103 Hagi, anun\u0163 categoric despre viitorul lui Ianis Hagi: \u201cS\u0103 nu uita\u0163i lucrul \u0103sta\u201d&#8230;.\"}]},{\"@type\":\"WebSite\",\"@id\":\"https:\\\/\\\/www.letsportsrock.com\\\/#website\",\"url\":\"https:\\\/\\\/www.letsportsrock.com\\\/\",\"name\":\"letsportsrock\",\"description\":\"Sport News and Updates\",\"potentialAction\":[{\"@type\":\"SearchAction\",\"target\":{\"@type\":\"EntryPoint\",\"urlTemplate\":\"https:\\\/\\\/www.letsportsrock.com\\\/?s={search_term_string}\"},\"query-input\":{\"@type\":\"PropertyValueSpecification\",\"valueRequired\":true,\"valueName\":\"search_term_string\"}}],\"inLanguage\":\"en-US\"},{\"@type\":\"Person\",\"@id\":\"https:\\\/\\\/www.letsportsrock.com\\\/#\\\/schema\\\/person\\\/044479f72bdbd75f9523e745d3be6c30\",\"name\":\"Amos Nabizo\",\"image\":{\"@type\":\"ImageObject\",\"inLanguage\":\"en-US\",\"@id\":\"https:\\\/\\\/secure.gravatar.com\\\/avatar\\\/d569857c07d3899c6ca842ffea32daa1672c05549833530fe37e68ae7b521ba4?s=96&d=mm&r=g\",\"url\":\"https:\\\/\\\/secure.gravatar.com\\\/avatar\\\/d569857c07d3899c6ca842ffea32daa1672c05549833530fe37e68ae7b521ba4?s=96&d=mm&r=g\",\"contentUrl\":\"https:\\\/\\\/secure.gravatar.com\\\/avatar\\\/d569857c07d3899c6ca842ffea32daa1672c05549833530fe37e68ae7b521ba4?s=96&d=mm&r=g\",\"caption\":\"Amos Nabizo\"},\"sameAs\":[\"https:\\\/\\\/www.letsportsrock.com\\\/wp-admin\\\/\"],\"url\":\"https:\\\/\\\/www.letsportsrock.com\\\/?author=15\"}]}<\/script>\n<!-- \/ Yoast SEO plugin. -->","yoast_head_json":{"title":"\u201eS-a \u00eenchis!\u201d Gic\u0103 Hagi, anun\u0163 categoric despre viitorul lui Ianis Hagi: \u201eS\u0103 nu uita\u0163i lucrul \u0103sta\u201d...","description":"\u201eS-a \u00eenchis!\u201d Gic\u0103 Hagi, anun\u0163 categoric despre viitorul lui Ianis Hagi: \u201eS\u0103 nu uita\u0163i lucrul \u0103sta\u201d...","robots":{"index":"index","follow":"follow","max-snippet":"max-snippet:-1","max-image-preview":"max-image-preview:large","max-video-preview":"max-video-preview:-1"},"canonical":"https:\/\/www.letsportsrock.com\/?p=54888","og_locale":"en_US","og_type":"article","og_title":"\u201eS-a \u00eenchis!\u201d Gic\u0103 Hagi, anun\u0163 categoric despre viitorul lui Ianis Hagi: \u201eS\u0103 nu uita\u0163i lucrul \u0103sta\u201d...","og_description":"\u201eS-a \u00eenchis!\u201d Gic\u0103 Hagi, anun\u0163 categoric despre viitorul lui Ianis Hagi: \u201eS\u0103 nu uita\u0163i lucrul \u0103sta\u201d...","og_url":"https:\/\/www.letsportsrock.com\/?p=54888","og_site_name":"letsportsrock","article_published_time":"2025-07-16T12:48:08+00:00","og_image":[{"width":725,"height":423,"url":"https:\/\/www.letsportsrock.com\/wp-content\/uploads\/2025\/07\/images-2025-07-16T134226.218.jpeg","type":"image\/jpeg"}],"author":"Amos Nabizo","twitter_card":"summary_large_image","twitter_misc":{"Written by":"Amos Nabizo","Est. reading time":"2 minutes"},"schema":{"@context":"https:\/\/schema.org","@graph":[{"@type":"Article","@id":"https:\/\/www.letsportsrock.com\/?p=54888#article","isPartOf":{"@id":"https:\/\/www.letsportsrock.com\/?p=54888"},"author":{"name":"Amos Nabizo","@id":"https:\/\/www.letsportsrock.com\/#\/schema\/person\/044479f72bdbd75f9523e745d3be6c30"},"headline":"\u201cS-a \u00eenchis!\u201d Gic\u0103 Hagi, anun\u0163 categoric despre viitorul lui Ianis Hagi: \u201cS\u0103 nu uita\u0163i lucrul \u0103sta\u201d&#8230;.","datePublished":"2025-07-16T12:48:08+00:00","mainEntityOfPage":{"@id":"https:\/\/www.letsportsrock.com\/?p=54888"},"wordCount":203,"commentCount":0,"image":{"@id":"https:\/\/www.letsportsrock.com\/?p=54888#primaryimage"},"thumbnailUrl":"https:\/\/www.letsportsrock.com\/wp-content\/uploads\/2025\/07\/images-2025-07-16T134226.218.jpeg","keywords":["FCSB"],"inLanguage":"en-US","potentialAction":[{"@type":"CommentAction","name":"Comment","target":["https:\/\/www.letsportsrock.com\/?p=54888#respond"]}]},{"@type":"WebPage","@id":"https:\/\/www.letsportsrock.com\/?p=54888","url":"https:\/\/www.letsportsrock.com\/?p=54888","name":"\u201eS-a \u00eenchis!\u201d Gic\u0103 Hagi, anun\u0163 categoric despre viitorul lui Ianis Hagi: \u201eS\u0103 nu uita\u0163i lucrul \u0103sta\u201d...","isPartOf":{"@id":"https:\/\/www.letsportsrock.com\/#website"},"primaryImageOfPage":{"@id":"https:\/\/www.letsportsrock.com\/?p=54888#primaryimage"},"image":{"@id":"https:\/\/www.letsportsrock.com\/?p=54888#primaryimage"},"thumbnailUrl":"https:\/\/www.letsportsrock.com\/wp-content\/uploads\/2025\/07\/images-2025-07-16T134226.218.jpeg","datePublished":"2025-07-16T12:48:08+00:00","author":{"@id":"https:\/\/www.letsportsrock.com\/#\/schema\/person\/044479f72bdbd75f9523e745d3be6c30"},"description":"\u201eS-a \u00eenchis!\u201d Gic\u0103 Hagi, anun\u0163 categoric despre viitorul lui Ianis Hagi: \u201eS\u0103 nu uita\u0163i lucrul \u0103sta\u201d...","breadcrumb":{"@id":"https:\/\/www.letsportsrock.com\/?p=54888#breadcrumb"},"inLanguage":"en-US","potentialAction":[{"@type":"ReadAction","target":["https:\/\/www.letsportsrock.com\/?p=54888"]}]},{"@type":"ImageObject","inLanguage":"en-US","@id":"https:\/\/www.letsportsrock.com\/?p=54888#primaryimage","url":"https:\/\/www.letsportsrock.com\/wp-content\/uploads\/2025\/07\/images-2025-07-16T134226.218.jpeg","contentUrl":"https:\/\/www.letsportsrock.com\/wp-content\/uploads\/2025\/07\/images-2025-07-16T134226.218.jpeg","width":725,"height":423},{"@type":"BreadcrumbList","@id":"https:\/\/www.letsportsrock.com\/?p=54888#breadcrumb","itemListElement":[{"@type":"ListItem","position":1,"name":"Home","item":"https:\/\/www.letsportsrock.com\/"},{"@type":"ListItem","position":2,"name":"\u201cS-a \u00eenchis!\u201d Gic\u0103 Hagi, anun\u0163 categoric despre viitorul lui Ianis Hagi: \u201cS\u0103 nu uita\u0163i lucrul \u0103sta\u201d&#8230;."}]},{"@type":"WebSite","@id":"https:\/\/www.letsportsrock.com\/#website","url":"https:\/\/www.letsportsrock.com\/","name":"letsportsrock","description":"Sport News and Updates","potentialAction":[{"@type":"SearchAction","target":{"@type":"EntryPoint","urlTemplate":"https:\/\/www.letsportsrock.com\/?s={search_term_string}"},"query-input":{"@type":"PropertyValueSpecification","valueRequired":true,"valueName":"search_term_string"}}],"inLanguage":"en-US"},{"@type":"Person","@id":"https:\/\/www.letsportsrock.com\/#\/schema\/person\/044479f72bdbd75f9523e745d3be6c30","name":"Amos Nabizo","image":{"@type":"ImageObject","inLanguage":"en-US","@id":"https:\/\/secure.gravatar.com\/avatar\/d569857c07d3899c6ca842ffea32daa1672c05549833530fe37e68ae7b521ba4?s=96&d=mm&r=g","url":"https:\/\/secure.gravatar.com\/avatar\/d569857c07d3899c6ca842ffea32daa1672c05549833530fe37e68ae7b521ba4?s=96&d=mm&r=g","contentUrl":"https:\/\/secure.gravatar.com\/avatar\/d569857c07d3899c6ca842ffea32daa1672c05549833530fe37e68ae7b521ba4?s=96&d=mm&r=g","caption":"Amos Nabizo"},"sameAs":["https:\/\/www.letsportsrock.com\/wp-admin\/"],"url":"https:\/\/www.letsportsrock.com\/?author=15"}]}},"jetpack_featured_media_url":"https:\/\/www.letsportsrock.com\/wp-content\/uploads\/2025\/07\/images-2025-07-16T134226.218.jpeg","jetpack_sharing_enabled":true,"_links":{"self":[{"href":"https:\/\/www.letsportsrock.com\/index.php?rest_route=\/wp\/v2\/posts\/54888","targetHints":{"allow":["GET"]}}],"collection":[{"href":"https:\/\/www.letsportsrock.com\/index.php?rest_route=\/wp\/v2\/posts"}],"about":[{"href":"https:\/\/www.letsportsrock.com\/index.php?rest_route=\/wp\/v2\/types\/post"}],"author":[{"embeddable":true,"href":"https:\/\/www.letsportsrock.com\/index.php?rest_route=\/wp\/v2\/users\/15"}],"replies":[{"embeddable":true,"href":"https:\/\/www.letsportsrock.com\/index.php?rest_route=%2Fwp%2Fv2%2Fcomments&post=54888"}],"version-history":[{"count":1,"href":"https:\/\/www.letsportsrock.com\/index.php?rest_route=\/wp\/v2\/posts\/54888\/revisions"}],"predecessor-version":[{"id":54891,"href":"https:\/\/www.letsportsrock.com\/index.php?rest_route=\/wp\/v2\/posts\/54888\/revisions\/54891"}],"wp:featuredmedia":[{"embeddable":true,"href":"https:\/\/www.letsportsrock.com\/index.php?rest_route=\/wp\/v2\/media\/54889"}],"wp:attachment":[{"href":"https:\/\/www.letsportsrock.com\/index.php?rest_route=%2Fwp%2Fv2%2Fmedia&parent=54888"}],"wp:term":[{"taxonomy":"category","embeddable":true,"href":"https:\/\/www.letsportsrock.com\/index.php?rest_route=%2Fwp%2Fv2%2Fcategories&post=54888"},{"taxonomy":"post_tag","embeddable":true,"href":"https:\/\/www.letsportsrock.com\/index.php?rest_route=%2Fwp%2Fv2%2Ftags&post=54888"}],"curies":[{"name":"wp","href":"https:\/\/api.w.org\/{rel}","templated":true}]}}