{"id":54893,"date":"2025-07-16T13:02:06","date_gmt":"2025-07-16T13:02:06","guid":{"rendered":"https:\/\/www.letsportsrock.com\/?p=54893"},"modified":"2025-07-16T13:02:06","modified_gmt":"2025-07-16T13:02:06","slug":"reactia-jucatorului-facut-praf-de-gigi-becali-dupa-inter-escaldes-fcsb-mi-e-jena-a-fost-o-seara-penibila","status":"publish","type":"post","link":"https:\/\/www.letsportsrock.com\/?p=54893","title":{"rendered":"Reac\u021bia juc\u0103torului f\u0103cut praf de Gigi Becali dup\u0103 Inter Escaldes &#8211; FCSB: &#8220;Mi-e jen\u0103! A fost o sear\u0103 penibil\u0103&#8221;&#8230;."},"content":{"rendered":"<div class=\"d79db4796efc26332eabfc3f5dafbc76\" data-index=\"1\" style=\"float: none; margin:10px 0 10px 0; text-align:center;\">\n<div class=\"hb-ad-inarticle\">\r\n    <div class=\"hb-ad-inner\"> \r\n    <div class=\"hbagency_cls\"  id=\"hbagency_space_111930\"><\/div><\/div> <\/div>\n<\/div>\n<p>Reac\u021bia juc\u0103torului f\u0103cut praf de Gigi Becali dup\u0103 Inter Escaldes &#8211; FCSB: &#8220;Mi-e jen\u0103! A fost o sear\u0103 penibil\u0103&#8221;&#8230;.<\/p>\n<p>&nbsp;<\/p>\n<p>Dup\u0103 \u00eenfr\u00e2ngerea ru\u0219inoas\u0103 suferit\u0103 de FCSB \u00een Andorra, scor 1-2 cu Inter Club d\u2019Escaldes, reac\u021biile nu au \u00eent\u00e2rziat s\u0103 apar\u0103. Printre cei viza\u021bi dur de patronul Gigi Becali s-a aflat \u0219i portarul \u0218tefan T\u00e2rnovanu, criticat pentru golurile primite.<\/p>\n<p><img loading=\"lazy\" decoding=\"async\" class=\"alignnone size-medium wp-image-54895\" src=\"https:\/\/www.letsportsrock.com\/wp-content\/uploads\/2025\/07\/images-2025-07-16T135359.511-300x200.jpeg\" alt=\"\" width=\"300\" height=\"200\" srcset=\"https:\/\/www.letsportsrock.com\/wp-content\/uploads\/2025\/07\/images-2025-07-16T135359.511-300x200.jpeg 300w, https:\/\/www.letsportsrock.com\/wp-content\/uploads\/2025\/07\/images-2025-07-16T135359.511.jpeg 678w\" sizes=\"auto, (max-width: 300px) 100vw, 300px\" \/><\/p>\n<p>La scurt timp dup\u0103 meci, T\u00e2rnovanu a avut o reac\u021bie sincer\u0103:<\/p>\n<p>\u201eMi-e jen\u0103! Nu am nicio scuz\u0103. A fost o sear\u0103 penibil\u0103 pentru to\u021bi, \u00een special pentru mine. Ne-am f\u0103cut de r\u00e2s \u00een fa\u021ba unei echipe care, cu tot respectul, nu ar fi trebuit s\u0103 ne pun\u0103 probleme. Suporterii au tot dreptul s\u0103 fie sup\u0103ra\u021bi. Vom \u00eencerca s\u0103 repar\u0103m \u00een retur, dar ru\u0219inea r\u0103m\u00e2ne.\u201d<\/p>\n<p>&nbsp;<\/p>\n<p>Declara\u021bia vine \u00een contextul \u00een care Becali a spus c\u0103 \u201enu mai am portar\u201d, l\u0103s\u00e2nd s\u0103 se \u00een\u021beleag\u0103 c\u0103 FCSB caut\u0103 deja un \u00eenlocuitor. Returul de la Bucure\u0219ti va fi decisiv nu doar pentru calificare, ci \u0219i pentru viitorul unor juc\u0103tori din lot.<\/p>\n\n<div style=\"font-size: 0px; height: 0px; line-height: 0px; margin: 0; padding: 0; clear: both;\"><\/div>","protected":false},"excerpt":{"rendered":"<p>Reac\u021bia juc\u0103torului f\u0103cut praf de Gigi Becali dup\u0103 Inter Escaldes &#8211; FCSB: &#8220;Mi-e jen\u0103! A fost o sear\u0103 penibil\u0103&#8221;&#8230;. &nbsp; Dup\u0103 \u00eenfr\u00e2ngerea ru\u0219inoas\u0103 suferit\u0103 de FCSB \u00een Andorra, scor 1-2 cu Inter Club d\u2019Escaldes, reac\u021biile nu au \u00eent\u00e2rziat s\u0103 apar\u0103. Printre cei viza\u021bi dur de patronul Gigi Becali s-a aflat \u0219i portarul \u0218tefan T\u00e2rnovanu, criticat [&hellip;]<\/p>\n","protected":false},"author":15,"featured_media":54894,"comment_status":"open","ping_status":"open","sticky":false,"template":"","format":"standard","meta":{"_jetpack_memberships_contains_paid_content":false,"footnotes":""},"categories":[1],"tags":[264],"class_list":["post-54893","post","type-post","status-publish","format-standard","has-post-thumbnail","hentry","category-uncategorized","tag-fcsb"],"yoast_head":"<!-- This site is optimized with the Yoast SEO plugin v27.4 - https:\/\/yoast.com\/product\/yoast-seo-wordpress\/ -->\n<title>Reac\u021bia juc\u0103torului f\u0103cut praf de Gigi Becali dup\u0103 Inter Escaldes - FCSB: &quot;Mi-e jen\u0103! A fost o sear\u0103 penibil\u0103&quot;....<\/title>\n<meta name=\"description\" content=\"Reac\u021bia juc\u0103torului f\u0103cut praf de Gigi Becali dup\u0103 Inter Escaldes - FCSB: &quot;Mi-e jen\u0103! A fost o sear\u0103 penibil\u0103&quot;....\" \/>\n<meta name=\"robots\" content=\"index, follow, max-snippet:-1, max-image-preview:large, max-video-preview:-1\" \/>\n<link rel=\"canonical\" href=\"https:\/\/www.letsportsrock.com\/?p=54893\" \/>\n<meta property=\"og:locale\" content=\"en_US\" \/>\n<meta property=\"og:type\" content=\"article\" \/>\n<meta property=\"og:title\" content=\"Reac\u021bia juc\u0103torului f\u0103cut praf de Gigi Becali dup\u0103 Inter Escaldes - FCSB: &quot;Mi-e jen\u0103! A fost o sear\u0103 penibil\u0103&quot;....\" \/>\n<meta property=\"og:description\" content=\"Reac\u021bia juc\u0103torului f\u0103cut praf de Gigi Becali dup\u0103 Inter Escaldes - FCSB: &quot;Mi-e jen\u0103! A fost o sear\u0103 penibil\u0103&quot;....\" \/>\n<meta property=\"og:url\" content=\"https:\/\/www.letsportsrock.com\/?p=54893\" \/>\n<meta property=\"og:site_name\" content=\"letsportsrock\" \/>\n<meta property=\"article:published_time\" content=\"2025-07-16T13:02:06+00:00\" \/>\n<meta property=\"og:image\" content=\"https:\/\/www.letsportsrock.com\/wp-content\/uploads\/2025\/07\/images-2025-07-16T135342.347.jpeg\" \/>\n\t<meta property=\"og:image:width\" content=\"738\" \/>\n\t<meta property=\"og:image:height\" content=\"416\" \/>\n\t<meta property=\"og:image:type\" content=\"image\/jpeg\" \/>\n<meta name=\"author\" content=\"Amos Nabizo\" \/>\n<meta name=\"twitter:card\" content=\"summary_large_image\" \/>\n<meta name=\"twitter:label1\" content=\"Written by\" \/>\n\t<meta name=\"twitter:data1\" content=\"Amos Nabizo\" \/>\n\t<meta name=\"twitter:label2\" content=\"Est. reading time\" \/>\n\t<meta name=\"twitter:data2\" content=\"2 minutes\" \/>\n<script type=\"application\/ld+json\" class=\"yoast-schema-graph\">{\"@context\":\"https:\\\/\\\/schema.org\",\"@graph\":[{\"@type\":\"Article\",\"@id\":\"https:\\\/\\\/www.letsportsrock.com\\\/?p=54893#article\",\"isPartOf\":{\"@id\":\"https:\\\/\\\/www.letsportsrock.com\\\/?p=54893\"},\"author\":{\"name\":\"Amos Nabizo\",\"@id\":\"https:\\\/\\\/www.letsportsrock.com\\\/#\\\/schema\\\/person\\\/044479f72bdbd75f9523e745d3be6c30\"},\"headline\":\"Reac\u021bia juc\u0103torului f\u0103cut praf de Gigi Becali dup\u0103 Inter Escaldes &#8211; FCSB: &#8220;Mi-e jen\u0103! A fost o sear\u0103 penibil\u0103&#8221;&#8230;.\",\"datePublished\":\"2025-07-16T13:02:06+00:00\",\"mainEntityOfPage\":{\"@id\":\"https:\\\/\\\/www.letsportsrock.com\\\/?p=54893\"},\"wordCount\":216,\"commentCount\":0,\"image\":{\"@id\":\"https:\\\/\\\/www.letsportsrock.com\\\/?p=54893#primaryimage\"},\"thumbnailUrl\":\"https:\\\/\\\/www.letsportsrock.com\\\/wp-content\\\/uploads\\\/2025\\\/07\\\/images-2025-07-16T135342.347.jpeg\",\"keywords\":[\"FCSB\"],\"inLanguage\":\"en-US\",\"potentialAction\":[{\"@type\":\"CommentAction\",\"name\":\"Comment\",\"target\":[\"https:\\\/\\\/www.letsportsrock.com\\\/?p=54893#respond\"]}]},{\"@type\":\"WebPage\",\"@id\":\"https:\\\/\\\/www.letsportsrock.com\\\/?p=54893\",\"url\":\"https:\\\/\\\/www.letsportsrock.com\\\/?p=54893\",\"name\":\"Reac\u021bia juc\u0103torului f\u0103cut praf de Gigi Becali dup\u0103 Inter Escaldes - FCSB: \\\"Mi-e jen\u0103! A fost o sear\u0103 penibil\u0103\\\"....\",\"isPartOf\":{\"@id\":\"https:\\\/\\\/www.letsportsrock.com\\\/#website\"},\"primaryImageOfPage\":{\"@id\":\"https:\\\/\\\/www.letsportsrock.com\\\/?p=54893#primaryimage\"},\"image\":{\"@id\":\"https:\\\/\\\/www.letsportsrock.com\\\/?p=54893#primaryimage\"},\"thumbnailUrl\":\"https:\\\/\\\/www.letsportsrock.com\\\/wp-content\\\/uploads\\\/2025\\\/07\\\/images-2025-07-16T135342.347.jpeg\",\"datePublished\":\"2025-07-16T13:02:06+00:00\",\"author\":{\"@id\":\"https:\\\/\\\/www.letsportsrock.com\\\/#\\\/schema\\\/person\\\/044479f72bdbd75f9523e745d3be6c30\"},\"description\":\"Reac\u021bia juc\u0103torului f\u0103cut praf de Gigi Becali dup\u0103 Inter Escaldes - FCSB: \\\"Mi-e jen\u0103! A fost o sear\u0103 penibil\u0103\\\"....\",\"breadcrumb\":{\"@id\":\"https:\\\/\\\/www.letsportsrock.com\\\/?p=54893#breadcrumb\"},\"inLanguage\":\"en-US\",\"potentialAction\":[{\"@type\":\"ReadAction\",\"target\":[\"https:\\\/\\\/www.letsportsrock.com\\\/?p=54893\"]}]},{\"@type\":\"ImageObject\",\"inLanguage\":\"en-US\",\"@id\":\"https:\\\/\\\/www.letsportsrock.com\\\/?p=54893#primaryimage\",\"url\":\"https:\\\/\\\/www.letsportsrock.com\\\/wp-content\\\/uploads\\\/2025\\\/07\\\/images-2025-07-16T135342.347.jpeg\",\"contentUrl\":\"https:\\\/\\\/www.letsportsrock.com\\\/wp-content\\\/uploads\\\/2025\\\/07\\\/images-2025-07-16T135342.347.jpeg\",\"width\":738,\"height\":416},{\"@type\":\"BreadcrumbList\",\"@id\":\"https:\\\/\\\/www.letsportsrock.com\\\/?p=54893#breadcrumb\",\"itemListElement\":[{\"@type\":\"ListItem\",\"position\":1,\"name\":\"Home\",\"item\":\"https:\\\/\\\/www.letsportsrock.com\\\/\"},{\"@type\":\"ListItem\",\"position\":2,\"name\":\"Reac\u021bia juc\u0103torului f\u0103cut praf de Gigi Becali dup\u0103 Inter Escaldes &#8211; FCSB: &#8220;Mi-e jen\u0103! A fost o sear\u0103 penibil\u0103&#8221;&#8230;.\"}]},{\"@type\":\"WebSite\",\"@id\":\"https:\\\/\\\/www.letsportsrock.com\\\/#website\",\"url\":\"https:\\\/\\\/www.letsportsrock.com\\\/\",\"name\":\"letsportsrock\",\"description\":\"Sport News and Updates\",\"potentialAction\":[{\"@type\":\"SearchAction\",\"target\":{\"@type\":\"EntryPoint\",\"urlTemplate\":\"https:\\\/\\\/www.letsportsrock.com\\\/?s={search_term_string}\"},\"query-input\":{\"@type\":\"PropertyValueSpecification\",\"valueRequired\":true,\"valueName\":\"search_term_string\"}}],\"inLanguage\":\"en-US\"},{\"@type\":\"Person\",\"@id\":\"https:\\\/\\\/www.letsportsrock.com\\\/#\\\/schema\\\/person\\\/044479f72bdbd75f9523e745d3be6c30\",\"name\":\"Amos Nabizo\",\"image\":{\"@type\":\"ImageObject\",\"inLanguage\":\"en-US\",\"@id\":\"https:\\\/\\\/secure.gravatar.com\\\/avatar\\\/d569857c07d3899c6ca842ffea32daa1672c05549833530fe37e68ae7b521ba4?s=96&d=mm&r=g\",\"url\":\"https:\\\/\\\/secure.gravatar.com\\\/avatar\\\/d569857c07d3899c6ca842ffea32daa1672c05549833530fe37e68ae7b521ba4?s=96&d=mm&r=g\",\"contentUrl\":\"https:\\\/\\\/secure.gravatar.com\\\/avatar\\\/d569857c07d3899c6ca842ffea32daa1672c05549833530fe37e68ae7b521ba4?s=96&d=mm&r=g\",\"caption\":\"Amos Nabizo\"},\"sameAs\":[\"https:\\\/\\\/www.letsportsrock.com\\\/wp-admin\\\/\"],\"url\":\"https:\\\/\\\/www.letsportsrock.com\\\/?author=15\"}]}<\/script>\n<!-- \/ Yoast SEO plugin. -->","yoast_head_json":{"title":"Reac\u021bia juc\u0103torului f\u0103cut praf de Gigi Becali dup\u0103 Inter Escaldes - FCSB: \"Mi-e jen\u0103! A fost o sear\u0103 penibil\u0103\"....","description":"Reac\u021bia juc\u0103torului f\u0103cut praf de Gigi Becali dup\u0103 Inter Escaldes - FCSB: \"Mi-e jen\u0103! A fost o sear\u0103 penibil\u0103\"....","robots":{"index":"index","follow":"follow","max-snippet":"max-snippet:-1","max-image-preview":"max-image-preview:large","max-video-preview":"max-video-preview:-1"},"canonical":"https:\/\/www.letsportsrock.com\/?p=54893","og_locale":"en_US","og_type":"article","og_title":"Reac\u021bia juc\u0103torului f\u0103cut praf de Gigi Becali dup\u0103 Inter Escaldes - FCSB: \"Mi-e jen\u0103! A fost o sear\u0103 penibil\u0103\"....","og_description":"Reac\u021bia juc\u0103torului f\u0103cut praf de Gigi Becali dup\u0103 Inter Escaldes - FCSB: \"Mi-e jen\u0103! A fost o sear\u0103 penibil\u0103\"....","og_url":"https:\/\/www.letsportsrock.com\/?p=54893","og_site_name":"letsportsrock","article_published_time":"2025-07-16T13:02:06+00:00","og_image":[{"width":738,"height":416,"url":"https:\/\/www.letsportsrock.com\/wp-content\/uploads\/2025\/07\/images-2025-07-16T135342.347.jpeg","type":"image\/jpeg"}],"author":"Amos Nabizo","twitter_card":"summary_large_image","twitter_misc":{"Written by":"Amos Nabizo","Est. reading time":"2 minutes"},"schema":{"@context":"https:\/\/schema.org","@graph":[{"@type":"Article","@id":"https:\/\/www.letsportsrock.com\/?p=54893#article","isPartOf":{"@id":"https:\/\/www.letsportsrock.com\/?p=54893"},"author":{"name":"Amos Nabizo","@id":"https:\/\/www.letsportsrock.com\/#\/schema\/person\/044479f72bdbd75f9523e745d3be6c30"},"headline":"Reac\u021bia juc\u0103torului f\u0103cut praf de Gigi Becali dup\u0103 Inter Escaldes &#8211; FCSB: &#8220;Mi-e jen\u0103! A fost o sear\u0103 penibil\u0103&#8221;&#8230;.","datePublished":"2025-07-16T13:02:06+00:00","mainEntityOfPage":{"@id":"https:\/\/www.letsportsrock.com\/?p=54893"},"wordCount":216,"commentCount":0,"image":{"@id":"https:\/\/www.letsportsrock.com\/?p=54893#primaryimage"},"thumbnailUrl":"https:\/\/www.letsportsrock.com\/wp-content\/uploads\/2025\/07\/images-2025-07-16T135342.347.jpeg","keywords":["FCSB"],"inLanguage":"en-US","potentialAction":[{"@type":"CommentAction","name":"Comment","target":["https:\/\/www.letsportsrock.com\/?p=54893#respond"]}]},{"@type":"WebPage","@id":"https:\/\/www.letsportsrock.com\/?p=54893","url":"https:\/\/www.letsportsrock.com\/?p=54893","name":"Reac\u021bia juc\u0103torului f\u0103cut praf de Gigi Becali dup\u0103 Inter Escaldes - FCSB: \"Mi-e jen\u0103! A fost o sear\u0103 penibil\u0103\"....","isPartOf":{"@id":"https:\/\/www.letsportsrock.com\/#website"},"primaryImageOfPage":{"@id":"https:\/\/www.letsportsrock.com\/?p=54893#primaryimage"},"image":{"@id":"https:\/\/www.letsportsrock.com\/?p=54893#primaryimage"},"thumbnailUrl":"https:\/\/www.letsportsrock.com\/wp-content\/uploads\/2025\/07\/images-2025-07-16T135342.347.jpeg","datePublished":"2025-07-16T13:02:06+00:00","author":{"@id":"https:\/\/www.letsportsrock.com\/#\/schema\/person\/044479f72bdbd75f9523e745d3be6c30"},"description":"Reac\u021bia juc\u0103torului f\u0103cut praf de Gigi Becali dup\u0103 Inter Escaldes - FCSB: \"Mi-e jen\u0103! A fost o sear\u0103 penibil\u0103\"....","breadcrumb":{"@id":"https:\/\/www.letsportsrock.com\/?p=54893#breadcrumb"},"inLanguage":"en-US","potentialAction":[{"@type":"ReadAction","target":["https:\/\/www.letsportsrock.com\/?p=54893"]}]},{"@type":"ImageObject","inLanguage":"en-US","@id":"https:\/\/www.letsportsrock.com\/?p=54893#primaryimage","url":"https:\/\/www.letsportsrock.com\/wp-content\/uploads\/2025\/07\/images-2025-07-16T135342.347.jpeg","contentUrl":"https:\/\/www.letsportsrock.com\/wp-content\/uploads\/2025\/07\/images-2025-07-16T135342.347.jpeg","width":738,"height":416},{"@type":"BreadcrumbList","@id":"https:\/\/www.letsportsrock.com\/?p=54893#breadcrumb","itemListElement":[{"@type":"ListItem","position":1,"name":"Home","item":"https:\/\/www.letsportsrock.com\/"},{"@type":"ListItem","position":2,"name":"Reac\u021bia juc\u0103torului f\u0103cut praf de Gigi Becali dup\u0103 Inter Escaldes &#8211; FCSB: &#8220;Mi-e jen\u0103! A fost o sear\u0103 penibil\u0103&#8221;&#8230;."}]},{"@type":"WebSite","@id":"https:\/\/www.letsportsrock.com\/#website","url":"https:\/\/www.letsportsrock.com\/","name":"letsportsrock","description":"Sport News and Updates","potentialAction":[{"@type":"SearchAction","target":{"@type":"EntryPoint","urlTemplate":"https:\/\/www.letsportsrock.com\/?s={search_term_string}"},"query-input":{"@type":"PropertyValueSpecification","valueRequired":true,"valueName":"search_term_string"}}],"inLanguage":"en-US"},{"@type":"Person","@id":"https:\/\/www.letsportsrock.com\/#\/schema\/person\/044479f72bdbd75f9523e745d3be6c30","name":"Amos Nabizo","image":{"@type":"ImageObject","inLanguage":"en-US","@id":"https:\/\/secure.gravatar.com\/avatar\/d569857c07d3899c6ca842ffea32daa1672c05549833530fe37e68ae7b521ba4?s=96&d=mm&r=g","url":"https:\/\/secure.gravatar.com\/avatar\/d569857c07d3899c6ca842ffea32daa1672c05549833530fe37e68ae7b521ba4?s=96&d=mm&r=g","contentUrl":"https:\/\/secure.gravatar.com\/avatar\/d569857c07d3899c6ca842ffea32daa1672c05549833530fe37e68ae7b521ba4?s=96&d=mm&r=g","caption":"Amos Nabizo"},"sameAs":["https:\/\/www.letsportsrock.com\/wp-admin\/"],"url":"https:\/\/www.letsportsrock.com\/?author=15"}]}},"jetpack_featured_media_url":"https:\/\/www.letsportsrock.com\/wp-content\/uploads\/2025\/07\/images-2025-07-16T135342.347.jpeg","jetpack_sharing_enabled":true,"_links":{"self":[{"href":"https:\/\/www.letsportsrock.com\/index.php?rest_route=\/wp\/v2\/posts\/54893","targetHints":{"allow":["GET"]}}],"collection":[{"href":"https:\/\/www.letsportsrock.com\/index.php?rest_route=\/wp\/v2\/posts"}],"about":[{"href":"https:\/\/www.letsportsrock.com\/index.php?rest_route=\/wp\/v2\/types\/post"}],"author":[{"embeddable":true,"href":"https:\/\/www.letsportsrock.com\/index.php?rest_route=\/wp\/v2\/users\/15"}],"replies":[{"embeddable":true,"href":"https:\/\/www.letsportsrock.com\/index.php?rest_route=%2Fwp%2Fv2%2Fcomments&post=54893"}],"version-history":[{"count":1,"href":"https:\/\/www.letsportsrock.com\/index.php?rest_route=\/wp\/v2\/posts\/54893\/revisions"}],"predecessor-version":[{"id":54896,"href":"https:\/\/www.letsportsrock.com\/index.php?rest_route=\/wp\/v2\/posts\/54893\/revisions\/54896"}],"wp:featuredmedia":[{"embeddable":true,"href":"https:\/\/www.letsportsrock.com\/index.php?rest_route=\/wp\/v2\/media\/54894"}],"wp:attachment":[{"href":"https:\/\/www.letsportsrock.com\/index.php?rest_route=%2Fwp%2Fv2%2Fmedia&parent=54893"}],"wp:term":[{"taxonomy":"category","embeddable":true,"href":"https:\/\/www.letsportsrock.com\/index.php?rest_route=%2Fwp%2Fv2%2Fcategories&post=54893"},{"taxonomy":"post_tag","embeddable":true,"href":"https:\/\/www.letsportsrock.com\/index.php?rest_route=%2Fwp%2Fv2%2Ftags&post=54893"}],"curies":[{"name":"wp","href":"https:\/\/api.w.org\/{rel}","templated":true}]}}