{"id":54913,"date":"2025-07-16T16:02:16","date_gmt":"2025-07-16T16:02:16","guid":{"rendered":"https:\/\/www.letsportsrock.com\/?p=54913"},"modified":"2025-07-16T16:02:19","modified_gmt":"2025-07-16T16:02:19","slug":"gigi-becali-trup-si-suflet-pentru-echipa-nationala-a-romaniei-ce","status":"publish","type":"post","link":"https:\/\/www.letsportsrock.com\/?p=54913","title":{"rendered":"Gigi Becali, trup \u0219i suflet pentru echipa na\u021bional\u0103 a Rom\u00e2niei! Ce &#8230;"},"content":{"rendered":"<div class=\"d79db4796efc26332eabfc3f5dafbc76\" data-index=\"1\" style=\"float: none; margin:10px 0 10px 0; text-align:center;\">\n<div class=\"hb-ad-inarticle\">\r\n    <div class=\"hb-ad-inner\"> \r\n    <div class=\"hbagency_cls\"  id=\"hbagency_space_111930\"><\/div><\/div> <\/div>\n<\/div>\n<p>Gigi Becali, trup \u0219i suflet pentru echipa na\u021bional\u0103 a Rom\u00e2niei! Ce &#8230;<\/p>\n<p>&nbsp;<\/p>\n<p>Mai jos ai un text de aproximativ 200 de cuvinte, \u00een limba rom\u00e2n\u0103, despre implicarea \u0219i sus\u021binerea lui Gigi Becali pentru echipa na\u021bional\u0103 a Rom\u00e2niei:<\/p>\n<p><img loading=\"lazy\" decoding=\"async\" class=\"alignnone size-medium wp-image-54915\" src=\"https:\/\/www.letsportsrock.com\/wp-content\/uploads\/2025\/07\/images-2025-07-16T165545.722-300x180.jpeg\" alt=\"\" width=\"300\" height=\"180\" srcset=\"https:\/\/www.letsportsrock.com\/wp-content\/uploads\/2025\/07\/images-2025-07-16T165545.722-300x180.jpeg 300w, https:\/\/www.letsportsrock.com\/wp-content\/uploads\/2025\/07\/images-2025-07-16T165545.722.jpeg 715w\" sizes=\"auto, (max-width: 300px) 100vw, 300px\" \/><\/p>\n<p>Gigi\u202fBecali, patronul FCSB, s-a transformat \u00een ultimii ani \u00eentr-un sus\u021bin\u0103tor activ al echipei na\u021bionale, dup\u0103 perioade \u00een care nu \u00eei acorda prea mult\u0103 aten\u021bie. Potrivit declara\u021biilor recente, Becali recunoa\u0219te c\u0103 timp de circa 20 de ani nu urm\u0103rea meciurile \u201etricolorilor\u201d, dormind frecvent \u00eenainte de acestea, \u00eens\u0103 acum tr\u0103ie\u0219te aceste partide cu 70\u202f% din intensitatea pe care o are pentru meciurile FCSB\u2011ului .<\/p>\n<p>&nbsp;<\/p>\n<p>El a salutat convocarea a nou\u0103 juc\u0103tori de la FCSB \u00een echipa na\u021bional\u0103 pentru dubla cu Austria \u0219i Cipru, subliniind c\u0103 are \u00eencredere \u00een selec\u021bionerul Mircea Lucescu, pe care \u00eel consider\u0103 un \u201eom de calitate\u201d . De asemenea, Becali a l\u0103udat evolu\u021bia juc\u0103torilor precum Denis Man, Valentin Mih\u0103il\u0103, Denis Dr\u0103gu\u0219 \u0219i R\u0103zvan Stanciu, afirm\u00e2nd c\u0103 ace\u0219tia \u201e\u021bin echipa na\u021bional\u0103 \u00een spate\u201d .<\/p>\n<p>&nbsp;<\/p>\n<p>\u00cen martie\u202f2025, Becali a reac\u021bionat cu entuziasm dup\u0103 ce 11 juc\u0103tori FCSB au fost convoca\u021bi la na\u021bionale, coment\u00e2nd c\u0103 \u201edac\u0103 sunt 11 de la FCSB \u00eenseamn\u0103 c\u0103 suntem bine\u201d \u0219i afirm\u00e2nd despre Mihai Popescu c\u0103 este \u201ecel mai bun din Rom\u00e2nia\u201d .<\/p>\n<p>&nbsp;<\/p>\n<p>De\u0219i \u00een trecut se ar\u0103ta neinteresat de echipa na\u021bional\u0103, Becali \u0219i-a schimbat percep\u021bia, sus\u021bin\u00e2nd club \u0219i \u021bara \u00een egal\u0103 m\u0103sur\u0103. Acum, se poate spune c\u0103, pe l\u00e2ng\u0103 FCSB, \u0219i na\u021bionala \u00eei treze\u0219te emo\u021bii \u0219i implicare \u2013 \u201etrup \u0219i suflet\u201d pentru \u201etricolori\u201d.<\/p>\n<p>&nbsp;<\/p>\n<p>Dac\u0103 vrei s\u0103 extindem textul (de ex. cu o introducere, concluzie stilistic\u0103 sau exemple concrete de ac\u021biuni), spune-mi \u0219i-l ajustez!<\/p>\n\n<div style=\"font-size: 0px; height: 0px; line-height: 0px; margin: 0; padding: 0; clear: both;\"><\/div>","protected":false},"excerpt":{"rendered":"<p>Gigi Becali, trup \u0219i suflet pentru echipa na\u021bional\u0103 a Rom\u00e2niei! Ce &#8230; &nbsp; Mai jos ai un text de aproximativ 200 de cuvinte, \u00een limba rom\u00e2n\u0103, despre implicarea \u0219i sus\u021binerea lui Gigi Becali pentru echipa na\u021bional\u0103 a Rom\u00e2niei: Gigi\u202fBecali, patronul FCSB, s-a transformat \u00een ultimii ani \u00eentr-un sus\u021bin\u0103tor activ al echipei na\u021bionale, dup\u0103 perioade \u00een [&hellip;]<\/p>\n","protected":false},"author":15,"featured_media":54914,"comment_status":"open","ping_status":"open","sticky":false,"template":"","format":"standard","meta":{"_jetpack_memberships_contains_paid_content":false,"footnotes":""},"categories":[1],"tags":[264],"class_list":["post-54913","post","type-post","status-publish","format-standard","has-post-thumbnail","hentry","category-uncategorized","tag-fcsb"],"yoast_head":"<!-- This site is optimized with the Yoast SEO plugin v27.5 - https:\/\/yoast.com\/product\/yoast-seo-wordpress\/ -->\n<title>Gigi Becali, trup \u0219i suflet pentru echipa na\u021bional\u0103 a Rom\u00e2niei! Ce ...<\/title>\n<meta name=\"description\" content=\"Gigi Becali, trup \u0219i suflet pentru echipa na\u021bional\u0103 a Rom\u00e2niei! Ce ...\" \/>\n<meta name=\"robots\" content=\"index, follow, max-snippet:-1, max-image-preview:large, max-video-preview:-1\" \/>\n<link rel=\"canonical\" href=\"https:\/\/www.letsportsrock.com\/?p=54913\" \/>\n<meta property=\"og:locale\" content=\"en_US\" \/>\n<meta property=\"og:type\" content=\"article\" \/>\n<meta property=\"og:title\" content=\"Gigi Becali, trup \u0219i suflet pentru echipa na\u021bional\u0103 a Rom\u00e2niei! Ce ...\" \/>\n<meta property=\"og:description\" content=\"Gigi Becali, trup \u0219i suflet pentru echipa na\u021bional\u0103 a Rom\u00e2niei! Ce ...\" \/>\n<meta property=\"og:url\" content=\"https:\/\/www.letsportsrock.com\/?p=54913\" \/>\n<meta property=\"og:site_name\" content=\"letsportsrock\" \/>\n<meta property=\"article:published_time\" content=\"2025-07-16T16:02:16+00:00\" \/>\n<meta property=\"article:modified_time\" content=\"2025-07-16T16:02:19+00:00\" \/>\n<meta property=\"og:image\" content=\"https:\/\/www.letsportsrock.com\/wp-content\/uploads\/2025\/07\/gigi-becali-echipa-nationala-scaled-1.jpg\" \/>\n\t<meta property=\"og:image:width\" content=\"2560\" \/>\n\t<meta property=\"og:image:height\" content=\"1584\" \/>\n\t<meta property=\"og:image:type\" content=\"image\/jpeg\" \/>\n<meta name=\"author\" content=\"Amos Nabizo\" \/>\n<meta name=\"twitter:card\" content=\"summary_large_image\" \/>\n<meta name=\"twitter:label1\" content=\"Written by\" \/>\n\t<meta name=\"twitter:data1\" content=\"Amos Nabizo\" \/>\n\t<meta name=\"twitter:label2\" content=\"Est. reading time\" \/>\n\t<meta name=\"twitter:data2\" content=\"2 minutes\" \/>\n<script type=\"application\/ld+json\" class=\"yoast-schema-graph\">{\"@context\":\"https:\\\/\\\/schema.org\",\"@graph\":[{\"@type\":\"Article\",\"@id\":\"https:\\\/\\\/www.letsportsrock.com\\\/?p=54913#article\",\"isPartOf\":{\"@id\":\"https:\\\/\\\/www.letsportsrock.com\\\/?p=54913\"},\"author\":{\"name\":\"Amos Nabizo\",\"@id\":\"https:\\\/\\\/www.letsportsrock.com\\\/#\\\/schema\\\/person\\\/044479f72bdbd75f9523e745d3be6c30\"},\"headline\":\"Gigi Becali, trup \u0219i suflet pentru echipa na\u021bional\u0103 a Rom\u00e2niei! Ce &#8230;\",\"datePublished\":\"2025-07-16T16:02:16+00:00\",\"dateModified\":\"2025-07-16T16:02:19+00:00\",\"mainEntityOfPage\":{\"@id\":\"https:\\\/\\\/www.letsportsrock.com\\\/?p=54913\"},\"wordCount\":319,\"commentCount\":0,\"image\":{\"@id\":\"https:\\\/\\\/www.letsportsrock.com\\\/?p=54913#primaryimage\"},\"thumbnailUrl\":\"https:\\\/\\\/www.letsportsrock.com\\\/wp-content\\\/uploads\\\/2025\\\/07\\\/gigi-becali-echipa-nationala-scaled-1.jpg\",\"keywords\":[\"FCSB\"],\"inLanguage\":\"en-US\",\"potentialAction\":[{\"@type\":\"CommentAction\",\"name\":\"Comment\",\"target\":[\"https:\\\/\\\/www.letsportsrock.com\\\/?p=54913#respond\"]}]},{\"@type\":\"WebPage\",\"@id\":\"https:\\\/\\\/www.letsportsrock.com\\\/?p=54913\",\"url\":\"https:\\\/\\\/www.letsportsrock.com\\\/?p=54913\",\"name\":\"Gigi Becali, trup \u0219i suflet pentru echipa na\u021bional\u0103 a Rom\u00e2niei! Ce ...\",\"isPartOf\":{\"@id\":\"https:\\\/\\\/www.letsportsrock.com\\\/#website\"},\"primaryImageOfPage\":{\"@id\":\"https:\\\/\\\/www.letsportsrock.com\\\/?p=54913#primaryimage\"},\"image\":{\"@id\":\"https:\\\/\\\/www.letsportsrock.com\\\/?p=54913#primaryimage\"},\"thumbnailUrl\":\"https:\\\/\\\/www.letsportsrock.com\\\/wp-content\\\/uploads\\\/2025\\\/07\\\/gigi-becali-echipa-nationala-scaled-1.jpg\",\"datePublished\":\"2025-07-16T16:02:16+00:00\",\"dateModified\":\"2025-07-16T16:02:19+00:00\",\"author\":{\"@id\":\"https:\\\/\\\/www.letsportsrock.com\\\/#\\\/schema\\\/person\\\/044479f72bdbd75f9523e745d3be6c30\"},\"description\":\"Gigi Becali, trup \u0219i suflet pentru echipa na\u021bional\u0103 a Rom\u00e2niei! Ce ...\",\"breadcrumb\":{\"@id\":\"https:\\\/\\\/www.letsportsrock.com\\\/?p=54913#breadcrumb\"},\"inLanguage\":\"en-US\",\"potentialAction\":[{\"@type\":\"ReadAction\",\"target\":[\"https:\\\/\\\/www.letsportsrock.com\\\/?p=54913\"]}]},{\"@type\":\"ImageObject\",\"inLanguage\":\"en-US\",\"@id\":\"https:\\\/\\\/www.letsportsrock.com\\\/?p=54913#primaryimage\",\"url\":\"https:\\\/\\\/www.letsportsrock.com\\\/wp-content\\\/uploads\\\/2025\\\/07\\\/gigi-becali-echipa-nationala-scaled-1.jpg\",\"contentUrl\":\"https:\\\/\\\/www.letsportsrock.com\\\/wp-content\\\/uploads\\\/2025\\\/07\\\/gigi-becali-echipa-nationala-scaled-1.jpg\",\"width\":2560,\"height\":1584},{\"@type\":\"BreadcrumbList\",\"@id\":\"https:\\\/\\\/www.letsportsrock.com\\\/?p=54913#breadcrumb\",\"itemListElement\":[{\"@type\":\"ListItem\",\"position\":1,\"name\":\"Home\",\"item\":\"https:\\\/\\\/www.letsportsrock.com\\\/\"},{\"@type\":\"ListItem\",\"position\":2,\"name\":\"Gigi Becali, trup \u0219i suflet pentru echipa na\u021bional\u0103 a Rom\u00e2niei! Ce &#8230;\"}]},{\"@type\":\"WebSite\",\"@id\":\"https:\\\/\\\/www.letsportsrock.com\\\/#website\",\"url\":\"https:\\\/\\\/www.letsportsrock.com\\\/\",\"name\":\"letsportsrock\",\"description\":\"Sport News and Updates\",\"potentialAction\":[{\"@type\":\"SearchAction\",\"target\":{\"@type\":\"EntryPoint\",\"urlTemplate\":\"https:\\\/\\\/www.letsportsrock.com\\\/?s={search_term_string}\"},\"query-input\":{\"@type\":\"PropertyValueSpecification\",\"valueRequired\":true,\"valueName\":\"search_term_string\"}}],\"inLanguage\":\"en-US\"},{\"@type\":\"Person\",\"@id\":\"https:\\\/\\\/www.letsportsrock.com\\\/#\\\/schema\\\/person\\\/044479f72bdbd75f9523e745d3be6c30\",\"name\":\"Amos Nabizo\",\"image\":{\"@type\":\"ImageObject\",\"inLanguage\":\"en-US\",\"@id\":\"https:\\\/\\\/secure.gravatar.com\\\/avatar\\\/d569857c07d3899c6ca842ffea32daa1672c05549833530fe37e68ae7b521ba4?s=96&d=mm&r=g\",\"url\":\"https:\\\/\\\/secure.gravatar.com\\\/avatar\\\/d569857c07d3899c6ca842ffea32daa1672c05549833530fe37e68ae7b521ba4?s=96&d=mm&r=g\",\"contentUrl\":\"https:\\\/\\\/secure.gravatar.com\\\/avatar\\\/d569857c07d3899c6ca842ffea32daa1672c05549833530fe37e68ae7b521ba4?s=96&d=mm&r=g\",\"caption\":\"Amos Nabizo\"},\"sameAs\":[\"https:\\\/\\\/www.letsportsrock.com\\\/wp-admin\\\/\"],\"url\":\"https:\\\/\\\/www.letsportsrock.com\\\/?author=15\"}]}<\/script>\n<!-- \/ Yoast SEO plugin. -->","yoast_head_json":{"title":"Gigi Becali, trup \u0219i suflet pentru echipa na\u021bional\u0103 a Rom\u00e2niei! Ce ...","description":"Gigi Becali, trup \u0219i suflet pentru echipa na\u021bional\u0103 a Rom\u00e2niei! Ce ...","robots":{"index":"index","follow":"follow","max-snippet":"max-snippet:-1","max-image-preview":"max-image-preview:large","max-video-preview":"max-video-preview:-1"},"canonical":"https:\/\/www.letsportsrock.com\/?p=54913","og_locale":"en_US","og_type":"article","og_title":"Gigi Becali, trup \u0219i suflet pentru echipa na\u021bional\u0103 a Rom\u00e2niei! Ce ...","og_description":"Gigi Becali, trup \u0219i suflet pentru echipa na\u021bional\u0103 a Rom\u00e2niei! Ce ...","og_url":"https:\/\/www.letsportsrock.com\/?p=54913","og_site_name":"letsportsrock","article_published_time":"2025-07-16T16:02:16+00:00","article_modified_time":"2025-07-16T16:02:19+00:00","og_image":[{"width":2560,"height":1584,"url":"https:\/\/www.letsportsrock.com\/wp-content\/uploads\/2025\/07\/gigi-becali-echipa-nationala-scaled-1.jpg","type":"image\/jpeg"}],"author":"Amos Nabizo","twitter_card":"summary_large_image","twitter_misc":{"Written by":"Amos Nabizo","Est. reading time":"2 minutes"},"schema":{"@context":"https:\/\/schema.org","@graph":[{"@type":"Article","@id":"https:\/\/www.letsportsrock.com\/?p=54913#article","isPartOf":{"@id":"https:\/\/www.letsportsrock.com\/?p=54913"},"author":{"name":"Amos Nabizo","@id":"https:\/\/www.letsportsrock.com\/#\/schema\/person\/044479f72bdbd75f9523e745d3be6c30"},"headline":"Gigi Becali, trup \u0219i suflet pentru echipa na\u021bional\u0103 a Rom\u00e2niei! Ce &#8230;","datePublished":"2025-07-16T16:02:16+00:00","dateModified":"2025-07-16T16:02:19+00:00","mainEntityOfPage":{"@id":"https:\/\/www.letsportsrock.com\/?p=54913"},"wordCount":319,"commentCount":0,"image":{"@id":"https:\/\/www.letsportsrock.com\/?p=54913#primaryimage"},"thumbnailUrl":"https:\/\/www.letsportsrock.com\/wp-content\/uploads\/2025\/07\/gigi-becali-echipa-nationala-scaled-1.jpg","keywords":["FCSB"],"inLanguage":"en-US","potentialAction":[{"@type":"CommentAction","name":"Comment","target":["https:\/\/www.letsportsrock.com\/?p=54913#respond"]}]},{"@type":"WebPage","@id":"https:\/\/www.letsportsrock.com\/?p=54913","url":"https:\/\/www.letsportsrock.com\/?p=54913","name":"Gigi Becali, trup \u0219i suflet pentru echipa na\u021bional\u0103 a Rom\u00e2niei! Ce ...","isPartOf":{"@id":"https:\/\/www.letsportsrock.com\/#website"},"primaryImageOfPage":{"@id":"https:\/\/www.letsportsrock.com\/?p=54913#primaryimage"},"image":{"@id":"https:\/\/www.letsportsrock.com\/?p=54913#primaryimage"},"thumbnailUrl":"https:\/\/www.letsportsrock.com\/wp-content\/uploads\/2025\/07\/gigi-becali-echipa-nationala-scaled-1.jpg","datePublished":"2025-07-16T16:02:16+00:00","dateModified":"2025-07-16T16:02:19+00:00","author":{"@id":"https:\/\/www.letsportsrock.com\/#\/schema\/person\/044479f72bdbd75f9523e745d3be6c30"},"description":"Gigi Becali, trup \u0219i suflet pentru echipa na\u021bional\u0103 a Rom\u00e2niei! Ce ...","breadcrumb":{"@id":"https:\/\/www.letsportsrock.com\/?p=54913#breadcrumb"},"inLanguage":"en-US","potentialAction":[{"@type":"ReadAction","target":["https:\/\/www.letsportsrock.com\/?p=54913"]}]},{"@type":"ImageObject","inLanguage":"en-US","@id":"https:\/\/www.letsportsrock.com\/?p=54913#primaryimage","url":"https:\/\/www.letsportsrock.com\/wp-content\/uploads\/2025\/07\/gigi-becali-echipa-nationala-scaled-1.jpg","contentUrl":"https:\/\/www.letsportsrock.com\/wp-content\/uploads\/2025\/07\/gigi-becali-echipa-nationala-scaled-1.jpg","width":2560,"height":1584},{"@type":"BreadcrumbList","@id":"https:\/\/www.letsportsrock.com\/?p=54913#breadcrumb","itemListElement":[{"@type":"ListItem","position":1,"name":"Home","item":"https:\/\/www.letsportsrock.com\/"},{"@type":"ListItem","position":2,"name":"Gigi Becali, trup \u0219i suflet pentru echipa na\u021bional\u0103 a Rom\u00e2niei! Ce &#8230;"}]},{"@type":"WebSite","@id":"https:\/\/www.letsportsrock.com\/#website","url":"https:\/\/www.letsportsrock.com\/","name":"letsportsrock","description":"Sport News and Updates","potentialAction":[{"@type":"SearchAction","target":{"@type":"EntryPoint","urlTemplate":"https:\/\/www.letsportsrock.com\/?s={search_term_string}"},"query-input":{"@type":"PropertyValueSpecification","valueRequired":true,"valueName":"search_term_string"}}],"inLanguage":"en-US"},{"@type":"Person","@id":"https:\/\/www.letsportsrock.com\/#\/schema\/person\/044479f72bdbd75f9523e745d3be6c30","name":"Amos Nabizo","image":{"@type":"ImageObject","inLanguage":"en-US","@id":"https:\/\/secure.gravatar.com\/avatar\/d569857c07d3899c6ca842ffea32daa1672c05549833530fe37e68ae7b521ba4?s=96&d=mm&r=g","url":"https:\/\/secure.gravatar.com\/avatar\/d569857c07d3899c6ca842ffea32daa1672c05549833530fe37e68ae7b521ba4?s=96&d=mm&r=g","contentUrl":"https:\/\/secure.gravatar.com\/avatar\/d569857c07d3899c6ca842ffea32daa1672c05549833530fe37e68ae7b521ba4?s=96&d=mm&r=g","caption":"Amos Nabizo"},"sameAs":["https:\/\/www.letsportsrock.com\/wp-admin\/"],"url":"https:\/\/www.letsportsrock.com\/?author=15"}]}},"jetpack_featured_media_url":"https:\/\/www.letsportsrock.com\/wp-content\/uploads\/2025\/07\/gigi-becali-echipa-nationala-scaled-1.jpg","jetpack_sharing_enabled":true,"_links":{"self":[{"href":"https:\/\/www.letsportsrock.com\/index.php?rest_route=\/wp\/v2\/posts\/54913","targetHints":{"allow":["GET"]}}],"collection":[{"href":"https:\/\/www.letsportsrock.com\/index.php?rest_route=\/wp\/v2\/posts"}],"about":[{"href":"https:\/\/www.letsportsrock.com\/index.php?rest_route=\/wp\/v2\/types\/post"}],"author":[{"embeddable":true,"href":"https:\/\/www.letsportsrock.com\/index.php?rest_route=\/wp\/v2\/users\/15"}],"replies":[{"embeddable":true,"href":"https:\/\/www.letsportsrock.com\/index.php?rest_route=%2Fwp%2Fv2%2Fcomments&post=54913"}],"version-history":[{"count":1,"href":"https:\/\/www.letsportsrock.com\/index.php?rest_route=\/wp\/v2\/posts\/54913\/revisions"}],"predecessor-version":[{"id":54916,"href":"https:\/\/www.letsportsrock.com\/index.php?rest_route=\/wp\/v2\/posts\/54913\/revisions\/54916"}],"wp:featuredmedia":[{"embeddable":true,"href":"https:\/\/www.letsportsrock.com\/index.php?rest_route=\/wp\/v2\/media\/54914"}],"wp:attachment":[{"href":"https:\/\/www.letsportsrock.com\/index.php?rest_route=%2Fwp%2Fv2%2Fmedia&parent=54913"}],"wp:term":[{"taxonomy":"category","embeddable":true,"href":"https:\/\/www.letsportsrock.com\/index.php?rest_route=%2Fwp%2Fv2%2Fcategories&post=54913"},{"taxonomy":"post_tag","embeddable":true,"href":"https:\/\/www.letsportsrock.com\/index.php?rest_route=%2Fwp%2Fv2%2Ftags&post=54913"}],"curies":[{"name":"wp","href":"https:\/\/api.w.org\/{rel}","templated":true}]}}