{"id":54969,"date":"2025-07-16T20:12:58","date_gmt":"2025-07-16T20:12:58","guid":{"rendered":"https:\/\/www.letsportsrock.com\/?p=54969"},"modified":"2025-07-16T20:12:58","modified_gmt":"2025-07-16T20:12:58","slug":"transferul-lui-denis-alibec-la-fcsb-aruncat-in-aer-de-interventia","status":"publish","type":"post","link":"https:\/\/www.letsportsrock.com\/?p=54969","title":{"rendered":"Transferul lui Denis Alibec la FCSB, aruncat \u00een aer de interven\u021bia &#8230;"},"content":{"rendered":"<div class=\"d79db4796efc26332eabfc3f5dafbc76\" data-index=\"1\" style=\"float: none; margin:10px 0 10px 0; text-align:center;\">\n<div class=\"hb-ad-inarticle\">\r\n    <div class=\"hb-ad-inner\"> \r\n    <div class=\"hbagency_cls\"  id=\"hbagency_space_111930\"><\/div><\/div> <\/div>\n<\/div>\n<p>Transferul lui Denis Alibec la FCSB, aruncat \u00een aer de interven\u021bia &#8230;<\/p>\n<p>&nbsp;<\/p>\n<p>Nu exist\u0103 informa\u021bii publice recente conform c\u0103rora transferul lui Denis\u202fAlibec la FCSB a fost \u201earuncat \u00een aer\u201d de vreo interven\u021bie specific\u0103. Din sursele verificate:<\/p>\n<p><img loading=\"lazy\" decoding=\"async\" class=\"alignnone size-medium wp-image-54971\" src=\"https:\/\/www.letsportsrock.com\/wp-content\/uploads\/2025\/07\/images-2025-07-16T210949.701-300x175.jpeg\" alt=\"\" width=\"300\" height=\"175\" srcset=\"https:\/\/www.letsportsrock.com\/wp-content\/uploads\/2025\/07\/images-2025-07-16T210949.701-300x175.jpeg 300w, https:\/\/www.letsportsrock.com\/wp-content\/uploads\/2025\/07\/images-2025-07-16T210949.701.jpeg 725w\" sizes=\"auto, (max-width: 300px) 100vw, 300px\" \/><\/p>\n<p>Denis Alibec \u0219i-a reluat oficial cariera la FCSB \u00een vara lui 2025, semn\u00e2nd ca juc\u0103tor liber de contract, dup\u0103 desp\u0103r\u021birea de Farul Constan\u021ba .<\/p>\n<p>&nbsp;<\/p>\n<p>Presa \u0219i site-urile de transferuri au detaliat c\u0103 mutarea a fost negociat\u0103 direct, f\u0103r\u0103 vreo men\u021biune despre o interven\u021bie extern\u0103 care s\u0103 fi blocat-o sau deturnat-o .<\/p>\n<p>&nbsp;<\/p>\n<p>Existau \u0219i op\u021biunea Universitatea Craiova, \u00eens\u0103 aceasta era un plan alternativ \u00een cazul \u00een care nu se finaliza \u00een\u021belegerea cu FCSB .<\/p>\n<p>&nbsp;<\/p>\n<p>&nbsp;<\/p>\n<p>Dac\u0103 ai \u00een minte un context diferit\u2014de exemplu, o interven\u021bie a unui oficial, o disput\u0103 comercial\u0103, o influen\u021b\u0103 extern\u0103\u2014te rog s\u0103 \u00eemi oferi mai multe detalii. Astfel pot verifica exact evenimentul la care te referi \u0219i \u00ee\u021bi ofer un r\u0103spuns corect.<\/p>\n<p>&nbsp;<\/p>\n<p>Vrei s\u0103 verific un anumit eveniment sau declara\u021bie din presa rom\u00e2neasc\u0103, poate de pe Sport.ro, ProSport, Gazeta? Spune-mi mai exact \u0219i reanalizez!<\/p>\n\n<div style=\"font-size: 0px; height: 0px; line-height: 0px; margin: 0; padding: 0; clear: both;\"><\/div>","protected":false},"excerpt":{"rendered":"<p>Transferul lui Denis Alibec la FCSB, aruncat \u00een aer de interven\u021bia &#8230; &nbsp; Nu exist\u0103 informa\u021bii publice recente conform c\u0103rora transferul lui Denis\u202fAlibec la FCSB a fost \u201earuncat \u00een aer\u201d de vreo interven\u021bie specific\u0103. Din sursele verificate: Denis Alibec \u0219i-a reluat oficial cariera la FCSB \u00een vara lui 2025, semn\u00e2nd ca juc\u0103tor liber de contract, [&hellip;]<\/p>\n","protected":false},"author":15,"featured_media":54970,"comment_status":"open","ping_status":"open","sticky":false,"template":"","format":"standard","meta":{"_jetpack_memberships_contains_paid_content":false,"footnotes":""},"categories":[1],"tags":[264],"class_list":["post-54969","post","type-post","status-publish","format-standard","has-post-thumbnail","hentry","category-uncategorized","tag-fcsb"],"yoast_head":"<!-- This site is optimized with the Yoast SEO plugin v27.4 - https:\/\/yoast.com\/product\/yoast-seo-wordpress\/ -->\n<title>Transferul lui Denis Alibec la FCSB, aruncat \u00een aer de interven\u021bia ...<\/title>\n<meta name=\"description\" content=\"Transferul lui Denis Alibec la FCSB, aruncat \u00een aer de interven\u021bia ...\" \/>\n<meta name=\"robots\" content=\"index, follow, max-snippet:-1, max-image-preview:large, max-video-preview:-1\" \/>\n<link rel=\"canonical\" href=\"https:\/\/www.letsportsrock.com\/?p=54969\" \/>\n<meta property=\"og:locale\" content=\"en_US\" \/>\n<meta property=\"og:type\" content=\"article\" \/>\n<meta property=\"og:title\" content=\"Transferul lui Denis Alibec la FCSB, aruncat \u00een aer de interven\u021bia ...\" \/>\n<meta property=\"og:description\" content=\"Transferul lui Denis Alibec la FCSB, aruncat \u00een aer de interven\u021bia ...\" \/>\n<meta property=\"og:url\" content=\"https:\/\/www.letsportsrock.com\/?p=54969\" \/>\n<meta property=\"og:site_name\" content=\"letsportsrock\" \/>\n<meta property=\"article:published_time\" content=\"2025-07-16T20:12:58+00:00\" \/>\n<meta property=\"og:image\" content=\"https:\/\/www.letsportsrock.com\/wp-content\/uploads\/2025\/07\/images-2025-07-16T210941.389.jpeg\" \/>\n\t<meta property=\"og:image:width\" content=\"772\" \/>\n\t<meta property=\"og:image:height\" content=\"397\" \/>\n\t<meta property=\"og:image:type\" content=\"image\/jpeg\" \/>\n<meta name=\"author\" content=\"Amos Nabizo\" \/>\n<meta name=\"twitter:card\" content=\"summary_large_image\" \/>\n<meta name=\"twitter:label1\" content=\"Written by\" \/>\n\t<meta name=\"twitter:data1\" content=\"Amos Nabizo\" \/>\n\t<meta name=\"twitter:label2\" content=\"Est. reading time\" \/>\n\t<meta name=\"twitter:data2\" content=\"2 minutes\" \/>\n<script type=\"application\/ld+json\" class=\"yoast-schema-graph\">{\"@context\":\"https:\\\/\\\/schema.org\",\"@graph\":[{\"@type\":\"Article\",\"@id\":\"https:\\\/\\\/www.letsportsrock.com\\\/?p=54969#article\",\"isPartOf\":{\"@id\":\"https:\\\/\\\/www.letsportsrock.com\\\/?p=54969\"},\"author\":{\"name\":\"Amos Nabizo\",\"@id\":\"https:\\\/\\\/www.letsportsrock.com\\\/#\\\/schema\\\/person\\\/044479f72bdbd75f9523e745d3be6c30\"},\"headline\":\"Transferul lui Denis Alibec la FCSB, aruncat \u00een aer de interven\u021bia &#8230;\",\"datePublished\":\"2025-07-16T20:12:58+00:00\",\"mainEntityOfPage\":{\"@id\":\"https:\\\/\\\/www.letsportsrock.com\\\/?p=54969\"},\"wordCount\":207,\"commentCount\":0,\"image\":{\"@id\":\"https:\\\/\\\/www.letsportsrock.com\\\/?p=54969#primaryimage\"},\"thumbnailUrl\":\"https:\\\/\\\/www.letsportsrock.com\\\/wp-content\\\/uploads\\\/2025\\\/07\\\/images-2025-07-16T210941.389.jpeg\",\"keywords\":[\"FCSB\"],\"inLanguage\":\"en-US\",\"potentialAction\":[{\"@type\":\"CommentAction\",\"name\":\"Comment\",\"target\":[\"https:\\\/\\\/www.letsportsrock.com\\\/?p=54969#respond\"]}]},{\"@type\":\"WebPage\",\"@id\":\"https:\\\/\\\/www.letsportsrock.com\\\/?p=54969\",\"url\":\"https:\\\/\\\/www.letsportsrock.com\\\/?p=54969\",\"name\":\"Transferul lui Denis Alibec la FCSB, aruncat \u00een aer de interven\u021bia ...\",\"isPartOf\":{\"@id\":\"https:\\\/\\\/www.letsportsrock.com\\\/#website\"},\"primaryImageOfPage\":{\"@id\":\"https:\\\/\\\/www.letsportsrock.com\\\/?p=54969#primaryimage\"},\"image\":{\"@id\":\"https:\\\/\\\/www.letsportsrock.com\\\/?p=54969#primaryimage\"},\"thumbnailUrl\":\"https:\\\/\\\/www.letsportsrock.com\\\/wp-content\\\/uploads\\\/2025\\\/07\\\/images-2025-07-16T210941.389.jpeg\",\"datePublished\":\"2025-07-16T20:12:58+00:00\",\"author\":{\"@id\":\"https:\\\/\\\/www.letsportsrock.com\\\/#\\\/schema\\\/person\\\/044479f72bdbd75f9523e745d3be6c30\"},\"description\":\"Transferul lui Denis Alibec la FCSB, aruncat \u00een aer de interven\u021bia ...\",\"breadcrumb\":{\"@id\":\"https:\\\/\\\/www.letsportsrock.com\\\/?p=54969#breadcrumb\"},\"inLanguage\":\"en-US\",\"potentialAction\":[{\"@type\":\"ReadAction\",\"target\":[\"https:\\\/\\\/www.letsportsrock.com\\\/?p=54969\"]}]},{\"@type\":\"ImageObject\",\"inLanguage\":\"en-US\",\"@id\":\"https:\\\/\\\/www.letsportsrock.com\\\/?p=54969#primaryimage\",\"url\":\"https:\\\/\\\/www.letsportsrock.com\\\/wp-content\\\/uploads\\\/2025\\\/07\\\/images-2025-07-16T210941.389.jpeg\",\"contentUrl\":\"https:\\\/\\\/www.letsportsrock.com\\\/wp-content\\\/uploads\\\/2025\\\/07\\\/images-2025-07-16T210941.389.jpeg\",\"width\":772,\"height\":397},{\"@type\":\"BreadcrumbList\",\"@id\":\"https:\\\/\\\/www.letsportsrock.com\\\/?p=54969#breadcrumb\",\"itemListElement\":[{\"@type\":\"ListItem\",\"position\":1,\"name\":\"Home\",\"item\":\"https:\\\/\\\/www.letsportsrock.com\\\/\"},{\"@type\":\"ListItem\",\"position\":2,\"name\":\"Transferul lui Denis Alibec la FCSB, aruncat \u00een aer de interven\u021bia &#8230;\"}]},{\"@type\":\"WebSite\",\"@id\":\"https:\\\/\\\/www.letsportsrock.com\\\/#website\",\"url\":\"https:\\\/\\\/www.letsportsrock.com\\\/\",\"name\":\"letsportsrock\",\"description\":\"Sport News and Updates\",\"potentialAction\":[{\"@type\":\"SearchAction\",\"target\":{\"@type\":\"EntryPoint\",\"urlTemplate\":\"https:\\\/\\\/www.letsportsrock.com\\\/?s={search_term_string}\"},\"query-input\":{\"@type\":\"PropertyValueSpecification\",\"valueRequired\":true,\"valueName\":\"search_term_string\"}}],\"inLanguage\":\"en-US\"},{\"@type\":\"Person\",\"@id\":\"https:\\\/\\\/www.letsportsrock.com\\\/#\\\/schema\\\/person\\\/044479f72bdbd75f9523e745d3be6c30\",\"name\":\"Amos Nabizo\",\"image\":{\"@type\":\"ImageObject\",\"inLanguage\":\"en-US\",\"@id\":\"https:\\\/\\\/secure.gravatar.com\\\/avatar\\\/d569857c07d3899c6ca842ffea32daa1672c05549833530fe37e68ae7b521ba4?s=96&d=mm&r=g\",\"url\":\"https:\\\/\\\/secure.gravatar.com\\\/avatar\\\/d569857c07d3899c6ca842ffea32daa1672c05549833530fe37e68ae7b521ba4?s=96&d=mm&r=g\",\"contentUrl\":\"https:\\\/\\\/secure.gravatar.com\\\/avatar\\\/d569857c07d3899c6ca842ffea32daa1672c05549833530fe37e68ae7b521ba4?s=96&d=mm&r=g\",\"caption\":\"Amos Nabizo\"},\"sameAs\":[\"https:\\\/\\\/www.letsportsrock.com\\\/wp-admin\\\/\"],\"url\":\"https:\\\/\\\/www.letsportsrock.com\\\/?author=15\"}]}<\/script>\n<!-- \/ Yoast SEO plugin. -->","yoast_head_json":{"title":"Transferul lui Denis Alibec la FCSB, aruncat \u00een aer de interven\u021bia ...","description":"Transferul lui Denis Alibec la FCSB, aruncat \u00een aer de interven\u021bia ...","robots":{"index":"index","follow":"follow","max-snippet":"max-snippet:-1","max-image-preview":"max-image-preview:large","max-video-preview":"max-video-preview:-1"},"canonical":"https:\/\/www.letsportsrock.com\/?p=54969","og_locale":"en_US","og_type":"article","og_title":"Transferul lui Denis Alibec la FCSB, aruncat \u00een aer de interven\u021bia ...","og_description":"Transferul lui Denis Alibec la FCSB, aruncat \u00een aer de interven\u021bia ...","og_url":"https:\/\/www.letsportsrock.com\/?p=54969","og_site_name":"letsportsrock","article_published_time":"2025-07-16T20:12:58+00:00","og_image":[{"width":772,"height":397,"url":"https:\/\/www.letsportsrock.com\/wp-content\/uploads\/2025\/07\/images-2025-07-16T210941.389.jpeg","type":"image\/jpeg"}],"author":"Amos Nabizo","twitter_card":"summary_large_image","twitter_misc":{"Written by":"Amos Nabizo","Est. reading time":"2 minutes"},"schema":{"@context":"https:\/\/schema.org","@graph":[{"@type":"Article","@id":"https:\/\/www.letsportsrock.com\/?p=54969#article","isPartOf":{"@id":"https:\/\/www.letsportsrock.com\/?p=54969"},"author":{"name":"Amos Nabizo","@id":"https:\/\/www.letsportsrock.com\/#\/schema\/person\/044479f72bdbd75f9523e745d3be6c30"},"headline":"Transferul lui Denis Alibec la FCSB, aruncat \u00een aer de interven\u021bia &#8230;","datePublished":"2025-07-16T20:12:58+00:00","mainEntityOfPage":{"@id":"https:\/\/www.letsportsrock.com\/?p=54969"},"wordCount":207,"commentCount":0,"image":{"@id":"https:\/\/www.letsportsrock.com\/?p=54969#primaryimage"},"thumbnailUrl":"https:\/\/www.letsportsrock.com\/wp-content\/uploads\/2025\/07\/images-2025-07-16T210941.389.jpeg","keywords":["FCSB"],"inLanguage":"en-US","potentialAction":[{"@type":"CommentAction","name":"Comment","target":["https:\/\/www.letsportsrock.com\/?p=54969#respond"]}]},{"@type":"WebPage","@id":"https:\/\/www.letsportsrock.com\/?p=54969","url":"https:\/\/www.letsportsrock.com\/?p=54969","name":"Transferul lui Denis Alibec la FCSB, aruncat \u00een aer de interven\u021bia ...","isPartOf":{"@id":"https:\/\/www.letsportsrock.com\/#website"},"primaryImageOfPage":{"@id":"https:\/\/www.letsportsrock.com\/?p=54969#primaryimage"},"image":{"@id":"https:\/\/www.letsportsrock.com\/?p=54969#primaryimage"},"thumbnailUrl":"https:\/\/www.letsportsrock.com\/wp-content\/uploads\/2025\/07\/images-2025-07-16T210941.389.jpeg","datePublished":"2025-07-16T20:12:58+00:00","author":{"@id":"https:\/\/www.letsportsrock.com\/#\/schema\/person\/044479f72bdbd75f9523e745d3be6c30"},"description":"Transferul lui Denis Alibec la FCSB, aruncat \u00een aer de interven\u021bia ...","breadcrumb":{"@id":"https:\/\/www.letsportsrock.com\/?p=54969#breadcrumb"},"inLanguage":"en-US","potentialAction":[{"@type":"ReadAction","target":["https:\/\/www.letsportsrock.com\/?p=54969"]}]},{"@type":"ImageObject","inLanguage":"en-US","@id":"https:\/\/www.letsportsrock.com\/?p=54969#primaryimage","url":"https:\/\/www.letsportsrock.com\/wp-content\/uploads\/2025\/07\/images-2025-07-16T210941.389.jpeg","contentUrl":"https:\/\/www.letsportsrock.com\/wp-content\/uploads\/2025\/07\/images-2025-07-16T210941.389.jpeg","width":772,"height":397},{"@type":"BreadcrumbList","@id":"https:\/\/www.letsportsrock.com\/?p=54969#breadcrumb","itemListElement":[{"@type":"ListItem","position":1,"name":"Home","item":"https:\/\/www.letsportsrock.com\/"},{"@type":"ListItem","position":2,"name":"Transferul lui Denis Alibec la FCSB, aruncat \u00een aer de interven\u021bia &#8230;"}]},{"@type":"WebSite","@id":"https:\/\/www.letsportsrock.com\/#website","url":"https:\/\/www.letsportsrock.com\/","name":"letsportsrock","description":"Sport News and Updates","potentialAction":[{"@type":"SearchAction","target":{"@type":"EntryPoint","urlTemplate":"https:\/\/www.letsportsrock.com\/?s={search_term_string}"},"query-input":{"@type":"PropertyValueSpecification","valueRequired":true,"valueName":"search_term_string"}}],"inLanguage":"en-US"},{"@type":"Person","@id":"https:\/\/www.letsportsrock.com\/#\/schema\/person\/044479f72bdbd75f9523e745d3be6c30","name":"Amos Nabizo","image":{"@type":"ImageObject","inLanguage":"en-US","@id":"https:\/\/secure.gravatar.com\/avatar\/d569857c07d3899c6ca842ffea32daa1672c05549833530fe37e68ae7b521ba4?s=96&d=mm&r=g","url":"https:\/\/secure.gravatar.com\/avatar\/d569857c07d3899c6ca842ffea32daa1672c05549833530fe37e68ae7b521ba4?s=96&d=mm&r=g","contentUrl":"https:\/\/secure.gravatar.com\/avatar\/d569857c07d3899c6ca842ffea32daa1672c05549833530fe37e68ae7b521ba4?s=96&d=mm&r=g","caption":"Amos Nabizo"},"sameAs":["https:\/\/www.letsportsrock.com\/wp-admin\/"],"url":"https:\/\/www.letsportsrock.com\/?author=15"}]}},"jetpack_featured_media_url":"https:\/\/www.letsportsrock.com\/wp-content\/uploads\/2025\/07\/images-2025-07-16T210941.389.jpeg","jetpack_sharing_enabled":true,"_links":{"self":[{"href":"https:\/\/www.letsportsrock.com\/index.php?rest_route=\/wp\/v2\/posts\/54969","targetHints":{"allow":["GET"]}}],"collection":[{"href":"https:\/\/www.letsportsrock.com\/index.php?rest_route=\/wp\/v2\/posts"}],"about":[{"href":"https:\/\/www.letsportsrock.com\/index.php?rest_route=\/wp\/v2\/types\/post"}],"author":[{"embeddable":true,"href":"https:\/\/www.letsportsrock.com\/index.php?rest_route=\/wp\/v2\/users\/15"}],"replies":[{"embeddable":true,"href":"https:\/\/www.letsportsrock.com\/index.php?rest_route=%2Fwp%2Fv2%2Fcomments&post=54969"}],"version-history":[{"count":1,"href":"https:\/\/www.letsportsrock.com\/index.php?rest_route=\/wp\/v2\/posts\/54969\/revisions"}],"predecessor-version":[{"id":54972,"href":"https:\/\/www.letsportsrock.com\/index.php?rest_route=\/wp\/v2\/posts\/54969\/revisions\/54972"}],"wp:featuredmedia":[{"embeddable":true,"href":"https:\/\/www.letsportsrock.com\/index.php?rest_route=\/wp\/v2\/media\/54970"}],"wp:attachment":[{"href":"https:\/\/www.letsportsrock.com\/index.php?rest_route=%2Fwp%2Fv2%2Fmedia&parent=54969"}],"wp:term":[{"taxonomy":"category","embeddable":true,"href":"https:\/\/www.letsportsrock.com\/index.php?rest_route=%2Fwp%2Fv2%2Fcategories&post=54969"},{"taxonomy":"post_tag","embeddable":true,"href":"https:\/\/www.letsportsrock.com\/index.php?rest_route=%2Fwp%2Fv2%2Ftags&post=54969"}],"curies":[{"name":"wp","href":"https:\/\/api.w.org\/{rel}","templated":true}]}}