{"id":54980,"date":"2025-07-16T20:38:47","date_gmt":"2025-07-16T20:38:47","guid":{"rendered":"https:\/\/www.letsportsrock.com\/?p=54980"},"modified":"2025-07-16T20:38:47","modified_gmt":"2025-07-16T20:38:47","slug":"marius-lacatus-e-convins-dupa-transferul-lui-denis-alibec-la-fcsb","status":"publish","type":"post","link":"https:\/\/www.letsportsrock.com\/?p=54980","title":{"rendered":"Marius L\u0103c\u0103tu\u0219 e convins dup\u0103 transferul lui Denis Alibec la FCSB &#8230;"},"content":{"rendered":"<div class=\"d79db4796efc26332eabfc3f5dafbc76\" data-index=\"1\" style=\"float: none; margin:10px 0 10px 0; text-align:center;\">\n<div class=\"hb-ad-inarticle\">\r\n    <div class=\"hb-ad-inner\"> \r\n    <div class=\"hbagency_cls\"  id=\"hbagency_space_111930\"><\/div><\/div> <\/div>\n<\/div>\n<p>Marius L\u0103c\u0103tu\u0219 e convins dup\u0103 transferul lui Denis Alibec la FCSB &#8230;<\/p>\n<p>&nbsp;<\/p>\n<p>Iat\u0103 esen\u021ba declara\u021biilor lui Marius L\u0103c\u0103tu\u0219, legat de transferul lui Denis Alibec la FCSB:<\/p>\n<p><img loading=\"lazy\" decoding=\"async\" class=\"alignnone size-full wp-image-54982\" src=\"https:\/\/www.letsportsrock.com\/wp-content\/uploads\/2025\/07\/images-2025-07-16T213542.875.jpeg\" alt=\"\" width=\"290\" height=\"174\" \/><\/p>\n<p>L\u0103c\u0103tu\u0219 a subliniat c\u0103 Alibec, fiind \u00eentr-o etap\u0103 avansat\u0103 a carierei, a luat \u00een considerare oportunitatea financiar\u0103 oferit\u0103 de FCSB \u0219i c\u0103 nu este nimic condamnabil:<\/p>\n<p>&nbsp;<\/p>\n<p>&gt; \u201eVia\u021ba de fotbalist e scurt\u0103, Denis e la o v\u00e2rst\u0103\u2026 Dac\u0103 tot pleac\u0103 de la Farul, de ce s\u0103 nu profite de o situa\u021bie financiar\u0103 mai bun\u0103 \u00een alt\u0103 parte.\u201d<\/p>\n<p>&nbsp;<\/p>\n<p>2. Concuren\u021ba cu Daniel B\u00eerligea \u2013 competi\u021bii diferite<\/p>\n<p>&nbsp;<\/p>\n<p>L\u0103c\u0103tu\u0219 a sugerat o \u00eemp\u0103r\u021bire a responsabilit\u0103\u021bii \u00een atac:<\/p>\n<p>&nbsp;<\/p>\n<p>B\u00eerligea \u00een meciurile europene (Champions League),<\/p>\n<p>&nbsp;<\/p>\n<p>Alibec \u00een meciurile din campionat.<\/p>\n<p>Totodat\u0103, a men\u021bionat c\u0103 titularizarea poate suferi modific\u0103ri \u00een func\u021bie de evolu\u021bie:<\/p>\n<p>&nbsp;<\/p>\n<p>&nbsp;<\/p>\n<p>&gt; \u201e\u00cen mod normal, ar trebui s\u0103 joace B\u00eerligea \u00een cupele europene \u0219i Alibec \u00een campionatul intern, dar dac\u0103 B\u00eerligea va avea un meci sau dou\u0103 mai sl\u0103bu\u021be, sigur lucrurile se vor inversa.\u201d<\/p>\n<p>&nbsp;<\/p>\n<p>L\u0103c\u0103tu\u0219 s-a \u00eentrebat retoric dac\u0103 B\u00eerligea \u0219i Alibec pot juca eficient \u00eempreun\u0103 \u0219i a subliniat c\u0103 unii juc\u0103tori ar putea fi l\u0103sa\u021bi \u00een afara echipei:<\/p>\n<p>&nbsp;<\/p>\n<p>&gt; \u201eDe unde \u0219tim noi c\u0103 B\u00eerligea cu Alibec se \u00een\u021beleg?&#8230; Apoi\u2026 trebuie s\u0103 renun\u021be cel pu\u021bin la unul dintre favori\u021bii lui. La Olaru sau \u0218ut\u2026 T\u0103nase ce face?\u201d<\/p>\n<p>&nbsp;<\/p>\n<p>L\u0103c\u0103tu\u0219 e convins c\u0103 transferul lui Alibec la FCSB este motivat de o decizie personal\u0103 pragmatic\u0103, legat\u0103 de v\u00e2rsta \u0219i oportunit\u0103\u021bile financiare ale fotbalistului. \u00cen plus, sus\u021bine o strategie \u00een care juc\u0103torii se completeaz\u0103 \u00een func\u021bie de specificul competi\u021biei (intern vs european). R\u0103m\u00e2n \u00eens\u0103 semne de \u00eentrebare \u00een privin\u021ba compatibilit\u0103\u021bii atacan\u021bilor \u0219i a impactului asupra \u00eentregii formule de atac.<\/p>\n<p>&nbsp;<\/p>\n<p>Dac\u0103 dore\u0219ti s\u0103 afli mai multe despre transferul lui Alibec, reac\u021biile oficiale ale clubului sau cum se vede acest transfer \u00een contextul sezonului 2025\u20132026, spune-mi \u0219i caut\u0103m \u00eempreun\u0103!<\/p>\n\n<div style=\"font-size: 0px; height: 0px; line-height: 0px; margin: 0; padding: 0; clear: both;\"><\/div>","protected":false},"excerpt":{"rendered":"<p>Marius L\u0103c\u0103tu\u0219 e convins dup\u0103 transferul lui Denis Alibec la FCSB &#8230; &nbsp; Iat\u0103 esen\u021ba declara\u021biilor lui Marius L\u0103c\u0103tu\u0219, legat de transferul lui Denis Alibec la FCSB: L\u0103c\u0103tu\u0219 a subliniat c\u0103 Alibec, fiind \u00eentr-o etap\u0103 avansat\u0103 a carierei, a luat \u00een considerare oportunitatea financiar\u0103 oferit\u0103 de FCSB \u0219i c\u0103 nu este nimic condamnabil: &nbsp; &gt; [&hellip;]<\/p>\n","protected":false},"author":15,"featured_media":54981,"comment_status":"open","ping_status":"open","sticky":false,"template":"","format":"standard","meta":{"_jetpack_memberships_contains_paid_content":false,"footnotes":""},"categories":[1],"tags":[264],"class_list":["post-54980","post","type-post","status-publish","format-standard","has-post-thumbnail","hentry","category-uncategorized","tag-fcsb"],"yoast_head":"<!-- This site is optimized with the Yoast SEO plugin v27.4 - https:\/\/yoast.com\/product\/yoast-seo-wordpress\/ -->\n<title>Marius L\u0103c\u0103tu\u0219 e convins dup\u0103 transferul lui Denis Alibec la FCSB ...<\/title>\n<meta name=\"description\" content=\"Marius L\u0103c\u0103tu\u0219 e convins dup\u0103 transferul lui Denis Alibec la FCSB ...\" \/>\n<meta name=\"robots\" content=\"index, follow, max-snippet:-1, max-image-preview:large, max-video-preview:-1\" \/>\n<link rel=\"canonical\" href=\"https:\/\/www.letsportsrock.com\/?p=54980\" \/>\n<meta property=\"og:locale\" content=\"en_US\" \/>\n<meta property=\"og:type\" content=\"article\" \/>\n<meta property=\"og:title\" content=\"Marius L\u0103c\u0103tu\u0219 e convins dup\u0103 transferul lui Denis Alibec la FCSB ...\" \/>\n<meta property=\"og:description\" content=\"Marius L\u0103c\u0103tu\u0219 e convins dup\u0103 transferul lui Denis Alibec la FCSB ...\" \/>\n<meta property=\"og:url\" content=\"https:\/\/www.letsportsrock.com\/?p=54980\" \/>\n<meta property=\"og:site_name\" content=\"letsportsrock\" \/>\n<meta property=\"article:published_time\" content=\"2025-07-16T20:38:47+00:00\" \/>\n<meta property=\"og:image\" content=\"https:\/\/www.letsportsrock.com\/wp-content\/uploads\/2025\/07\/images-2025-07-16T213520.822.jpeg\" \/>\n\t<meta property=\"og:image:width\" content=\"480\" \/>\n\t<meta property=\"og:image:height\" content=\"299\" \/>\n\t<meta property=\"og:image:type\" content=\"image\/jpeg\" \/>\n<meta name=\"author\" content=\"Amos Nabizo\" \/>\n<meta name=\"twitter:card\" content=\"summary_large_image\" \/>\n<meta name=\"twitter:label1\" content=\"Written by\" \/>\n\t<meta name=\"twitter:data1\" content=\"Amos Nabizo\" \/>\n\t<meta name=\"twitter:label2\" content=\"Est. reading time\" \/>\n\t<meta name=\"twitter:data2\" content=\"2 minutes\" \/>\n<script type=\"application\/ld+json\" class=\"yoast-schema-graph\">{\"@context\":\"https:\\\/\\\/schema.org\",\"@graph\":[{\"@type\":\"Article\",\"@id\":\"https:\\\/\\\/www.letsportsrock.com\\\/?p=54980#article\",\"isPartOf\":{\"@id\":\"https:\\\/\\\/www.letsportsrock.com\\\/?p=54980\"},\"author\":{\"name\":\"Amos Nabizo\",\"@id\":\"https:\\\/\\\/www.letsportsrock.com\\\/#\\\/schema\\\/person\\\/044479f72bdbd75f9523e745d3be6c30\"},\"headline\":\"Marius L\u0103c\u0103tu\u0219 e convins dup\u0103 transferul lui Denis Alibec la FCSB &#8230;\",\"datePublished\":\"2025-07-16T20:38:47+00:00\",\"mainEntityOfPage\":{\"@id\":\"https:\\\/\\\/www.letsportsrock.com\\\/?p=54980\"},\"wordCount\":374,\"commentCount\":0,\"image\":{\"@id\":\"https:\\\/\\\/www.letsportsrock.com\\\/?p=54980#primaryimage\"},\"thumbnailUrl\":\"https:\\\/\\\/www.letsportsrock.com\\\/wp-content\\\/uploads\\\/2025\\\/07\\\/images-2025-07-16T213520.822.jpeg\",\"keywords\":[\"FCSB\"],\"inLanguage\":\"en-US\",\"potentialAction\":[{\"@type\":\"CommentAction\",\"name\":\"Comment\",\"target\":[\"https:\\\/\\\/www.letsportsrock.com\\\/?p=54980#respond\"]}]},{\"@type\":\"WebPage\",\"@id\":\"https:\\\/\\\/www.letsportsrock.com\\\/?p=54980\",\"url\":\"https:\\\/\\\/www.letsportsrock.com\\\/?p=54980\",\"name\":\"Marius L\u0103c\u0103tu\u0219 e convins dup\u0103 transferul lui Denis Alibec la FCSB ...\",\"isPartOf\":{\"@id\":\"https:\\\/\\\/www.letsportsrock.com\\\/#website\"},\"primaryImageOfPage\":{\"@id\":\"https:\\\/\\\/www.letsportsrock.com\\\/?p=54980#primaryimage\"},\"image\":{\"@id\":\"https:\\\/\\\/www.letsportsrock.com\\\/?p=54980#primaryimage\"},\"thumbnailUrl\":\"https:\\\/\\\/www.letsportsrock.com\\\/wp-content\\\/uploads\\\/2025\\\/07\\\/images-2025-07-16T213520.822.jpeg\",\"datePublished\":\"2025-07-16T20:38:47+00:00\",\"author\":{\"@id\":\"https:\\\/\\\/www.letsportsrock.com\\\/#\\\/schema\\\/person\\\/044479f72bdbd75f9523e745d3be6c30\"},\"description\":\"Marius L\u0103c\u0103tu\u0219 e convins dup\u0103 transferul lui Denis Alibec la FCSB ...\",\"breadcrumb\":{\"@id\":\"https:\\\/\\\/www.letsportsrock.com\\\/?p=54980#breadcrumb\"},\"inLanguage\":\"en-US\",\"potentialAction\":[{\"@type\":\"ReadAction\",\"target\":[\"https:\\\/\\\/www.letsportsrock.com\\\/?p=54980\"]}]},{\"@type\":\"ImageObject\",\"inLanguage\":\"en-US\",\"@id\":\"https:\\\/\\\/www.letsportsrock.com\\\/?p=54980#primaryimage\",\"url\":\"https:\\\/\\\/www.letsportsrock.com\\\/wp-content\\\/uploads\\\/2025\\\/07\\\/images-2025-07-16T213520.822.jpeg\",\"contentUrl\":\"https:\\\/\\\/www.letsportsrock.com\\\/wp-content\\\/uploads\\\/2025\\\/07\\\/images-2025-07-16T213520.822.jpeg\",\"width\":480,\"height\":299},{\"@type\":\"BreadcrumbList\",\"@id\":\"https:\\\/\\\/www.letsportsrock.com\\\/?p=54980#breadcrumb\",\"itemListElement\":[{\"@type\":\"ListItem\",\"position\":1,\"name\":\"Home\",\"item\":\"https:\\\/\\\/www.letsportsrock.com\\\/\"},{\"@type\":\"ListItem\",\"position\":2,\"name\":\"Marius L\u0103c\u0103tu\u0219 e convins dup\u0103 transferul lui Denis Alibec la FCSB &#8230;\"}]},{\"@type\":\"WebSite\",\"@id\":\"https:\\\/\\\/www.letsportsrock.com\\\/#website\",\"url\":\"https:\\\/\\\/www.letsportsrock.com\\\/\",\"name\":\"letsportsrock\",\"description\":\"Sport News and Updates\",\"potentialAction\":[{\"@type\":\"SearchAction\",\"target\":{\"@type\":\"EntryPoint\",\"urlTemplate\":\"https:\\\/\\\/www.letsportsrock.com\\\/?s={search_term_string}\"},\"query-input\":{\"@type\":\"PropertyValueSpecification\",\"valueRequired\":true,\"valueName\":\"search_term_string\"}}],\"inLanguage\":\"en-US\"},{\"@type\":\"Person\",\"@id\":\"https:\\\/\\\/www.letsportsrock.com\\\/#\\\/schema\\\/person\\\/044479f72bdbd75f9523e745d3be6c30\",\"name\":\"Amos Nabizo\",\"image\":{\"@type\":\"ImageObject\",\"inLanguage\":\"en-US\",\"@id\":\"https:\\\/\\\/secure.gravatar.com\\\/avatar\\\/d569857c07d3899c6ca842ffea32daa1672c05549833530fe37e68ae7b521ba4?s=96&d=mm&r=g\",\"url\":\"https:\\\/\\\/secure.gravatar.com\\\/avatar\\\/d569857c07d3899c6ca842ffea32daa1672c05549833530fe37e68ae7b521ba4?s=96&d=mm&r=g\",\"contentUrl\":\"https:\\\/\\\/secure.gravatar.com\\\/avatar\\\/d569857c07d3899c6ca842ffea32daa1672c05549833530fe37e68ae7b521ba4?s=96&d=mm&r=g\",\"caption\":\"Amos Nabizo\"},\"sameAs\":[\"https:\\\/\\\/www.letsportsrock.com\\\/wp-admin\\\/\"],\"url\":\"https:\\\/\\\/www.letsportsrock.com\\\/?author=15\"}]}<\/script>\n<!-- \/ Yoast SEO plugin. -->","yoast_head_json":{"title":"Marius L\u0103c\u0103tu\u0219 e convins dup\u0103 transferul lui Denis Alibec la FCSB ...","description":"Marius L\u0103c\u0103tu\u0219 e convins dup\u0103 transferul lui Denis Alibec la FCSB ...","robots":{"index":"index","follow":"follow","max-snippet":"max-snippet:-1","max-image-preview":"max-image-preview:large","max-video-preview":"max-video-preview:-1"},"canonical":"https:\/\/www.letsportsrock.com\/?p=54980","og_locale":"en_US","og_type":"article","og_title":"Marius L\u0103c\u0103tu\u0219 e convins dup\u0103 transferul lui Denis Alibec la FCSB ...","og_description":"Marius L\u0103c\u0103tu\u0219 e convins dup\u0103 transferul lui Denis Alibec la FCSB ...","og_url":"https:\/\/www.letsportsrock.com\/?p=54980","og_site_name":"letsportsrock","article_published_time":"2025-07-16T20:38:47+00:00","og_image":[{"width":480,"height":299,"url":"https:\/\/www.letsportsrock.com\/wp-content\/uploads\/2025\/07\/images-2025-07-16T213520.822.jpeg","type":"image\/jpeg"}],"author":"Amos Nabizo","twitter_card":"summary_large_image","twitter_misc":{"Written by":"Amos Nabizo","Est. reading time":"2 minutes"},"schema":{"@context":"https:\/\/schema.org","@graph":[{"@type":"Article","@id":"https:\/\/www.letsportsrock.com\/?p=54980#article","isPartOf":{"@id":"https:\/\/www.letsportsrock.com\/?p=54980"},"author":{"name":"Amos Nabizo","@id":"https:\/\/www.letsportsrock.com\/#\/schema\/person\/044479f72bdbd75f9523e745d3be6c30"},"headline":"Marius L\u0103c\u0103tu\u0219 e convins dup\u0103 transferul lui Denis Alibec la FCSB &#8230;","datePublished":"2025-07-16T20:38:47+00:00","mainEntityOfPage":{"@id":"https:\/\/www.letsportsrock.com\/?p=54980"},"wordCount":374,"commentCount":0,"image":{"@id":"https:\/\/www.letsportsrock.com\/?p=54980#primaryimage"},"thumbnailUrl":"https:\/\/www.letsportsrock.com\/wp-content\/uploads\/2025\/07\/images-2025-07-16T213520.822.jpeg","keywords":["FCSB"],"inLanguage":"en-US","potentialAction":[{"@type":"CommentAction","name":"Comment","target":["https:\/\/www.letsportsrock.com\/?p=54980#respond"]}]},{"@type":"WebPage","@id":"https:\/\/www.letsportsrock.com\/?p=54980","url":"https:\/\/www.letsportsrock.com\/?p=54980","name":"Marius L\u0103c\u0103tu\u0219 e convins dup\u0103 transferul lui Denis Alibec la FCSB ...","isPartOf":{"@id":"https:\/\/www.letsportsrock.com\/#website"},"primaryImageOfPage":{"@id":"https:\/\/www.letsportsrock.com\/?p=54980#primaryimage"},"image":{"@id":"https:\/\/www.letsportsrock.com\/?p=54980#primaryimage"},"thumbnailUrl":"https:\/\/www.letsportsrock.com\/wp-content\/uploads\/2025\/07\/images-2025-07-16T213520.822.jpeg","datePublished":"2025-07-16T20:38:47+00:00","author":{"@id":"https:\/\/www.letsportsrock.com\/#\/schema\/person\/044479f72bdbd75f9523e745d3be6c30"},"description":"Marius L\u0103c\u0103tu\u0219 e convins dup\u0103 transferul lui Denis Alibec la FCSB ...","breadcrumb":{"@id":"https:\/\/www.letsportsrock.com\/?p=54980#breadcrumb"},"inLanguage":"en-US","potentialAction":[{"@type":"ReadAction","target":["https:\/\/www.letsportsrock.com\/?p=54980"]}]},{"@type":"ImageObject","inLanguage":"en-US","@id":"https:\/\/www.letsportsrock.com\/?p=54980#primaryimage","url":"https:\/\/www.letsportsrock.com\/wp-content\/uploads\/2025\/07\/images-2025-07-16T213520.822.jpeg","contentUrl":"https:\/\/www.letsportsrock.com\/wp-content\/uploads\/2025\/07\/images-2025-07-16T213520.822.jpeg","width":480,"height":299},{"@type":"BreadcrumbList","@id":"https:\/\/www.letsportsrock.com\/?p=54980#breadcrumb","itemListElement":[{"@type":"ListItem","position":1,"name":"Home","item":"https:\/\/www.letsportsrock.com\/"},{"@type":"ListItem","position":2,"name":"Marius L\u0103c\u0103tu\u0219 e convins dup\u0103 transferul lui Denis Alibec la FCSB &#8230;"}]},{"@type":"WebSite","@id":"https:\/\/www.letsportsrock.com\/#website","url":"https:\/\/www.letsportsrock.com\/","name":"letsportsrock","description":"Sport News and Updates","potentialAction":[{"@type":"SearchAction","target":{"@type":"EntryPoint","urlTemplate":"https:\/\/www.letsportsrock.com\/?s={search_term_string}"},"query-input":{"@type":"PropertyValueSpecification","valueRequired":true,"valueName":"search_term_string"}}],"inLanguage":"en-US"},{"@type":"Person","@id":"https:\/\/www.letsportsrock.com\/#\/schema\/person\/044479f72bdbd75f9523e745d3be6c30","name":"Amos Nabizo","image":{"@type":"ImageObject","inLanguage":"en-US","@id":"https:\/\/secure.gravatar.com\/avatar\/d569857c07d3899c6ca842ffea32daa1672c05549833530fe37e68ae7b521ba4?s=96&d=mm&r=g","url":"https:\/\/secure.gravatar.com\/avatar\/d569857c07d3899c6ca842ffea32daa1672c05549833530fe37e68ae7b521ba4?s=96&d=mm&r=g","contentUrl":"https:\/\/secure.gravatar.com\/avatar\/d569857c07d3899c6ca842ffea32daa1672c05549833530fe37e68ae7b521ba4?s=96&d=mm&r=g","caption":"Amos Nabizo"},"sameAs":["https:\/\/www.letsportsrock.com\/wp-admin\/"],"url":"https:\/\/www.letsportsrock.com\/?author=15"}]}},"jetpack_featured_media_url":"https:\/\/www.letsportsrock.com\/wp-content\/uploads\/2025\/07\/images-2025-07-16T213520.822.jpeg","jetpack_sharing_enabled":true,"_links":{"self":[{"href":"https:\/\/www.letsportsrock.com\/index.php?rest_route=\/wp\/v2\/posts\/54980","targetHints":{"allow":["GET"]}}],"collection":[{"href":"https:\/\/www.letsportsrock.com\/index.php?rest_route=\/wp\/v2\/posts"}],"about":[{"href":"https:\/\/www.letsportsrock.com\/index.php?rest_route=\/wp\/v2\/types\/post"}],"author":[{"embeddable":true,"href":"https:\/\/www.letsportsrock.com\/index.php?rest_route=\/wp\/v2\/users\/15"}],"replies":[{"embeddable":true,"href":"https:\/\/www.letsportsrock.com\/index.php?rest_route=%2Fwp%2Fv2%2Fcomments&post=54980"}],"version-history":[{"count":1,"href":"https:\/\/www.letsportsrock.com\/index.php?rest_route=\/wp\/v2\/posts\/54980\/revisions"}],"predecessor-version":[{"id":54983,"href":"https:\/\/www.letsportsrock.com\/index.php?rest_route=\/wp\/v2\/posts\/54980\/revisions\/54983"}],"wp:featuredmedia":[{"embeddable":true,"href":"https:\/\/www.letsportsrock.com\/index.php?rest_route=\/wp\/v2\/media\/54981"}],"wp:attachment":[{"href":"https:\/\/www.letsportsrock.com\/index.php?rest_route=%2Fwp%2Fv2%2Fmedia&parent=54980"}],"wp:term":[{"taxonomy":"category","embeddable":true,"href":"https:\/\/www.letsportsrock.com\/index.php?rest_route=%2Fwp%2Fv2%2Fcategories&post=54980"},{"taxonomy":"post_tag","embeddable":true,"href":"https:\/\/www.letsportsrock.com\/index.php?rest_route=%2Fwp%2Fv2%2Ftags&post=54980"}],"curies":[{"name":"wp","href":"https:\/\/api.w.org\/{rel}","templated":true}]}}