{"id":55483,"date":"2025-07-20T09:08:35","date_gmt":"2025-07-20T09:08:35","guid":{"rendered":"https:\/\/www.letsportsrock.com\/?p=55483"},"modified":"2025-07-20T09:08:35","modified_gmt":"2025-07-20T09:08:35","slug":"fcsb-a-castigat-pentru-prima-data-in-superliga-gigi-becali-i-a-dat-vestea-fulger-lui-politic-si-a-dat-verdictul-despre-victoria-cu-petrolul","status":"publish","type":"post","link":"https:\/\/www.letsportsrock.com\/?p=55483","title":{"rendered":"FCSB a c\u00e2\u0219tigat pentru prima dat\u0103 \u00een Superliga! Gigi Becali i-a dat vestea-fulger lui Politic \u0219i a dat verdictul despre victoria cu Petrolul&#8230;."},"content":{"rendered":"<div class=\"d79db4796efc26332eabfc3f5dafbc76\" data-index=\"1\" style=\"float: none; margin:10px 0 10px 0; text-align:center;\">\n<div class=\"hb-ad-inarticle\">\r\n    <div class=\"hb-ad-inner\"> \r\n    <div class=\"hbagency_cls\"  id=\"hbagency_space_111930\"><\/div><\/div> <\/div>\n<\/div>\n<p>FCSB a c\u00e2\u0219tigat pentru prima dat\u0103 \u00een Superliga! Gigi Becali i-a dat vestea-fulger lui Politic \u0219i a dat verdictul despre victoria cu Petrolul&#8230;.<\/p>\n<p>&nbsp;<\/p>\n<p>FCSB a c\u00e2\u0219tigat pentru prima dat\u0103 \u00een Superliga! Dup\u0103 o perioad\u0103 tensionat\u0103, echipa lui Gigi Becali a reu\u0219it s\u0103 ob\u021bin\u0103 prima victorie \u00een noul sezon, impun\u00e2ndu-se cu 1-0 \u00een fa\u021ba Petrolului Ploie\u0219ti. Golul a venit dup\u0103 o gre\u0219eal\u0103 a defensivei adverse, \u00eens\u0103 rezultatul a fost suficient pentru a aduce cele trei puncte la Bucure\u0219ti.<\/p>\n<p><img loading=\"lazy\" decoding=\"async\" class=\"alignnone size-full wp-image-55485\" src=\"https:\/\/www.letsportsrock.com\/wp-content\/uploads\/2025\/07\/images-20-3.jpeg\" alt=\"\" width=\"300\" height=\"300\" srcset=\"https:\/\/www.letsportsrock.com\/wp-content\/uploads\/2025\/07\/images-20-3.jpeg 300w, https:\/\/www.letsportsrock.com\/wp-content\/uploads\/2025\/07\/images-20-3-150x150.jpeg 150w\" sizes=\"auto, (max-width: 300px) 100vw, 300px\" \/><\/p>\n<p>Imediat dup\u0103 meci, Gigi Becali a reac\u021bionat cu entuziasm \u0219i i-a transmis un mesaj-fulger lui Joe Politic, juc\u0103torul transferat recent. Patronul FCSB a spus:<\/p>\n<p>&nbsp;<\/p>\n<p>&gt; \u201eI-am dat vestea, i-am zis: \u2018Asta e echipa la care ai venit! S\u0103 \u0219tii c\u0103 ne batem la titlu!\u2019\u201d<\/p>\n<p>&nbsp;<\/p>\n<p>Despre victoria cu Petrolul, Becali a declarat:<\/p>\n<p>&nbsp;<\/p>\n<p>&gt; \u201eNu conteaz\u0103 cum am c\u00e2\u0219tigat. A fost 1-0, dar victoria e tot trei puncte. \u0102sta e stilul nostru, pragmatic.\u201d<\/p>\n<p>&nbsp;<\/p>\n<p>Cu acest rezultat, FCSB face un pas important dup\u0103 un start modest \u0219i trimite un semnal c\u0103 vrea din nou titlul \u00een Superliga.<\/p>\n\n<div style=\"font-size: 0px; height: 0px; line-height: 0px; margin: 0; padding: 0; clear: both;\"><\/div>","protected":false},"excerpt":{"rendered":"<p>FCSB a c\u00e2\u0219tigat pentru prima dat\u0103 \u00een Superliga! Gigi Becali i-a dat vestea-fulger lui Politic \u0219i a dat verdictul despre victoria cu Petrolul&#8230;. &nbsp; FCSB a c\u00e2\u0219tigat pentru prima dat\u0103 \u00een Superliga! Dup\u0103 o perioad\u0103 tensionat\u0103, echipa lui Gigi Becali a reu\u0219it s\u0103 ob\u021bin\u0103 prima victorie \u00een noul sezon, impun\u00e2ndu-se cu 1-0 \u00een fa\u021ba Petrolului [&hellip;]<\/p>\n","protected":false},"author":15,"featured_media":55484,"comment_status":"open","ping_status":"open","sticky":false,"template":"","format":"standard","meta":{"_jetpack_memberships_contains_paid_content":false,"footnotes":""},"categories":[1],"tags":[264],"class_list":["post-55483","post","type-post","status-publish","format-standard","has-post-thumbnail","hentry","category-uncategorized","tag-fcsb"],"yoast_head":"<!-- This site is optimized with the Yoast SEO plugin v27.4 - https:\/\/yoast.com\/product\/yoast-seo-wordpress\/ -->\n<title>FCSB a c\u00e2\u0219tigat pentru prima dat\u0103 \u00een Superliga! Gigi Becali i-a dat vestea-fulger lui Politic \u0219i a dat verdictul despre victoria cu Petrolul....<\/title>\n<meta name=\"description\" content=\"FCSB a c\u00e2\u0219tigat pentru prima dat\u0103 \u00een Superliga! Gigi Becali i-a dat vestea-fulger lui Politic \u0219i a dat verdictul despre victoria cu Petrolul....\" \/>\n<meta name=\"robots\" content=\"index, follow, max-snippet:-1, max-image-preview:large, max-video-preview:-1\" \/>\n<link rel=\"canonical\" href=\"https:\/\/www.letsportsrock.com\/?p=55483\" \/>\n<meta property=\"og:locale\" content=\"en_US\" \/>\n<meta property=\"og:type\" content=\"article\" \/>\n<meta property=\"og:title\" content=\"FCSB a c\u00e2\u0219tigat pentru prima dat\u0103 \u00een Superliga! Gigi Becali i-a dat vestea-fulger lui Politic \u0219i a dat verdictul despre victoria cu Petrolul....\" \/>\n<meta property=\"og:description\" content=\"FCSB a c\u00e2\u0219tigat pentru prima dat\u0103 \u00een Superliga! Gigi Becali i-a dat vestea-fulger lui Politic \u0219i a dat verdictul despre victoria cu Petrolul....\" \/>\n<meta property=\"og:url\" content=\"https:\/\/www.letsportsrock.com\/?p=55483\" \/>\n<meta property=\"og:site_name\" content=\"letsportsrock\" \/>\n<meta property=\"article:published_time\" content=\"2025-07-20T09:08:35+00:00\" \/>\n<meta property=\"og:image\" content=\"https:\/\/www.letsportsrock.com\/wp-content\/uploads\/2025\/07\/images-19-3.jpeg\" \/>\n\t<meta property=\"og:image:width\" content=\"739\" \/>\n\t<meta property=\"og:image:height\" content=\"415\" \/>\n\t<meta property=\"og:image:type\" content=\"image\/jpeg\" \/>\n<meta name=\"author\" content=\"Amos Nabizo\" \/>\n<meta name=\"twitter:card\" content=\"summary_large_image\" \/>\n<meta name=\"twitter:label1\" content=\"Written by\" \/>\n\t<meta name=\"twitter:data1\" content=\"Amos Nabizo\" \/>\n\t<meta name=\"twitter:label2\" content=\"Est. reading time\" \/>\n\t<meta name=\"twitter:data2\" content=\"2 minutes\" \/>\n<script type=\"application\/ld+json\" class=\"yoast-schema-graph\">{\"@context\":\"https:\\\/\\\/schema.org\",\"@graph\":[{\"@type\":\"Article\",\"@id\":\"https:\\\/\\\/www.letsportsrock.com\\\/?p=55483#article\",\"isPartOf\":{\"@id\":\"https:\\\/\\\/www.letsportsrock.com\\\/?p=55483\"},\"author\":{\"name\":\"Amos Nabizo\",\"@id\":\"https:\\\/\\\/www.letsportsrock.com\\\/#\\\/schema\\\/person\\\/044479f72bdbd75f9523e745d3be6c30\"},\"headline\":\"FCSB a c\u00e2\u0219tigat pentru prima dat\u0103 \u00een Superliga! Gigi Becali i-a dat vestea-fulger lui Politic \u0219i a dat verdictul despre victoria cu Petrolul&#8230;.\",\"datePublished\":\"2025-07-20T09:08:35+00:00\",\"mainEntityOfPage\":{\"@id\":\"https:\\\/\\\/www.letsportsrock.com\\\/?p=55483\"},\"wordCount\":212,\"commentCount\":0,\"image\":{\"@id\":\"https:\\\/\\\/www.letsportsrock.com\\\/?p=55483#primaryimage\"},\"thumbnailUrl\":\"https:\\\/\\\/www.letsportsrock.com\\\/wp-content\\\/uploads\\\/2025\\\/07\\\/images-19-3.jpeg\",\"keywords\":[\"FCSB\"],\"inLanguage\":\"en-US\",\"potentialAction\":[{\"@type\":\"CommentAction\",\"name\":\"Comment\",\"target\":[\"https:\\\/\\\/www.letsportsrock.com\\\/?p=55483#respond\"]}]},{\"@type\":\"WebPage\",\"@id\":\"https:\\\/\\\/www.letsportsrock.com\\\/?p=55483\",\"url\":\"https:\\\/\\\/www.letsportsrock.com\\\/?p=55483\",\"name\":\"FCSB a c\u00e2\u0219tigat pentru prima dat\u0103 \u00een Superliga! Gigi Becali i-a dat vestea-fulger lui Politic \u0219i a dat verdictul despre victoria cu Petrolul....\",\"isPartOf\":{\"@id\":\"https:\\\/\\\/www.letsportsrock.com\\\/#website\"},\"primaryImageOfPage\":{\"@id\":\"https:\\\/\\\/www.letsportsrock.com\\\/?p=55483#primaryimage\"},\"image\":{\"@id\":\"https:\\\/\\\/www.letsportsrock.com\\\/?p=55483#primaryimage\"},\"thumbnailUrl\":\"https:\\\/\\\/www.letsportsrock.com\\\/wp-content\\\/uploads\\\/2025\\\/07\\\/images-19-3.jpeg\",\"datePublished\":\"2025-07-20T09:08:35+00:00\",\"author\":{\"@id\":\"https:\\\/\\\/www.letsportsrock.com\\\/#\\\/schema\\\/person\\\/044479f72bdbd75f9523e745d3be6c30\"},\"description\":\"FCSB a c\u00e2\u0219tigat pentru prima dat\u0103 \u00een Superliga! Gigi Becali i-a dat vestea-fulger lui Politic \u0219i a dat verdictul despre victoria cu Petrolul....\",\"breadcrumb\":{\"@id\":\"https:\\\/\\\/www.letsportsrock.com\\\/?p=55483#breadcrumb\"},\"inLanguage\":\"en-US\",\"potentialAction\":[{\"@type\":\"ReadAction\",\"target\":[\"https:\\\/\\\/www.letsportsrock.com\\\/?p=55483\"]}]},{\"@type\":\"ImageObject\",\"inLanguage\":\"en-US\",\"@id\":\"https:\\\/\\\/www.letsportsrock.com\\\/?p=55483#primaryimage\",\"url\":\"https:\\\/\\\/www.letsportsrock.com\\\/wp-content\\\/uploads\\\/2025\\\/07\\\/images-19-3.jpeg\",\"contentUrl\":\"https:\\\/\\\/www.letsportsrock.com\\\/wp-content\\\/uploads\\\/2025\\\/07\\\/images-19-3.jpeg\",\"width\":739,\"height\":415},{\"@type\":\"BreadcrumbList\",\"@id\":\"https:\\\/\\\/www.letsportsrock.com\\\/?p=55483#breadcrumb\",\"itemListElement\":[{\"@type\":\"ListItem\",\"position\":1,\"name\":\"Home\",\"item\":\"https:\\\/\\\/www.letsportsrock.com\\\/\"},{\"@type\":\"ListItem\",\"position\":2,\"name\":\"FCSB a c\u00e2\u0219tigat pentru prima dat\u0103 \u00een Superliga! Gigi Becali i-a dat vestea-fulger lui Politic \u0219i a dat verdictul despre victoria cu Petrolul&#8230;.\"}]},{\"@type\":\"WebSite\",\"@id\":\"https:\\\/\\\/www.letsportsrock.com\\\/#website\",\"url\":\"https:\\\/\\\/www.letsportsrock.com\\\/\",\"name\":\"letsportsrock\",\"description\":\"Sport News and Updates\",\"potentialAction\":[{\"@type\":\"SearchAction\",\"target\":{\"@type\":\"EntryPoint\",\"urlTemplate\":\"https:\\\/\\\/www.letsportsrock.com\\\/?s={search_term_string}\"},\"query-input\":{\"@type\":\"PropertyValueSpecification\",\"valueRequired\":true,\"valueName\":\"search_term_string\"}}],\"inLanguage\":\"en-US\"},{\"@type\":\"Person\",\"@id\":\"https:\\\/\\\/www.letsportsrock.com\\\/#\\\/schema\\\/person\\\/044479f72bdbd75f9523e745d3be6c30\",\"name\":\"Amos Nabizo\",\"image\":{\"@type\":\"ImageObject\",\"inLanguage\":\"en-US\",\"@id\":\"https:\\\/\\\/secure.gravatar.com\\\/avatar\\\/d569857c07d3899c6ca842ffea32daa1672c05549833530fe37e68ae7b521ba4?s=96&d=mm&r=g\",\"url\":\"https:\\\/\\\/secure.gravatar.com\\\/avatar\\\/d569857c07d3899c6ca842ffea32daa1672c05549833530fe37e68ae7b521ba4?s=96&d=mm&r=g\",\"contentUrl\":\"https:\\\/\\\/secure.gravatar.com\\\/avatar\\\/d569857c07d3899c6ca842ffea32daa1672c05549833530fe37e68ae7b521ba4?s=96&d=mm&r=g\",\"caption\":\"Amos Nabizo\"},\"sameAs\":[\"https:\\\/\\\/www.letsportsrock.com\\\/wp-admin\\\/\"],\"url\":\"https:\\\/\\\/www.letsportsrock.com\\\/?author=15\"}]}<\/script>\n<!-- \/ Yoast SEO plugin. -->","yoast_head_json":{"title":"FCSB a c\u00e2\u0219tigat pentru prima dat\u0103 \u00een Superliga! Gigi Becali i-a dat vestea-fulger lui Politic \u0219i a dat verdictul despre victoria cu Petrolul....","description":"FCSB a c\u00e2\u0219tigat pentru prima dat\u0103 \u00een Superliga! Gigi Becali i-a dat vestea-fulger lui Politic \u0219i a dat verdictul despre victoria cu Petrolul....","robots":{"index":"index","follow":"follow","max-snippet":"max-snippet:-1","max-image-preview":"max-image-preview:large","max-video-preview":"max-video-preview:-1"},"canonical":"https:\/\/www.letsportsrock.com\/?p=55483","og_locale":"en_US","og_type":"article","og_title":"FCSB a c\u00e2\u0219tigat pentru prima dat\u0103 \u00een Superliga! Gigi Becali i-a dat vestea-fulger lui Politic \u0219i a dat verdictul despre victoria cu Petrolul....","og_description":"FCSB a c\u00e2\u0219tigat pentru prima dat\u0103 \u00een Superliga! Gigi Becali i-a dat vestea-fulger lui Politic \u0219i a dat verdictul despre victoria cu Petrolul....","og_url":"https:\/\/www.letsportsrock.com\/?p=55483","og_site_name":"letsportsrock","article_published_time":"2025-07-20T09:08:35+00:00","og_image":[{"width":739,"height":415,"url":"https:\/\/www.letsportsrock.com\/wp-content\/uploads\/2025\/07\/images-19-3.jpeg","type":"image\/jpeg"}],"author":"Amos Nabizo","twitter_card":"summary_large_image","twitter_misc":{"Written by":"Amos Nabizo","Est. reading time":"2 minutes"},"schema":{"@context":"https:\/\/schema.org","@graph":[{"@type":"Article","@id":"https:\/\/www.letsportsrock.com\/?p=55483#article","isPartOf":{"@id":"https:\/\/www.letsportsrock.com\/?p=55483"},"author":{"name":"Amos Nabizo","@id":"https:\/\/www.letsportsrock.com\/#\/schema\/person\/044479f72bdbd75f9523e745d3be6c30"},"headline":"FCSB a c\u00e2\u0219tigat pentru prima dat\u0103 \u00een Superliga! Gigi Becali i-a dat vestea-fulger lui Politic \u0219i a dat verdictul despre victoria cu Petrolul&#8230;.","datePublished":"2025-07-20T09:08:35+00:00","mainEntityOfPage":{"@id":"https:\/\/www.letsportsrock.com\/?p=55483"},"wordCount":212,"commentCount":0,"image":{"@id":"https:\/\/www.letsportsrock.com\/?p=55483#primaryimage"},"thumbnailUrl":"https:\/\/www.letsportsrock.com\/wp-content\/uploads\/2025\/07\/images-19-3.jpeg","keywords":["FCSB"],"inLanguage":"en-US","potentialAction":[{"@type":"CommentAction","name":"Comment","target":["https:\/\/www.letsportsrock.com\/?p=55483#respond"]}]},{"@type":"WebPage","@id":"https:\/\/www.letsportsrock.com\/?p=55483","url":"https:\/\/www.letsportsrock.com\/?p=55483","name":"FCSB a c\u00e2\u0219tigat pentru prima dat\u0103 \u00een Superliga! Gigi Becali i-a dat vestea-fulger lui Politic \u0219i a dat verdictul despre victoria cu Petrolul....","isPartOf":{"@id":"https:\/\/www.letsportsrock.com\/#website"},"primaryImageOfPage":{"@id":"https:\/\/www.letsportsrock.com\/?p=55483#primaryimage"},"image":{"@id":"https:\/\/www.letsportsrock.com\/?p=55483#primaryimage"},"thumbnailUrl":"https:\/\/www.letsportsrock.com\/wp-content\/uploads\/2025\/07\/images-19-3.jpeg","datePublished":"2025-07-20T09:08:35+00:00","author":{"@id":"https:\/\/www.letsportsrock.com\/#\/schema\/person\/044479f72bdbd75f9523e745d3be6c30"},"description":"FCSB a c\u00e2\u0219tigat pentru prima dat\u0103 \u00een Superliga! Gigi Becali i-a dat vestea-fulger lui Politic \u0219i a dat verdictul despre victoria cu Petrolul....","breadcrumb":{"@id":"https:\/\/www.letsportsrock.com\/?p=55483#breadcrumb"},"inLanguage":"en-US","potentialAction":[{"@type":"ReadAction","target":["https:\/\/www.letsportsrock.com\/?p=55483"]}]},{"@type":"ImageObject","inLanguage":"en-US","@id":"https:\/\/www.letsportsrock.com\/?p=55483#primaryimage","url":"https:\/\/www.letsportsrock.com\/wp-content\/uploads\/2025\/07\/images-19-3.jpeg","contentUrl":"https:\/\/www.letsportsrock.com\/wp-content\/uploads\/2025\/07\/images-19-3.jpeg","width":739,"height":415},{"@type":"BreadcrumbList","@id":"https:\/\/www.letsportsrock.com\/?p=55483#breadcrumb","itemListElement":[{"@type":"ListItem","position":1,"name":"Home","item":"https:\/\/www.letsportsrock.com\/"},{"@type":"ListItem","position":2,"name":"FCSB a c\u00e2\u0219tigat pentru prima dat\u0103 \u00een Superliga! Gigi Becali i-a dat vestea-fulger lui Politic \u0219i a dat verdictul despre victoria cu Petrolul&#8230;."}]},{"@type":"WebSite","@id":"https:\/\/www.letsportsrock.com\/#website","url":"https:\/\/www.letsportsrock.com\/","name":"letsportsrock","description":"Sport News and Updates","potentialAction":[{"@type":"SearchAction","target":{"@type":"EntryPoint","urlTemplate":"https:\/\/www.letsportsrock.com\/?s={search_term_string}"},"query-input":{"@type":"PropertyValueSpecification","valueRequired":true,"valueName":"search_term_string"}}],"inLanguage":"en-US"},{"@type":"Person","@id":"https:\/\/www.letsportsrock.com\/#\/schema\/person\/044479f72bdbd75f9523e745d3be6c30","name":"Amos Nabizo","image":{"@type":"ImageObject","inLanguage":"en-US","@id":"https:\/\/secure.gravatar.com\/avatar\/d569857c07d3899c6ca842ffea32daa1672c05549833530fe37e68ae7b521ba4?s=96&d=mm&r=g","url":"https:\/\/secure.gravatar.com\/avatar\/d569857c07d3899c6ca842ffea32daa1672c05549833530fe37e68ae7b521ba4?s=96&d=mm&r=g","contentUrl":"https:\/\/secure.gravatar.com\/avatar\/d569857c07d3899c6ca842ffea32daa1672c05549833530fe37e68ae7b521ba4?s=96&d=mm&r=g","caption":"Amos Nabizo"},"sameAs":["https:\/\/www.letsportsrock.com\/wp-admin\/"],"url":"https:\/\/www.letsportsrock.com\/?author=15"}]}},"jetpack_featured_media_url":"https:\/\/www.letsportsrock.com\/wp-content\/uploads\/2025\/07\/images-19-3.jpeg","jetpack_sharing_enabled":true,"_links":{"self":[{"href":"https:\/\/www.letsportsrock.com\/index.php?rest_route=\/wp\/v2\/posts\/55483","targetHints":{"allow":["GET"]}}],"collection":[{"href":"https:\/\/www.letsportsrock.com\/index.php?rest_route=\/wp\/v2\/posts"}],"about":[{"href":"https:\/\/www.letsportsrock.com\/index.php?rest_route=\/wp\/v2\/types\/post"}],"author":[{"embeddable":true,"href":"https:\/\/www.letsportsrock.com\/index.php?rest_route=\/wp\/v2\/users\/15"}],"replies":[{"embeddable":true,"href":"https:\/\/www.letsportsrock.com\/index.php?rest_route=%2Fwp%2Fv2%2Fcomments&post=55483"}],"version-history":[{"count":2,"href":"https:\/\/www.letsportsrock.com\/index.php?rest_route=\/wp\/v2\/posts\/55483\/revisions"}],"predecessor-version":[{"id":55487,"href":"https:\/\/www.letsportsrock.com\/index.php?rest_route=\/wp\/v2\/posts\/55483\/revisions\/55487"}],"wp:featuredmedia":[{"embeddable":true,"href":"https:\/\/www.letsportsrock.com\/index.php?rest_route=\/wp\/v2\/media\/55484"}],"wp:attachment":[{"href":"https:\/\/www.letsportsrock.com\/index.php?rest_route=%2Fwp%2Fv2%2Fmedia&parent=55483"}],"wp:term":[{"taxonomy":"category","embeddable":true,"href":"https:\/\/www.letsportsrock.com\/index.php?rest_route=%2Fwp%2Fv2%2Fcategories&post=55483"},{"taxonomy":"post_tag","embeddable":true,"href":"https:\/\/www.letsportsrock.com\/index.php?rest_route=%2Fwp%2Fv2%2Ftags&post=55483"}],"curies":[{"name":"wp","href":"https:\/\/api.w.org\/{rel}","templated":true}]}}