{"id":55522,"date":"2025-07-20T11:09:55","date_gmt":"2025-07-20T11:09:55","guid":{"rendered":"https:\/\/www.letsportsrock.com\/?p=55522"},"modified":"2025-07-20T11:09:55","modified_gmt":"2025-07-20T11:09:55","slug":"clubul-care-a-recunoscut-negocierile-cu-gigi-becali-pentru-un-jucator-de-la-fcsb-am-discutat-cu-patronul-echipei","status":"publish","type":"post","link":"https:\/\/www.letsportsrock.com\/?p=55522","title":{"rendered":"Clubul care a recunoscut negocierile cu Gigi Becali pentru un juc\u0103tor de la FCSB: \u201cAm discutat cu patronul echipei\u201d&#8230;."},"content":{"rendered":"<div class=\"d79db4796efc26332eabfc3f5dafbc76\" data-index=\"1\" style=\"float: none; margin:10px 0 10px 0; text-align:center;\">\n<div class=\"hb-ad-inarticle\">\r\n    <div class=\"hb-ad-inner\"> \r\n    <div class=\"hbagency_cls\"  id=\"hbagency_space_111930\"><\/div><\/div> <\/div>\n<\/div>\n<p>Clubul care a recunoscut negocierile cu Gigi Becali pentru un juc\u0103tor de la FCSB: \u201cAm discutat cu patronul echipei\u201d&#8230;.<\/p>\n<p>&nbsp;<\/p>\n<p>Clubul care a recunoscut oficial c\u0103 a purtat negocieri cu Gigi Becali pentru doi juc\u0103tori de la FCSB este FC Boto\u0219ani. Patronul moldovenilor, Valeriu Iftime, a confirmat public discu\u021biile cu Becali \u00een privin\u021ba mijloca\u0219ului William Baeten \u0219i atacantului Luis Phelipe .<\/p>\n<p><img loading=\"lazy\" decoding=\"async\" class=\"alignnone size-medium wp-image-55524\" src=\"https:\/\/www.letsportsrock.com\/wp-content\/uploads\/2025\/07\/images-28-3-300x168.jpeg\" alt=\"\" width=\"300\" height=\"168\" srcset=\"https:\/\/www.letsportsrock.com\/wp-content\/uploads\/2025\/07\/images-28-3-300x168.jpeg 300w, https:\/\/www.letsportsrock.com\/wp-content\/uploads\/2025\/07\/images-28-3.jpeg 739w\" sizes=\"auto, (max-width: 300px) 100vw, 300px\" \/><\/p>\n<p>&gt; \u201eAm vorbit cu domnul Gigi Becali \u0219i mi\u2011a propus doi juc\u0103tori care au plecat, Baeten \u0219i Luis Phelipe\u2026 Din p\u0103cate nu pot s\u0103 \u00eei iau pentru c\u0103 e diferen\u021b\u0103 de salarii\u2026 sunt lucruri complicate.\u201d<\/p>\n<p>&nbsp;<\/p>\n<p>Ulterior, s-a aflat c\u0103 Becali era dispus s\u0103 ofere un transfer la pre\u021b redus \u2014 \u00een cazul lui Baeten, propunerea a fost de aproximativ 100.000\u202f\u20ac (fa\u021b\u0103 de 300.000\u202f\u20ac c\u00e2t l-a costat FCSB) \u2014 de dragul Boto\u0219aniului s\u0103 poat\u0103 suporta salariul mare al juc\u0103torului .<\/p>\n<p>&nbsp;<\/p>\n<p>Astfel, FC\u202fBoto\u0219ani este singurul club care a confirmat \u00een mod direct discu\u021biile privind transferul a doi fotbali\u0219ti de la FCSB, \u0219i nu doar pe unul. Interesul \u0219i pre\u021bul redus oferit de Becali au fost subliniate de Iftime ca motive care au complicat mutarea.<\/p>\n<p>&nbsp;<\/p>\n<p>\u00cen concluzie: FC Boto\u0219ani \u2014 prin vocea patronului Valeriu Iftime \u2014 a recunoscut c\u0103 a purtat negocieri cu Gigi Becali pentru doi juc\u0103tori din lotul FCSB, dar mut\u0103rile nu s-au concretizat din cauza diferen\u021belor salariale \u0219i a costurilor suplimentare percepute.<\/p>\n\n<div style=\"font-size: 0px; height: 0px; line-height: 0px; margin: 0; padding: 0; clear: both;\"><\/div>","protected":false},"excerpt":{"rendered":"<p>Clubul care a recunoscut negocierile cu Gigi Becali pentru un juc\u0103tor de la FCSB: \u201cAm discutat cu patronul echipei\u201d&#8230;. &nbsp; Clubul care a recunoscut oficial c\u0103 a purtat negocieri cu Gigi Becali pentru doi juc\u0103tori de la FCSB este FC Boto\u0219ani. Patronul moldovenilor, Valeriu Iftime, a confirmat public discu\u021biile cu Becali \u00een privin\u021ba mijloca\u0219ului William [&hellip;]<\/p>\n","protected":false},"author":15,"featured_media":55523,"comment_status":"open","ping_status":"open","sticky":false,"template":"","format":"standard","meta":{"_jetpack_memberships_contains_paid_content":false,"footnotes":""},"categories":[1],"tags":[264],"class_list":["post-55522","post","type-post","status-publish","format-standard","has-post-thumbnail","hentry","category-uncategorized","tag-fcsb"],"yoast_head":"<!-- This site is optimized with the Yoast SEO plugin v27.4 - https:\/\/yoast.com\/product\/yoast-seo-wordpress\/ -->\n<title>Clubul care a recunoscut negocierile cu Gigi Becali pentru un juc\u0103tor de la FCSB: \u201cAm discutat cu patronul echipei\u201d....<\/title>\n<meta name=\"description\" content=\"Clubul care a recunoscut negocierile cu Gigi Becali pentru un juc\u0103tor de la FCSB: \u201cAm discutat cu patronul echipei\u201d....\" \/>\n<meta name=\"robots\" content=\"index, follow, max-snippet:-1, max-image-preview:large, max-video-preview:-1\" \/>\n<link rel=\"canonical\" href=\"https:\/\/www.letsportsrock.com\/?p=55522\" \/>\n<meta property=\"og:locale\" content=\"en_US\" \/>\n<meta property=\"og:type\" content=\"article\" \/>\n<meta property=\"og:title\" content=\"Clubul care a recunoscut negocierile cu Gigi Becali pentru un juc\u0103tor de la FCSB: \u201cAm discutat cu patronul echipei\u201d....\" \/>\n<meta property=\"og:description\" content=\"Clubul care a recunoscut negocierile cu Gigi Becali pentru un juc\u0103tor de la FCSB: \u201cAm discutat cu patronul echipei\u201d....\" \/>\n<meta property=\"og:url\" content=\"https:\/\/www.letsportsrock.com\/?p=55522\" \/>\n<meta property=\"og:site_name\" content=\"letsportsrock\" \/>\n<meta property=\"article:published_time\" content=\"2025-07-20T11:09:55+00:00\" \/>\n<meta property=\"og:image\" content=\"https:\/\/www.letsportsrock.com\/wp-content\/uploads\/2025\/07\/images-27-3.jpeg\" \/>\n\t<meta property=\"og:image:width\" content=\"718\" \/>\n\t<meta property=\"og:image:height\" content=\"427\" \/>\n\t<meta property=\"og:image:type\" content=\"image\/jpeg\" \/>\n<meta name=\"author\" content=\"Amos Nabizo\" \/>\n<meta name=\"twitter:card\" content=\"summary_large_image\" \/>\n<meta name=\"twitter:label1\" content=\"Written by\" \/>\n\t<meta name=\"twitter:data1\" content=\"Amos Nabizo\" \/>\n\t<meta name=\"twitter:label2\" content=\"Est. reading time\" \/>\n\t<meta name=\"twitter:data2\" content=\"2 minutes\" \/>\n<script type=\"application\/ld+json\" class=\"yoast-schema-graph\">{\"@context\":\"https:\\\/\\\/schema.org\",\"@graph\":[{\"@type\":\"Article\",\"@id\":\"https:\\\/\\\/www.letsportsrock.com\\\/?p=55522#article\",\"isPartOf\":{\"@id\":\"https:\\\/\\\/www.letsportsrock.com\\\/?p=55522\"},\"author\":{\"name\":\"Amos Nabizo\",\"@id\":\"https:\\\/\\\/www.letsportsrock.com\\\/#\\\/schema\\\/person\\\/044479f72bdbd75f9523e745d3be6c30\"},\"headline\":\"Clubul care a recunoscut negocierile cu Gigi Becali pentru un juc\u0103tor de la FCSB: \u201cAm discutat cu patronul echipei\u201d&#8230;.\",\"datePublished\":\"2025-07-20T11:09:55+00:00\",\"mainEntityOfPage\":{\"@id\":\"https:\\\/\\\/www.letsportsrock.com\\\/?p=55522\"},\"wordCount\":259,\"commentCount\":0,\"image\":{\"@id\":\"https:\\\/\\\/www.letsportsrock.com\\\/?p=55522#primaryimage\"},\"thumbnailUrl\":\"https:\\\/\\\/www.letsportsrock.com\\\/wp-content\\\/uploads\\\/2025\\\/07\\\/images-27-3.jpeg\",\"keywords\":[\"FCSB\"],\"inLanguage\":\"en-US\",\"potentialAction\":[{\"@type\":\"CommentAction\",\"name\":\"Comment\",\"target\":[\"https:\\\/\\\/www.letsportsrock.com\\\/?p=55522#respond\"]}]},{\"@type\":\"WebPage\",\"@id\":\"https:\\\/\\\/www.letsportsrock.com\\\/?p=55522\",\"url\":\"https:\\\/\\\/www.letsportsrock.com\\\/?p=55522\",\"name\":\"Clubul care a recunoscut negocierile cu Gigi Becali pentru un juc\u0103tor de la FCSB: \u201cAm discutat cu patronul echipei\u201d....\",\"isPartOf\":{\"@id\":\"https:\\\/\\\/www.letsportsrock.com\\\/#website\"},\"primaryImageOfPage\":{\"@id\":\"https:\\\/\\\/www.letsportsrock.com\\\/?p=55522#primaryimage\"},\"image\":{\"@id\":\"https:\\\/\\\/www.letsportsrock.com\\\/?p=55522#primaryimage\"},\"thumbnailUrl\":\"https:\\\/\\\/www.letsportsrock.com\\\/wp-content\\\/uploads\\\/2025\\\/07\\\/images-27-3.jpeg\",\"datePublished\":\"2025-07-20T11:09:55+00:00\",\"author\":{\"@id\":\"https:\\\/\\\/www.letsportsrock.com\\\/#\\\/schema\\\/person\\\/044479f72bdbd75f9523e745d3be6c30\"},\"description\":\"Clubul care a recunoscut negocierile cu Gigi Becali pentru un juc\u0103tor de la FCSB: \u201cAm discutat cu patronul echipei\u201d....\",\"breadcrumb\":{\"@id\":\"https:\\\/\\\/www.letsportsrock.com\\\/?p=55522#breadcrumb\"},\"inLanguage\":\"en-US\",\"potentialAction\":[{\"@type\":\"ReadAction\",\"target\":[\"https:\\\/\\\/www.letsportsrock.com\\\/?p=55522\"]}]},{\"@type\":\"ImageObject\",\"inLanguage\":\"en-US\",\"@id\":\"https:\\\/\\\/www.letsportsrock.com\\\/?p=55522#primaryimage\",\"url\":\"https:\\\/\\\/www.letsportsrock.com\\\/wp-content\\\/uploads\\\/2025\\\/07\\\/images-27-3.jpeg\",\"contentUrl\":\"https:\\\/\\\/www.letsportsrock.com\\\/wp-content\\\/uploads\\\/2025\\\/07\\\/images-27-3.jpeg\",\"width\":718,\"height\":427},{\"@type\":\"BreadcrumbList\",\"@id\":\"https:\\\/\\\/www.letsportsrock.com\\\/?p=55522#breadcrumb\",\"itemListElement\":[{\"@type\":\"ListItem\",\"position\":1,\"name\":\"Home\",\"item\":\"https:\\\/\\\/www.letsportsrock.com\\\/\"},{\"@type\":\"ListItem\",\"position\":2,\"name\":\"Clubul care a recunoscut negocierile cu Gigi Becali pentru un juc\u0103tor de la FCSB: \u201cAm discutat cu patronul echipei\u201d&#8230;.\"}]},{\"@type\":\"WebSite\",\"@id\":\"https:\\\/\\\/www.letsportsrock.com\\\/#website\",\"url\":\"https:\\\/\\\/www.letsportsrock.com\\\/\",\"name\":\"letsportsrock\",\"description\":\"Sport News and Updates\",\"potentialAction\":[{\"@type\":\"SearchAction\",\"target\":{\"@type\":\"EntryPoint\",\"urlTemplate\":\"https:\\\/\\\/www.letsportsrock.com\\\/?s={search_term_string}\"},\"query-input\":{\"@type\":\"PropertyValueSpecification\",\"valueRequired\":true,\"valueName\":\"search_term_string\"}}],\"inLanguage\":\"en-US\"},{\"@type\":\"Person\",\"@id\":\"https:\\\/\\\/www.letsportsrock.com\\\/#\\\/schema\\\/person\\\/044479f72bdbd75f9523e745d3be6c30\",\"name\":\"Amos Nabizo\",\"image\":{\"@type\":\"ImageObject\",\"inLanguage\":\"en-US\",\"@id\":\"https:\\\/\\\/secure.gravatar.com\\\/avatar\\\/d569857c07d3899c6ca842ffea32daa1672c05549833530fe37e68ae7b521ba4?s=96&d=mm&r=g\",\"url\":\"https:\\\/\\\/secure.gravatar.com\\\/avatar\\\/d569857c07d3899c6ca842ffea32daa1672c05549833530fe37e68ae7b521ba4?s=96&d=mm&r=g\",\"contentUrl\":\"https:\\\/\\\/secure.gravatar.com\\\/avatar\\\/d569857c07d3899c6ca842ffea32daa1672c05549833530fe37e68ae7b521ba4?s=96&d=mm&r=g\",\"caption\":\"Amos Nabizo\"},\"sameAs\":[\"https:\\\/\\\/www.letsportsrock.com\\\/wp-admin\\\/\"],\"url\":\"https:\\\/\\\/www.letsportsrock.com\\\/?author=15\"}]}<\/script>\n<!-- \/ Yoast SEO plugin. -->","yoast_head_json":{"title":"Clubul care a recunoscut negocierile cu Gigi Becali pentru un juc\u0103tor de la FCSB: \u201cAm discutat cu patronul echipei\u201d....","description":"Clubul care a recunoscut negocierile cu Gigi Becali pentru un juc\u0103tor de la FCSB: \u201cAm discutat cu patronul echipei\u201d....","robots":{"index":"index","follow":"follow","max-snippet":"max-snippet:-1","max-image-preview":"max-image-preview:large","max-video-preview":"max-video-preview:-1"},"canonical":"https:\/\/www.letsportsrock.com\/?p=55522","og_locale":"en_US","og_type":"article","og_title":"Clubul care a recunoscut negocierile cu Gigi Becali pentru un juc\u0103tor de la FCSB: \u201cAm discutat cu patronul echipei\u201d....","og_description":"Clubul care a recunoscut negocierile cu Gigi Becali pentru un juc\u0103tor de la FCSB: \u201cAm discutat cu patronul echipei\u201d....","og_url":"https:\/\/www.letsportsrock.com\/?p=55522","og_site_name":"letsportsrock","article_published_time":"2025-07-20T11:09:55+00:00","og_image":[{"width":718,"height":427,"url":"https:\/\/www.letsportsrock.com\/wp-content\/uploads\/2025\/07\/images-27-3.jpeg","type":"image\/jpeg"}],"author":"Amos Nabizo","twitter_card":"summary_large_image","twitter_misc":{"Written by":"Amos Nabizo","Est. reading time":"2 minutes"},"schema":{"@context":"https:\/\/schema.org","@graph":[{"@type":"Article","@id":"https:\/\/www.letsportsrock.com\/?p=55522#article","isPartOf":{"@id":"https:\/\/www.letsportsrock.com\/?p=55522"},"author":{"name":"Amos Nabizo","@id":"https:\/\/www.letsportsrock.com\/#\/schema\/person\/044479f72bdbd75f9523e745d3be6c30"},"headline":"Clubul care a recunoscut negocierile cu Gigi Becali pentru un juc\u0103tor de la FCSB: \u201cAm discutat cu patronul echipei\u201d&#8230;.","datePublished":"2025-07-20T11:09:55+00:00","mainEntityOfPage":{"@id":"https:\/\/www.letsportsrock.com\/?p=55522"},"wordCount":259,"commentCount":0,"image":{"@id":"https:\/\/www.letsportsrock.com\/?p=55522#primaryimage"},"thumbnailUrl":"https:\/\/www.letsportsrock.com\/wp-content\/uploads\/2025\/07\/images-27-3.jpeg","keywords":["FCSB"],"inLanguage":"en-US","potentialAction":[{"@type":"CommentAction","name":"Comment","target":["https:\/\/www.letsportsrock.com\/?p=55522#respond"]}]},{"@type":"WebPage","@id":"https:\/\/www.letsportsrock.com\/?p=55522","url":"https:\/\/www.letsportsrock.com\/?p=55522","name":"Clubul care a recunoscut negocierile cu Gigi Becali pentru un juc\u0103tor de la FCSB: \u201cAm discutat cu patronul echipei\u201d....","isPartOf":{"@id":"https:\/\/www.letsportsrock.com\/#website"},"primaryImageOfPage":{"@id":"https:\/\/www.letsportsrock.com\/?p=55522#primaryimage"},"image":{"@id":"https:\/\/www.letsportsrock.com\/?p=55522#primaryimage"},"thumbnailUrl":"https:\/\/www.letsportsrock.com\/wp-content\/uploads\/2025\/07\/images-27-3.jpeg","datePublished":"2025-07-20T11:09:55+00:00","author":{"@id":"https:\/\/www.letsportsrock.com\/#\/schema\/person\/044479f72bdbd75f9523e745d3be6c30"},"description":"Clubul care a recunoscut negocierile cu Gigi Becali pentru un juc\u0103tor de la FCSB: \u201cAm discutat cu patronul echipei\u201d....","breadcrumb":{"@id":"https:\/\/www.letsportsrock.com\/?p=55522#breadcrumb"},"inLanguage":"en-US","potentialAction":[{"@type":"ReadAction","target":["https:\/\/www.letsportsrock.com\/?p=55522"]}]},{"@type":"ImageObject","inLanguage":"en-US","@id":"https:\/\/www.letsportsrock.com\/?p=55522#primaryimage","url":"https:\/\/www.letsportsrock.com\/wp-content\/uploads\/2025\/07\/images-27-3.jpeg","contentUrl":"https:\/\/www.letsportsrock.com\/wp-content\/uploads\/2025\/07\/images-27-3.jpeg","width":718,"height":427},{"@type":"BreadcrumbList","@id":"https:\/\/www.letsportsrock.com\/?p=55522#breadcrumb","itemListElement":[{"@type":"ListItem","position":1,"name":"Home","item":"https:\/\/www.letsportsrock.com\/"},{"@type":"ListItem","position":2,"name":"Clubul care a recunoscut negocierile cu Gigi Becali pentru un juc\u0103tor de la FCSB: \u201cAm discutat cu patronul echipei\u201d&#8230;."}]},{"@type":"WebSite","@id":"https:\/\/www.letsportsrock.com\/#website","url":"https:\/\/www.letsportsrock.com\/","name":"letsportsrock","description":"Sport News and Updates","potentialAction":[{"@type":"SearchAction","target":{"@type":"EntryPoint","urlTemplate":"https:\/\/www.letsportsrock.com\/?s={search_term_string}"},"query-input":{"@type":"PropertyValueSpecification","valueRequired":true,"valueName":"search_term_string"}}],"inLanguage":"en-US"},{"@type":"Person","@id":"https:\/\/www.letsportsrock.com\/#\/schema\/person\/044479f72bdbd75f9523e745d3be6c30","name":"Amos Nabizo","image":{"@type":"ImageObject","inLanguage":"en-US","@id":"https:\/\/secure.gravatar.com\/avatar\/d569857c07d3899c6ca842ffea32daa1672c05549833530fe37e68ae7b521ba4?s=96&d=mm&r=g","url":"https:\/\/secure.gravatar.com\/avatar\/d569857c07d3899c6ca842ffea32daa1672c05549833530fe37e68ae7b521ba4?s=96&d=mm&r=g","contentUrl":"https:\/\/secure.gravatar.com\/avatar\/d569857c07d3899c6ca842ffea32daa1672c05549833530fe37e68ae7b521ba4?s=96&d=mm&r=g","caption":"Amos Nabizo"},"sameAs":["https:\/\/www.letsportsrock.com\/wp-admin\/"],"url":"https:\/\/www.letsportsrock.com\/?author=15"}]}},"jetpack_featured_media_url":"https:\/\/www.letsportsrock.com\/wp-content\/uploads\/2025\/07\/images-27-3.jpeg","jetpack_sharing_enabled":true,"_links":{"self":[{"href":"https:\/\/www.letsportsrock.com\/index.php?rest_route=\/wp\/v2\/posts\/55522","targetHints":{"allow":["GET"]}}],"collection":[{"href":"https:\/\/www.letsportsrock.com\/index.php?rest_route=\/wp\/v2\/posts"}],"about":[{"href":"https:\/\/www.letsportsrock.com\/index.php?rest_route=\/wp\/v2\/types\/post"}],"author":[{"embeddable":true,"href":"https:\/\/www.letsportsrock.com\/index.php?rest_route=\/wp\/v2\/users\/15"}],"replies":[{"embeddable":true,"href":"https:\/\/www.letsportsrock.com\/index.php?rest_route=%2Fwp%2Fv2%2Fcomments&post=55522"}],"version-history":[{"count":1,"href":"https:\/\/www.letsportsrock.com\/index.php?rest_route=\/wp\/v2\/posts\/55522\/revisions"}],"predecessor-version":[{"id":55525,"href":"https:\/\/www.letsportsrock.com\/index.php?rest_route=\/wp\/v2\/posts\/55522\/revisions\/55525"}],"wp:featuredmedia":[{"embeddable":true,"href":"https:\/\/www.letsportsrock.com\/index.php?rest_route=\/wp\/v2\/media\/55523"}],"wp:attachment":[{"href":"https:\/\/www.letsportsrock.com\/index.php?rest_route=%2Fwp%2Fv2%2Fmedia&parent=55522"}],"wp:term":[{"taxonomy":"category","embeddable":true,"href":"https:\/\/www.letsportsrock.com\/index.php?rest_route=%2Fwp%2Fv2%2Fcategories&post=55522"},{"taxonomy":"post_tag","embeddable":true,"href":"https:\/\/www.letsportsrock.com\/index.php?rest_route=%2Fwp%2Fv2%2Ftags&post=55522"}],"curies":[{"name":"wp","href":"https:\/\/api.w.org\/{rel}","templated":true}]}}