{"id":55613,"date":"2025-07-20T19:44:04","date_gmt":"2025-07-20T19:44:04","guid":{"rendered":"https:\/\/www.letsportsrock.com\/?p=55613"},"modified":"2025-07-20T19:44:04","modified_gmt":"2025-07-20T19:44:04","slug":"bucuresti-dinamo-bucuresti-a-perfectat-astazi-oficial-transferul-mijlocasului-central-adrian-adi-ivanov-29-de-ani-care-vine-de-la-clubul-canadian-cf-montreal-fost-impa","status":"publish","type":"post","link":"https:\/\/www.letsportsrock.com\/?p=55613","title":{"rendered":"Bucure\u0219ti \u2013 Dinamo Bucure\u0219ti a perfectat ast\u0103zi, oficial, transferul mijloca\u0219ului central Adrian \u201cAdi\u201d Ivanov, 29 de ani, care vine de la clubul canadian CF Montr\u00e9al (fost Impact Montr\u00e9al). Juc\u0103torul cu experien\u021b\u0103 \u00een cupele europene vine s\u0103 contribuie la revenirea ro\u0219-albilor \u00een prima lig\u0103 \u0219i la reconstruc\u021bia echipei dup\u0103 un sezon difficult&#8230;.."},"content":{"rendered":"<div class=\"d79db4796efc26332eabfc3f5dafbc76\" data-index=\"1\" style=\"float: none; margin:10px 0 10px 0; text-align:center;\">\n<div class=\"hb-ad-inarticle\">\r\n    <div class=\"hb-ad-inner\"> \r\n    <div class=\"hbagency_cls\"  id=\"hbagency_space_111930\"><\/div><\/div> <\/div>\n<\/div>\n<p>Transfer Oficial la Dinamo Bucure\u0219ti: Adrian \u201cAdi\u201d Ivanov Vine de la CF Montr\u00e9al!<\/p>\n<p>&nbsp;<\/p>\n<p>Dinamo Bucure\u0219ti a anun\u021bat ast\u0103zi oficial transferul mijloca\u0219ului central Adrian \u201cAdi\u201d Ivanov, \u00een v\u00e2rst\u0103 de 29 de ani, de la echipa canadian\u0103 CF Montr\u00e9al (fost Impact Montr\u00e9al). Experimentatul fotbalist, cu meciuri \u00een cupele europene la activ, vine s\u0103 \u00eent\u0103reasc\u0103 lotul ro\u0219-albilor \u00eentr-un moment crucial pentru club.<\/p>\n<p><img loading=\"lazy\" decoding=\"async\" class=\"alignnone size-medium wp-image-55615\" src=\"https:\/\/www.letsportsrock.com\/wp-content\/uploads\/2025\/07\/images-47-2-300x211.jpeg\" alt=\"\" width=\"300\" height=\"211\" srcset=\"https:\/\/www.letsportsrock.com\/wp-content\/uploads\/2025\/07\/images-47-2-300x211.jpeg 300w, https:\/\/www.letsportsrock.com\/wp-content\/uploads\/2025\/07\/images-47-2.jpeg 661w\" sizes=\"auto, (max-width: 300px) 100vw, 300px\" \/><\/p>\n<p>Dup\u0103 un sezon dificil, Dinamo caut\u0103 s\u0103-\u0219i reg\u0103seasc\u0103 forma \u0219i s\u0103 revin\u0103 cu for\u021be proaspete \u00een prima lig\u0103, iar Ivanov este considerat un juc\u0103tor-cheie \u00een aceast\u0103 reconstruc\u021bie. Mijloca\u0219ul este apreciat pentru viziunea de joc, calmul \u00een posesie \u0219i capacitatea de a controla ritmul partidei.<\/p>\n<p>&nbsp;<\/p>\n<p>Adi Ivanov a evoluat \u00een trecut \u00een Europa pentru echipe din Bulgaria \u0219i Austria, \u00eenainte s\u0103 se transfere \u00een MLS, unde a devenit un juc\u0103tor important la CF Montr\u00e9al. Venirea lui la Dinamo este v\u0103zut\u0103 ca un semnal clar c\u0103 \u201ec\u00e2inii ro\u0219ii\u201d \u00ee\u0219i doresc revenirea rapid\u0103 \u00een elit\u0103.<\/p>\n<p>&nbsp;<\/p>\n<p>Transferul a fost parafat \u00een aceast\u0103 diminea\u021b\u0103, iar Ivanov urmeaz\u0103 s\u0103 se al\u0103ture lotului \u00een cantonamentul din Slovenia.<\/p>\n<p>&nbsp;<\/p>\n<p>&nbsp;<\/p>\n\n<div style=\"font-size: 0px; height: 0px; line-height: 0px; margin: 0; padding: 0; clear: both;\"><\/div>","protected":false},"excerpt":{"rendered":"<p>Transfer Oficial la Dinamo Bucure\u0219ti: Adrian \u201cAdi\u201d Ivanov Vine de la CF Montr\u00e9al! &nbsp; Dinamo Bucure\u0219ti a anun\u021bat ast\u0103zi oficial transferul mijloca\u0219ului central Adrian \u201cAdi\u201d Ivanov, \u00een v\u00e2rst\u0103 de 29 de ani, de la echipa canadian\u0103 CF Montr\u00e9al (fost Impact Montr\u00e9al). Experimentatul fotbalist, cu meciuri \u00een cupele europene la activ, vine s\u0103 \u00eent\u0103reasc\u0103 lotul ro\u0219-albilor [&hellip;]<\/p>\n","protected":false},"author":17,"featured_media":55614,"comment_status":"open","ping_status":"open","sticky":false,"template":"","format":"standard","meta":{"_jetpack_memberships_contains_paid_content":false,"footnotes":""},"categories":[1],"tags":[640],"class_list":["post-55613","post","type-post","status-publish","format-standard","has-post-thumbnail","hentry","category-uncategorized","tag-fan-andrei-ivan"],"yoast_head":"<!-- This site is optimized with the Yoast SEO plugin v27.5 - https:\/\/yoast.com\/product\/yoast-seo-wordpress\/ -->\n<title>Bucure\u0219ti \u2013 Dinamo Bucure\u0219ti a perfectat ast\u0103zi, oficial,<\/title>\n<meta name=\"description\" content=\"Bucure\u0219ti \u2013 Dinamo Bucure\u0219ti a perfectat ast\u0103zi, oficial, transferul mijloca\u0219ului central Adrian \u201cAdi\u201d Ivanov, 29 de ani, care vine\" \/>\n<meta name=\"robots\" content=\"index, follow, max-snippet:-1, max-image-preview:large, max-video-preview:-1\" \/>\n<link rel=\"canonical\" href=\"https:\/\/www.letsportsrock.com\/?p=55613\" \/>\n<meta property=\"og:locale\" content=\"en_US\" \/>\n<meta property=\"og:type\" content=\"article\" \/>\n<meta property=\"og:title\" content=\"Bucure\u0219ti \u2013 Dinamo Bucure\u0219ti a perfectat ast\u0103zi, oficial,\" \/>\n<meta property=\"og:description\" content=\"Bucure\u0219ti \u2013 Dinamo Bucure\u0219ti a perfectat ast\u0103zi, oficial, transferul mijloca\u0219ului central Adrian \u201cAdi\u201d Ivanov, 29 de ani, care vine\" \/>\n<meta property=\"og:url\" content=\"https:\/\/www.letsportsrock.com\/?p=55613\" \/>\n<meta property=\"og:site_name\" content=\"letsportsrock\" \/>\n<meta property=\"article:published_time\" content=\"2025-07-20T19:44:04+00:00\" \/>\n<meta property=\"og:image\" content=\"https:\/\/www.letsportsrock.com\/wp-content\/uploads\/2025\/07\/images-46-2.jpeg\" \/>\n\t<meta property=\"og:image:width\" content=\"739\" \/>\n\t<meta property=\"og:image:height\" content=\"415\" \/>\n\t<meta property=\"og:image:type\" content=\"image\/jpeg\" \/>\n<meta name=\"author\" content=\"Orbem Saviour\" \/>\n<meta name=\"twitter:card\" content=\"summary_large_image\" \/>\n<meta name=\"twitter:label1\" content=\"Written by\" \/>\n\t<meta name=\"twitter:data1\" content=\"Orbem Saviour\" \/>\n\t<meta name=\"twitter:label2\" content=\"Est. reading time\" \/>\n\t<meta name=\"twitter:data2\" content=\"1 minute\" \/>\n<script type=\"application\/ld+json\" class=\"yoast-schema-graph\">{\"@context\":\"https:\\\/\\\/schema.org\",\"@graph\":[{\"@type\":\"Article\",\"@id\":\"https:\\\/\\\/www.letsportsrock.com\\\/?p=55613#article\",\"isPartOf\":{\"@id\":\"https:\\\/\\\/www.letsportsrock.com\\\/?p=55613\"},\"author\":{\"name\":\"Orbem Saviour\",\"@id\":\"https:\\\/\\\/www.letsportsrock.com\\\/#\\\/schema\\\/person\\\/f4a534dcb6a60eaed40b31bfcef0f6b8\"},\"headline\":\"Bucure\u0219ti \u2013 Dinamo Bucure\u0219ti a perfectat ast\u0103zi, oficial, transferul mijloca\u0219ului central Adrian \u201cAdi\u201d Ivanov, 29 de ani, care vine de la clubul canadian CF Montr\u00e9al (fost Impact Montr\u00e9al). Juc\u0103torul cu experien\u021b\u0103 \u00een cupele europene vine s\u0103 contribuie la revenirea ro\u0219-albilor \u00een prima lig\u0103 \u0219i la reconstruc\u021bia echipei dup\u0103 un sezon difficult&#8230;..\",\"datePublished\":\"2025-07-20T19:44:04+00:00\",\"mainEntityOfPage\":{\"@id\":\"https:\\\/\\\/www.letsportsrock.com\\\/?p=55613\"},\"wordCount\":255,\"commentCount\":0,\"image\":{\"@id\":\"https:\\\/\\\/www.letsportsrock.com\\\/?p=55613#primaryimage\"},\"thumbnailUrl\":\"https:\\\/\\\/www.letsportsrock.com\\\/wp-content\\\/uploads\\\/2025\\\/07\\\/images-46-2.jpeg\",\"keywords\":[\"Fan Andrei Ivan\"],\"inLanguage\":\"en-US\",\"potentialAction\":[{\"@type\":\"CommentAction\",\"name\":\"Comment\",\"target\":[\"https:\\\/\\\/www.letsportsrock.com\\\/?p=55613#respond\"]}]},{\"@type\":\"WebPage\",\"@id\":\"https:\\\/\\\/www.letsportsrock.com\\\/?p=55613\",\"url\":\"https:\\\/\\\/www.letsportsrock.com\\\/?p=55613\",\"name\":\"Bucure\u0219ti \u2013 Dinamo Bucure\u0219ti a perfectat ast\u0103zi, oficial,\",\"isPartOf\":{\"@id\":\"https:\\\/\\\/www.letsportsrock.com\\\/#website\"},\"primaryImageOfPage\":{\"@id\":\"https:\\\/\\\/www.letsportsrock.com\\\/?p=55613#primaryimage\"},\"image\":{\"@id\":\"https:\\\/\\\/www.letsportsrock.com\\\/?p=55613#primaryimage\"},\"thumbnailUrl\":\"https:\\\/\\\/www.letsportsrock.com\\\/wp-content\\\/uploads\\\/2025\\\/07\\\/images-46-2.jpeg\",\"datePublished\":\"2025-07-20T19:44:04+00:00\",\"author\":{\"@id\":\"https:\\\/\\\/www.letsportsrock.com\\\/#\\\/schema\\\/person\\\/f4a534dcb6a60eaed40b31bfcef0f6b8\"},\"description\":\"Bucure\u0219ti \u2013 Dinamo Bucure\u0219ti a perfectat ast\u0103zi, oficial, transferul mijloca\u0219ului central Adrian \u201cAdi\u201d Ivanov, 29 de ani, care vine\",\"breadcrumb\":{\"@id\":\"https:\\\/\\\/www.letsportsrock.com\\\/?p=55613#breadcrumb\"},\"inLanguage\":\"en-US\",\"potentialAction\":[{\"@type\":\"ReadAction\",\"target\":[\"https:\\\/\\\/www.letsportsrock.com\\\/?p=55613\"]}]},{\"@type\":\"ImageObject\",\"inLanguage\":\"en-US\",\"@id\":\"https:\\\/\\\/www.letsportsrock.com\\\/?p=55613#primaryimage\",\"url\":\"https:\\\/\\\/www.letsportsrock.com\\\/wp-content\\\/uploads\\\/2025\\\/07\\\/images-46-2.jpeg\",\"contentUrl\":\"https:\\\/\\\/www.letsportsrock.com\\\/wp-content\\\/uploads\\\/2025\\\/07\\\/images-46-2.jpeg\",\"width\":739,\"height\":415},{\"@type\":\"BreadcrumbList\",\"@id\":\"https:\\\/\\\/www.letsportsrock.com\\\/?p=55613#breadcrumb\",\"itemListElement\":[{\"@type\":\"ListItem\",\"position\":1,\"name\":\"Home\",\"item\":\"https:\\\/\\\/www.letsportsrock.com\\\/\"},{\"@type\":\"ListItem\",\"position\":2,\"name\":\"Bucure\u0219ti \u2013 Dinamo Bucure\u0219ti a perfectat ast\u0103zi, oficial, transferul mijloca\u0219ului central Adrian \u201cAdi\u201d Ivanov, 29 de ani, care vine de la clubul canadian CF Montr\u00e9al (fost Impact Montr\u00e9al). Juc\u0103torul cu experien\u021b\u0103 \u00een cupele europene vine s\u0103 contribuie la revenirea ro\u0219-albilor \u00een prima lig\u0103 \u0219i la reconstruc\u021bia echipei dup\u0103 un sezon difficult&#8230;..\"}]},{\"@type\":\"WebSite\",\"@id\":\"https:\\\/\\\/www.letsportsrock.com\\\/#website\",\"url\":\"https:\\\/\\\/www.letsportsrock.com\\\/\",\"name\":\"letsportsrock\",\"description\":\"Sport News and Updates\",\"potentialAction\":[{\"@type\":\"SearchAction\",\"target\":{\"@type\":\"EntryPoint\",\"urlTemplate\":\"https:\\\/\\\/www.letsportsrock.com\\\/?s={search_term_string}\"},\"query-input\":{\"@type\":\"PropertyValueSpecification\",\"valueRequired\":true,\"valueName\":\"search_term_string\"}}],\"inLanguage\":\"en-US\"},{\"@type\":\"Person\",\"@id\":\"https:\\\/\\\/www.letsportsrock.com\\\/#\\\/schema\\\/person\\\/f4a534dcb6a60eaed40b31bfcef0f6b8\",\"name\":\"Orbem Saviour\",\"image\":{\"@type\":\"ImageObject\",\"inLanguage\":\"en-US\",\"@id\":\"https:\\\/\\\/secure.gravatar.com\\\/avatar\\\/c2e9c1135ee0d9ea60350ee25415caf4ca365a56af0382637882e8392bdcaedd?s=96&d=mm&r=g\",\"url\":\"https:\\\/\\\/secure.gravatar.com\\\/avatar\\\/c2e9c1135ee0d9ea60350ee25415caf4ca365a56af0382637882e8392bdcaedd?s=96&d=mm&r=g\",\"contentUrl\":\"https:\\\/\\\/secure.gravatar.com\\\/avatar\\\/c2e9c1135ee0d9ea60350ee25415caf4ca365a56af0382637882e8392bdcaedd?s=96&d=mm&r=g\",\"caption\":\"Orbem Saviour\"},\"sameAs\":[\"https:\\\/\\\/www.letsportsrock.com\\\/wp-admin\\\/\"],\"url\":\"https:\\\/\\\/www.letsportsrock.com\\\/?author=17\"}]}<\/script>\n<!-- \/ Yoast SEO plugin. -->","yoast_head_json":{"title":"Bucure\u0219ti \u2013 Dinamo Bucure\u0219ti a perfectat ast\u0103zi, oficial,","description":"Bucure\u0219ti \u2013 Dinamo Bucure\u0219ti a perfectat ast\u0103zi, oficial, transferul mijloca\u0219ului central Adrian \u201cAdi\u201d Ivanov, 29 de ani, care vine","robots":{"index":"index","follow":"follow","max-snippet":"max-snippet:-1","max-image-preview":"max-image-preview:large","max-video-preview":"max-video-preview:-1"},"canonical":"https:\/\/www.letsportsrock.com\/?p=55613","og_locale":"en_US","og_type":"article","og_title":"Bucure\u0219ti \u2013 Dinamo Bucure\u0219ti a perfectat ast\u0103zi, oficial,","og_description":"Bucure\u0219ti \u2013 Dinamo Bucure\u0219ti a perfectat ast\u0103zi, oficial, transferul mijloca\u0219ului central Adrian \u201cAdi\u201d Ivanov, 29 de ani, care vine","og_url":"https:\/\/www.letsportsrock.com\/?p=55613","og_site_name":"letsportsrock","article_published_time":"2025-07-20T19:44:04+00:00","og_image":[{"width":739,"height":415,"url":"https:\/\/www.letsportsrock.com\/wp-content\/uploads\/2025\/07\/images-46-2.jpeg","type":"image\/jpeg"}],"author":"Orbem Saviour","twitter_card":"summary_large_image","twitter_misc":{"Written by":"Orbem Saviour","Est. reading time":"1 minute"},"schema":{"@context":"https:\/\/schema.org","@graph":[{"@type":"Article","@id":"https:\/\/www.letsportsrock.com\/?p=55613#article","isPartOf":{"@id":"https:\/\/www.letsportsrock.com\/?p=55613"},"author":{"name":"Orbem Saviour","@id":"https:\/\/www.letsportsrock.com\/#\/schema\/person\/f4a534dcb6a60eaed40b31bfcef0f6b8"},"headline":"Bucure\u0219ti \u2013 Dinamo Bucure\u0219ti a perfectat ast\u0103zi, oficial, transferul mijloca\u0219ului central Adrian \u201cAdi\u201d Ivanov, 29 de ani, care vine de la clubul canadian CF Montr\u00e9al (fost Impact Montr\u00e9al). Juc\u0103torul cu experien\u021b\u0103 \u00een cupele europene vine s\u0103 contribuie la revenirea ro\u0219-albilor \u00een prima lig\u0103 \u0219i la reconstruc\u021bia echipei dup\u0103 un sezon difficult&#8230;..","datePublished":"2025-07-20T19:44:04+00:00","mainEntityOfPage":{"@id":"https:\/\/www.letsportsrock.com\/?p=55613"},"wordCount":255,"commentCount":0,"image":{"@id":"https:\/\/www.letsportsrock.com\/?p=55613#primaryimage"},"thumbnailUrl":"https:\/\/www.letsportsrock.com\/wp-content\/uploads\/2025\/07\/images-46-2.jpeg","keywords":["Fan Andrei Ivan"],"inLanguage":"en-US","potentialAction":[{"@type":"CommentAction","name":"Comment","target":["https:\/\/www.letsportsrock.com\/?p=55613#respond"]}]},{"@type":"WebPage","@id":"https:\/\/www.letsportsrock.com\/?p=55613","url":"https:\/\/www.letsportsrock.com\/?p=55613","name":"Bucure\u0219ti \u2013 Dinamo Bucure\u0219ti a perfectat ast\u0103zi, oficial,","isPartOf":{"@id":"https:\/\/www.letsportsrock.com\/#website"},"primaryImageOfPage":{"@id":"https:\/\/www.letsportsrock.com\/?p=55613#primaryimage"},"image":{"@id":"https:\/\/www.letsportsrock.com\/?p=55613#primaryimage"},"thumbnailUrl":"https:\/\/www.letsportsrock.com\/wp-content\/uploads\/2025\/07\/images-46-2.jpeg","datePublished":"2025-07-20T19:44:04+00:00","author":{"@id":"https:\/\/www.letsportsrock.com\/#\/schema\/person\/f4a534dcb6a60eaed40b31bfcef0f6b8"},"description":"Bucure\u0219ti \u2013 Dinamo Bucure\u0219ti a perfectat ast\u0103zi, oficial, transferul mijloca\u0219ului central Adrian \u201cAdi\u201d Ivanov, 29 de ani, care vine","breadcrumb":{"@id":"https:\/\/www.letsportsrock.com\/?p=55613#breadcrumb"},"inLanguage":"en-US","potentialAction":[{"@type":"ReadAction","target":["https:\/\/www.letsportsrock.com\/?p=55613"]}]},{"@type":"ImageObject","inLanguage":"en-US","@id":"https:\/\/www.letsportsrock.com\/?p=55613#primaryimage","url":"https:\/\/www.letsportsrock.com\/wp-content\/uploads\/2025\/07\/images-46-2.jpeg","contentUrl":"https:\/\/www.letsportsrock.com\/wp-content\/uploads\/2025\/07\/images-46-2.jpeg","width":739,"height":415},{"@type":"BreadcrumbList","@id":"https:\/\/www.letsportsrock.com\/?p=55613#breadcrumb","itemListElement":[{"@type":"ListItem","position":1,"name":"Home","item":"https:\/\/www.letsportsrock.com\/"},{"@type":"ListItem","position":2,"name":"Bucure\u0219ti \u2013 Dinamo Bucure\u0219ti a perfectat ast\u0103zi, oficial, transferul mijloca\u0219ului central Adrian \u201cAdi\u201d Ivanov, 29 de ani, care vine de la clubul canadian CF Montr\u00e9al (fost Impact Montr\u00e9al). Juc\u0103torul cu experien\u021b\u0103 \u00een cupele europene vine s\u0103 contribuie la revenirea ro\u0219-albilor \u00een prima lig\u0103 \u0219i la reconstruc\u021bia echipei dup\u0103 un sezon difficult&#8230;.."}]},{"@type":"WebSite","@id":"https:\/\/www.letsportsrock.com\/#website","url":"https:\/\/www.letsportsrock.com\/","name":"letsportsrock","description":"Sport News and Updates","potentialAction":[{"@type":"SearchAction","target":{"@type":"EntryPoint","urlTemplate":"https:\/\/www.letsportsrock.com\/?s={search_term_string}"},"query-input":{"@type":"PropertyValueSpecification","valueRequired":true,"valueName":"search_term_string"}}],"inLanguage":"en-US"},{"@type":"Person","@id":"https:\/\/www.letsportsrock.com\/#\/schema\/person\/f4a534dcb6a60eaed40b31bfcef0f6b8","name":"Orbem Saviour","image":{"@type":"ImageObject","inLanguage":"en-US","@id":"https:\/\/secure.gravatar.com\/avatar\/c2e9c1135ee0d9ea60350ee25415caf4ca365a56af0382637882e8392bdcaedd?s=96&d=mm&r=g","url":"https:\/\/secure.gravatar.com\/avatar\/c2e9c1135ee0d9ea60350ee25415caf4ca365a56af0382637882e8392bdcaedd?s=96&d=mm&r=g","contentUrl":"https:\/\/secure.gravatar.com\/avatar\/c2e9c1135ee0d9ea60350ee25415caf4ca365a56af0382637882e8392bdcaedd?s=96&d=mm&r=g","caption":"Orbem Saviour"},"sameAs":["https:\/\/www.letsportsrock.com\/wp-admin\/"],"url":"https:\/\/www.letsportsrock.com\/?author=17"}]}},"jetpack_featured_media_url":"https:\/\/www.letsportsrock.com\/wp-content\/uploads\/2025\/07\/images-46-2.jpeg","jetpack_sharing_enabled":true,"_links":{"self":[{"href":"https:\/\/www.letsportsrock.com\/index.php?rest_route=\/wp\/v2\/posts\/55613","targetHints":{"allow":["GET"]}}],"collection":[{"href":"https:\/\/www.letsportsrock.com\/index.php?rest_route=\/wp\/v2\/posts"}],"about":[{"href":"https:\/\/www.letsportsrock.com\/index.php?rest_route=\/wp\/v2\/types\/post"}],"author":[{"embeddable":true,"href":"https:\/\/www.letsportsrock.com\/index.php?rest_route=\/wp\/v2\/users\/17"}],"replies":[{"embeddable":true,"href":"https:\/\/www.letsportsrock.com\/index.php?rest_route=%2Fwp%2Fv2%2Fcomments&post=55613"}],"version-history":[{"count":1,"href":"https:\/\/www.letsportsrock.com\/index.php?rest_route=\/wp\/v2\/posts\/55613\/revisions"}],"predecessor-version":[{"id":55616,"href":"https:\/\/www.letsportsrock.com\/index.php?rest_route=\/wp\/v2\/posts\/55613\/revisions\/55616"}],"wp:featuredmedia":[{"embeddable":true,"href":"https:\/\/www.letsportsrock.com\/index.php?rest_route=\/wp\/v2\/media\/55614"}],"wp:attachment":[{"href":"https:\/\/www.letsportsrock.com\/index.php?rest_route=%2Fwp%2Fv2%2Fmedia&parent=55613"}],"wp:term":[{"taxonomy":"category","embeddable":true,"href":"https:\/\/www.letsportsrock.com\/index.php?rest_route=%2Fwp%2Fv2%2Fcategories&post=55613"},{"taxonomy":"post_tag","embeddable":true,"href":"https:\/\/www.letsportsrock.com\/index.php?rest_route=%2Fwp%2Fv2%2Ftags&post=55613"}],"curies":[{"name":"wp","href":"https:\/\/api.w.org\/{rel}","templated":true}]}}