{"id":55636,"date":"2025-07-20T23:16:34","date_gmt":"2025-07-20T23:16:34","guid":{"rendered":"https:\/\/www.letsportsrock.com\/?p=55636"},"modified":"2025-07-20T23:16:34","modified_gmt":"2025-07-20T23:16:34","slug":"atentie-fcsb-rivala-din-superliga-l-a-contactat-pe-fotbalistul-ros-albastrilor-am-luat-legatura-cu-el-am-discutat","status":"publish","type":"post","link":"https:\/\/www.letsportsrock.com\/?p=55636","title":{"rendered":"Aten\u021bie, FCSB! Rivala din Superlig\u0103 l-a contactat pe fotbalistul ro\u0219-alba\u0219trilor: \u201dAm luat leg\u0103tura cu el, am discutat!\u201d&#8230;."},"content":{"rendered":"<div class=\"d79db4796efc26332eabfc3f5dafbc76\" data-index=\"1\" style=\"float: none; margin:10px 0 10px 0; text-align:center;\">\n<div class=\"hb-ad-inarticle\">\r\n    <div class=\"hb-ad-inner\"> \r\n    <div class=\"hbagency_cls\"  id=\"hbagency_space_111930\"><\/div><\/div> <\/div>\n<\/div>\n<p>Aten\u021bie, FCSB! Rivala din Superlig\u0103 l-a contactat pe fotbalistul ro\u0219-alba\u0219trilor: \u201dAm luat leg\u0103tura cu el, am discutat!\u201d&#8230;.<\/p>\n<p>&nbsp;<\/p>\n<p>Situa\u021bie tensionat\u0103 la FCSB! Un club rival din Superlig\u0103 a intrat \u00een contact direct cu un fotbalist de la forma\u021bia lui Gigi Becali. Informa\u021bia a fost confirmat\u0103 chiar de oficialii echipei interesate, care au declarat c\u0103 au purtat deja discu\u021bii cu juc\u0103torul vizat:<\/p>\n<p>\u201eAm luat leg\u0103tura cu el, am discutat. Vedem ce urmeaz\u0103!\u201d, a spus un reprezentant al clubului rival.<\/p>\n<p><img loading=\"lazy\" decoding=\"async\" class=\"alignnone size-medium wp-image-55639\" src=\"https:\/\/www.letsportsrock.com\/wp-content\/uploads\/2025\/07\/images-46-3-300x169.jpeg\" alt=\"\" width=\"300\" height=\"169\" srcset=\"https:\/\/www.letsportsrock.com\/wp-content\/uploads\/2025\/07\/images-46-3-300x169.jpeg 300w, https:\/\/www.letsportsrock.com\/wp-content\/uploads\/2025\/07\/images-46-3.jpeg 686w\" sizes=\"auto, (max-width: 300px) 100vw, 300px\" \/><\/p>\n<p>De\u0219i nu a fost dezv\u0103luit oficial numele fotbalistului, surse apropiate clubului sus\u021bin c\u0103 ar fi vorba despre un juc\u0103tor care nu mai prinde titularizarea sub comanda lui Elias Charalambous \u0219i care ar fi dispus s\u0103 plece pentru a avea mai mult timp de joc.<\/p>\n<p>&nbsp;<\/p>\n<p>Transferul ar putea reprezenta o adev\u0103rat\u0103 lovitur\u0103 pentru FCSB, mai ales \u00een contextul \u00een care echipa se afl\u0103 \u00een plin\u0103 lupt\u0103 pe mai multe fronturi \u2013 Superlig\u0103 \u0219i preliminariile europene. Gigi Becali ar putea reac\u021biona dur dac\u0103 mutarea se concretizeaz\u0103.<\/p>\n<p>&nbsp;<\/p>\n<p>R\u0103m\u00e2ne de v\u0103zut dac\u0103 acest flirt se transform\u0103 \u00eentr-un transfer real sau este doar un semnal de alarm\u0103 pentru conducerea FCSB.<\/p>\n\n<div style=\"font-size: 0px; height: 0px; line-height: 0px; margin: 0; padding: 0; clear: both;\"><\/div>","protected":false},"excerpt":{"rendered":"<p>Aten\u021bie, FCSB! Rivala din Superlig\u0103 l-a contactat pe fotbalistul ro\u0219-alba\u0219trilor: \u201dAm luat leg\u0103tura cu el, am discutat!\u201d&#8230;. &nbsp; Situa\u021bie tensionat\u0103 la FCSB! Un club rival din Superlig\u0103 a intrat \u00een contact direct cu un fotbalist de la forma\u021bia lui Gigi Becali. Informa\u021bia a fost confirmat\u0103 chiar de oficialii echipei interesate, care au declarat c\u0103 au [&hellip;]<\/p>\n","protected":false},"author":15,"featured_media":55637,"comment_status":"open","ping_status":"open","sticky":false,"template":"","format":"standard","meta":{"_jetpack_memberships_contains_paid_content":false,"footnotes":""},"categories":[1],"tags":[264],"class_list":["post-55636","post","type-post","status-publish","format-standard","has-post-thumbnail","hentry","category-uncategorized","tag-fcsb"],"yoast_head":"<!-- This site is optimized with the Yoast SEO plugin v27.4 - https:\/\/yoast.com\/product\/yoast-seo-wordpress\/ -->\n<title>Aten\u021bie, FCSB! Rivala din Superlig\u0103 l-a contactat pe fotbalistul ro\u0219-alba\u0219trilor: \u201dAm luat leg\u0103tura cu el, am discutat!\u201d....<\/title>\n<meta name=\"description\" content=\"Aten\u021bie, FCSB! Rivala din Superlig\u0103 l-a contactat pe fotbalistul ro\u0219-alba\u0219trilor: \u201dAm luat leg\u0103tura cu el, am discutat!\u201d....\" \/>\n<meta name=\"robots\" content=\"index, follow, max-snippet:-1, max-image-preview:large, max-video-preview:-1\" \/>\n<link rel=\"canonical\" href=\"https:\/\/www.letsportsrock.com\/?p=55636\" \/>\n<meta property=\"og:locale\" content=\"en_US\" \/>\n<meta property=\"og:type\" content=\"article\" \/>\n<meta property=\"og:title\" content=\"Aten\u021bie, FCSB! Rivala din Superlig\u0103 l-a contactat pe fotbalistul ro\u0219-alba\u0219trilor: \u201dAm luat leg\u0103tura cu el, am discutat!\u201d....\" \/>\n<meta property=\"og:description\" content=\"Aten\u021bie, FCSB! Rivala din Superlig\u0103 l-a contactat pe fotbalistul ro\u0219-alba\u0219trilor: \u201dAm luat leg\u0103tura cu el, am discutat!\u201d....\" \/>\n<meta property=\"og:url\" content=\"https:\/\/www.letsportsrock.com\/?p=55636\" \/>\n<meta property=\"og:site_name\" content=\"letsportsrock\" \/>\n<meta property=\"article:published_time\" content=\"2025-07-20T23:16:34+00:00\" \/>\n<meta property=\"og:image\" content=\"https:\/\/www.letsportsrock.com\/wp-content\/uploads\/2025\/07\/images-45-2.jpeg\" \/>\n\t<meta property=\"og:image:width\" content=\"739\" \/>\n\t<meta property=\"og:image:height\" content=\"415\" \/>\n\t<meta property=\"og:image:type\" content=\"image\/jpeg\" \/>\n<meta name=\"author\" content=\"Amos Nabizo\" \/>\n<meta name=\"twitter:card\" content=\"summary_large_image\" \/>\n<meta name=\"twitter:label1\" content=\"Written by\" \/>\n\t<meta name=\"twitter:data1\" content=\"Amos Nabizo\" \/>\n\t<meta name=\"twitter:label2\" content=\"Est. reading time\" \/>\n\t<meta name=\"twitter:data2\" content=\"2 minutes\" \/>\n<script type=\"application\/ld+json\" class=\"yoast-schema-graph\">{\"@context\":\"https:\\\/\\\/schema.org\",\"@graph\":[{\"@type\":\"Article\",\"@id\":\"https:\\\/\\\/www.letsportsrock.com\\\/?p=55636#article\",\"isPartOf\":{\"@id\":\"https:\\\/\\\/www.letsportsrock.com\\\/?p=55636\"},\"author\":{\"name\":\"Amos Nabizo\",\"@id\":\"https:\\\/\\\/www.letsportsrock.com\\\/#\\\/schema\\\/person\\\/044479f72bdbd75f9523e745d3be6c30\"},\"headline\":\"Aten\u021bie, FCSB! Rivala din Superlig\u0103 l-a contactat pe fotbalistul ro\u0219-alba\u0219trilor: \u201dAm luat leg\u0103tura cu el, am discutat!\u201d&#8230;.\",\"datePublished\":\"2025-07-20T23:16:34+00:00\",\"mainEntityOfPage\":{\"@id\":\"https:\\\/\\\/www.letsportsrock.com\\\/?p=55636\"},\"wordCount\":224,\"commentCount\":0,\"image\":{\"@id\":\"https:\\\/\\\/www.letsportsrock.com\\\/?p=55636#primaryimage\"},\"thumbnailUrl\":\"https:\\\/\\\/www.letsportsrock.com\\\/wp-content\\\/uploads\\\/2025\\\/07\\\/images-45-2.jpeg\",\"keywords\":[\"FCSB\"],\"inLanguage\":\"en-US\",\"potentialAction\":[{\"@type\":\"CommentAction\",\"name\":\"Comment\",\"target\":[\"https:\\\/\\\/www.letsportsrock.com\\\/?p=55636#respond\"]}]},{\"@type\":\"WebPage\",\"@id\":\"https:\\\/\\\/www.letsportsrock.com\\\/?p=55636\",\"url\":\"https:\\\/\\\/www.letsportsrock.com\\\/?p=55636\",\"name\":\"Aten\u021bie, FCSB! Rivala din Superlig\u0103 l-a contactat pe fotbalistul ro\u0219-alba\u0219trilor: \u201dAm luat leg\u0103tura cu el, am discutat!\u201d....\",\"isPartOf\":{\"@id\":\"https:\\\/\\\/www.letsportsrock.com\\\/#website\"},\"primaryImageOfPage\":{\"@id\":\"https:\\\/\\\/www.letsportsrock.com\\\/?p=55636#primaryimage\"},\"image\":{\"@id\":\"https:\\\/\\\/www.letsportsrock.com\\\/?p=55636#primaryimage\"},\"thumbnailUrl\":\"https:\\\/\\\/www.letsportsrock.com\\\/wp-content\\\/uploads\\\/2025\\\/07\\\/images-45-2.jpeg\",\"datePublished\":\"2025-07-20T23:16:34+00:00\",\"author\":{\"@id\":\"https:\\\/\\\/www.letsportsrock.com\\\/#\\\/schema\\\/person\\\/044479f72bdbd75f9523e745d3be6c30\"},\"description\":\"Aten\u021bie, FCSB! Rivala din Superlig\u0103 l-a contactat pe fotbalistul ro\u0219-alba\u0219trilor: \u201dAm luat leg\u0103tura cu el, am discutat!\u201d....\",\"breadcrumb\":{\"@id\":\"https:\\\/\\\/www.letsportsrock.com\\\/?p=55636#breadcrumb\"},\"inLanguage\":\"en-US\",\"potentialAction\":[{\"@type\":\"ReadAction\",\"target\":[\"https:\\\/\\\/www.letsportsrock.com\\\/?p=55636\"]}]},{\"@type\":\"ImageObject\",\"inLanguage\":\"en-US\",\"@id\":\"https:\\\/\\\/www.letsportsrock.com\\\/?p=55636#primaryimage\",\"url\":\"https:\\\/\\\/www.letsportsrock.com\\\/wp-content\\\/uploads\\\/2025\\\/07\\\/images-45-2.jpeg\",\"contentUrl\":\"https:\\\/\\\/www.letsportsrock.com\\\/wp-content\\\/uploads\\\/2025\\\/07\\\/images-45-2.jpeg\",\"width\":739,\"height\":415},{\"@type\":\"BreadcrumbList\",\"@id\":\"https:\\\/\\\/www.letsportsrock.com\\\/?p=55636#breadcrumb\",\"itemListElement\":[{\"@type\":\"ListItem\",\"position\":1,\"name\":\"Home\",\"item\":\"https:\\\/\\\/www.letsportsrock.com\\\/\"},{\"@type\":\"ListItem\",\"position\":2,\"name\":\"Aten\u021bie, FCSB! Rivala din Superlig\u0103 l-a contactat pe fotbalistul ro\u0219-alba\u0219trilor: \u201dAm luat leg\u0103tura cu el, am discutat!\u201d&#8230;.\"}]},{\"@type\":\"WebSite\",\"@id\":\"https:\\\/\\\/www.letsportsrock.com\\\/#website\",\"url\":\"https:\\\/\\\/www.letsportsrock.com\\\/\",\"name\":\"letsportsrock\",\"description\":\"Sport News and Updates\",\"potentialAction\":[{\"@type\":\"SearchAction\",\"target\":{\"@type\":\"EntryPoint\",\"urlTemplate\":\"https:\\\/\\\/www.letsportsrock.com\\\/?s={search_term_string}\"},\"query-input\":{\"@type\":\"PropertyValueSpecification\",\"valueRequired\":true,\"valueName\":\"search_term_string\"}}],\"inLanguage\":\"en-US\"},{\"@type\":\"Person\",\"@id\":\"https:\\\/\\\/www.letsportsrock.com\\\/#\\\/schema\\\/person\\\/044479f72bdbd75f9523e745d3be6c30\",\"name\":\"Amos Nabizo\",\"image\":{\"@type\":\"ImageObject\",\"inLanguage\":\"en-US\",\"@id\":\"https:\\\/\\\/secure.gravatar.com\\\/avatar\\\/d569857c07d3899c6ca842ffea32daa1672c05549833530fe37e68ae7b521ba4?s=96&d=mm&r=g\",\"url\":\"https:\\\/\\\/secure.gravatar.com\\\/avatar\\\/d569857c07d3899c6ca842ffea32daa1672c05549833530fe37e68ae7b521ba4?s=96&d=mm&r=g\",\"contentUrl\":\"https:\\\/\\\/secure.gravatar.com\\\/avatar\\\/d569857c07d3899c6ca842ffea32daa1672c05549833530fe37e68ae7b521ba4?s=96&d=mm&r=g\",\"caption\":\"Amos Nabizo\"},\"sameAs\":[\"https:\\\/\\\/www.letsportsrock.com\\\/wp-admin\\\/\"],\"url\":\"https:\\\/\\\/www.letsportsrock.com\\\/?author=15\"}]}<\/script>\n<!-- \/ Yoast SEO plugin. -->","yoast_head_json":{"title":"Aten\u021bie, FCSB! Rivala din Superlig\u0103 l-a contactat pe fotbalistul ro\u0219-alba\u0219trilor: \u201dAm luat leg\u0103tura cu el, am discutat!\u201d....","description":"Aten\u021bie, FCSB! Rivala din Superlig\u0103 l-a contactat pe fotbalistul ro\u0219-alba\u0219trilor: \u201dAm luat leg\u0103tura cu el, am discutat!\u201d....","robots":{"index":"index","follow":"follow","max-snippet":"max-snippet:-1","max-image-preview":"max-image-preview:large","max-video-preview":"max-video-preview:-1"},"canonical":"https:\/\/www.letsportsrock.com\/?p=55636","og_locale":"en_US","og_type":"article","og_title":"Aten\u021bie, FCSB! Rivala din Superlig\u0103 l-a contactat pe fotbalistul ro\u0219-alba\u0219trilor: \u201dAm luat leg\u0103tura cu el, am discutat!\u201d....","og_description":"Aten\u021bie, FCSB! Rivala din Superlig\u0103 l-a contactat pe fotbalistul ro\u0219-alba\u0219trilor: \u201dAm luat leg\u0103tura cu el, am discutat!\u201d....","og_url":"https:\/\/www.letsportsrock.com\/?p=55636","og_site_name":"letsportsrock","article_published_time":"2025-07-20T23:16:34+00:00","og_image":[{"width":739,"height":415,"url":"https:\/\/www.letsportsrock.com\/wp-content\/uploads\/2025\/07\/images-45-2.jpeg","type":"image\/jpeg"}],"author":"Amos Nabizo","twitter_card":"summary_large_image","twitter_misc":{"Written by":"Amos Nabizo","Est. reading time":"2 minutes"},"schema":{"@context":"https:\/\/schema.org","@graph":[{"@type":"Article","@id":"https:\/\/www.letsportsrock.com\/?p=55636#article","isPartOf":{"@id":"https:\/\/www.letsportsrock.com\/?p=55636"},"author":{"name":"Amos Nabizo","@id":"https:\/\/www.letsportsrock.com\/#\/schema\/person\/044479f72bdbd75f9523e745d3be6c30"},"headline":"Aten\u021bie, FCSB! Rivala din Superlig\u0103 l-a contactat pe fotbalistul ro\u0219-alba\u0219trilor: \u201dAm luat leg\u0103tura cu el, am discutat!\u201d&#8230;.","datePublished":"2025-07-20T23:16:34+00:00","mainEntityOfPage":{"@id":"https:\/\/www.letsportsrock.com\/?p=55636"},"wordCount":224,"commentCount":0,"image":{"@id":"https:\/\/www.letsportsrock.com\/?p=55636#primaryimage"},"thumbnailUrl":"https:\/\/www.letsportsrock.com\/wp-content\/uploads\/2025\/07\/images-45-2.jpeg","keywords":["FCSB"],"inLanguage":"en-US","potentialAction":[{"@type":"CommentAction","name":"Comment","target":["https:\/\/www.letsportsrock.com\/?p=55636#respond"]}]},{"@type":"WebPage","@id":"https:\/\/www.letsportsrock.com\/?p=55636","url":"https:\/\/www.letsportsrock.com\/?p=55636","name":"Aten\u021bie, FCSB! Rivala din Superlig\u0103 l-a contactat pe fotbalistul ro\u0219-alba\u0219trilor: \u201dAm luat leg\u0103tura cu el, am discutat!\u201d....","isPartOf":{"@id":"https:\/\/www.letsportsrock.com\/#website"},"primaryImageOfPage":{"@id":"https:\/\/www.letsportsrock.com\/?p=55636#primaryimage"},"image":{"@id":"https:\/\/www.letsportsrock.com\/?p=55636#primaryimage"},"thumbnailUrl":"https:\/\/www.letsportsrock.com\/wp-content\/uploads\/2025\/07\/images-45-2.jpeg","datePublished":"2025-07-20T23:16:34+00:00","author":{"@id":"https:\/\/www.letsportsrock.com\/#\/schema\/person\/044479f72bdbd75f9523e745d3be6c30"},"description":"Aten\u021bie, FCSB! Rivala din Superlig\u0103 l-a contactat pe fotbalistul ro\u0219-alba\u0219trilor: \u201dAm luat leg\u0103tura cu el, am discutat!\u201d....","breadcrumb":{"@id":"https:\/\/www.letsportsrock.com\/?p=55636#breadcrumb"},"inLanguage":"en-US","potentialAction":[{"@type":"ReadAction","target":["https:\/\/www.letsportsrock.com\/?p=55636"]}]},{"@type":"ImageObject","inLanguage":"en-US","@id":"https:\/\/www.letsportsrock.com\/?p=55636#primaryimage","url":"https:\/\/www.letsportsrock.com\/wp-content\/uploads\/2025\/07\/images-45-2.jpeg","contentUrl":"https:\/\/www.letsportsrock.com\/wp-content\/uploads\/2025\/07\/images-45-2.jpeg","width":739,"height":415},{"@type":"BreadcrumbList","@id":"https:\/\/www.letsportsrock.com\/?p=55636#breadcrumb","itemListElement":[{"@type":"ListItem","position":1,"name":"Home","item":"https:\/\/www.letsportsrock.com\/"},{"@type":"ListItem","position":2,"name":"Aten\u021bie, FCSB! Rivala din Superlig\u0103 l-a contactat pe fotbalistul ro\u0219-alba\u0219trilor: \u201dAm luat leg\u0103tura cu el, am discutat!\u201d&#8230;."}]},{"@type":"WebSite","@id":"https:\/\/www.letsportsrock.com\/#website","url":"https:\/\/www.letsportsrock.com\/","name":"letsportsrock","description":"Sport News and Updates","potentialAction":[{"@type":"SearchAction","target":{"@type":"EntryPoint","urlTemplate":"https:\/\/www.letsportsrock.com\/?s={search_term_string}"},"query-input":{"@type":"PropertyValueSpecification","valueRequired":true,"valueName":"search_term_string"}}],"inLanguage":"en-US"},{"@type":"Person","@id":"https:\/\/www.letsportsrock.com\/#\/schema\/person\/044479f72bdbd75f9523e745d3be6c30","name":"Amos Nabizo","image":{"@type":"ImageObject","inLanguage":"en-US","@id":"https:\/\/secure.gravatar.com\/avatar\/d569857c07d3899c6ca842ffea32daa1672c05549833530fe37e68ae7b521ba4?s=96&d=mm&r=g","url":"https:\/\/secure.gravatar.com\/avatar\/d569857c07d3899c6ca842ffea32daa1672c05549833530fe37e68ae7b521ba4?s=96&d=mm&r=g","contentUrl":"https:\/\/secure.gravatar.com\/avatar\/d569857c07d3899c6ca842ffea32daa1672c05549833530fe37e68ae7b521ba4?s=96&d=mm&r=g","caption":"Amos Nabizo"},"sameAs":["https:\/\/www.letsportsrock.com\/wp-admin\/"],"url":"https:\/\/www.letsportsrock.com\/?author=15"}]}},"jetpack_featured_media_url":"https:\/\/www.letsportsrock.com\/wp-content\/uploads\/2025\/07\/images-45-2.jpeg","jetpack_sharing_enabled":true,"_links":{"self":[{"href":"https:\/\/www.letsportsrock.com\/index.php?rest_route=\/wp\/v2\/posts\/55636","targetHints":{"allow":["GET"]}}],"collection":[{"href":"https:\/\/www.letsportsrock.com\/index.php?rest_route=\/wp\/v2\/posts"}],"about":[{"href":"https:\/\/www.letsportsrock.com\/index.php?rest_route=\/wp\/v2\/types\/post"}],"author":[{"embeddable":true,"href":"https:\/\/www.letsportsrock.com\/index.php?rest_route=\/wp\/v2\/users\/15"}],"replies":[{"embeddable":true,"href":"https:\/\/www.letsportsrock.com\/index.php?rest_route=%2Fwp%2Fv2%2Fcomments&post=55636"}],"version-history":[{"count":1,"href":"https:\/\/www.letsportsrock.com\/index.php?rest_route=\/wp\/v2\/posts\/55636\/revisions"}],"predecessor-version":[{"id":55640,"href":"https:\/\/www.letsportsrock.com\/index.php?rest_route=\/wp\/v2\/posts\/55636\/revisions\/55640"}],"wp:featuredmedia":[{"embeddable":true,"href":"https:\/\/www.letsportsrock.com\/index.php?rest_route=\/wp\/v2\/media\/55637"}],"wp:attachment":[{"href":"https:\/\/www.letsportsrock.com\/index.php?rest_route=%2Fwp%2Fv2%2Fmedia&parent=55636"}],"wp:term":[{"taxonomy":"category","embeddable":true,"href":"https:\/\/www.letsportsrock.com\/index.php?rest_route=%2Fwp%2Fv2%2Fcategories&post=55636"},{"taxonomy":"post_tag","embeddable":true,"href":"https:\/\/www.letsportsrock.com\/index.php?rest_route=%2Fwp%2Fv2%2Ftags&post=55636"}],"curies":[{"name":"wp","href":"https:\/\/api.w.org\/{rel}","templated":true}]}}