{"id":55801,"date":"2025-07-21T22:17:32","date_gmt":"2025-07-21T22:17:32","guid":{"rendered":"https:\/\/www.letsportsrock.com\/?p=55801"},"modified":"2025-07-21T22:17:32","modified_gmt":"2025-07-21T22:17:32","slug":"tensiuni-mari-la-rapid-foto-doi-jucatori-ai-giulestenilor-s-au-contrat-pe-marginea-terenului-care-a-fost-motivul","status":"publish","type":"post","link":"https:\/\/www.letsportsrock.com\/?p=55801","title":{"rendered":"Tensiuni mari la Rapid FOTO: Doi juc\u0103tori ai giule\u0219tenilor s-au contrat pe marginea terenului . Care a fost motivul&#8230;."},"content":{"rendered":"<div class=\"d79db4796efc26332eabfc3f5dafbc76\" data-index=\"1\" style=\"float: none; margin:10px 0 10px 0; text-align:center;\">\n<div class=\"hb-ad-inarticle\">\r\n    <div class=\"hb-ad-inner\"> \r\n    <div class=\"hbagency_cls\"  id=\"hbagency_space_111930\"><\/div><\/div> <\/div>\n<\/div>\n<p>Tensiuni mari la Rapid FOTO: Doi juc\u0103tori ai giule\u0219tenilor s-au contrat pe marginea terenului . Care a fost motivul&#8230;.<\/p>\n<p>&nbsp;<\/p>\n<p>Tensiuni mari la Rapid! Doi juc\u0103tori ai giule\u0219tenilor au fost surprin\u0219i \u00een mijlocul unui conflict chiar pe marginea terenului, \u00eentr-un moment tensionat care nu a trecut neobservat de camerele de luat vederi.<\/p>\n<p><img loading=\"lazy\" decoding=\"async\" class=\"alignnone size-medium wp-image-55803\" src=\"https:\/\/www.letsportsrock.com\/wp-content\/uploads\/2025\/07\/images-61-3-300x200.jpeg\" alt=\"\" width=\"300\" height=\"200\" srcset=\"https:\/\/www.letsportsrock.com\/wp-content\/uploads\/2025\/07\/images-61-3-300x200.jpeg 300w, https:\/\/www.letsportsrock.com\/wp-content\/uploads\/2025\/07\/images-61-3.jpeg 679w\" sizes=\"auto, (max-width: 300px) 100vw, 300px\" \/><\/p>\n<p>Totul s-a petrecut \u00een timpul meciului Rapid &#8211; CFR Cluj, \u00eencheiat 1-1, c\u00e2nd Doru Dobre \u0219i Paul Iacob s-au contrat verbal dup\u0103 o faz\u0103 defensiv\u0103 tratat\u0103 superficial. Cei doi \u0219i-au aruncat repro\u0219uri dure, iar tonul ridicat \u0219i gesturile nervoase au tr\u0103dat frustrarea acumulat\u0103.<\/p>\n<p>&nbsp;<\/p>\n<p>Conform unor surse din cadrul clubului, motivul ar fi fost o ne\u00een\u021belegere legat\u0103 de marcajul la fazele fixe. Dobre i-ar fi repro\u0219at lui Iacob lipsa de implicare, iar acesta nu a acceptat criticile. Conflictul a fost aplanat rapid de colegi, dar atmosfera tensionat\u0103 a continuat \u0219i la vestiare.<\/p>\n<p>&nbsp;<\/p>\n<p>Antrenorul Cristiano Bergodi nu a dorit s\u0103 comenteze incidentul \u00een conferin\u021ba de pres\u0103, spun\u00e2nd doar: \u201eSunt b\u0103ie\u021bi care \u00ee\u0219i doresc mult victoria, dar trebuie s\u0103 \u00eenve\u021be s\u0103 gestioneze mai bine emo\u021biile.\u201d<\/p>\n\n<div style=\"font-size: 0px; height: 0px; line-height: 0px; margin: 0; padding: 0; clear: both;\"><\/div>","protected":false},"excerpt":{"rendered":"<p>Tensiuni mari la Rapid FOTO: Doi juc\u0103tori ai giule\u0219tenilor s-au contrat pe marginea terenului . Care a fost motivul&#8230;. &nbsp; Tensiuni mari la Rapid! Doi juc\u0103tori ai giule\u0219tenilor au fost surprin\u0219i \u00een mijlocul unui conflict chiar pe marginea terenului, \u00eentr-un moment tensionat care nu a trecut neobservat de camerele de luat vederi. Totul s-a petrecut [&hellip;]<\/p>\n","protected":false},"author":15,"featured_media":55802,"comment_status":"open","ping_status":"open","sticky":false,"template":"","format":"standard","meta":{"_jetpack_memberships_contains_paid_content":false,"footnotes":""},"categories":[1],"tags":[264],"class_list":["post-55801","post","type-post","status-publish","format-standard","has-post-thumbnail","hentry","category-uncategorized","tag-fcsb"],"yoast_head":"<!-- This site is optimized with the Yoast SEO plugin v27.4 - https:\/\/yoast.com\/product\/yoast-seo-wordpress\/ -->\n<title>Tensiuni mari la Rapid FOTO: Doi juc\u0103tori ai giule\u0219tenilor s-au contrat pe marginea terenului . Care a fost motivul....<\/title>\n<meta name=\"description\" content=\"Tensiuni mari la Rapid FOTO: Doi juc\u0103tori ai giule\u0219tenilor s-au contrat pe marginea terenului . Care a fost motivul....\" \/>\n<meta name=\"robots\" content=\"index, follow, max-snippet:-1, max-image-preview:large, max-video-preview:-1\" \/>\n<link rel=\"canonical\" href=\"https:\/\/www.letsportsrock.com\/?p=55801\" \/>\n<meta property=\"og:locale\" content=\"en_US\" \/>\n<meta property=\"og:type\" content=\"article\" \/>\n<meta property=\"og:title\" content=\"Tensiuni mari la Rapid FOTO: Doi juc\u0103tori ai giule\u0219tenilor s-au contrat pe marginea terenului . Care a fost motivul....\" \/>\n<meta property=\"og:description\" content=\"Tensiuni mari la Rapid FOTO: Doi juc\u0103tori ai giule\u0219tenilor s-au contrat pe marginea terenului . Care a fost motivul....\" \/>\n<meta property=\"og:url\" content=\"https:\/\/www.letsportsrock.com\/?p=55801\" \/>\n<meta property=\"og:site_name\" content=\"letsportsrock\" \/>\n<meta property=\"article:published_time\" content=\"2025-07-21T22:17:32+00:00\" \/>\n<meta property=\"og:image\" content=\"https:\/\/www.letsportsrock.com\/wp-content\/uploads\/2025\/07\/images-60-4.jpeg\" \/>\n\t<meta property=\"og:image:width\" content=\"554\" \/>\n\t<meta property=\"og:image:height\" content=\"554\" \/>\n\t<meta property=\"og:image:type\" content=\"image\/jpeg\" \/>\n<meta name=\"author\" content=\"Amos Nabizo\" \/>\n<meta name=\"twitter:card\" content=\"summary_large_image\" \/>\n<meta name=\"twitter:label1\" content=\"Written by\" \/>\n\t<meta name=\"twitter:data1\" content=\"Amos Nabizo\" \/>\n\t<meta name=\"twitter:label2\" content=\"Est. reading time\" \/>\n\t<meta name=\"twitter:data2\" content=\"2 minutes\" \/>\n<script type=\"application\/ld+json\" class=\"yoast-schema-graph\">{\"@context\":\"https:\\\/\\\/schema.org\",\"@graph\":[{\"@type\":\"Article\",\"@id\":\"https:\\\/\\\/www.letsportsrock.com\\\/?p=55801#article\",\"isPartOf\":{\"@id\":\"https:\\\/\\\/www.letsportsrock.com\\\/?p=55801\"},\"author\":{\"name\":\"Amos Nabizo\",\"@id\":\"https:\\\/\\\/www.letsportsrock.com\\\/#\\\/schema\\\/person\\\/044479f72bdbd75f9523e745d3be6c30\"},\"headline\":\"Tensiuni mari la Rapid FOTO: Doi juc\u0103tori ai giule\u0219tenilor s-au contrat pe marginea terenului . Care a fost motivul&#8230;.\",\"datePublished\":\"2025-07-21T22:17:32+00:00\",\"mainEntityOfPage\":{\"@id\":\"https:\\\/\\\/www.letsportsrock.com\\\/?p=55801\"},\"wordCount\":212,\"commentCount\":0,\"image\":{\"@id\":\"https:\\\/\\\/www.letsportsrock.com\\\/?p=55801#primaryimage\"},\"thumbnailUrl\":\"https:\\\/\\\/www.letsportsrock.com\\\/wp-content\\\/uploads\\\/2025\\\/07\\\/images-60-4.jpeg\",\"keywords\":[\"FCSB\"],\"inLanguage\":\"en-US\",\"potentialAction\":[{\"@type\":\"CommentAction\",\"name\":\"Comment\",\"target\":[\"https:\\\/\\\/www.letsportsrock.com\\\/?p=55801#respond\"]}]},{\"@type\":\"WebPage\",\"@id\":\"https:\\\/\\\/www.letsportsrock.com\\\/?p=55801\",\"url\":\"https:\\\/\\\/www.letsportsrock.com\\\/?p=55801\",\"name\":\"Tensiuni mari la Rapid FOTO: Doi juc\u0103tori ai giule\u0219tenilor s-au contrat pe marginea terenului . Care a fost motivul....\",\"isPartOf\":{\"@id\":\"https:\\\/\\\/www.letsportsrock.com\\\/#website\"},\"primaryImageOfPage\":{\"@id\":\"https:\\\/\\\/www.letsportsrock.com\\\/?p=55801#primaryimage\"},\"image\":{\"@id\":\"https:\\\/\\\/www.letsportsrock.com\\\/?p=55801#primaryimage\"},\"thumbnailUrl\":\"https:\\\/\\\/www.letsportsrock.com\\\/wp-content\\\/uploads\\\/2025\\\/07\\\/images-60-4.jpeg\",\"datePublished\":\"2025-07-21T22:17:32+00:00\",\"author\":{\"@id\":\"https:\\\/\\\/www.letsportsrock.com\\\/#\\\/schema\\\/person\\\/044479f72bdbd75f9523e745d3be6c30\"},\"description\":\"Tensiuni mari la Rapid FOTO: Doi juc\u0103tori ai giule\u0219tenilor s-au contrat pe marginea terenului . Care a fost motivul....\",\"breadcrumb\":{\"@id\":\"https:\\\/\\\/www.letsportsrock.com\\\/?p=55801#breadcrumb\"},\"inLanguage\":\"en-US\",\"potentialAction\":[{\"@type\":\"ReadAction\",\"target\":[\"https:\\\/\\\/www.letsportsrock.com\\\/?p=55801\"]}]},{\"@type\":\"ImageObject\",\"inLanguage\":\"en-US\",\"@id\":\"https:\\\/\\\/www.letsportsrock.com\\\/?p=55801#primaryimage\",\"url\":\"https:\\\/\\\/www.letsportsrock.com\\\/wp-content\\\/uploads\\\/2025\\\/07\\\/images-60-4.jpeg\",\"contentUrl\":\"https:\\\/\\\/www.letsportsrock.com\\\/wp-content\\\/uploads\\\/2025\\\/07\\\/images-60-4.jpeg\",\"width\":554,\"height\":554},{\"@type\":\"BreadcrumbList\",\"@id\":\"https:\\\/\\\/www.letsportsrock.com\\\/?p=55801#breadcrumb\",\"itemListElement\":[{\"@type\":\"ListItem\",\"position\":1,\"name\":\"Home\",\"item\":\"https:\\\/\\\/www.letsportsrock.com\\\/\"},{\"@type\":\"ListItem\",\"position\":2,\"name\":\"Tensiuni mari la Rapid FOTO: Doi juc\u0103tori ai giule\u0219tenilor s-au contrat pe marginea terenului . Care a fost motivul&#8230;.\"}]},{\"@type\":\"WebSite\",\"@id\":\"https:\\\/\\\/www.letsportsrock.com\\\/#website\",\"url\":\"https:\\\/\\\/www.letsportsrock.com\\\/\",\"name\":\"letsportsrock\",\"description\":\"Sport News and Updates\",\"potentialAction\":[{\"@type\":\"SearchAction\",\"target\":{\"@type\":\"EntryPoint\",\"urlTemplate\":\"https:\\\/\\\/www.letsportsrock.com\\\/?s={search_term_string}\"},\"query-input\":{\"@type\":\"PropertyValueSpecification\",\"valueRequired\":true,\"valueName\":\"search_term_string\"}}],\"inLanguage\":\"en-US\"},{\"@type\":\"Person\",\"@id\":\"https:\\\/\\\/www.letsportsrock.com\\\/#\\\/schema\\\/person\\\/044479f72bdbd75f9523e745d3be6c30\",\"name\":\"Amos Nabizo\",\"image\":{\"@type\":\"ImageObject\",\"inLanguage\":\"en-US\",\"@id\":\"https:\\\/\\\/secure.gravatar.com\\\/avatar\\\/d569857c07d3899c6ca842ffea32daa1672c05549833530fe37e68ae7b521ba4?s=96&d=mm&r=g\",\"url\":\"https:\\\/\\\/secure.gravatar.com\\\/avatar\\\/d569857c07d3899c6ca842ffea32daa1672c05549833530fe37e68ae7b521ba4?s=96&d=mm&r=g\",\"contentUrl\":\"https:\\\/\\\/secure.gravatar.com\\\/avatar\\\/d569857c07d3899c6ca842ffea32daa1672c05549833530fe37e68ae7b521ba4?s=96&d=mm&r=g\",\"caption\":\"Amos Nabizo\"},\"sameAs\":[\"https:\\\/\\\/www.letsportsrock.com\\\/wp-admin\\\/\"],\"url\":\"https:\\\/\\\/www.letsportsrock.com\\\/?author=15\"}]}<\/script>\n<!-- \/ Yoast SEO plugin. -->","yoast_head_json":{"title":"Tensiuni mari la Rapid FOTO: Doi juc\u0103tori ai giule\u0219tenilor s-au contrat pe marginea terenului . Care a fost motivul....","description":"Tensiuni mari la Rapid FOTO: Doi juc\u0103tori ai giule\u0219tenilor s-au contrat pe marginea terenului . Care a fost motivul....","robots":{"index":"index","follow":"follow","max-snippet":"max-snippet:-1","max-image-preview":"max-image-preview:large","max-video-preview":"max-video-preview:-1"},"canonical":"https:\/\/www.letsportsrock.com\/?p=55801","og_locale":"en_US","og_type":"article","og_title":"Tensiuni mari la Rapid FOTO: Doi juc\u0103tori ai giule\u0219tenilor s-au contrat pe marginea terenului . Care a fost motivul....","og_description":"Tensiuni mari la Rapid FOTO: Doi juc\u0103tori ai giule\u0219tenilor s-au contrat pe marginea terenului . Care a fost motivul....","og_url":"https:\/\/www.letsportsrock.com\/?p=55801","og_site_name":"letsportsrock","article_published_time":"2025-07-21T22:17:32+00:00","og_image":[{"width":554,"height":554,"url":"https:\/\/www.letsportsrock.com\/wp-content\/uploads\/2025\/07\/images-60-4.jpeg","type":"image\/jpeg"}],"author":"Amos Nabizo","twitter_card":"summary_large_image","twitter_misc":{"Written by":"Amos Nabizo","Est. reading time":"2 minutes"},"schema":{"@context":"https:\/\/schema.org","@graph":[{"@type":"Article","@id":"https:\/\/www.letsportsrock.com\/?p=55801#article","isPartOf":{"@id":"https:\/\/www.letsportsrock.com\/?p=55801"},"author":{"name":"Amos Nabizo","@id":"https:\/\/www.letsportsrock.com\/#\/schema\/person\/044479f72bdbd75f9523e745d3be6c30"},"headline":"Tensiuni mari la Rapid FOTO: Doi juc\u0103tori ai giule\u0219tenilor s-au contrat pe marginea terenului . Care a fost motivul&#8230;.","datePublished":"2025-07-21T22:17:32+00:00","mainEntityOfPage":{"@id":"https:\/\/www.letsportsrock.com\/?p=55801"},"wordCount":212,"commentCount":0,"image":{"@id":"https:\/\/www.letsportsrock.com\/?p=55801#primaryimage"},"thumbnailUrl":"https:\/\/www.letsportsrock.com\/wp-content\/uploads\/2025\/07\/images-60-4.jpeg","keywords":["FCSB"],"inLanguage":"en-US","potentialAction":[{"@type":"CommentAction","name":"Comment","target":["https:\/\/www.letsportsrock.com\/?p=55801#respond"]}]},{"@type":"WebPage","@id":"https:\/\/www.letsportsrock.com\/?p=55801","url":"https:\/\/www.letsportsrock.com\/?p=55801","name":"Tensiuni mari la Rapid FOTO: Doi juc\u0103tori ai giule\u0219tenilor s-au contrat pe marginea terenului . Care a fost motivul....","isPartOf":{"@id":"https:\/\/www.letsportsrock.com\/#website"},"primaryImageOfPage":{"@id":"https:\/\/www.letsportsrock.com\/?p=55801#primaryimage"},"image":{"@id":"https:\/\/www.letsportsrock.com\/?p=55801#primaryimage"},"thumbnailUrl":"https:\/\/www.letsportsrock.com\/wp-content\/uploads\/2025\/07\/images-60-4.jpeg","datePublished":"2025-07-21T22:17:32+00:00","author":{"@id":"https:\/\/www.letsportsrock.com\/#\/schema\/person\/044479f72bdbd75f9523e745d3be6c30"},"description":"Tensiuni mari la Rapid FOTO: Doi juc\u0103tori ai giule\u0219tenilor s-au contrat pe marginea terenului . Care a fost motivul....","breadcrumb":{"@id":"https:\/\/www.letsportsrock.com\/?p=55801#breadcrumb"},"inLanguage":"en-US","potentialAction":[{"@type":"ReadAction","target":["https:\/\/www.letsportsrock.com\/?p=55801"]}]},{"@type":"ImageObject","inLanguage":"en-US","@id":"https:\/\/www.letsportsrock.com\/?p=55801#primaryimage","url":"https:\/\/www.letsportsrock.com\/wp-content\/uploads\/2025\/07\/images-60-4.jpeg","contentUrl":"https:\/\/www.letsportsrock.com\/wp-content\/uploads\/2025\/07\/images-60-4.jpeg","width":554,"height":554},{"@type":"BreadcrumbList","@id":"https:\/\/www.letsportsrock.com\/?p=55801#breadcrumb","itemListElement":[{"@type":"ListItem","position":1,"name":"Home","item":"https:\/\/www.letsportsrock.com\/"},{"@type":"ListItem","position":2,"name":"Tensiuni mari la Rapid FOTO: Doi juc\u0103tori ai giule\u0219tenilor s-au contrat pe marginea terenului . Care a fost motivul&#8230;."}]},{"@type":"WebSite","@id":"https:\/\/www.letsportsrock.com\/#website","url":"https:\/\/www.letsportsrock.com\/","name":"letsportsrock","description":"Sport News and Updates","potentialAction":[{"@type":"SearchAction","target":{"@type":"EntryPoint","urlTemplate":"https:\/\/www.letsportsrock.com\/?s={search_term_string}"},"query-input":{"@type":"PropertyValueSpecification","valueRequired":true,"valueName":"search_term_string"}}],"inLanguage":"en-US"},{"@type":"Person","@id":"https:\/\/www.letsportsrock.com\/#\/schema\/person\/044479f72bdbd75f9523e745d3be6c30","name":"Amos Nabizo","image":{"@type":"ImageObject","inLanguage":"en-US","@id":"https:\/\/secure.gravatar.com\/avatar\/d569857c07d3899c6ca842ffea32daa1672c05549833530fe37e68ae7b521ba4?s=96&d=mm&r=g","url":"https:\/\/secure.gravatar.com\/avatar\/d569857c07d3899c6ca842ffea32daa1672c05549833530fe37e68ae7b521ba4?s=96&d=mm&r=g","contentUrl":"https:\/\/secure.gravatar.com\/avatar\/d569857c07d3899c6ca842ffea32daa1672c05549833530fe37e68ae7b521ba4?s=96&d=mm&r=g","caption":"Amos Nabizo"},"sameAs":["https:\/\/www.letsportsrock.com\/wp-admin\/"],"url":"https:\/\/www.letsportsrock.com\/?author=15"}]}},"jetpack_featured_media_url":"https:\/\/www.letsportsrock.com\/wp-content\/uploads\/2025\/07\/images-60-4.jpeg","jetpack_sharing_enabled":true,"_links":{"self":[{"href":"https:\/\/www.letsportsrock.com\/index.php?rest_route=\/wp\/v2\/posts\/55801","targetHints":{"allow":["GET"]}}],"collection":[{"href":"https:\/\/www.letsportsrock.com\/index.php?rest_route=\/wp\/v2\/posts"}],"about":[{"href":"https:\/\/www.letsportsrock.com\/index.php?rest_route=\/wp\/v2\/types\/post"}],"author":[{"embeddable":true,"href":"https:\/\/www.letsportsrock.com\/index.php?rest_route=\/wp\/v2\/users\/15"}],"replies":[{"embeddable":true,"href":"https:\/\/www.letsportsrock.com\/index.php?rest_route=%2Fwp%2Fv2%2Fcomments&post=55801"}],"version-history":[{"count":1,"href":"https:\/\/www.letsportsrock.com\/index.php?rest_route=\/wp\/v2\/posts\/55801\/revisions"}],"predecessor-version":[{"id":55804,"href":"https:\/\/www.letsportsrock.com\/index.php?rest_route=\/wp\/v2\/posts\/55801\/revisions\/55804"}],"wp:featuredmedia":[{"embeddable":true,"href":"https:\/\/www.letsportsrock.com\/index.php?rest_route=\/wp\/v2\/media\/55802"}],"wp:attachment":[{"href":"https:\/\/www.letsportsrock.com\/index.php?rest_route=%2Fwp%2Fv2%2Fmedia&parent=55801"}],"wp:term":[{"taxonomy":"category","embeddable":true,"href":"https:\/\/www.letsportsrock.com\/index.php?rest_route=%2Fwp%2Fv2%2Fcategories&post=55801"},{"taxonomy":"post_tag","embeddable":true,"href":"https:\/\/www.letsportsrock.com\/index.php?rest_route=%2Fwp%2Fv2%2Ftags&post=55801"}],"curies":[{"name":"wp","href":"https:\/\/api.w.org\/{rel}","templated":true}]}}