{"id":56208,"date":"2025-07-23T17:57:39","date_gmt":"2025-07-23T17:57:39","guid":{"rendered":"https:\/\/www.letsportsrock.com\/?p=56208"},"modified":"2025-07-23T17:57:39","modified_gmt":"2025-07-23T17:57:39","slug":"ma-intorc-fostul-star-al-fcsb-florinel-coman-a-decis-sa-revina-dupa-plecarea-lui-florin-tanase-din-cauza-unei-neintelegeri","status":"publish","type":"post","link":"https:\/\/www.letsportsrock.com\/?p=56208","title":{"rendered":"\u201eM\u0103 \u00eentorc\u201d: Fostul star al FCSB, Florinel Coman, a decis s\u0103 revin\u0103 dup\u0103 plecarea lui Florin T\u0103nase din cauza unei ne\u00een\u021belegeri\u2026"},"content":{"rendered":"<div class=\"d79db4796efc26332eabfc3f5dafbc76\" data-index=\"1\" style=\"float: none; margin:10px 0 10px 0; text-align:center;\">\n<div class=\"hb-ad-inarticle\">\r\n    <div class=\"hb-ad-inner\"> \r\n    <div class=\"hbagency_cls\"  id=\"hbagency_space_111930\"><\/div><\/div> <\/div>\n<\/div>\n<p>\u201eM\u0103 \u00eentorc\u201d: Florinel Coman revine la FCSB dup\u0103 plecarea lui Florin T\u0103nase<\/p>\n<p>Florinel Coman, fostul star al celor de la FCSB, a anun\u021bat oficial c\u0103 revine la echipa patronat\u0103 de Gigi Becali, dup\u0103 o perioad\u0103 de incertitudine \u0219i tensiuni. Decizia vine pe fondul plec\u0103rii lui Florin T\u0103nase, juc\u0103tor cu care Coman ar fi avut o rela\u021bie tensionat\u0103, alimentat\u0103 de ne\u00een\u021belegeri legate de statutul din vestiar \u0219i rolul din echip\u0103.<\/p>\n<p><img loading=\"lazy\" decoding=\"async\" class=\"alignnone size-medium wp-image-56209\" src=\"https:\/\/www.letsportsrock.com\/wp-content\/uploads\/2025\/07\/images-108-300x169.jpeg\" alt=\"\" width=\"300\" height=\"169\" srcset=\"https:\/\/www.letsportsrock.com\/wp-content\/uploads\/2025\/07\/images-108-300x169.jpeg 300w, https:\/\/www.letsportsrock.com\/wp-content\/uploads\/2025\/07\/images-108.jpeg 737w\" sizes=\"auto, (max-width: 300px) 100vw, 300px\" \/><\/p>\n<p>\u201eM\u0103 \u00eentorc pentru c\u0103 FCSB este casa mea\u201d, a declarat Coman, \u00eentr-un interviu acordat presei. \u201eA fost o perioad\u0103 dificil\u0103, \u00een care am sim\u021bit c\u0103 trebuie s\u0103 m\u0103 retrag pentru a-mi reg\u0103si echilibrul. Dar acum lucrurile s-au schimbat, echipa are nevoie de mine, iar eu sunt gata s\u0103 dau totul.\u201d<\/p>\n<p>Surse apropiate clubului spun c\u0103 T\u0103nase \u0219i Coman nu reu\u0219eau s\u0103 colaboreze eficient pe teren, iar \u00een afara acestuia, comunicarea era \u0219i mai dificil\u0103. Dup\u0103 transferul lui T\u0103nase \u00een str\u0103in\u0103tate, conducerea FCSB l-a contactat imediat pe Coman, iar negocierile s-au \u00eencheiat rapid.<\/p>\n<p>Revenirea sa este privit\u0103 cu entuziasm de suporteri, care sper\u0103 c\u0103 prezen\u021ba lui Coman va readuce creativitatea \u0219i for\u021ba ofensiv\u0103 de care echipa are nevoie pentru a cuceri titlul.<\/p>\n\n<div style=\"font-size: 0px; height: 0px; line-height: 0px; margin: 0; padding: 0; clear: both;\"><\/div>","protected":false},"excerpt":{"rendered":"<p>\u201eM\u0103 \u00eentorc\u201d: Florinel Coman revine la FCSB dup\u0103 plecarea lui Florin T\u0103nase Florinel Coman, fostul star al celor de la FCSB, a anun\u021bat oficial c\u0103 revine la echipa patronat\u0103 de Gigi Becali, dup\u0103 o perioad\u0103 de incertitudine \u0219i tensiuni. Decizia vine pe fondul plec\u0103rii lui Florin T\u0103nase, juc\u0103tor cu care Coman ar fi avut o [&hellip;]<\/p>\n","protected":false},"author":19,"featured_media":56210,"comment_status":"open","ping_status":"open","sticky":false,"template":"","format":"standard","meta":{"_jetpack_memberships_contains_paid_content":false,"footnotes":""},"categories":[276],"tags":[264],"class_list":["post-56208","post","type-post","status-publish","format-standard","has-post-thumbnail","hentry","category-fcsb","tag-fcsb"],"yoast_head":"<!-- This site is optimized with the Yoast SEO plugin v27.4 - https:\/\/yoast.com\/product\/yoast-seo-wordpress\/ -->\n<title>\u201eM\u0103 \u00eentorc\u201d: Fostul star al FCSB, Florinel Coman, a decis s\u0103 revin\u0103 dup\u0103 plecarea lui Florin T\u0103nase din cauza unei ne\u00een\u021belegeri\u2026<\/title>\n<meta name=\"description\" content=\"\u201eM\u0103 \u00eentorc\u201d: Fostul star al FCSB, Florinel Coman, a decis s\u0103 revin\u0103 dup\u0103 plecarea lui Florin T\u0103nase din cauza unei ne\u00een\u021belegeri\u2026\" \/>\n<meta name=\"robots\" content=\"index, follow, max-snippet:-1, max-image-preview:large, max-video-preview:-1\" \/>\n<link rel=\"canonical\" href=\"https:\/\/www.letsportsrock.com\/?p=56208\" \/>\n<meta property=\"og:locale\" content=\"en_US\" \/>\n<meta property=\"og:type\" content=\"article\" \/>\n<meta property=\"og:title\" content=\"\u201eM\u0103 \u00eentorc\u201d: Fostul star al FCSB, Florinel Coman, a decis s\u0103 revin\u0103 dup\u0103 plecarea lui Florin T\u0103nase din cauza unei ne\u00een\u021belegeri\u2026\" \/>\n<meta property=\"og:description\" content=\"\u201eM\u0103 \u00eentorc\u201d: Fostul star al FCSB, Florinel Coman, a decis s\u0103 revin\u0103 dup\u0103 plecarea lui Florin T\u0103nase din cauza unei ne\u00een\u021belegeri\u2026\" \/>\n<meta property=\"og:url\" content=\"https:\/\/www.letsportsrock.com\/?p=56208\" \/>\n<meta property=\"og:site_name\" content=\"letsportsrock\" \/>\n<meta property=\"article:published_time\" content=\"2025-07-23T17:57:39+00:00\" \/>\n<meta property=\"og:image\" content=\"https:\/\/www.letsportsrock.com\/wp-content\/uploads\/2025\/07\/images-1-10.jpeg\" \/>\n\t<meta property=\"og:image:width\" content=\"739\" \/>\n\t<meta property=\"og:image:height\" content=\"415\" \/>\n\t<meta property=\"og:image:type\" content=\"image\/jpeg\" \/>\n<meta name=\"author\" content=\"Benedict\" \/>\n<meta name=\"twitter:card\" content=\"summary_large_image\" \/>\n<meta name=\"twitter:label1\" content=\"Written by\" \/>\n\t<meta name=\"twitter:data1\" content=\"Benedict\" \/>\n\t<meta name=\"twitter:label2\" content=\"Est. reading time\" \/>\n\t<meta name=\"twitter:data2\" content=\"2 minutes\" \/>\n<script type=\"application\/ld+json\" class=\"yoast-schema-graph\">{\"@context\":\"https:\\\/\\\/schema.org\",\"@graph\":[{\"@type\":\"Article\",\"@id\":\"https:\\\/\\\/www.letsportsrock.com\\\/?p=56208#article\",\"isPartOf\":{\"@id\":\"https:\\\/\\\/www.letsportsrock.com\\\/?p=56208\"},\"author\":{\"name\":\"Benedict\",\"@id\":\"https:\\\/\\\/www.letsportsrock.com\\\/#\\\/schema\\\/person\\\/46ffa192b44abb5f73a64ac060b863c0\"},\"headline\":\"\u201eM\u0103 \u00eentorc\u201d: Fostul star al FCSB, Florinel Coman, a decis s\u0103 revin\u0103 dup\u0103 plecarea lui Florin T\u0103nase din cauza unei ne\u00een\u021belegeri\u2026\",\"datePublished\":\"2025-07-23T17:57:39+00:00\",\"mainEntityOfPage\":{\"@id\":\"https:\\\/\\\/www.letsportsrock.com\\\/?p=56208\"},\"wordCount\":231,\"commentCount\":0,\"image\":{\"@id\":\"https:\\\/\\\/www.letsportsrock.com\\\/?p=56208#primaryimage\"},\"thumbnailUrl\":\"https:\\\/\\\/www.letsportsrock.com\\\/wp-content\\\/uploads\\\/2025\\\/07\\\/images-1-10.jpeg\",\"keywords\":[\"FCSB\"],\"articleSection\":[\"FCSB\"],\"inLanguage\":\"en-US\",\"potentialAction\":[{\"@type\":\"CommentAction\",\"name\":\"Comment\",\"target\":[\"https:\\\/\\\/www.letsportsrock.com\\\/?p=56208#respond\"]}]},{\"@type\":\"WebPage\",\"@id\":\"https:\\\/\\\/www.letsportsrock.com\\\/?p=56208\",\"url\":\"https:\\\/\\\/www.letsportsrock.com\\\/?p=56208\",\"name\":\"\u201eM\u0103 \u00eentorc\u201d: Fostul star al FCSB, Florinel Coman, a decis s\u0103 revin\u0103 dup\u0103 plecarea lui Florin T\u0103nase din cauza unei ne\u00een\u021belegeri\u2026\",\"isPartOf\":{\"@id\":\"https:\\\/\\\/www.letsportsrock.com\\\/#website\"},\"primaryImageOfPage\":{\"@id\":\"https:\\\/\\\/www.letsportsrock.com\\\/?p=56208#primaryimage\"},\"image\":{\"@id\":\"https:\\\/\\\/www.letsportsrock.com\\\/?p=56208#primaryimage\"},\"thumbnailUrl\":\"https:\\\/\\\/www.letsportsrock.com\\\/wp-content\\\/uploads\\\/2025\\\/07\\\/images-1-10.jpeg\",\"datePublished\":\"2025-07-23T17:57:39+00:00\",\"author\":{\"@id\":\"https:\\\/\\\/www.letsportsrock.com\\\/#\\\/schema\\\/person\\\/46ffa192b44abb5f73a64ac060b863c0\"},\"description\":\"\u201eM\u0103 \u00eentorc\u201d: Fostul star al FCSB, Florinel Coman, a decis s\u0103 revin\u0103 dup\u0103 plecarea lui Florin T\u0103nase din cauza unei ne\u00een\u021belegeri\u2026\",\"breadcrumb\":{\"@id\":\"https:\\\/\\\/www.letsportsrock.com\\\/?p=56208#breadcrumb\"},\"inLanguage\":\"en-US\",\"potentialAction\":[{\"@type\":\"ReadAction\",\"target\":[\"https:\\\/\\\/www.letsportsrock.com\\\/?p=56208\"]}]},{\"@type\":\"ImageObject\",\"inLanguage\":\"en-US\",\"@id\":\"https:\\\/\\\/www.letsportsrock.com\\\/?p=56208#primaryimage\",\"url\":\"https:\\\/\\\/www.letsportsrock.com\\\/wp-content\\\/uploads\\\/2025\\\/07\\\/images-1-10.jpeg\",\"contentUrl\":\"https:\\\/\\\/www.letsportsrock.com\\\/wp-content\\\/uploads\\\/2025\\\/07\\\/images-1-10.jpeg\",\"width\":739,\"height\":415},{\"@type\":\"BreadcrumbList\",\"@id\":\"https:\\\/\\\/www.letsportsrock.com\\\/?p=56208#breadcrumb\",\"itemListElement\":[{\"@type\":\"ListItem\",\"position\":1,\"name\":\"Home\",\"item\":\"https:\\\/\\\/www.letsportsrock.com\\\/\"},{\"@type\":\"ListItem\",\"position\":2,\"name\":\"\u201eM\u0103 \u00eentorc\u201d: Fostul star al FCSB, Florinel Coman, a decis s\u0103 revin\u0103 dup\u0103 plecarea lui Florin T\u0103nase din cauza unei ne\u00een\u021belegeri\u2026\"}]},{\"@type\":\"WebSite\",\"@id\":\"https:\\\/\\\/www.letsportsrock.com\\\/#website\",\"url\":\"https:\\\/\\\/www.letsportsrock.com\\\/\",\"name\":\"letsportsrock\",\"description\":\"Sport News and Updates\",\"potentialAction\":[{\"@type\":\"SearchAction\",\"target\":{\"@type\":\"EntryPoint\",\"urlTemplate\":\"https:\\\/\\\/www.letsportsrock.com\\\/?s={search_term_string}\"},\"query-input\":{\"@type\":\"PropertyValueSpecification\",\"valueRequired\":true,\"valueName\":\"search_term_string\"}}],\"inLanguage\":\"en-US\"},{\"@type\":\"Person\",\"@id\":\"https:\\\/\\\/www.letsportsrock.com\\\/#\\\/schema\\\/person\\\/46ffa192b44abb5f73a64ac060b863c0\",\"name\":\"Benedict\",\"image\":{\"@type\":\"ImageObject\",\"inLanguage\":\"en-US\",\"@id\":\"https:\\\/\\\/secure.gravatar.com\\\/avatar\\\/91345136d4e2206293ebdc22304c65968887191f0b832cb181dd8965f4de256b?s=96&d=mm&r=g\",\"url\":\"https:\\\/\\\/secure.gravatar.com\\\/avatar\\\/91345136d4e2206293ebdc22304c65968887191f0b832cb181dd8965f4de256b?s=96&d=mm&r=g\",\"contentUrl\":\"https:\\\/\\\/secure.gravatar.com\\\/avatar\\\/91345136d4e2206293ebdc22304c65968887191f0b832cb181dd8965f4de256b?s=96&d=mm&r=g\",\"caption\":\"Benedict\"},\"sameAs\":[\"https:\\\/\\\/www.letsportsrock.com\\\/wp-admin\\\/\"],\"url\":\"https:\\\/\\\/www.letsportsrock.com\\\/?author=19\"}]}<\/script>\n<!-- \/ Yoast SEO plugin. -->","yoast_head_json":{"title":"\u201eM\u0103 \u00eentorc\u201d: Fostul star al FCSB, Florinel Coman, a decis s\u0103 revin\u0103 dup\u0103 plecarea lui Florin T\u0103nase din cauza unei ne\u00een\u021belegeri\u2026","description":"\u201eM\u0103 \u00eentorc\u201d: Fostul star al FCSB, Florinel Coman, a decis s\u0103 revin\u0103 dup\u0103 plecarea lui Florin T\u0103nase din cauza unei ne\u00een\u021belegeri\u2026","robots":{"index":"index","follow":"follow","max-snippet":"max-snippet:-1","max-image-preview":"max-image-preview:large","max-video-preview":"max-video-preview:-1"},"canonical":"https:\/\/www.letsportsrock.com\/?p=56208","og_locale":"en_US","og_type":"article","og_title":"\u201eM\u0103 \u00eentorc\u201d: Fostul star al FCSB, Florinel Coman, a decis s\u0103 revin\u0103 dup\u0103 plecarea lui Florin T\u0103nase din cauza unei ne\u00een\u021belegeri\u2026","og_description":"\u201eM\u0103 \u00eentorc\u201d: Fostul star al FCSB, Florinel Coman, a decis s\u0103 revin\u0103 dup\u0103 plecarea lui Florin T\u0103nase din cauza unei ne\u00een\u021belegeri\u2026","og_url":"https:\/\/www.letsportsrock.com\/?p=56208","og_site_name":"letsportsrock","article_published_time":"2025-07-23T17:57:39+00:00","og_image":[{"width":739,"height":415,"url":"https:\/\/www.letsportsrock.com\/wp-content\/uploads\/2025\/07\/images-1-10.jpeg","type":"image\/jpeg"}],"author":"Benedict","twitter_card":"summary_large_image","twitter_misc":{"Written by":"Benedict","Est. reading time":"2 minutes"},"schema":{"@context":"https:\/\/schema.org","@graph":[{"@type":"Article","@id":"https:\/\/www.letsportsrock.com\/?p=56208#article","isPartOf":{"@id":"https:\/\/www.letsportsrock.com\/?p=56208"},"author":{"name":"Benedict","@id":"https:\/\/www.letsportsrock.com\/#\/schema\/person\/46ffa192b44abb5f73a64ac060b863c0"},"headline":"\u201eM\u0103 \u00eentorc\u201d: Fostul star al FCSB, Florinel Coman, a decis s\u0103 revin\u0103 dup\u0103 plecarea lui Florin T\u0103nase din cauza unei ne\u00een\u021belegeri\u2026","datePublished":"2025-07-23T17:57:39+00:00","mainEntityOfPage":{"@id":"https:\/\/www.letsportsrock.com\/?p=56208"},"wordCount":231,"commentCount":0,"image":{"@id":"https:\/\/www.letsportsrock.com\/?p=56208#primaryimage"},"thumbnailUrl":"https:\/\/www.letsportsrock.com\/wp-content\/uploads\/2025\/07\/images-1-10.jpeg","keywords":["FCSB"],"articleSection":["FCSB"],"inLanguage":"en-US","potentialAction":[{"@type":"CommentAction","name":"Comment","target":["https:\/\/www.letsportsrock.com\/?p=56208#respond"]}]},{"@type":"WebPage","@id":"https:\/\/www.letsportsrock.com\/?p=56208","url":"https:\/\/www.letsportsrock.com\/?p=56208","name":"\u201eM\u0103 \u00eentorc\u201d: Fostul star al FCSB, Florinel Coman, a decis s\u0103 revin\u0103 dup\u0103 plecarea lui Florin T\u0103nase din cauza unei ne\u00een\u021belegeri\u2026","isPartOf":{"@id":"https:\/\/www.letsportsrock.com\/#website"},"primaryImageOfPage":{"@id":"https:\/\/www.letsportsrock.com\/?p=56208#primaryimage"},"image":{"@id":"https:\/\/www.letsportsrock.com\/?p=56208#primaryimage"},"thumbnailUrl":"https:\/\/www.letsportsrock.com\/wp-content\/uploads\/2025\/07\/images-1-10.jpeg","datePublished":"2025-07-23T17:57:39+00:00","author":{"@id":"https:\/\/www.letsportsrock.com\/#\/schema\/person\/46ffa192b44abb5f73a64ac060b863c0"},"description":"\u201eM\u0103 \u00eentorc\u201d: Fostul star al FCSB, Florinel Coman, a decis s\u0103 revin\u0103 dup\u0103 plecarea lui Florin T\u0103nase din cauza unei ne\u00een\u021belegeri\u2026","breadcrumb":{"@id":"https:\/\/www.letsportsrock.com\/?p=56208#breadcrumb"},"inLanguage":"en-US","potentialAction":[{"@type":"ReadAction","target":["https:\/\/www.letsportsrock.com\/?p=56208"]}]},{"@type":"ImageObject","inLanguage":"en-US","@id":"https:\/\/www.letsportsrock.com\/?p=56208#primaryimage","url":"https:\/\/www.letsportsrock.com\/wp-content\/uploads\/2025\/07\/images-1-10.jpeg","contentUrl":"https:\/\/www.letsportsrock.com\/wp-content\/uploads\/2025\/07\/images-1-10.jpeg","width":739,"height":415},{"@type":"BreadcrumbList","@id":"https:\/\/www.letsportsrock.com\/?p=56208#breadcrumb","itemListElement":[{"@type":"ListItem","position":1,"name":"Home","item":"https:\/\/www.letsportsrock.com\/"},{"@type":"ListItem","position":2,"name":"\u201eM\u0103 \u00eentorc\u201d: Fostul star al FCSB, Florinel Coman, a decis s\u0103 revin\u0103 dup\u0103 plecarea lui Florin T\u0103nase din cauza unei ne\u00een\u021belegeri\u2026"}]},{"@type":"WebSite","@id":"https:\/\/www.letsportsrock.com\/#website","url":"https:\/\/www.letsportsrock.com\/","name":"letsportsrock","description":"Sport News and Updates","potentialAction":[{"@type":"SearchAction","target":{"@type":"EntryPoint","urlTemplate":"https:\/\/www.letsportsrock.com\/?s={search_term_string}"},"query-input":{"@type":"PropertyValueSpecification","valueRequired":true,"valueName":"search_term_string"}}],"inLanguage":"en-US"},{"@type":"Person","@id":"https:\/\/www.letsportsrock.com\/#\/schema\/person\/46ffa192b44abb5f73a64ac060b863c0","name":"Benedict","image":{"@type":"ImageObject","inLanguage":"en-US","@id":"https:\/\/secure.gravatar.com\/avatar\/91345136d4e2206293ebdc22304c65968887191f0b832cb181dd8965f4de256b?s=96&d=mm&r=g","url":"https:\/\/secure.gravatar.com\/avatar\/91345136d4e2206293ebdc22304c65968887191f0b832cb181dd8965f4de256b?s=96&d=mm&r=g","contentUrl":"https:\/\/secure.gravatar.com\/avatar\/91345136d4e2206293ebdc22304c65968887191f0b832cb181dd8965f4de256b?s=96&d=mm&r=g","caption":"Benedict"},"sameAs":["https:\/\/www.letsportsrock.com\/wp-admin\/"],"url":"https:\/\/www.letsportsrock.com\/?author=19"}]}},"jetpack_featured_media_url":"https:\/\/www.letsportsrock.com\/wp-content\/uploads\/2025\/07\/images-1-10.jpeg","jetpack_sharing_enabled":true,"_links":{"self":[{"href":"https:\/\/www.letsportsrock.com\/index.php?rest_route=\/wp\/v2\/posts\/56208","targetHints":{"allow":["GET"]}}],"collection":[{"href":"https:\/\/www.letsportsrock.com\/index.php?rest_route=\/wp\/v2\/posts"}],"about":[{"href":"https:\/\/www.letsportsrock.com\/index.php?rest_route=\/wp\/v2\/types\/post"}],"author":[{"embeddable":true,"href":"https:\/\/www.letsportsrock.com\/index.php?rest_route=\/wp\/v2\/users\/19"}],"replies":[{"embeddable":true,"href":"https:\/\/www.letsportsrock.com\/index.php?rest_route=%2Fwp%2Fv2%2Fcomments&post=56208"}],"version-history":[{"count":1,"href":"https:\/\/www.letsportsrock.com\/index.php?rest_route=\/wp\/v2\/posts\/56208\/revisions"}],"predecessor-version":[{"id":56211,"href":"https:\/\/www.letsportsrock.com\/index.php?rest_route=\/wp\/v2\/posts\/56208\/revisions\/56211"}],"wp:featuredmedia":[{"embeddable":true,"href":"https:\/\/www.letsportsrock.com\/index.php?rest_route=\/wp\/v2\/media\/56210"}],"wp:attachment":[{"href":"https:\/\/www.letsportsrock.com\/index.php?rest_route=%2Fwp%2Fv2%2Fmedia&parent=56208"}],"wp:term":[{"taxonomy":"category","embeddable":true,"href":"https:\/\/www.letsportsrock.com\/index.php?rest_route=%2Fwp%2Fv2%2Fcategories&post=56208"},{"taxonomy":"post_tag","embeddable":true,"href":"https:\/\/www.letsportsrock.com\/index.php?rest_route=%2Fwp%2Fv2%2Ftags&post=56208"}],"curies":[{"name":"wp","href":"https:\/\/api.w.org\/{rel}","templated":true}]}}