{"id":56424,"date":"2025-07-24T09:51:35","date_gmt":"2025-07-24T09:51:35","guid":{"rendered":"https:\/\/www.letsportsrock.com\/?p=56424"},"modified":"2025-07-24T09:51:35","modified_gmt":"2025-07-24T09:51:35","slug":"daniel-birligea-derapaj-rasist-ce-a-postat-atacantul-de-la-fcsb","status":"publish","type":"post","link":"https:\/\/www.letsportsrock.com\/?p=56424","title":{"rendered":"Daniel B\u00eerligea, derapaj rasist! Ce a postat atacantul de la FCSB &#8230;"},"content":{"rendered":"<div class=\"d79db4796efc26332eabfc3f5dafbc76\" data-index=\"1\" style=\"float: none; margin:10px 0 10px 0; text-align:center;\">\n<div class=\"hb-ad-inarticle\">\r\n    <div class=\"hb-ad-inner\"> \r\n    <div class=\"hbagency_cls\"  id=\"hbagency_space_111930\"><\/div><\/div> <\/div>\n<\/div>\n<p>Daniel B\u00eerligea, derapaj rasist! Ce a postat atacantul de la FCSB &#8230;<\/p>\n<p>&nbsp;<\/p>\n<p>Atacantul FCSB, Daniel\u202fB\u00eerligea, a provocat o controvers\u0103 recent dup\u0103 ce a distribuit pe re\u021belele sociale o imagine generat\u0103 cu inteligen\u021b\u0103 artificial\u0103, av\u00e2nd con\u021binut rasist, ce p\u0103rea s\u0103 ironizeze suporterii rivalei Rapid dup\u0103 c\u00e2\u0219tigarea titlului de c\u0103tre FCSB .<\/p>\n<p><img loading=\"lazy\" decoding=\"async\" class=\"alignnone size-medium wp-image-56426\" src=\"https:\/\/www.letsportsrock.com\/wp-content\/uploads\/2025\/07\/images-2025-07-24T104843.489-300x177.jpeg\" alt=\"\" width=\"300\" height=\"177\" srcset=\"https:\/\/www.letsportsrock.com\/wp-content\/uploads\/2025\/07\/images-2025-07-24T104843.489-300x177.jpeg 300w, https:\/\/www.letsportsrock.com\/wp-content\/uploads\/2025\/07\/images-2025-07-24T104843.489.jpeg 722w\" sizes=\"auto, (max-width: 300px) 100vw, 300px\" \/><\/p>\n<p>Imaginea distribuit\u0103 era o crea\u021bie AI care \u00eei caricaturiza pe suporterii Rapid, con\u021bin\u00e2nd elemente rasiale jignitoare, potrivit mesajelor care au circulat pe X\/Twitter .<\/p>\n<p>&nbsp;<\/p>\n<p>Reac\u021bii imediate au ap\u0103rut din partea unor fani \u0219i jurnali\u0219ti, etichet\u00e2nd gestul drept un \u201ederapaj rasist\u201d.<\/p>\n<p>&nbsp;<\/p>\n<p>P\u00e2n\u0103 \u00een acest moment, nu exist\u0103 declara\u021bii oficiale de la B\u00eerligea sau de la FCSB pe marginea acestui incident.<\/p>\n<p>&nbsp;<\/p>\n<p>\u00cen fotbalul rom\u00e2nesc, nu este prima dat\u0103 c\u00e2nd apar astfel de incidente \u2013 cluburi precum Steaua\/FCSB au mai fost implicate anterior \u00een cazuri de xenofobie, dar aici este primul scandal major legat direct de un juc\u0103tor activ .<\/p>\n<p>&nbsp;<\/p>\n<p>Gestul ridic\u0103 semne de \u00eentrebare privind responsabilitatea social\u0103 a juc\u0103torilor profesioni\u0219ti \u0219i posibila aplicare a unor sanc\u021biuni disciplinare sau chiar legale, conform legisla\u021biei privind discursul instigator la ur\u0103.<\/p>\n<p>&nbsp;<\/p>\n<p>Juc\u0103torii, mai ales cei de profilul lui B\u00eerligea \u2013 recrutat recent de FCSB dup\u0103 performan\u021be notabile la CFR Cluj \u2013 se afl\u0103 sub lumina reflectoarelor \u0219i orice derapaj poate afecta imaginea personal\u0103 \u0219i a clubului.<\/p>\n<p>&nbsp;<\/p>\n<p>\u00centr-un fotbal globalizat, aproape orice postare online cu con\u021binut sensibil poate avea efecte interna\u021bionale, duc\u00e2nd la reac\u021bii negative \u0219i posibile repercusiuni la nivelul UEFA sau federa\u021biei.<\/p>\n<p>&nbsp;<\/p>\n<p>1. Clarific\u0103ri oficiale: A\u0219tept\u0103m un r\u0103spuns din partea clubului FCSB \u0219i a lui B\u00eerligea \u2013 demers care arat\u0103 dac\u0103 recunosc gre\u0219eala \u0219i dac\u0103 cer scuze.<\/p>\n<p>&nbsp;<\/p>\n<p>&nbsp;<\/p>\n<p>2. Reac\u021bii din partea forurilor abilitate: Federa\u021bia Rom\u00e2n\u0103 de Fotbal sau alte organiza\u021bii (inclusiv ONG-uri anti-discriminare) ar putea interveni cu anchete sau sanc\u021biuni.<\/p>\n<p>&nbsp;<\/p>\n<p>Dac\u0103 dore\u0219ti, pot monitoriza pentru actualiz\u0103ri sau declara\u021bii oficiale \u0219i te pot \u021bine la curent pe m\u0103sur\u0103 ce situatia evolueaz\u0103.<\/p>\n\n<div style=\"font-size: 0px; height: 0px; line-height: 0px; margin: 0; padding: 0; clear: both;\"><\/div>","protected":false},"excerpt":{"rendered":"<p>Daniel B\u00eerligea, derapaj rasist! Ce a postat atacantul de la FCSB &#8230; &nbsp; Atacantul FCSB, Daniel\u202fB\u00eerligea, a provocat o controvers\u0103 recent dup\u0103 ce a distribuit pe re\u021belele sociale o imagine generat\u0103 cu inteligen\u021b\u0103 artificial\u0103, av\u00e2nd con\u021binut rasist, ce p\u0103rea s\u0103 ironizeze suporterii rivalei Rapid dup\u0103 c\u00e2\u0219tigarea titlului de c\u0103tre FCSB . Imaginea distribuit\u0103 era o [&hellip;]<\/p>\n","protected":false},"author":15,"featured_media":56425,"comment_status":"open","ping_status":"open","sticky":false,"template":"","format":"standard","meta":{"_jetpack_memberships_contains_paid_content":false,"footnotes":""},"categories":[1],"tags":[264],"class_list":["post-56424","post","type-post","status-publish","format-standard","has-post-thumbnail","hentry","category-uncategorized","tag-fcsb"],"yoast_head":"<!-- This site is optimized with the Yoast SEO plugin v27.4 - https:\/\/yoast.com\/product\/yoast-seo-wordpress\/ -->\n<title>Daniel B\u00eerligea, derapaj rasist! Ce a postat atacantul de la FCSB ...<\/title>\n<meta name=\"description\" content=\"Daniel B\u00eerligea, derapaj rasist! Ce a postat atacantul de la FCSB ...\" \/>\n<meta name=\"robots\" content=\"index, follow, max-snippet:-1, max-image-preview:large, max-video-preview:-1\" \/>\n<link rel=\"canonical\" href=\"https:\/\/www.letsportsrock.com\/?p=56424\" \/>\n<meta property=\"og:locale\" content=\"en_US\" \/>\n<meta property=\"og:type\" content=\"article\" \/>\n<meta property=\"og:title\" content=\"Daniel B\u00eerligea, derapaj rasist! Ce a postat atacantul de la FCSB ...\" \/>\n<meta property=\"og:description\" content=\"Daniel B\u00eerligea, derapaj rasist! Ce a postat atacantul de la FCSB ...\" \/>\n<meta property=\"og:url\" content=\"https:\/\/www.letsportsrock.com\/?p=56424\" \/>\n<meta property=\"og:site_name\" content=\"letsportsrock\" \/>\n<meta property=\"article:published_time\" content=\"2025-07-24T09:51:35+00:00\" \/>\n<meta property=\"og:image\" content=\"https:\/\/www.letsportsrock.com\/wp-content\/uploads\/2025\/07\/images-2025-07-24T104835.008.jpeg\" \/>\n\t<meta property=\"og:image:width\" content=\"639\" \/>\n\t<meta property=\"og:image:height\" content=\"480\" \/>\n\t<meta property=\"og:image:type\" content=\"image\/jpeg\" \/>\n<meta name=\"author\" content=\"Amos Nabizo\" \/>\n<meta name=\"twitter:card\" content=\"summary_large_image\" \/>\n<meta name=\"twitter:label1\" content=\"Written by\" \/>\n\t<meta name=\"twitter:data1\" content=\"Amos Nabizo\" \/>\n\t<meta name=\"twitter:label2\" content=\"Est. reading time\" \/>\n\t<meta name=\"twitter:data2\" content=\"2 minutes\" \/>\n<script type=\"application\/ld+json\" class=\"yoast-schema-graph\">{\"@context\":\"https:\\\/\\\/schema.org\",\"@graph\":[{\"@type\":\"Article\",\"@id\":\"https:\\\/\\\/www.letsportsrock.com\\\/?p=56424#article\",\"isPartOf\":{\"@id\":\"https:\\\/\\\/www.letsportsrock.com\\\/?p=56424\"},\"author\":{\"name\":\"Amos Nabizo\",\"@id\":\"https:\\\/\\\/www.letsportsrock.com\\\/#\\\/schema\\\/person\\\/044479f72bdbd75f9523e745d3be6c30\"},\"headline\":\"Daniel B\u00eerligea, derapaj rasist! Ce a postat atacantul de la FCSB &#8230;\",\"datePublished\":\"2025-07-24T09:51:35+00:00\",\"mainEntityOfPage\":{\"@id\":\"https:\\\/\\\/www.letsportsrock.com\\\/?p=56424\"},\"wordCount\":368,\"commentCount\":0,\"image\":{\"@id\":\"https:\\\/\\\/www.letsportsrock.com\\\/?p=56424#primaryimage\"},\"thumbnailUrl\":\"https:\\\/\\\/www.letsportsrock.com\\\/wp-content\\\/uploads\\\/2025\\\/07\\\/images-2025-07-24T104835.008.jpeg\",\"keywords\":[\"FCSB\"],\"inLanguage\":\"en-US\",\"potentialAction\":[{\"@type\":\"CommentAction\",\"name\":\"Comment\",\"target\":[\"https:\\\/\\\/www.letsportsrock.com\\\/?p=56424#respond\"]}]},{\"@type\":\"WebPage\",\"@id\":\"https:\\\/\\\/www.letsportsrock.com\\\/?p=56424\",\"url\":\"https:\\\/\\\/www.letsportsrock.com\\\/?p=56424\",\"name\":\"Daniel B\u00eerligea, derapaj rasist! Ce a postat atacantul de la FCSB ...\",\"isPartOf\":{\"@id\":\"https:\\\/\\\/www.letsportsrock.com\\\/#website\"},\"primaryImageOfPage\":{\"@id\":\"https:\\\/\\\/www.letsportsrock.com\\\/?p=56424#primaryimage\"},\"image\":{\"@id\":\"https:\\\/\\\/www.letsportsrock.com\\\/?p=56424#primaryimage\"},\"thumbnailUrl\":\"https:\\\/\\\/www.letsportsrock.com\\\/wp-content\\\/uploads\\\/2025\\\/07\\\/images-2025-07-24T104835.008.jpeg\",\"datePublished\":\"2025-07-24T09:51:35+00:00\",\"author\":{\"@id\":\"https:\\\/\\\/www.letsportsrock.com\\\/#\\\/schema\\\/person\\\/044479f72bdbd75f9523e745d3be6c30\"},\"description\":\"Daniel B\u00eerligea, derapaj rasist! Ce a postat atacantul de la FCSB ...\",\"breadcrumb\":{\"@id\":\"https:\\\/\\\/www.letsportsrock.com\\\/?p=56424#breadcrumb\"},\"inLanguage\":\"en-US\",\"potentialAction\":[{\"@type\":\"ReadAction\",\"target\":[\"https:\\\/\\\/www.letsportsrock.com\\\/?p=56424\"]}]},{\"@type\":\"ImageObject\",\"inLanguage\":\"en-US\",\"@id\":\"https:\\\/\\\/www.letsportsrock.com\\\/?p=56424#primaryimage\",\"url\":\"https:\\\/\\\/www.letsportsrock.com\\\/wp-content\\\/uploads\\\/2025\\\/07\\\/images-2025-07-24T104835.008.jpeg\",\"contentUrl\":\"https:\\\/\\\/www.letsportsrock.com\\\/wp-content\\\/uploads\\\/2025\\\/07\\\/images-2025-07-24T104835.008.jpeg\",\"width\":639,\"height\":480},{\"@type\":\"BreadcrumbList\",\"@id\":\"https:\\\/\\\/www.letsportsrock.com\\\/?p=56424#breadcrumb\",\"itemListElement\":[{\"@type\":\"ListItem\",\"position\":1,\"name\":\"Home\",\"item\":\"https:\\\/\\\/www.letsportsrock.com\\\/\"},{\"@type\":\"ListItem\",\"position\":2,\"name\":\"Daniel B\u00eerligea, derapaj rasist! Ce a postat atacantul de la FCSB &#8230;\"}]},{\"@type\":\"WebSite\",\"@id\":\"https:\\\/\\\/www.letsportsrock.com\\\/#website\",\"url\":\"https:\\\/\\\/www.letsportsrock.com\\\/\",\"name\":\"letsportsrock\",\"description\":\"Sport News and Updates\",\"potentialAction\":[{\"@type\":\"SearchAction\",\"target\":{\"@type\":\"EntryPoint\",\"urlTemplate\":\"https:\\\/\\\/www.letsportsrock.com\\\/?s={search_term_string}\"},\"query-input\":{\"@type\":\"PropertyValueSpecification\",\"valueRequired\":true,\"valueName\":\"search_term_string\"}}],\"inLanguage\":\"en-US\"},{\"@type\":\"Person\",\"@id\":\"https:\\\/\\\/www.letsportsrock.com\\\/#\\\/schema\\\/person\\\/044479f72bdbd75f9523e745d3be6c30\",\"name\":\"Amos Nabizo\",\"image\":{\"@type\":\"ImageObject\",\"inLanguage\":\"en-US\",\"@id\":\"https:\\\/\\\/secure.gravatar.com\\\/avatar\\\/d569857c07d3899c6ca842ffea32daa1672c05549833530fe37e68ae7b521ba4?s=96&d=mm&r=g\",\"url\":\"https:\\\/\\\/secure.gravatar.com\\\/avatar\\\/d569857c07d3899c6ca842ffea32daa1672c05549833530fe37e68ae7b521ba4?s=96&d=mm&r=g\",\"contentUrl\":\"https:\\\/\\\/secure.gravatar.com\\\/avatar\\\/d569857c07d3899c6ca842ffea32daa1672c05549833530fe37e68ae7b521ba4?s=96&d=mm&r=g\",\"caption\":\"Amos Nabizo\"},\"sameAs\":[\"https:\\\/\\\/www.letsportsrock.com\\\/wp-admin\\\/\"],\"url\":\"https:\\\/\\\/www.letsportsrock.com\\\/?author=15\"}]}<\/script>\n<!-- \/ Yoast SEO plugin. -->","yoast_head_json":{"title":"Daniel B\u00eerligea, derapaj rasist! Ce a postat atacantul de la FCSB ...","description":"Daniel B\u00eerligea, derapaj rasist! Ce a postat atacantul de la FCSB ...","robots":{"index":"index","follow":"follow","max-snippet":"max-snippet:-1","max-image-preview":"max-image-preview:large","max-video-preview":"max-video-preview:-1"},"canonical":"https:\/\/www.letsportsrock.com\/?p=56424","og_locale":"en_US","og_type":"article","og_title":"Daniel B\u00eerligea, derapaj rasist! Ce a postat atacantul de la FCSB ...","og_description":"Daniel B\u00eerligea, derapaj rasist! Ce a postat atacantul de la FCSB ...","og_url":"https:\/\/www.letsportsrock.com\/?p=56424","og_site_name":"letsportsrock","article_published_time":"2025-07-24T09:51:35+00:00","og_image":[{"width":639,"height":480,"url":"https:\/\/www.letsportsrock.com\/wp-content\/uploads\/2025\/07\/images-2025-07-24T104835.008.jpeg","type":"image\/jpeg"}],"author":"Amos Nabizo","twitter_card":"summary_large_image","twitter_misc":{"Written by":"Amos Nabizo","Est. reading time":"2 minutes"},"schema":{"@context":"https:\/\/schema.org","@graph":[{"@type":"Article","@id":"https:\/\/www.letsportsrock.com\/?p=56424#article","isPartOf":{"@id":"https:\/\/www.letsportsrock.com\/?p=56424"},"author":{"name":"Amos Nabizo","@id":"https:\/\/www.letsportsrock.com\/#\/schema\/person\/044479f72bdbd75f9523e745d3be6c30"},"headline":"Daniel B\u00eerligea, derapaj rasist! Ce a postat atacantul de la FCSB &#8230;","datePublished":"2025-07-24T09:51:35+00:00","mainEntityOfPage":{"@id":"https:\/\/www.letsportsrock.com\/?p=56424"},"wordCount":368,"commentCount":0,"image":{"@id":"https:\/\/www.letsportsrock.com\/?p=56424#primaryimage"},"thumbnailUrl":"https:\/\/www.letsportsrock.com\/wp-content\/uploads\/2025\/07\/images-2025-07-24T104835.008.jpeg","keywords":["FCSB"],"inLanguage":"en-US","potentialAction":[{"@type":"CommentAction","name":"Comment","target":["https:\/\/www.letsportsrock.com\/?p=56424#respond"]}]},{"@type":"WebPage","@id":"https:\/\/www.letsportsrock.com\/?p=56424","url":"https:\/\/www.letsportsrock.com\/?p=56424","name":"Daniel B\u00eerligea, derapaj rasist! Ce a postat atacantul de la FCSB ...","isPartOf":{"@id":"https:\/\/www.letsportsrock.com\/#website"},"primaryImageOfPage":{"@id":"https:\/\/www.letsportsrock.com\/?p=56424#primaryimage"},"image":{"@id":"https:\/\/www.letsportsrock.com\/?p=56424#primaryimage"},"thumbnailUrl":"https:\/\/www.letsportsrock.com\/wp-content\/uploads\/2025\/07\/images-2025-07-24T104835.008.jpeg","datePublished":"2025-07-24T09:51:35+00:00","author":{"@id":"https:\/\/www.letsportsrock.com\/#\/schema\/person\/044479f72bdbd75f9523e745d3be6c30"},"description":"Daniel B\u00eerligea, derapaj rasist! Ce a postat atacantul de la FCSB ...","breadcrumb":{"@id":"https:\/\/www.letsportsrock.com\/?p=56424#breadcrumb"},"inLanguage":"en-US","potentialAction":[{"@type":"ReadAction","target":["https:\/\/www.letsportsrock.com\/?p=56424"]}]},{"@type":"ImageObject","inLanguage":"en-US","@id":"https:\/\/www.letsportsrock.com\/?p=56424#primaryimage","url":"https:\/\/www.letsportsrock.com\/wp-content\/uploads\/2025\/07\/images-2025-07-24T104835.008.jpeg","contentUrl":"https:\/\/www.letsportsrock.com\/wp-content\/uploads\/2025\/07\/images-2025-07-24T104835.008.jpeg","width":639,"height":480},{"@type":"BreadcrumbList","@id":"https:\/\/www.letsportsrock.com\/?p=56424#breadcrumb","itemListElement":[{"@type":"ListItem","position":1,"name":"Home","item":"https:\/\/www.letsportsrock.com\/"},{"@type":"ListItem","position":2,"name":"Daniel B\u00eerligea, derapaj rasist! Ce a postat atacantul de la FCSB &#8230;"}]},{"@type":"WebSite","@id":"https:\/\/www.letsportsrock.com\/#website","url":"https:\/\/www.letsportsrock.com\/","name":"letsportsrock","description":"Sport News and Updates","potentialAction":[{"@type":"SearchAction","target":{"@type":"EntryPoint","urlTemplate":"https:\/\/www.letsportsrock.com\/?s={search_term_string}"},"query-input":{"@type":"PropertyValueSpecification","valueRequired":true,"valueName":"search_term_string"}}],"inLanguage":"en-US"},{"@type":"Person","@id":"https:\/\/www.letsportsrock.com\/#\/schema\/person\/044479f72bdbd75f9523e745d3be6c30","name":"Amos Nabizo","image":{"@type":"ImageObject","inLanguage":"en-US","@id":"https:\/\/secure.gravatar.com\/avatar\/d569857c07d3899c6ca842ffea32daa1672c05549833530fe37e68ae7b521ba4?s=96&d=mm&r=g","url":"https:\/\/secure.gravatar.com\/avatar\/d569857c07d3899c6ca842ffea32daa1672c05549833530fe37e68ae7b521ba4?s=96&d=mm&r=g","contentUrl":"https:\/\/secure.gravatar.com\/avatar\/d569857c07d3899c6ca842ffea32daa1672c05549833530fe37e68ae7b521ba4?s=96&d=mm&r=g","caption":"Amos Nabizo"},"sameAs":["https:\/\/www.letsportsrock.com\/wp-admin\/"],"url":"https:\/\/www.letsportsrock.com\/?author=15"}]}},"jetpack_featured_media_url":"https:\/\/www.letsportsrock.com\/wp-content\/uploads\/2025\/07\/images-2025-07-24T104835.008.jpeg","jetpack_sharing_enabled":true,"_links":{"self":[{"href":"https:\/\/www.letsportsrock.com\/index.php?rest_route=\/wp\/v2\/posts\/56424","targetHints":{"allow":["GET"]}}],"collection":[{"href":"https:\/\/www.letsportsrock.com\/index.php?rest_route=\/wp\/v2\/posts"}],"about":[{"href":"https:\/\/www.letsportsrock.com\/index.php?rest_route=\/wp\/v2\/types\/post"}],"author":[{"embeddable":true,"href":"https:\/\/www.letsportsrock.com\/index.php?rest_route=\/wp\/v2\/users\/15"}],"replies":[{"embeddable":true,"href":"https:\/\/www.letsportsrock.com\/index.php?rest_route=%2Fwp%2Fv2%2Fcomments&post=56424"}],"version-history":[{"count":1,"href":"https:\/\/www.letsportsrock.com\/index.php?rest_route=\/wp\/v2\/posts\/56424\/revisions"}],"predecessor-version":[{"id":56427,"href":"https:\/\/www.letsportsrock.com\/index.php?rest_route=\/wp\/v2\/posts\/56424\/revisions\/56427"}],"wp:featuredmedia":[{"embeddable":true,"href":"https:\/\/www.letsportsrock.com\/index.php?rest_route=\/wp\/v2\/media\/56425"}],"wp:attachment":[{"href":"https:\/\/www.letsportsrock.com\/index.php?rest_route=%2Fwp%2Fv2%2Fmedia&parent=56424"}],"wp:term":[{"taxonomy":"category","embeddable":true,"href":"https:\/\/www.letsportsrock.com\/index.php?rest_route=%2Fwp%2Fv2%2Fcategories&post=56424"},{"taxonomy":"post_tag","embeddable":true,"href":"https:\/\/www.letsportsrock.com\/index.php?rest_route=%2Fwp%2Fv2%2Ftags&post=56424"}],"curies":[{"name":"wp","href":"https:\/\/api.w.org\/{rel}","templated":true}]}}