{"id":56467,"date":"2025-07-24T14:12:24","date_gmt":"2025-07-24T14:12:24","guid":{"rendered":"https:\/\/www.letsportsrock.com\/?p=56467"},"modified":"2025-07-24T14:12:24","modified_gmt":"2025-07-24T14:12:24","slug":"jucatorii-lui-lyon-il-inconjoara-pe-paulo-fonseca-in-timpul-sarbatorii-calificarii-in-europa-league-gest-emotionant-de-unitate-dupa-o-suspendare-de-noua-luni-vom-da-totul-pentru-an","status":"publish","type":"post","link":"https:\/\/www.letsportsrock.com\/?p=56467","title":{"rendered":"Juc\u0103torii lui Lyon \u00eel \u00eenconjoar\u0103 pe Paulo Fonseca \u00een timpul s\u0103rb\u0103torii calific\u0103rii \u00een Europa League \u2013 Gest emo\u021bionant de unitate dup\u0103 o suspendare de nou\u0103 luni: \u201eVom da totul pentru antrenorul nostru&#8230;"},"content":{"rendered":"<div class=\"d79db4796efc26332eabfc3f5dafbc76\" data-index=\"1\" style=\"float: none; margin:10px 0 10px 0; text-align:center;\">\n<div class=\"hb-ad-inarticle\">\r\n    <div class=\"hb-ad-inner\"> \r\n    <div class=\"hbagency_cls\"  id=\"hbagency_space_111930\"><\/div><\/div> <\/div>\n<\/div>\n<p>Juc\u0103torii lui Lyon \u00eel \u00eenconjoar\u0103 pe Paulo Fonseca \u00een timpul s\u0103rb\u0103torii calific\u0103rii \u00een Europa League \u2013 Gest emo\u021bionant de unitate dup\u0103 o suspendare de nou\u0103 luni: \u201eVom da totul pentru antrenorul nostru..<\/p>\n<p>Dup\u0103 o calificare spectaculoas\u0103 \u00een Europa League, juc\u0103torii lui Olympique Lyon au oferit un moment emo\u021bionant de unitate \u0219i solidaritate, \u00eenconjur\u00e2ndu-l pe antrenorul lor, Paulo Fonseca, imediat dup\u0103 fluierul final. Aceast\u0103 scen\u0103 \u00eenc\u0103rcat\u0103 de simbolism vine la scurt timp dup\u0103 ce tehnicianul portughez a primit o suspendare de nou\u0103 luni din partea UEFA, o decizie care a provocat un val de reac\u021bii \u00een lumea fotbalului.<\/p>\n<p><img loading=\"lazy\" decoding=\"async\" class=\"alignnone size-medium wp-image-56469\" src=\"https:\/\/www.letsportsrock.com\/wp-content\/uploads\/2025\/07\/images-20-4-300x169.jpeg\" alt=\"\" width=\"300\" height=\"169\" srcset=\"https:\/\/www.letsportsrock.com\/wp-content\/uploads\/2025\/07\/images-20-4-300x169.jpeg 300w, https:\/\/www.letsportsrock.com\/wp-content\/uploads\/2025\/07\/images-20-4.jpeg 686w\" sizes=\"auto, (max-width: 300px) 100vw, 300px\" \/><\/p>\n<p>\u00cen loc s\u0103 lase acest obstacol s\u0103-i demoralizeze, echipa a demonstrat o coeziune rar \u00eent\u00e2lnit\u0103. \u201eVom da totul pentru antrenorul nostru\u201d, a declarat c\u0103pitanul echipei, vizibil emo\u021bionat, la finalul meciului. Fonseca, cunoscut pentru stilul s\u0103u calm \u0219i viziunea ofensiv\u0103, a fost vizibil cople\u0219it de gestul elevilor s\u0103i, care l-au ridicat pe umeri, scand\u00e2nd numele s\u0103u \u00een fa\u021ba fanilor.<\/p>\n<p>Aceast\u0103 calificare nu reprezint\u0103 doar o reu\u0219it\u0103 sportiv\u0103, ci \u0219i o declara\u021bie de for\u021b\u0103 a unui grup unit, care \u00ee\u0219i sprijin\u0103 liderul \u00een momente dificile. Cu un moral ridicat \u0219i o motiva\u021bie aparte, Lyon se preg\u0103te\u0219te acum s\u0103 abordeze Europa League cu o energie nou\u0103 \u0219i o dorin\u021b\u0103 clar\u0103 de a demonstra c\u0103 nimic nu-i poate opri.<\/p>\n\n<div style=\"font-size: 0px; height: 0px; line-height: 0px; margin: 0; padding: 0; clear: both;\"><\/div>","protected":false},"excerpt":{"rendered":"<p>Juc\u0103torii lui Lyon \u00eel \u00eenconjoar\u0103 pe Paulo Fonseca \u00een timpul s\u0103rb\u0103torii calific\u0103rii \u00een Europa League \u2013 Gest emo\u021bionant de unitate dup\u0103 o suspendare de nou\u0103 luni: \u201eVom da totul pentru antrenorul nostru.. Dup\u0103 o calificare spectaculoas\u0103 \u00een Europa League, juc\u0103torii lui Olympique Lyon au oferit un moment emo\u021bionant de unitate \u0219i solidaritate, \u00eenconjur\u00e2ndu-l pe antrenorul [&hellip;]<\/p>\n","protected":false},"author":19,"featured_media":56468,"comment_status":"open","ping_status":"open","sticky":false,"template":"","format":"standard","meta":{"_jetpack_memberships_contains_paid_content":false,"footnotes":""},"categories":[276],"tags":[264],"class_list":["post-56467","post","type-post","status-publish","format-standard","has-post-thumbnail","hentry","category-fcsb","tag-fcsb"],"yoast_head":"<!-- This site is optimized with the Yoast SEO plugin v27.4 - https:\/\/yoast.com\/product\/yoast-seo-wordpress\/ -->\n<title>Juc\u0103torii lui Lyon \u00eel \u00eenconjoar\u0103 pe Paulo Fonseca \u00een timpul s\u0103rb\u0103torii calific\u0103rii \u00een Europa League \u2013 Gest emo\u021bionant de unitate dup\u0103 o suspendare de nou\u0103 luni: \u201eVom da totul pentru antrenorul nostru... - letsportsrock<\/title>\n<meta name=\"description\" content=\"Juc\u0103torii lui Lyon \u00eel \u00eenconjoar\u0103 pe Paulo Fonseca \u00een timpul s\u0103rb\u0103torii calific\u0103rii \u00een Europa League \u2013 Gest emo\u021bionant de unitate dup\u0103 o.....\" \/>\n<meta name=\"robots\" content=\"index, follow, max-snippet:-1, max-image-preview:large, max-video-preview:-1\" \/>\n<link rel=\"canonical\" href=\"https:\/\/www.letsportsrock.com\/?p=56467\" \/>\n<meta property=\"og:locale\" content=\"en_US\" \/>\n<meta property=\"og:type\" content=\"article\" \/>\n<meta property=\"og:title\" content=\"Juc\u0103torii lui Lyon \u00eel \u00eenconjoar\u0103 pe Paulo Fonseca \u00een timpul s\u0103rb\u0103torii calific\u0103rii \u00een Europa League \u2013 Gest emo\u021bionant de unitate dup\u0103 o suspendare de nou\u0103 luni: \u201eVom da totul pentru antrenorul nostru... - letsportsrock\" \/>\n<meta property=\"og:description\" content=\"Juc\u0103torii lui Lyon \u00eel \u00eenconjoar\u0103 pe Paulo Fonseca \u00een timpul s\u0103rb\u0103torii calific\u0103rii \u00een Europa League \u2013 Gest emo\u021bionant de unitate dup\u0103 o.....\" \/>\n<meta property=\"og:url\" content=\"https:\/\/www.letsportsrock.com\/?p=56467\" \/>\n<meta property=\"og:site_name\" content=\"letsportsrock\" \/>\n<meta property=\"article:published_time\" content=\"2025-07-24T14:12:24+00:00\" \/>\n<meta property=\"og:image\" content=\"https:\/\/www.letsportsrock.com\/wp-content\/uploads\/2025\/07\/images-19-4.jpeg\" \/>\n\t<meta property=\"og:image:width\" content=\"559\" \/>\n\t<meta property=\"og:image:height\" content=\"548\" \/>\n\t<meta property=\"og:image:type\" content=\"image\/jpeg\" \/>\n<meta name=\"author\" content=\"Benedict\" \/>\n<meta name=\"twitter:card\" content=\"summary_large_image\" \/>\n<meta name=\"twitter:label1\" content=\"Written by\" \/>\n\t<meta name=\"twitter:data1\" content=\"Benedict\" \/>\n\t<meta name=\"twitter:label2\" content=\"Est. reading time\" \/>\n\t<meta name=\"twitter:data2\" content=\"2 minutes\" \/>\n<script type=\"application\/ld+json\" class=\"yoast-schema-graph\">{\"@context\":\"https:\\\/\\\/schema.org\",\"@graph\":[{\"@type\":\"Article\",\"@id\":\"https:\\\/\\\/www.letsportsrock.com\\\/?p=56467#article\",\"isPartOf\":{\"@id\":\"https:\\\/\\\/www.letsportsrock.com\\\/?p=56467\"},\"author\":{\"name\":\"Benedict\",\"@id\":\"https:\\\/\\\/www.letsportsrock.com\\\/#\\\/schema\\\/person\\\/46ffa192b44abb5f73a64ac060b863c0\"},\"headline\":\"Juc\u0103torii lui Lyon \u00eel \u00eenconjoar\u0103 pe Paulo Fonseca \u00een timpul s\u0103rb\u0103torii calific\u0103rii \u00een Europa League \u2013 Gest emo\u021bionant de unitate dup\u0103 o suspendare de nou\u0103 luni: \u201eVom da totul pentru antrenorul nostru&#8230;\",\"datePublished\":\"2025-07-24T14:12:24+00:00\",\"mainEntityOfPage\":{\"@id\":\"https:\\\/\\\/www.letsportsrock.com\\\/?p=56467\"},\"wordCount\":272,\"commentCount\":0,\"image\":{\"@id\":\"https:\\\/\\\/www.letsportsrock.com\\\/?p=56467#primaryimage\"},\"thumbnailUrl\":\"https:\\\/\\\/www.letsportsrock.com\\\/wp-content\\\/uploads\\\/2025\\\/07\\\/images-19-4.jpeg\",\"keywords\":[\"FCSB\"],\"articleSection\":[\"FCSB\"],\"inLanguage\":\"en-US\",\"potentialAction\":[{\"@type\":\"CommentAction\",\"name\":\"Comment\",\"target\":[\"https:\\\/\\\/www.letsportsrock.com\\\/?p=56467#respond\"]}]},{\"@type\":\"WebPage\",\"@id\":\"https:\\\/\\\/www.letsportsrock.com\\\/?p=56467\",\"url\":\"https:\\\/\\\/www.letsportsrock.com\\\/?p=56467\",\"name\":\"Juc\u0103torii lui Lyon \u00eel \u00eenconjoar\u0103 pe Paulo Fonseca \u00een timpul s\u0103rb\u0103torii calific\u0103rii \u00een Europa League \u2013 Gest emo\u021bionant de unitate dup\u0103 o suspendare de nou\u0103 luni: \u201eVom da totul pentru antrenorul nostru... - letsportsrock\",\"isPartOf\":{\"@id\":\"https:\\\/\\\/www.letsportsrock.com\\\/#website\"},\"primaryImageOfPage\":{\"@id\":\"https:\\\/\\\/www.letsportsrock.com\\\/?p=56467#primaryimage\"},\"image\":{\"@id\":\"https:\\\/\\\/www.letsportsrock.com\\\/?p=56467#primaryimage\"},\"thumbnailUrl\":\"https:\\\/\\\/www.letsportsrock.com\\\/wp-content\\\/uploads\\\/2025\\\/07\\\/images-19-4.jpeg\",\"datePublished\":\"2025-07-24T14:12:24+00:00\",\"author\":{\"@id\":\"https:\\\/\\\/www.letsportsrock.com\\\/#\\\/schema\\\/person\\\/46ffa192b44abb5f73a64ac060b863c0\"},\"description\":\"Juc\u0103torii lui Lyon \u00eel \u00eenconjoar\u0103 pe Paulo Fonseca \u00een timpul s\u0103rb\u0103torii calific\u0103rii \u00een Europa League \u2013 Gest emo\u021bionant de unitate dup\u0103 o.....\",\"breadcrumb\":{\"@id\":\"https:\\\/\\\/www.letsportsrock.com\\\/?p=56467#breadcrumb\"},\"inLanguage\":\"en-US\",\"potentialAction\":[{\"@type\":\"ReadAction\",\"target\":[\"https:\\\/\\\/www.letsportsrock.com\\\/?p=56467\"]}]},{\"@type\":\"ImageObject\",\"inLanguage\":\"en-US\",\"@id\":\"https:\\\/\\\/www.letsportsrock.com\\\/?p=56467#primaryimage\",\"url\":\"https:\\\/\\\/www.letsportsrock.com\\\/wp-content\\\/uploads\\\/2025\\\/07\\\/images-19-4.jpeg\",\"contentUrl\":\"https:\\\/\\\/www.letsportsrock.com\\\/wp-content\\\/uploads\\\/2025\\\/07\\\/images-19-4.jpeg\",\"width\":559,\"height\":548},{\"@type\":\"BreadcrumbList\",\"@id\":\"https:\\\/\\\/www.letsportsrock.com\\\/?p=56467#breadcrumb\",\"itemListElement\":[{\"@type\":\"ListItem\",\"position\":1,\"name\":\"Home\",\"item\":\"https:\\\/\\\/www.letsportsrock.com\\\/\"},{\"@type\":\"ListItem\",\"position\":2,\"name\":\"Juc\u0103torii lui Lyon \u00eel \u00eenconjoar\u0103 pe Paulo Fonseca \u00een timpul s\u0103rb\u0103torii calific\u0103rii \u00een Europa League \u2013 Gest emo\u021bionant de unitate dup\u0103 o suspendare de nou\u0103 luni: \u201eVom da totul pentru antrenorul nostru&#8230;\"}]},{\"@type\":\"WebSite\",\"@id\":\"https:\\\/\\\/www.letsportsrock.com\\\/#website\",\"url\":\"https:\\\/\\\/www.letsportsrock.com\\\/\",\"name\":\"letsportsrock\",\"description\":\"Sport News and Updates\",\"potentialAction\":[{\"@type\":\"SearchAction\",\"target\":{\"@type\":\"EntryPoint\",\"urlTemplate\":\"https:\\\/\\\/www.letsportsrock.com\\\/?s={search_term_string}\"},\"query-input\":{\"@type\":\"PropertyValueSpecification\",\"valueRequired\":true,\"valueName\":\"search_term_string\"}}],\"inLanguage\":\"en-US\"},{\"@type\":\"Person\",\"@id\":\"https:\\\/\\\/www.letsportsrock.com\\\/#\\\/schema\\\/person\\\/46ffa192b44abb5f73a64ac060b863c0\",\"name\":\"Benedict\",\"image\":{\"@type\":\"ImageObject\",\"inLanguage\":\"en-US\",\"@id\":\"https:\\\/\\\/secure.gravatar.com\\\/avatar\\\/91345136d4e2206293ebdc22304c65968887191f0b832cb181dd8965f4de256b?s=96&d=mm&r=g\",\"url\":\"https:\\\/\\\/secure.gravatar.com\\\/avatar\\\/91345136d4e2206293ebdc22304c65968887191f0b832cb181dd8965f4de256b?s=96&d=mm&r=g\",\"contentUrl\":\"https:\\\/\\\/secure.gravatar.com\\\/avatar\\\/91345136d4e2206293ebdc22304c65968887191f0b832cb181dd8965f4de256b?s=96&d=mm&r=g\",\"caption\":\"Benedict\"},\"sameAs\":[\"https:\\\/\\\/www.letsportsrock.com\\\/wp-admin\\\/\"],\"url\":\"https:\\\/\\\/www.letsportsrock.com\\\/?author=19\"}]}<\/script>\n<!-- \/ Yoast SEO plugin. -->","yoast_head_json":{"title":"Juc\u0103torii lui Lyon \u00eel \u00eenconjoar\u0103 pe Paulo Fonseca \u00een timpul s\u0103rb\u0103torii calific\u0103rii \u00een Europa League \u2013 Gest emo\u021bionant de unitate dup\u0103 o suspendare de nou\u0103 luni: \u201eVom da totul pentru antrenorul nostru... - letsportsrock","description":"Juc\u0103torii lui Lyon \u00eel \u00eenconjoar\u0103 pe Paulo Fonseca \u00een timpul s\u0103rb\u0103torii calific\u0103rii \u00een Europa League \u2013 Gest emo\u021bionant de unitate dup\u0103 o.....","robots":{"index":"index","follow":"follow","max-snippet":"max-snippet:-1","max-image-preview":"max-image-preview:large","max-video-preview":"max-video-preview:-1"},"canonical":"https:\/\/www.letsportsrock.com\/?p=56467","og_locale":"en_US","og_type":"article","og_title":"Juc\u0103torii lui Lyon \u00eel \u00eenconjoar\u0103 pe Paulo Fonseca \u00een timpul s\u0103rb\u0103torii calific\u0103rii \u00een Europa League \u2013 Gest emo\u021bionant de unitate dup\u0103 o suspendare de nou\u0103 luni: \u201eVom da totul pentru antrenorul nostru... - letsportsrock","og_description":"Juc\u0103torii lui Lyon \u00eel \u00eenconjoar\u0103 pe Paulo Fonseca \u00een timpul s\u0103rb\u0103torii calific\u0103rii \u00een Europa League \u2013 Gest emo\u021bionant de unitate dup\u0103 o.....","og_url":"https:\/\/www.letsportsrock.com\/?p=56467","og_site_name":"letsportsrock","article_published_time":"2025-07-24T14:12:24+00:00","og_image":[{"width":559,"height":548,"url":"https:\/\/www.letsportsrock.com\/wp-content\/uploads\/2025\/07\/images-19-4.jpeg","type":"image\/jpeg"}],"author":"Benedict","twitter_card":"summary_large_image","twitter_misc":{"Written by":"Benedict","Est. reading time":"2 minutes"},"schema":{"@context":"https:\/\/schema.org","@graph":[{"@type":"Article","@id":"https:\/\/www.letsportsrock.com\/?p=56467#article","isPartOf":{"@id":"https:\/\/www.letsportsrock.com\/?p=56467"},"author":{"name":"Benedict","@id":"https:\/\/www.letsportsrock.com\/#\/schema\/person\/46ffa192b44abb5f73a64ac060b863c0"},"headline":"Juc\u0103torii lui Lyon \u00eel \u00eenconjoar\u0103 pe Paulo Fonseca \u00een timpul s\u0103rb\u0103torii calific\u0103rii \u00een Europa League \u2013 Gest emo\u021bionant de unitate dup\u0103 o suspendare de nou\u0103 luni: \u201eVom da totul pentru antrenorul nostru&#8230;","datePublished":"2025-07-24T14:12:24+00:00","mainEntityOfPage":{"@id":"https:\/\/www.letsportsrock.com\/?p=56467"},"wordCount":272,"commentCount":0,"image":{"@id":"https:\/\/www.letsportsrock.com\/?p=56467#primaryimage"},"thumbnailUrl":"https:\/\/www.letsportsrock.com\/wp-content\/uploads\/2025\/07\/images-19-4.jpeg","keywords":["FCSB"],"articleSection":["FCSB"],"inLanguage":"en-US","potentialAction":[{"@type":"CommentAction","name":"Comment","target":["https:\/\/www.letsportsrock.com\/?p=56467#respond"]}]},{"@type":"WebPage","@id":"https:\/\/www.letsportsrock.com\/?p=56467","url":"https:\/\/www.letsportsrock.com\/?p=56467","name":"Juc\u0103torii lui Lyon \u00eel \u00eenconjoar\u0103 pe Paulo Fonseca \u00een timpul s\u0103rb\u0103torii calific\u0103rii \u00een Europa League \u2013 Gest emo\u021bionant de unitate dup\u0103 o suspendare de nou\u0103 luni: \u201eVom da totul pentru antrenorul nostru... - letsportsrock","isPartOf":{"@id":"https:\/\/www.letsportsrock.com\/#website"},"primaryImageOfPage":{"@id":"https:\/\/www.letsportsrock.com\/?p=56467#primaryimage"},"image":{"@id":"https:\/\/www.letsportsrock.com\/?p=56467#primaryimage"},"thumbnailUrl":"https:\/\/www.letsportsrock.com\/wp-content\/uploads\/2025\/07\/images-19-4.jpeg","datePublished":"2025-07-24T14:12:24+00:00","author":{"@id":"https:\/\/www.letsportsrock.com\/#\/schema\/person\/46ffa192b44abb5f73a64ac060b863c0"},"description":"Juc\u0103torii lui Lyon \u00eel \u00eenconjoar\u0103 pe Paulo Fonseca \u00een timpul s\u0103rb\u0103torii calific\u0103rii \u00een Europa League \u2013 Gest emo\u021bionant de unitate dup\u0103 o.....","breadcrumb":{"@id":"https:\/\/www.letsportsrock.com\/?p=56467#breadcrumb"},"inLanguage":"en-US","potentialAction":[{"@type":"ReadAction","target":["https:\/\/www.letsportsrock.com\/?p=56467"]}]},{"@type":"ImageObject","inLanguage":"en-US","@id":"https:\/\/www.letsportsrock.com\/?p=56467#primaryimage","url":"https:\/\/www.letsportsrock.com\/wp-content\/uploads\/2025\/07\/images-19-4.jpeg","contentUrl":"https:\/\/www.letsportsrock.com\/wp-content\/uploads\/2025\/07\/images-19-4.jpeg","width":559,"height":548},{"@type":"BreadcrumbList","@id":"https:\/\/www.letsportsrock.com\/?p=56467#breadcrumb","itemListElement":[{"@type":"ListItem","position":1,"name":"Home","item":"https:\/\/www.letsportsrock.com\/"},{"@type":"ListItem","position":2,"name":"Juc\u0103torii lui Lyon \u00eel \u00eenconjoar\u0103 pe Paulo Fonseca \u00een timpul s\u0103rb\u0103torii calific\u0103rii \u00een Europa League \u2013 Gest emo\u021bionant de unitate dup\u0103 o suspendare de nou\u0103 luni: \u201eVom da totul pentru antrenorul nostru&#8230;"}]},{"@type":"WebSite","@id":"https:\/\/www.letsportsrock.com\/#website","url":"https:\/\/www.letsportsrock.com\/","name":"letsportsrock","description":"Sport News and Updates","potentialAction":[{"@type":"SearchAction","target":{"@type":"EntryPoint","urlTemplate":"https:\/\/www.letsportsrock.com\/?s={search_term_string}"},"query-input":{"@type":"PropertyValueSpecification","valueRequired":true,"valueName":"search_term_string"}}],"inLanguage":"en-US"},{"@type":"Person","@id":"https:\/\/www.letsportsrock.com\/#\/schema\/person\/46ffa192b44abb5f73a64ac060b863c0","name":"Benedict","image":{"@type":"ImageObject","inLanguage":"en-US","@id":"https:\/\/secure.gravatar.com\/avatar\/91345136d4e2206293ebdc22304c65968887191f0b832cb181dd8965f4de256b?s=96&d=mm&r=g","url":"https:\/\/secure.gravatar.com\/avatar\/91345136d4e2206293ebdc22304c65968887191f0b832cb181dd8965f4de256b?s=96&d=mm&r=g","contentUrl":"https:\/\/secure.gravatar.com\/avatar\/91345136d4e2206293ebdc22304c65968887191f0b832cb181dd8965f4de256b?s=96&d=mm&r=g","caption":"Benedict"},"sameAs":["https:\/\/www.letsportsrock.com\/wp-admin\/"],"url":"https:\/\/www.letsportsrock.com\/?author=19"}]}},"jetpack_featured_media_url":"https:\/\/www.letsportsrock.com\/wp-content\/uploads\/2025\/07\/images-19-4.jpeg","jetpack_sharing_enabled":true,"_links":{"self":[{"href":"https:\/\/www.letsportsrock.com\/index.php?rest_route=\/wp\/v2\/posts\/56467","targetHints":{"allow":["GET"]}}],"collection":[{"href":"https:\/\/www.letsportsrock.com\/index.php?rest_route=\/wp\/v2\/posts"}],"about":[{"href":"https:\/\/www.letsportsrock.com\/index.php?rest_route=\/wp\/v2\/types\/post"}],"author":[{"embeddable":true,"href":"https:\/\/www.letsportsrock.com\/index.php?rest_route=\/wp\/v2\/users\/19"}],"replies":[{"embeddable":true,"href":"https:\/\/www.letsportsrock.com\/index.php?rest_route=%2Fwp%2Fv2%2Fcomments&post=56467"}],"version-history":[{"count":1,"href":"https:\/\/www.letsportsrock.com\/index.php?rest_route=\/wp\/v2\/posts\/56467\/revisions"}],"predecessor-version":[{"id":56470,"href":"https:\/\/www.letsportsrock.com\/index.php?rest_route=\/wp\/v2\/posts\/56467\/revisions\/56470"}],"wp:featuredmedia":[{"embeddable":true,"href":"https:\/\/www.letsportsrock.com\/index.php?rest_route=\/wp\/v2\/media\/56468"}],"wp:attachment":[{"href":"https:\/\/www.letsportsrock.com\/index.php?rest_route=%2Fwp%2Fv2%2Fmedia&parent=56467"}],"wp:term":[{"taxonomy":"category","embeddable":true,"href":"https:\/\/www.letsportsrock.com\/index.php?rest_route=%2Fwp%2Fv2%2Fcategories&post=56467"},{"taxonomy":"post_tag","embeddable":true,"href":"https:\/\/www.letsportsrock.com\/index.php?rest_route=%2Fwp%2Fv2%2Ftags&post=56467"}],"curies":[{"name":"wp","href":"https:\/\/api.w.org\/{rel}","templated":true}]}}