{"id":56504,"date":"2025-07-24T16:31:47","date_gmt":"2025-07-24T16:31:47","guid":{"rendered":"https:\/\/www.letsportsrock.com\/?p=56504"},"modified":"2025-07-24T16:31:47","modified_gmt":"2025-07-24T16:31:47","slug":"stiri-de-ultima-ora-fc-dinamo-bucuresti-vedeta-de-top-confirma-ca-vrea-sa-revina","status":"publish","type":"post","link":"https:\/\/www.letsportsrock.com\/?p=56504","title":{"rendered":"\u0218tiri de ultim\u0103 or\u0103: FC Dinamo Bucure\u0219ti  Vedeta de top confirm\u0103 c\u0103 vrea s\u0103 revin\u0103&#8230;"},"content":{"rendered":"<div class=\"d79db4796efc26332eabfc3f5dafbc76\" data-index=\"1\" style=\"float: none; margin:10px 0 10px 0; text-align:center;\">\n<div class=\"hb-ad-inarticle\">\r\n    <div class=\"hb-ad-inner\"> \r\n    <div class=\"hbagency_cls\"  id=\"hbagency_space_111930\"><\/div><\/div> <\/div>\n<\/div>\n<p>\u0218tiri de ultim\u0103 or\u0103: Legendarul Ionel D\u0103nciulescu confirm\u0103 revenirea la Dinamo Bucure\u0219ti<\/p>\n<p>FC Dinamo Bucure\u0219ti a f\u0103cut un pas spectaculos \u00een reconstruc\u021bia echipei: **Ionel D\u0103nciulescu**, una dintre cele mai emblematice figuri din istoria clubului, a semnat un contract pe **patru ani** cu forma\u021bia ro\u0219\u2011alb\u0103 ([Check For Me][1]). \u00cen v\u00e2rst\u0103 de 47 de ani \u0219i golgheter reprezentativ \u00een tricoul dinamovist, D\u0103nciulescu revine \u00een \u0218tefan cel Mare nu doar ca simbol, ci \u0219i ca factor activ \u00een proiectul clubului.<\/p>\n<p>&nbsp;<\/p>\n<p>Conducerea a confirmat c\u0103 fostul atacant va avea un rol central \u00een strategia sportiv\u0103 \u0219i de imagine a clubului, cu responsabilit\u0103\u021bi ce vizeaz\u0103 dezvoltarea juniorilor \u0219i implicarea \u00een decizii tactice ([Check For Me][1]). De\u0219i detaliile financiare nu au fost \u00eenc\u0103 f\u0103cute publice, surse apropiate clubului indic\u0103 o \u00een\u021belegere solid\u0103, subliniind importan\u021ba revenirii lui D\u0103nciulescu.<\/p>\n<p>&nbsp;<\/p>\n<p>Suporterii, dar \u0219i anali\u0219tii, au salutat decizia, consider\u00e2nd-o un semnal puternic c\u0103 Dinamo \u00ee\u0219i propune s\u0103 redevin\u0103 competitiv\u0103 \u00een SuperLiga. Se a\u0219teapt\u0103 ca prezentarea oficial\u0103 s\u0103 aib\u0103 loc \u00een zilele urm\u0103toare, c\u00e2nd D\u0103nciulescu va face primele declara\u021bii directe despre planurile sale \u0219i contribu\u021bia pe care o va aduce echipei ([Check For Me][1]).<\/p>\n<p>&nbsp;<\/p>\n<p>Aceast\u0103 revenire este privit\u0103 ca un moment crucial: nu doar o p isledoarie pentru tradi\u021bie \u0219i identitate, ci \u0219i un mesaj clar \u2013 Dinamo vrea s\u0103 revin\u0103 \u00een prim-planul fotbalului rom\u00e2nesc, iar D\u0103nciulescu va fi \u00een centrul acestui nou \u00eenceput.<\/p>\n<p>&nbsp;<\/p>\n<p>&nbsp;<\/p>\n\n<div style=\"font-size: 0px; height: 0px; line-height: 0px; margin: 0; padding: 0; clear: both;\"><\/div>","protected":false},"excerpt":{"rendered":"<p>\u0218tiri de ultim\u0103 or\u0103: Legendarul Ionel D\u0103nciulescu confirm\u0103 revenirea la Dinamo Bucure\u0219ti FC Dinamo Bucure\u0219ti a f\u0103cut un pas spectaculos \u00een reconstruc\u021bia echipei: **Ionel D\u0103nciulescu**, una dintre cele mai emblematice figuri din istoria clubului, a semnat un contract pe **patru ani** cu forma\u021bia ro\u0219\u2011alb\u0103 ([Check For Me][1]). \u00cen v\u00e2rst\u0103 de 47 de ani \u0219i golgheter [&hellip;]<\/p>\n","protected":false},"author":1,"featured_media":56505,"comment_status":"open","ping_status":"open","sticky":false,"template":"","format":"standard","meta":{"_jetpack_memberships_contains_paid_content":false,"footnotes":""},"categories":[1],"tags":[],"class_list":["post-56504","post","type-post","status-publish","format-standard","has-post-thumbnail","hentry","category-uncategorized"],"yoast_head":"<!-- This site is optimized with the Yoast SEO plugin v27.4 - https:\/\/yoast.com\/product\/yoast-seo-wordpress\/ -->\n<title>\u0218tiri de ultim\u0103 or\u0103: FC Dinamo Bucure\u0219ti Vedeta de top confirm\u0103 c\u0103 vrea s\u0103 revin\u0103...<\/title>\n<meta name=\"description\" content=\"\u0218tiri de ultim\u0103 or\u0103: FC Dinamo Bucure\u0219ti Vedeta de top confirm\u0103 c\u0103 vrea s\u0103 revin\u0103............................\" \/>\n<meta name=\"robots\" content=\"index, follow, max-snippet:-1, max-image-preview:large, max-video-preview:-1\" \/>\n<link rel=\"canonical\" href=\"https:\/\/www.letsportsrock.com\/?p=56504\" \/>\n<meta property=\"og:locale\" content=\"en_US\" \/>\n<meta property=\"og:type\" content=\"article\" \/>\n<meta property=\"og:title\" content=\"\u0218tiri de ultim\u0103 or\u0103: FC Dinamo Bucure\u0219ti Vedeta de top confirm\u0103 c\u0103 vrea s\u0103 revin\u0103...\" \/>\n<meta property=\"og:description\" content=\"\u0218tiri de ultim\u0103 or\u0103: FC Dinamo Bucure\u0219ti Vedeta de top confirm\u0103 c\u0103 vrea s\u0103 revin\u0103............................\" \/>\n<meta property=\"og:url\" content=\"https:\/\/www.letsportsrock.com\/?p=56504\" \/>\n<meta property=\"og:site_name\" content=\"letsportsrock\" \/>\n<meta property=\"article:published_time\" content=\"2025-07-24T16:31:47+00:00\" \/>\n<meta property=\"og:image\" content=\"https:\/\/www.letsportsrock.com\/wp-content\/uploads\/2025\/07\/images-2025-07-24T173008.534.jpeg\" \/>\n\t<meta property=\"og:image:width\" content=\"640\" \/>\n\t<meta property=\"og:image:height\" content=\"480\" \/>\n\t<meta property=\"og:image:type\" content=\"image\/jpeg\" \/>\n<meta name=\"author\" content=\"letsportsrock\" \/>\n<meta name=\"twitter:card\" content=\"summary_large_image\" \/>\n<meta name=\"twitter:label1\" content=\"Written by\" \/>\n\t<meta name=\"twitter:data1\" content=\"letsportsrock\" \/>\n\t<meta name=\"twitter:label2\" content=\"Est. reading time\" \/>\n\t<meta name=\"twitter:data2\" content=\"2 minutes\" \/>\n<script type=\"application\/ld+json\" class=\"yoast-schema-graph\">{\"@context\":\"https:\\\/\\\/schema.org\",\"@graph\":[{\"@type\":\"Article\",\"@id\":\"https:\\\/\\\/www.letsportsrock.com\\\/?p=56504#article\",\"isPartOf\":{\"@id\":\"https:\\\/\\\/www.letsportsrock.com\\\/?p=56504\"},\"author\":{\"name\":\"letsportsrock\",\"@id\":\"https:\\\/\\\/www.letsportsrock.com\\\/#\\\/schema\\\/person\\\/a454ac24e58b214ddd97e4b5afb0bf01\"},\"headline\":\"\u0218tiri de ultim\u0103 or\u0103: FC Dinamo Bucure\u0219ti Vedeta de top confirm\u0103 c\u0103 vrea s\u0103 revin\u0103&#8230;\",\"datePublished\":\"2025-07-24T16:31:47+00:00\",\"mainEntityOfPage\":{\"@id\":\"https:\\\/\\\/www.letsportsrock.com\\\/?p=56504\"},\"wordCount\":269,\"commentCount\":0,\"image\":{\"@id\":\"https:\\\/\\\/www.letsportsrock.com\\\/?p=56504#primaryimage\"},\"thumbnailUrl\":\"https:\\\/\\\/www.letsportsrock.com\\\/wp-content\\\/uploads\\\/2025\\\/07\\\/images-2025-07-24T173008.534.jpeg\",\"inLanguage\":\"en-US\",\"potentialAction\":[{\"@type\":\"CommentAction\",\"name\":\"Comment\",\"target\":[\"https:\\\/\\\/www.letsportsrock.com\\\/?p=56504#respond\"]}]},{\"@type\":\"WebPage\",\"@id\":\"https:\\\/\\\/www.letsportsrock.com\\\/?p=56504\",\"url\":\"https:\\\/\\\/www.letsportsrock.com\\\/?p=56504\",\"name\":\"\u0218tiri de ultim\u0103 or\u0103: FC Dinamo Bucure\u0219ti Vedeta de top confirm\u0103 c\u0103 vrea s\u0103 revin\u0103...\",\"isPartOf\":{\"@id\":\"https:\\\/\\\/www.letsportsrock.com\\\/#website\"},\"primaryImageOfPage\":{\"@id\":\"https:\\\/\\\/www.letsportsrock.com\\\/?p=56504#primaryimage\"},\"image\":{\"@id\":\"https:\\\/\\\/www.letsportsrock.com\\\/?p=56504#primaryimage\"},\"thumbnailUrl\":\"https:\\\/\\\/www.letsportsrock.com\\\/wp-content\\\/uploads\\\/2025\\\/07\\\/images-2025-07-24T173008.534.jpeg\",\"datePublished\":\"2025-07-24T16:31:47+00:00\",\"author\":{\"@id\":\"https:\\\/\\\/www.letsportsrock.com\\\/#\\\/schema\\\/person\\\/a454ac24e58b214ddd97e4b5afb0bf01\"},\"description\":\"\u0218tiri de ultim\u0103 or\u0103: FC Dinamo Bucure\u0219ti Vedeta de top confirm\u0103 c\u0103 vrea s\u0103 revin\u0103............................\",\"breadcrumb\":{\"@id\":\"https:\\\/\\\/www.letsportsrock.com\\\/?p=56504#breadcrumb\"},\"inLanguage\":\"en-US\",\"potentialAction\":[{\"@type\":\"ReadAction\",\"target\":[\"https:\\\/\\\/www.letsportsrock.com\\\/?p=56504\"]}]},{\"@type\":\"ImageObject\",\"inLanguage\":\"en-US\",\"@id\":\"https:\\\/\\\/www.letsportsrock.com\\\/?p=56504#primaryimage\",\"url\":\"https:\\\/\\\/www.letsportsrock.com\\\/wp-content\\\/uploads\\\/2025\\\/07\\\/images-2025-07-24T173008.534.jpeg\",\"contentUrl\":\"https:\\\/\\\/www.letsportsrock.com\\\/wp-content\\\/uploads\\\/2025\\\/07\\\/images-2025-07-24T173008.534.jpeg\",\"width\":640,\"height\":480},{\"@type\":\"BreadcrumbList\",\"@id\":\"https:\\\/\\\/www.letsportsrock.com\\\/?p=56504#breadcrumb\",\"itemListElement\":[{\"@type\":\"ListItem\",\"position\":1,\"name\":\"Home\",\"item\":\"https:\\\/\\\/www.letsportsrock.com\\\/\"},{\"@type\":\"ListItem\",\"position\":2,\"name\":\"\u0218tiri de ultim\u0103 or\u0103: FC Dinamo Bucure\u0219ti Vedeta de top confirm\u0103 c\u0103 vrea s\u0103 revin\u0103&#8230;\"}]},{\"@type\":\"WebSite\",\"@id\":\"https:\\\/\\\/www.letsportsrock.com\\\/#website\",\"url\":\"https:\\\/\\\/www.letsportsrock.com\\\/\",\"name\":\"letsportsrock\",\"description\":\"Sport News and Updates\",\"potentialAction\":[{\"@type\":\"SearchAction\",\"target\":{\"@type\":\"EntryPoint\",\"urlTemplate\":\"https:\\\/\\\/www.letsportsrock.com\\\/?s={search_term_string}\"},\"query-input\":{\"@type\":\"PropertyValueSpecification\",\"valueRequired\":true,\"valueName\":\"search_term_string\"}}],\"inLanguage\":\"en-US\"},{\"@type\":\"Person\",\"@id\":\"https:\\\/\\\/www.letsportsrock.com\\\/#\\\/schema\\\/person\\\/a454ac24e58b214ddd97e4b5afb0bf01\",\"name\":\"letsportsrock\",\"image\":{\"@type\":\"ImageObject\",\"inLanguage\":\"en-US\",\"@id\":\"https:\\\/\\\/secure.gravatar.com\\\/avatar\\\/f8ef950cbb7574c0bc874094b8d307659bfe2d7aa4a9d26fa6917eff010748f9?s=96&d=mm&r=g\",\"url\":\"https:\\\/\\\/secure.gravatar.com\\\/avatar\\\/f8ef950cbb7574c0bc874094b8d307659bfe2d7aa4a9d26fa6917eff010748f9?s=96&d=mm&r=g\",\"contentUrl\":\"https:\\\/\\\/secure.gravatar.com\\\/avatar\\\/f8ef950cbb7574c0bc874094b8d307659bfe2d7aa4a9d26fa6917eff010748f9?s=96&d=mm&r=g\",\"caption\":\"letsportsrock\"},\"sameAs\":[\"https:\\\/\\\/www.letsportsrock.com\"],\"url\":\"https:\\\/\\\/www.letsportsrock.com\\\/?author=1\"}]}<\/script>\n<!-- \/ Yoast SEO plugin. -->","yoast_head_json":{"title":"\u0218tiri de ultim\u0103 or\u0103: FC Dinamo Bucure\u0219ti Vedeta de top confirm\u0103 c\u0103 vrea s\u0103 revin\u0103...","description":"\u0218tiri de ultim\u0103 or\u0103: FC Dinamo Bucure\u0219ti Vedeta de top confirm\u0103 c\u0103 vrea s\u0103 revin\u0103............................","robots":{"index":"index","follow":"follow","max-snippet":"max-snippet:-1","max-image-preview":"max-image-preview:large","max-video-preview":"max-video-preview:-1"},"canonical":"https:\/\/www.letsportsrock.com\/?p=56504","og_locale":"en_US","og_type":"article","og_title":"\u0218tiri de ultim\u0103 or\u0103: FC Dinamo Bucure\u0219ti Vedeta de top confirm\u0103 c\u0103 vrea s\u0103 revin\u0103...","og_description":"\u0218tiri de ultim\u0103 or\u0103: FC Dinamo Bucure\u0219ti Vedeta de top confirm\u0103 c\u0103 vrea s\u0103 revin\u0103............................","og_url":"https:\/\/www.letsportsrock.com\/?p=56504","og_site_name":"letsportsrock","article_published_time":"2025-07-24T16:31:47+00:00","og_image":[{"width":640,"height":480,"url":"https:\/\/www.letsportsrock.com\/wp-content\/uploads\/2025\/07\/images-2025-07-24T173008.534.jpeg","type":"image\/jpeg"}],"author":"letsportsrock","twitter_card":"summary_large_image","twitter_misc":{"Written by":"letsportsrock","Est. reading time":"2 minutes"},"schema":{"@context":"https:\/\/schema.org","@graph":[{"@type":"Article","@id":"https:\/\/www.letsportsrock.com\/?p=56504#article","isPartOf":{"@id":"https:\/\/www.letsportsrock.com\/?p=56504"},"author":{"name":"letsportsrock","@id":"https:\/\/www.letsportsrock.com\/#\/schema\/person\/a454ac24e58b214ddd97e4b5afb0bf01"},"headline":"\u0218tiri de ultim\u0103 or\u0103: FC Dinamo Bucure\u0219ti Vedeta de top confirm\u0103 c\u0103 vrea s\u0103 revin\u0103&#8230;","datePublished":"2025-07-24T16:31:47+00:00","mainEntityOfPage":{"@id":"https:\/\/www.letsportsrock.com\/?p=56504"},"wordCount":269,"commentCount":0,"image":{"@id":"https:\/\/www.letsportsrock.com\/?p=56504#primaryimage"},"thumbnailUrl":"https:\/\/www.letsportsrock.com\/wp-content\/uploads\/2025\/07\/images-2025-07-24T173008.534.jpeg","inLanguage":"en-US","potentialAction":[{"@type":"CommentAction","name":"Comment","target":["https:\/\/www.letsportsrock.com\/?p=56504#respond"]}]},{"@type":"WebPage","@id":"https:\/\/www.letsportsrock.com\/?p=56504","url":"https:\/\/www.letsportsrock.com\/?p=56504","name":"\u0218tiri de ultim\u0103 or\u0103: FC Dinamo Bucure\u0219ti Vedeta de top confirm\u0103 c\u0103 vrea s\u0103 revin\u0103...","isPartOf":{"@id":"https:\/\/www.letsportsrock.com\/#website"},"primaryImageOfPage":{"@id":"https:\/\/www.letsportsrock.com\/?p=56504#primaryimage"},"image":{"@id":"https:\/\/www.letsportsrock.com\/?p=56504#primaryimage"},"thumbnailUrl":"https:\/\/www.letsportsrock.com\/wp-content\/uploads\/2025\/07\/images-2025-07-24T173008.534.jpeg","datePublished":"2025-07-24T16:31:47+00:00","author":{"@id":"https:\/\/www.letsportsrock.com\/#\/schema\/person\/a454ac24e58b214ddd97e4b5afb0bf01"},"description":"\u0218tiri de ultim\u0103 or\u0103: FC Dinamo Bucure\u0219ti Vedeta de top confirm\u0103 c\u0103 vrea s\u0103 revin\u0103............................","breadcrumb":{"@id":"https:\/\/www.letsportsrock.com\/?p=56504#breadcrumb"},"inLanguage":"en-US","potentialAction":[{"@type":"ReadAction","target":["https:\/\/www.letsportsrock.com\/?p=56504"]}]},{"@type":"ImageObject","inLanguage":"en-US","@id":"https:\/\/www.letsportsrock.com\/?p=56504#primaryimage","url":"https:\/\/www.letsportsrock.com\/wp-content\/uploads\/2025\/07\/images-2025-07-24T173008.534.jpeg","contentUrl":"https:\/\/www.letsportsrock.com\/wp-content\/uploads\/2025\/07\/images-2025-07-24T173008.534.jpeg","width":640,"height":480},{"@type":"BreadcrumbList","@id":"https:\/\/www.letsportsrock.com\/?p=56504#breadcrumb","itemListElement":[{"@type":"ListItem","position":1,"name":"Home","item":"https:\/\/www.letsportsrock.com\/"},{"@type":"ListItem","position":2,"name":"\u0218tiri de ultim\u0103 or\u0103: FC Dinamo Bucure\u0219ti Vedeta de top confirm\u0103 c\u0103 vrea s\u0103 revin\u0103&#8230;"}]},{"@type":"WebSite","@id":"https:\/\/www.letsportsrock.com\/#website","url":"https:\/\/www.letsportsrock.com\/","name":"letsportsrock","description":"Sport News and Updates","potentialAction":[{"@type":"SearchAction","target":{"@type":"EntryPoint","urlTemplate":"https:\/\/www.letsportsrock.com\/?s={search_term_string}"},"query-input":{"@type":"PropertyValueSpecification","valueRequired":true,"valueName":"search_term_string"}}],"inLanguage":"en-US"},{"@type":"Person","@id":"https:\/\/www.letsportsrock.com\/#\/schema\/person\/a454ac24e58b214ddd97e4b5afb0bf01","name":"letsportsrock","image":{"@type":"ImageObject","inLanguage":"en-US","@id":"https:\/\/secure.gravatar.com\/avatar\/f8ef950cbb7574c0bc874094b8d307659bfe2d7aa4a9d26fa6917eff010748f9?s=96&d=mm&r=g","url":"https:\/\/secure.gravatar.com\/avatar\/f8ef950cbb7574c0bc874094b8d307659bfe2d7aa4a9d26fa6917eff010748f9?s=96&d=mm&r=g","contentUrl":"https:\/\/secure.gravatar.com\/avatar\/f8ef950cbb7574c0bc874094b8d307659bfe2d7aa4a9d26fa6917eff010748f9?s=96&d=mm&r=g","caption":"letsportsrock"},"sameAs":["https:\/\/www.letsportsrock.com"],"url":"https:\/\/www.letsportsrock.com\/?author=1"}]}},"jetpack_featured_media_url":"https:\/\/www.letsportsrock.com\/wp-content\/uploads\/2025\/07\/images-2025-07-24T173008.534.jpeg","jetpack_sharing_enabled":true,"_links":{"self":[{"href":"https:\/\/www.letsportsrock.com\/index.php?rest_route=\/wp\/v2\/posts\/56504","targetHints":{"allow":["GET"]}}],"collection":[{"href":"https:\/\/www.letsportsrock.com\/index.php?rest_route=\/wp\/v2\/posts"}],"about":[{"href":"https:\/\/www.letsportsrock.com\/index.php?rest_route=\/wp\/v2\/types\/post"}],"author":[{"embeddable":true,"href":"https:\/\/www.letsportsrock.com\/index.php?rest_route=\/wp\/v2\/users\/1"}],"replies":[{"embeddable":true,"href":"https:\/\/www.letsportsrock.com\/index.php?rest_route=%2Fwp%2Fv2%2Fcomments&post=56504"}],"version-history":[{"count":1,"href":"https:\/\/www.letsportsrock.com\/index.php?rest_route=\/wp\/v2\/posts\/56504\/revisions"}],"predecessor-version":[{"id":56506,"href":"https:\/\/www.letsportsrock.com\/index.php?rest_route=\/wp\/v2\/posts\/56504\/revisions\/56506"}],"wp:featuredmedia":[{"embeddable":true,"href":"https:\/\/www.letsportsrock.com\/index.php?rest_route=\/wp\/v2\/media\/56505"}],"wp:attachment":[{"href":"https:\/\/www.letsportsrock.com\/index.php?rest_route=%2Fwp%2Fv2%2Fmedia&parent=56504"}],"wp:term":[{"taxonomy":"category","embeddable":true,"href":"https:\/\/www.letsportsrock.com\/index.php?rest_route=%2Fwp%2Fv2%2Fcategories&post=56504"},{"taxonomy":"post_tag","embeddable":true,"href":"https:\/\/www.letsportsrock.com\/index.php?rest_route=%2Fwp%2Fv2%2Ftags&post=56504"}],"curies":[{"name":"wp","href":"https:\/\/api.w.org\/{rel}","templated":true}]}}