{"id":56551,"date":"2025-07-24T20:14:14","date_gmt":"2025-07-24T20:14:14","guid":{"rendered":"https:\/\/www.letsportsrock.com\/?p=56551"},"modified":"2025-07-24T20:14:14","modified_gmt":"2025-07-24T20:14:14","slug":"transfer-soc-gigi-becali-l-a-dat-afara-de-la-fcsb-acum-a-semnat-cu-rivala-dinamo-l-am-sunat-personal-pe-nicolescu","status":"publish","type":"post","link":"https:\/\/www.letsportsrock.com\/?p=56551","title":{"rendered":"Transfer \u0218oc! Gigi Becali l-a dat afar\u0103 de la FCSB \u2013 Acum a semnat cu rivala Dinamo: \u201eL-am sunat personal pe Nicolescu!&#8230;.."},"content":{"rendered":"<div class=\"d79db4796efc26332eabfc3f5dafbc76\" data-index=\"1\" style=\"float: none; margin:10px 0 10px 0; text-align:center;\">\n<div class=\"hb-ad-inarticle\">\r\n    <div class=\"hb-ad-inner\"> \r\n    <div class=\"hbagency_cls\"  id=\"hbagency_space_111930\"><\/div><\/div> <\/div>\n<\/div>\n<p>Transfer \u0218oc \u00een Liga 1! Gigi Becali l-a dat afar\u0103 de la FCSB \u2013 Acum a semnat cu rivala Dinamo: \u201eL-am sunat personal pe Nicolescu!\u201d<\/p>\n<p>&nbsp;<\/p>\n<p>Un nou episod incendiar \u00een rivalitatea dintre FCSB \u0219i Dinamo! Un fost juc\u0103tor al ro\u0219-alba\u0219trilor, \u00eendep\u0103rtat recent de Gigi Becali, a fost anun\u021bat oficial ca nou transfer al lui Dinamo Bucure\u0219ti!<\/p>\n<p><img loading=\"lazy\" decoding=\"async\" class=\"alignnone size-medium wp-image-56553\" src=\"https:\/\/www.letsportsrock.com\/wp-content\/uploads\/2025\/07\/images-2025-07-24T211310.627-300x200.jpeg\" alt=\"\" width=\"300\" height=\"200\" srcset=\"https:\/\/www.letsportsrock.com\/wp-content\/uploads\/2025\/07\/images-2025-07-24T211310.627-300x200.jpeg 300w, https:\/\/www.letsportsrock.com\/wp-content\/uploads\/2025\/07\/images-2025-07-24T211310.627.jpeg 678w\" sizes=\"auto, (max-width: 300px) 100vw, 300px\" \/><\/p>\n<p>Mutarea a st\u00e2rnit rumoare \u00een r\u00e2ndul suporterilor, mai ales dup\u0103 ce fotbalistul a dezv\u0103luit c\u0103 a fost contactat personal de administratorul special Andrei Nicolescu: \u201eM-a sunat direct, mi-a ar\u0103tat c\u0103 m\u0103 vrea cu adev\u0103rat\u201d.<\/p>\n<p>&nbsp;<\/p>\n<p>Gigi Becali a justificat decizia prin lipsa de randament, \u00eens\u0103 juc\u0103torul a replicat dur: \u201eNu m-am sim\u021bit respectat\u201d.<\/p>\n<p>&nbsp;<\/p>\n<p>Dinamo profit\u0103 de ocazie \u0219i aduce un plus de experien\u021b\u0103 \u00eentr-un sezon \u00een care obiectivul este clar \u2013 calificarea \u00een play-off. Rivalitatea FCSB\u2013Dinamo se reaprinde cu aceast\u0103 mutare exploziv\u0103!<\/p>\n\n<div style=\"font-size: 0px; height: 0px; line-height: 0px; margin: 0; padding: 0; clear: both;\"><\/div>","protected":false},"excerpt":{"rendered":"<p>Transfer \u0218oc \u00een Liga 1! Gigi Becali l-a dat afar\u0103 de la FCSB \u2013 Acum a semnat cu rivala Dinamo: \u201eL-am sunat personal pe Nicolescu!\u201d &nbsp; Un nou episod incendiar \u00een rivalitatea dintre FCSB \u0219i Dinamo! Un fost juc\u0103tor al ro\u0219-alba\u0219trilor, \u00eendep\u0103rtat recent de Gigi Becali, a fost anun\u021bat oficial ca nou transfer al lui [&hellip;]<\/p>\n","protected":false},"author":17,"featured_media":56552,"comment_status":"open","ping_status":"open","sticky":false,"template":"","format":"standard","meta":{"_jetpack_memberships_contains_paid_content":false,"footnotes":""},"categories":[1],"tags":[640],"class_list":["post-56551","post","type-post","status-publish","format-standard","has-post-thumbnail","hentry","category-uncategorized","tag-fan-andrei-ivan"],"yoast_head":"<!-- This site is optimized with the Yoast SEO plugin v27.5 - https:\/\/yoast.com\/product\/yoast-seo-wordpress\/ -->\n<title>Transfer \u0218oc! Gigi Becali l-a dat afar\u0103 de la FCSB \u2013 Acum a semnat<\/title>\n<meta name=\"description\" content=\"Transfer \u0218oc! Gigi Becali l-a dat afar\u0103 de la FCSB \u2013 Acum a semnat cu rivala Dinamo: \u201eL-am sunat personal pe Nicolescu!.....\" \/>\n<meta name=\"robots\" content=\"index, follow, max-snippet:-1, max-image-preview:large, max-video-preview:-1\" \/>\n<link rel=\"canonical\" href=\"https:\/\/www.letsportsrock.com\/?p=56551\" \/>\n<meta property=\"og:locale\" content=\"en_US\" \/>\n<meta property=\"og:type\" content=\"article\" \/>\n<meta property=\"og:title\" content=\"Transfer \u0218oc! Gigi Becali l-a dat afar\u0103 de la FCSB \u2013 Acum a semnat\" \/>\n<meta property=\"og:description\" content=\"Transfer \u0218oc! Gigi Becali l-a dat afar\u0103 de la FCSB \u2013 Acum a semnat cu rivala Dinamo: \u201eL-am sunat personal pe Nicolescu!.....\" \/>\n<meta property=\"og:url\" content=\"https:\/\/www.letsportsrock.com\/?p=56551\" \/>\n<meta property=\"og:site_name\" content=\"letsportsrock\" \/>\n<meta property=\"article:published_time\" content=\"2025-07-24T20:14:14+00:00\" \/>\n<meta property=\"og:image\" content=\"https:\/\/www.letsportsrock.com\/wp-content\/uploads\/2025\/07\/images-2025-07-24T211241.633.jpeg\" \/>\n\t<meta property=\"og:image:width\" content=\"500\" \/>\n\t<meta property=\"og:image:height\" content=\"564\" \/>\n\t<meta property=\"og:image:type\" content=\"image\/jpeg\" \/>\n<meta name=\"author\" content=\"Orbem Saviour\" \/>\n<meta name=\"twitter:card\" content=\"summary_large_image\" \/>\n<meta name=\"twitter:label1\" content=\"Written by\" \/>\n\t<meta name=\"twitter:data1\" content=\"Orbem Saviour\" \/>\n\t<meta name=\"twitter:label2\" content=\"Est. reading time\" \/>\n\t<meta name=\"twitter:data2\" content=\"1 minute\" \/>\n<script type=\"application\/ld+json\" class=\"yoast-schema-graph\">{\"@context\":\"https:\\\/\\\/schema.org\",\"@graph\":[{\"@type\":\"Article\",\"@id\":\"https:\\\/\\\/www.letsportsrock.com\\\/?p=56551#article\",\"isPartOf\":{\"@id\":\"https:\\\/\\\/www.letsportsrock.com\\\/?p=56551\"},\"author\":{\"name\":\"Orbem Saviour\",\"@id\":\"https:\\\/\\\/www.letsportsrock.com\\\/#\\\/schema\\\/person\\\/f4a534dcb6a60eaed40b31bfcef0f6b8\"},\"headline\":\"Transfer \u0218oc! Gigi Becali l-a dat afar\u0103 de la FCSB \u2013 Acum a semnat cu rivala Dinamo: \u201eL-am sunat personal pe Nicolescu!&#8230;..\",\"datePublished\":\"2025-07-24T20:14:14+00:00\",\"mainEntityOfPage\":{\"@id\":\"https:\\\/\\\/www.letsportsrock.com\\\/?p=56551\"},\"wordCount\":172,\"commentCount\":0,\"image\":{\"@id\":\"https:\\\/\\\/www.letsportsrock.com\\\/?p=56551#primaryimage\"},\"thumbnailUrl\":\"https:\\\/\\\/www.letsportsrock.com\\\/wp-content\\\/uploads\\\/2025\\\/07\\\/images-2025-07-24T211241.633.jpeg\",\"keywords\":[\"Fan Andrei Ivan\"],\"inLanguage\":\"en-US\",\"potentialAction\":[{\"@type\":\"CommentAction\",\"name\":\"Comment\",\"target\":[\"https:\\\/\\\/www.letsportsrock.com\\\/?p=56551#respond\"]}]},{\"@type\":\"WebPage\",\"@id\":\"https:\\\/\\\/www.letsportsrock.com\\\/?p=56551\",\"url\":\"https:\\\/\\\/www.letsportsrock.com\\\/?p=56551\",\"name\":\"Transfer \u0218oc! Gigi Becali l-a dat afar\u0103 de la FCSB \u2013 Acum a semnat\",\"isPartOf\":{\"@id\":\"https:\\\/\\\/www.letsportsrock.com\\\/#website\"},\"primaryImageOfPage\":{\"@id\":\"https:\\\/\\\/www.letsportsrock.com\\\/?p=56551#primaryimage\"},\"image\":{\"@id\":\"https:\\\/\\\/www.letsportsrock.com\\\/?p=56551#primaryimage\"},\"thumbnailUrl\":\"https:\\\/\\\/www.letsportsrock.com\\\/wp-content\\\/uploads\\\/2025\\\/07\\\/images-2025-07-24T211241.633.jpeg\",\"datePublished\":\"2025-07-24T20:14:14+00:00\",\"author\":{\"@id\":\"https:\\\/\\\/www.letsportsrock.com\\\/#\\\/schema\\\/person\\\/f4a534dcb6a60eaed40b31bfcef0f6b8\"},\"description\":\"Transfer \u0218oc! Gigi Becali l-a dat afar\u0103 de la FCSB \u2013 Acum a semnat cu rivala Dinamo: \u201eL-am sunat personal pe Nicolescu!.....\",\"breadcrumb\":{\"@id\":\"https:\\\/\\\/www.letsportsrock.com\\\/?p=56551#breadcrumb\"},\"inLanguage\":\"en-US\",\"potentialAction\":[{\"@type\":\"ReadAction\",\"target\":[\"https:\\\/\\\/www.letsportsrock.com\\\/?p=56551\"]}]},{\"@type\":\"ImageObject\",\"inLanguage\":\"en-US\",\"@id\":\"https:\\\/\\\/www.letsportsrock.com\\\/?p=56551#primaryimage\",\"url\":\"https:\\\/\\\/www.letsportsrock.com\\\/wp-content\\\/uploads\\\/2025\\\/07\\\/images-2025-07-24T211241.633.jpeg\",\"contentUrl\":\"https:\\\/\\\/www.letsportsrock.com\\\/wp-content\\\/uploads\\\/2025\\\/07\\\/images-2025-07-24T211241.633.jpeg\",\"width\":500,\"height\":564},{\"@type\":\"BreadcrumbList\",\"@id\":\"https:\\\/\\\/www.letsportsrock.com\\\/?p=56551#breadcrumb\",\"itemListElement\":[{\"@type\":\"ListItem\",\"position\":1,\"name\":\"Home\",\"item\":\"https:\\\/\\\/www.letsportsrock.com\\\/\"},{\"@type\":\"ListItem\",\"position\":2,\"name\":\"Transfer \u0218oc! Gigi Becali l-a dat afar\u0103 de la FCSB \u2013 Acum a semnat cu rivala Dinamo: \u201eL-am sunat personal pe Nicolescu!&#8230;..\"}]},{\"@type\":\"WebSite\",\"@id\":\"https:\\\/\\\/www.letsportsrock.com\\\/#website\",\"url\":\"https:\\\/\\\/www.letsportsrock.com\\\/\",\"name\":\"letsportsrock\",\"description\":\"Sport News and Updates\",\"potentialAction\":[{\"@type\":\"SearchAction\",\"target\":{\"@type\":\"EntryPoint\",\"urlTemplate\":\"https:\\\/\\\/www.letsportsrock.com\\\/?s={search_term_string}\"},\"query-input\":{\"@type\":\"PropertyValueSpecification\",\"valueRequired\":true,\"valueName\":\"search_term_string\"}}],\"inLanguage\":\"en-US\"},{\"@type\":\"Person\",\"@id\":\"https:\\\/\\\/www.letsportsrock.com\\\/#\\\/schema\\\/person\\\/f4a534dcb6a60eaed40b31bfcef0f6b8\",\"name\":\"Orbem Saviour\",\"image\":{\"@type\":\"ImageObject\",\"inLanguage\":\"en-US\",\"@id\":\"https:\\\/\\\/secure.gravatar.com\\\/avatar\\\/c2e9c1135ee0d9ea60350ee25415caf4ca365a56af0382637882e8392bdcaedd?s=96&d=mm&r=g\",\"url\":\"https:\\\/\\\/secure.gravatar.com\\\/avatar\\\/c2e9c1135ee0d9ea60350ee25415caf4ca365a56af0382637882e8392bdcaedd?s=96&d=mm&r=g\",\"contentUrl\":\"https:\\\/\\\/secure.gravatar.com\\\/avatar\\\/c2e9c1135ee0d9ea60350ee25415caf4ca365a56af0382637882e8392bdcaedd?s=96&d=mm&r=g\",\"caption\":\"Orbem Saviour\"},\"sameAs\":[\"https:\\\/\\\/www.letsportsrock.com\\\/wp-admin\\\/\"],\"url\":\"https:\\\/\\\/www.letsportsrock.com\\\/?author=17\"}]}<\/script>\n<!-- \/ Yoast SEO plugin. -->","yoast_head_json":{"title":"Transfer \u0218oc! Gigi Becali l-a dat afar\u0103 de la FCSB \u2013 Acum a semnat","description":"Transfer \u0218oc! Gigi Becali l-a dat afar\u0103 de la FCSB \u2013 Acum a semnat cu rivala Dinamo: \u201eL-am sunat personal pe Nicolescu!.....","robots":{"index":"index","follow":"follow","max-snippet":"max-snippet:-1","max-image-preview":"max-image-preview:large","max-video-preview":"max-video-preview:-1"},"canonical":"https:\/\/www.letsportsrock.com\/?p=56551","og_locale":"en_US","og_type":"article","og_title":"Transfer \u0218oc! Gigi Becali l-a dat afar\u0103 de la FCSB \u2013 Acum a semnat","og_description":"Transfer \u0218oc! Gigi Becali l-a dat afar\u0103 de la FCSB \u2013 Acum a semnat cu rivala Dinamo: \u201eL-am sunat personal pe Nicolescu!.....","og_url":"https:\/\/www.letsportsrock.com\/?p=56551","og_site_name":"letsportsrock","article_published_time":"2025-07-24T20:14:14+00:00","og_image":[{"width":500,"height":564,"url":"https:\/\/www.letsportsrock.com\/wp-content\/uploads\/2025\/07\/images-2025-07-24T211241.633.jpeg","type":"image\/jpeg"}],"author":"Orbem Saviour","twitter_card":"summary_large_image","twitter_misc":{"Written by":"Orbem Saviour","Est. reading time":"1 minute"},"schema":{"@context":"https:\/\/schema.org","@graph":[{"@type":"Article","@id":"https:\/\/www.letsportsrock.com\/?p=56551#article","isPartOf":{"@id":"https:\/\/www.letsportsrock.com\/?p=56551"},"author":{"name":"Orbem Saviour","@id":"https:\/\/www.letsportsrock.com\/#\/schema\/person\/f4a534dcb6a60eaed40b31bfcef0f6b8"},"headline":"Transfer \u0218oc! Gigi Becali l-a dat afar\u0103 de la FCSB \u2013 Acum a semnat cu rivala Dinamo: \u201eL-am sunat personal pe Nicolescu!&#8230;..","datePublished":"2025-07-24T20:14:14+00:00","mainEntityOfPage":{"@id":"https:\/\/www.letsportsrock.com\/?p=56551"},"wordCount":172,"commentCount":0,"image":{"@id":"https:\/\/www.letsportsrock.com\/?p=56551#primaryimage"},"thumbnailUrl":"https:\/\/www.letsportsrock.com\/wp-content\/uploads\/2025\/07\/images-2025-07-24T211241.633.jpeg","keywords":["Fan Andrei Ivan"],"inLanguage":"en-US","potentialAction":[{"@type":"CommentAction","name":"Comment","target":["https:\/\/www.letsportsrock.com\/?p=56551#respond"]}]},{"@type":"WebPage","@id":"https:\/\/www.letsportsrock.com\/?p=56551","url":"https:\/\/www.letsportsrock.com\/?p=56551","name":"Transfer \u0218oc! Gigi Becali l-a dat afar\u0103 de la FCSB \u2013 Acum a semnat","isPartOf":{"@id":"https:\/\/www.letsportsrock.com\/#website"},"primaryImageOfPage":{"@id":"https:\/\/www.letsportsrock.com\/?p=56551#primaryimage"},"image":{"@id":"https:\/\/www.letsportsrock.com\/?p=56551#primaryimage"},"thumbnailUrl":"https:\/\/www.letsportsrock.com\/wp-content\/uploads\/2025\/07\/images-2025-07-24T211241.633.jpeg","datePublished":"2025-07-24T20:14:14+00:00","author":{"@id":"https:\/\/www.letsportsrock.com\/#\/schema\/person\/f4a534dcb6a60eaed40b31bfcef0f6b8"},"description":"Transfer \u0218oc! Gigi Becali l-a dat afar\u0103 de la FCSB \u2013 Acum a semnat cu rivala Dinamo: \u201eL-am sunat personal pe Nicolescu!.....","breadcrumb":{"@id":"https:\/\/www.letsportsrock.com\/?p=56551#breadcrumb"},"inLanguage":"en-US","potentialAction":[{"@type":"ReadAction","target":["https:\/\/www.letsportsrock.com\/?p=56551"]}]},{"@type":"ImageObject","inLanguage":"en-US","@id":"https:\/\/www.letsportsrock.com\/?p=56551#primaryimage","url":"https:\/\/www.letsportsrock.com\/wp-content\/uploads\/2025\/07\/images-2025-07-24T211241.633.jpeg","contentUrl":"https:\/\/www.letsportsrock.com\/wp-content\/uploads\/2025\/07\/images-2025-07-24T211241.633.jpeg","width":500,"height":564},{"@type":"BreadcrumbList","@id":"https:\/\/www.letsportsrock.com\/?p=56551#breadcrumb","itemListElement":[{"@type":"ListItem","position":1,"name":"Home","item":"https:\/\/www.letsportsrock.com\/"},{"@type":"ListItem","position":2,"name":"Transfer \u0218oc! Gigi Becali l-a dat afar\u0103 de la FCSB \u2013 Acum a semnat cu rivala Dinamo: \u201eL-am sunat personal pe Nicolescu!&#8230;.."}]},{"@type":"WebSite","@id":"https:\/\/www.letsportsrock.com\/#website","url":"https:\/\/www.letsportsrock.com\/","name":"letsportsrock","description":"Sport News and Updates","potentialAction":[{"@type":"SearchAction","target":{"@type":"EntryPoint","urlTemplate":"https:\/\/www.letsportsrock.com\/?s={search_term_string}"},"query-input":{"@type":"PropertyValueSpecification","valueRequired":true,"valueName":"search_term_string"}}],"inLanguage":"en-US"},{"@type":"Person","@id":"https:\/\/www.letsportsrock.com\/#\/schema\/person\/f4a534dcb6a60eaed40b31bfcef0f6b8","name":"Orbem Saviour","image":{"@type":"ImageObject","inLanguage":"en-US","@id":"https:\/\/secure.gravatar.com\/avatar\/c2e9c1135ee0d9ea60350ee25415caf4ca365a56af0382637882e8392bdcaedd?s=96&d=mm&r=g","url":"https:\/\/secure.gravatar.com\/avatar\/c2e9c1135ee0d9ea60350ee25415caf4ca365a56af0382637882e8392bdcaedd?s=96&d=mm&r=g","contentUrl":"https:\/\/secure.gravatar.com\/avatar\/c2e9c1135ee0d9ea60350ee25415caf4ca365a56af0382637882e8392bdcaedd?s=96&d=mm&r=g","caption":"Orbem Saviour"},"sameAs":["https:\/\/www.letsportsrock.com\/wp-admin\/"],"url":"https:\/\/www.letsportsrock.com\/?author=17"}]}},"jetpack_featured_media_url":"https:\/\/www.letsportsrock.com\/wp-content\/uploads\/2025\/07\/images-2025-07-24T211241.633.jpeg","jetpack_sharing_enabled":true,"_links":{"self":[{"href":"https:\/\/www.letsportsrock.com\/index.php?rest_route=\/wp\/v2\/posts\/56551","targetHints":{"allow":["GET"]}}],"collection":[{"href":"https:\/\/www.letsportsrock.com\/index.php?rest_route=\/wp\/v2\/posts"}],"about":[{"href":"https:\/\/www.letsportsrock.com\/index.php?rest_route=\/wp\/v2\/types\/post"}],"author":[{"embeddable":true,"href":"https:\/\/www.letsportsrock.com\/index.php?rest_route=\/wp\/v2\/users\/17"}],"replies":[{"embeddable":true,"href":"https:\/\/www.letsportsrock.com\/index.php?rest_route=%2Fwp%2Fv2%2Fcomments&post=56551"}],"version-history":[{"count":1,"href":"https:\/\/www.letsportsrock.com\/index.php?rest_route=\/wp\/v2\/posts\/56551\/revisions"}],"predecessor-version":[{"id":56554,"href":"https:\/\/www.letsportsrock.com\/index.php?rest_route=\/wp\/v2\/posts\/56551\/revisions\/56554"}],"wp:featuredmedia":[{"embeddable":true,"href":"https:\/\/www.letsportsrock.com\/index.php?rest_route=\/wp\/v2\/media\/56552"}],"wp:attachment":[{"href":"https:\/\/www.letsportsrock.com\/index.php?rest_route=%2Fwp%2Fv2%2Fmedia&parent=56551"}],"wp:term":[{"taxonomy":"category","embeddable":true,"href":"https:\/\/www.letsportsrock.com\/index.php?rest_route=%2Fwp%2Fv2%2Fcategories&post=56551"},{"taxonomy":"post_tag","embeddable":true,"href":"https:\/\/www.letsportsrock.com\/index.php?rest_route=%2Fwp%2Fv2%2Ftags&post=56551"}],"curies":[{"name":"wp","href":"https:\/\/api.w.org\/{rel}","templated":true}]}}